{"id":57387,"date":"2026-03-09T22:57:19","date_gmt":"2026-03-10T04:57:19","guid":{"rendered":"https:\/\/elinformativotam.com\/?p=57387"},"modified":"2026-03-09T22:57:19","modified_gmt":"2026-03-10T04:57:19","slug":"reforzaran-medidas-de-seguridad-y-control-para-semana-santa-en-playa-miramar","status":"publish","type":"post","link":"https:\/\/elinformativotam.com\/index.php\/2026\/03\/09\/reforzaran-medidas-de-seguridad-y-control-para-semana-santa-en-playa-miramar\/","title":{"rendered":"Reforzar\u00e1n Medidas De Seguridad Y Control Para Semana Santa En Playa Miramar."},"content":{"rendered":"<p>Cd. Madero, Tamaulipas.\u2013 El secretario del Ayuntamiento de Ciudad Madero, H\u00e9ctor Mar\u00edn Rodr\u00edguez, dijo que el operativo de seguridad para el pr\u00f3ximo periodo vacacional de Semana Santa se encuentra avanzado y podr\u00eda presentarse oficialmente en aproximadamente una semana, tras evaluar las acciones realizadas en operativos anteriores.<\/p>\n<p>&nbsp;<\/p>\n<p>Destac\u00f3 que el plan contempla la participaci\u00f3n coordinada de fuerzas federales, estatales y municipales, as\u00ed como de cuerpos de Protecci\u00f3n Civil y salvavidas, con el objetivo de garantizar la seguridad de los miles de visitantes que se esperan en Playa Miramar.<\/p>\n<p>&nbsp;<\/p>\n<p>Indic\u00f3 que, tras los an\u00e1lisis realizados, se detectaron algunas \u00e1reas de oportunidad, principalmente en la atenci\u00f3n de menores extraviados, situaci\u00f3n que suele presentarse con frecuencia debido a la gran afluencia de turistas.<\/p>\n<p>&nbsp;<\/p>\n<p>Explic\u00f3 que uno de los mecanismos que se busca reforzar es la instalaci\u00f3n de m\u00f3dulos o \u201cnidos\u201d para la localizaci\u00f3n de menores, adem\u00e1s del uso de pulseras con el n\u00famero telef\u00f3nico de los padres, lo que permite ubicar r\u00e1pidamente a las familias cuando un ni\u00f1o se extrav\u00eda.<\/p>\n<p>&nbsp;<\/p>\n<p>\u201cEs muy com\u00fan que, mientras el pap\u00e1 se distrae un momento, el menor avance unos metros y con la cantidad de gente resulte dif\u00edcil ubicarlo. Por eso queremos reforzar el uso de pulseras con n\u00fameros que no se borren con el agua\u201d, se\u00f1al\u00f3.<\/p>\n<p>&nbsp;<\/p>\n<p>Record\u00f3 que durante el operativo de Semana Santa del a\u00f1o pasado se lleg\u00f3 a registrar hasta 100 reportes de menores extraviados en un solo d\u00eda, particularmente el Viernes Santo, mientras que durante el s\u00e1bado se reportaron alrededor de 400 casos, aunque aclar\u00f3 que todos los menores fueron localizados y entregados a sus padres en cuesti\u00f3n de minutos.<\/p>\n<p>&nbsp;<\/p>\n<p>Mar\u00edn Rodr\u00edguez explic\u00f3 que, en contraste con el operativo de verano, durante Semana Santa los padres de familia suelen mostrar mayor disposici\u00f3n para colocar estas pulseras a sus hijos debido a la gran cantidad de personas que se concentran en la playa.<\/p>\n<p>#elinformativodetamaulipas<\/p>\n","protected":false},"excerpt":{"rendered":"<p>Cd. Madero, Tamaulipas.\u2013 El secretario del Ayuntamiento de Ciudad Madero, H\u00e9ctor Mar\u00edn Rodr\u00edguez, dijo que el operativo de seguridad para&hellip;<\/p>\n","protected":false},"author":1,"featured_media":57377,"comment_status":"open","ping_status":"open","sticky":false,"template":"","format":"standard","meta":{"footnotes":""},"categories":[4],"tags":[],"class_list":["post-57387","post","type-post","status-publish","format-standard","has-post-thumbnail","hentry","category-madero"],"yoast_head":"<!-- This site is optimized with the Yoast SEO plugin v27.5 - https:\/\/yoast.com\/product\/yoast-seo-wordpress\/ -->\n<title>Reforzar\u00e1n Medidas De Seguridad Y Control Para Semana Santa En Playa Miramar. - EL INFORMATIVO DE TAMAULIPAS<\/title>\n<meta name=\"description\" content=\"Cd. Madero, Tamaulipas.\u2013 El secretario del Ayuntamiento de Ciudad Madero, H\u00e9ctor Mar\u00edn Rodr\u00edguez, dijo que el operativo de seguridad para el pr\u00f3ximo\" \/>\n<meta name=\"robots\" content=\"index, follow, max-snippet:-1, max-image-preview:large, max-video-preview:-1\" \/>\n<link rel=\"canonical\" href=\"https:\/\/elinformativotam.com\/index.php\/2026\/03\/09\/reforzaran-medidas-de-seguridad-y-control-para-semana-santa-en-playa-miramar\/\" \/>\n<meta property=\"og:locale\" content=\"es_MX\" \/>\n<meta property=\"og:type\" content=\"article\" \/>\n<meta property=\"og:title\" content=\"Reforzar\u00e1n Medidas De Seguridad Y Control Para Semana Santa En Playa Miramar. - EL INFORMATIVO DE TAMAULIPAS\" \/>\n<meta property=\"og:description\" content=\"Cd. Madero, Tamaulipas.\u2013 El secretario del Ayuntamiento de Ciudad Madero, H\u00e9ctor Mar\u00edn Rodr\u00edguez, dijo que el operativo de seguridad para el pr\u00f3ximo\" \/>\n<meta property=\"og:url\" content=\"https:\/\/elinformativotam.com\/index.php\/2026\/03\/09\/reforzaran-medidas-de-seguridad-y-control-para-semana-santa-en-playa-miramar\/\" \/>\n<meta property=\"og:site_name\" content=\"EL INFORMATIVO DE TAMAULIPAS\" \/>\n<meta property=\"article:published_time\" content=\"2026-03-10T04:57:19+00:00\" \/>\n<meta property=\"og:image\" content=\"https:\/\/elinformativotam.com\/wp-content\/uploads\/2026\/03\/refuerzo-de-seguridad.jpg\" \/>\n\t<meta property=\"og:image:width\" content=\"1600\" \/>\n\t<meta property=\"og:image:height\" content=\"1200\" \/>\n\t<meta property=\"og:image:type\" content=\"image\/jpeg\" \/>\n<meta name=\"author\" content=\"El Informativo Tam\" \/>\n<meta name=\"twitter:card\" content=\"summary_large_image\" \/>\n<meta name=\"twitter:label1\" content=\"Escrito por\" \/>\n\t<meta name=\"twitter:data1\" content=\"El Informativo Tam\" \/>\n\t<meta name=\"twitter:label2\" content=\"Tiempo de lectura\" \/>\n\t<meta name=\"twitter:data2\" content=\"2 minutos\" \/>\n<script type=\"application\/ld+json\" class=\"yoast-schema-graph\">{\"@context\":\"https:\\\/\\\/schema.org\",\"@graph\":[{\"@type\":\"Article\",\"@id\":\"https:\\\/\\\/elinformativotam.com\\\/index.php\\\/2026\\\/03\\\/09\\\/reforzaran-medidas-de-seguridad-y-control-para-semana-santa-en-playa-miramar\\\/#article\",\"isPartOf\":{\"@id\":\"https:\\\/\\\/elinformativotam.com\\\/index.php\\\/2026\\\/03\\\/09\\\/reforzaran-medidas-de-seguridad-y-control-para-semana-santa-en-playa-miramar\\\/\"},\"author\":{\"name\":\"El Informativo Tam\",\"@id\":\"https:\\\/\\\/elinformativotam.com\\\/#\\\/schema\\\/person\\\/78e08040eed0f6110f0c5f83b6153590\"},\"headline\":\"Reforzar\u00e1n Medidas De Seguridad Y Control Para Semana Santa En Playa Miramar.\",\"datePublished\":\"2026-03-10T04:57:19+00:00\",\"mainEntityOfPage\":{\"@id\":\"https:\\\/\\\/elinformativotam.com\\\/index.php\\\/2026\\\/03\\\/09\\\/reforzaran-medidas-de-seguridad-y-control-para-semana-santa-en-playa-miramar\\\/\"},\"wordCount\":356,\"commentCount\":0,\"publisher\":{\"@id\":\"https:\\\/\\\/elinformativotam.com\\\/#organization\"},\"image\":{\"@id\":\"https:\\\/\\\/elinformativotam.com\\\/index.php\\\/2026\\\/03\\\/09\\\/reforzaran-medidas-de-seguridad-y-control-para-semana-santa-en-playa-miramar\\\/#primaryimage\"},\"thumbnailUrl\":\"https:\\\/\\\/elinformativotam.com\\\/wp-content\\\/uploads\\\/2026\\\/03\\\/refuerzo-de-seguridad.jpg\",\"articleSection\":[\"Cd Madero\"],\"inLanguage\":\"es\",\"potentialAction\":[{\"@type\":\"CommentAction\",\"name\":\"Comment\",\"target\":[\"https:\\\/\\\/elinformativotam.com\\\/index.php\\\/2026\\\/03\\\/09\\\/reforzaran-medidas-de-seguridad-y-control-para-semana-santa-en-playa-miramar\\\/#respond\"]}]},{\"@type\":\"WebPage\",\"@id\":\"https:\\\/\\\/elinformativotam.com\\\/index.php\\\/2026\\\/03\\\/09\\\/reforzaran-medidas-de-seguridad-y-control-para-semana-santa-en-playa-miramar\\\/\",\"url\":\"https:\\\/\\\/elinformativotam.com\\\/index.php\\\/2026\\\/03\\\/09\\\/reforzaran-medidas-de-seguridad-y-control-para-semana-santa-en-playa-miramar\\\/\",\"name\":\"Reforzar\u00e1n Medidas De Seguridad Y Control Para Semana Santa En Playa Miramar. - EL INFORMATIVO DE TAMAULIPAS\",\"isPartOf\":{\"@id\":\"https:\\\/\\\/elinformativotam.com\\\/#website\"},\"primaryImageOfPage\":{\"@id\":\"https:\\\/\\\/elinformativotam.com\\\/index.php\\\/2026\\\/03\\\/09\\\/reforzaran-medidas-de-seguridad-y-control-para-semana-santa-en-playa-miramar\\\/#primaryimage\"},\"image\":{\"@id\":\"https:\\\/\\\/elinformativotam.com\\\/index.php\\\/2026\\\/03\\\/09\\\/reforzaran-medidas-de-seguridad-y-control-para-semana-santa-en-playa-miramar\\\/#primaryimage\"},\"thumbnailUrl\":\"https:\\\/\\\/elinformativotam.com\\\/wp-content\\\/uploads\\\/2026\\\/03\\\/refuerzo-de-seguridad.jpg\",\"datePublished\":\"2026-03-10T04:57:19+00:00\",\"description\":\"Cd. Madero, Tamaulipas.\u2013 El secretario del Ayuntamiento de Ciudad Madero, H\u00e9ctor Mar\u00edn Rodr\u00edguez, dijo que el operativo de seguridad para el pr\u00f3ximo\",\"inLanguage\":\"es\",\"potentialAction\":[{\"@type\":\"ReadAction\",\"target\":[\"https:\\\/\\\/elinformativotam.com\\\/index.php\\\/2026\\\/03\\\/09\\\/reforzaran-medidas-de-seguridad-y-control-para-semana-santa-en-playa-miramar\\\/\"]}]},{\"@type\":\"ImageObject\",\"inLanguage\":\"es\",\"@id\":\"https:\\\/\\\/elinformativotam.com\\\/index.php\\\/2026\\\/03\\\/09\\\/reforzaran-medidas-de-seguridad-y-control-para-semana-santa-en-playa-miramar\\\/#primaryimage\",\"url\":\"https:\\\/\\\/elinformativotam.com\\\/wp-content\\\/uploads\\\/2026\\\/03\\\/refuerzo-de-seguridad.jpg\",\"contentUrl\":\"https:\\\/\\\/elinformativotam.com\\\/wp-content\\\/uploads\\\/2026\\\/03\\\/refuerzo-de-seguridad.jpg\",\"width\":1600,\"height\":1200},{\"@type\":\"WebSite\",\"@id\":\"https:\\\/\\\/elinformativotam.com\\\/#website\",\"url\":\"https:\\\/\\\/elinformativotam.com\\\/\",\"name\":\"EL INFORMATIVO DE TAMAULIPAS\",\"description\":\"Desde la Zona Metropolitana Para Todo M\u00e9xico\",\"publisher\":{\"@id\":\"https:\\\/\\\/elinformativotam.com\\\/#organization\"},\"potentialAction\":[{\"@type\":\"SearchAction\",\"target\":{\"@type\":\"EntryPoint\",\"urlTemplate\":\"https:\\\/\\\/elinformativotam.com\\\/?s={search_term_string}\"},\"query-input\":{\"@type\":\"PropertyValueSpecification\",\"valueRequired\":true,\"valueName\":\"search_term_string\"}}],\"inLanguage\":\"es\"},{\"@type\":\"Organization\",\"@id\":\"https:\\\/\\\/elinformativotam.com\\\/#organization\",\"name\":\"EL INFORMATIVO DE TAMAULIPAS\",\"url\":\"https:\\\/\\\/elinformativotam.com\\\/\",\"logo\":{\"@type\":\"ImageObject\",\"inLanguage\":\"es\",\"@id\":\"https:\\\/\\\/elinformativotam.com\\\/#\\\/schema\\\/logo\\\/image\\\/\",\"url\":\"https:\\\/\\\/elinformativotam.com\\\/wp-content\\\/uploads\\\/2026\\\/02\\\/Cabezal.png\",\"contentUrl\":\"https:\\\/\\\/elinformativotam.com\\\/wp-content\\\/uploads\\\/2026\\\/02\\\/Cabezal.png\",\"width\":960,\"height\":640,\"caption\":\"EL INFORMATIVO DE TAMAULIPAS\"},\"image\":{\"@id\":\"https:\\\/\\\/elinformativotam.com\\\/#\\\/schema\\\/logo\\\/image\\\/\"}},{\"@type\":\"Person\",\"@id\":\"https:\\\/\\\/elinformativotam.com\\\/#\\\/schema\\\/person\\\/78e08040eed0f6110f0c5f83b6153590\",\"name\":\"El Informativo Tam\",\"image\":{\"@type\":\"ImageObject\",\"inLanguage\":\"es\",\"@id\":\"https:\\\/\\\/secure.gravatar.com\\\/avatar\\\/f3b7ad3af540688955925ac610647be00b0cf41feea9c4978b73a707ee86bc53?s=96&d=mm&r=g\",\"url\":\"https:\\\/\\\/secure.gravatar.com\\\/avatar\\\/f3b7ad3af540688955925ac610647be00b0cf41feea9c4978b73a707ee86bc53?s=96&d=mm&r=g\",\"contentUrl\":\"https:\\\/\\\/secure.gravatar.com\\\/avatar\\\/f3b7ad3af540688955925ac610647be00b0cf41feea9c4978b73a707ee86bc53?s=96&d=mm&r=g\",\"caption\":\"El Informativo Tam\"}}]}<\/script>\n<!-- \/ Yoast SEO plugin. -->","yoast_head_json":{"title":"Reforzar\u00e1n Medidas De Seguridad Y Control Para Semana Santa En Playa Miramar. - EL INFORMATIVO DE TAMAULIPAS","description":"Cd. Madero, Tamaulipas.\u2013 El secretario del Ayuntamiento de Ciudad Madero, H\u00e9ctor Mar\u00edn Rodr\u00edguez, dijo que el operativo de seguridad para el pr\u00f3ximo","robots":{"index":"index","follow":"follow","max-snippet":"max-snippet:-1","max-image-preview":"max-image-preview:large","max-video-preview":"max-video-preview:-1"},"canonical":"https:\/\/elinformativotam.com\/index.php\/2026\/03\/09\/reforzaran-medidas-de-seguridad-y-control-para-semana-santa-en-playa-miramar\/","og_locale":"es_MX","og_type":"article","og_title":"Reforzar\u00e1n Medidas De Seguridad Y Control Para Semana Santa En Playa Miramar. - EL INFORMATIVO DE TAMAULIPAS","og_description":"Cd. Madero, Tamaulipas.\u2013 El secretario del Ayuntamiento de Ciudad Madero, H\u00e9ctor Mar\u00edn Rodr\u00edguez, dijo que el operativo de seguridad para el pr\u00f3ximo","og_url":"https:\/\/elinformativotam.com\/index.php\/2026\/03\/09\/reforzaran-medidas-de-seguridad-y-control-para-semana-santa-en-playa-miramar\/","og_site_name":"EL INFORMATIVO DE TAMAULIPAS","article_published_time":"2026-03-10T04:57:19+00:00","og_image":[{"width":1600,"height":1200,"url":"https:\/\/elinformativotam.com\/wp-content\/uploads\/2026\/03\/refuerzo-de-seguridad.jpg","type":"image\/jpeg"}],"author":"El Informativo Tam","twitter_card":"summary_large_image","twitter_misc":{"Escrito por":"El Informativo Tam","Tiempo de lectura":"2 minutos"},"schema":{"@context":"https:\/\/schema.org","@graph":[{"@type":"Article","@id":"https:\/\/elinformativotam.com\/index.php\/2026\/03\/09\/reforzaran-medidas-de-seguridad-y-control-para-semana-santa-en-playa-miramar\/#article","isPartOf":{"@id":"https:\/\/elinformativotam.com\/index.php\/2026\/03\/09\/reforzaran-medidas-de-seguridad-y-control-para-semana-santa-en-playa-miramar\/"},"author":{"name":"El Informativo Tam","@id":"https:\/\/elinformativotam.com\/#\/schema\/person\/78e08040eed0f6110f0c5f83b6153590"},"headline":"Reforzar\u00e1n Medidas De Seguridad Y Control Para Semana Santa En Playa Miramar.","datePublished":"2026-03-10T04:57:19+00:00","mainEntityOfPage":{"@id":"https:\/\/elinformativotam.com\/index.php\/2026\/03\/09\/reforzaran-medidas-de-seguridad-y-control-para-semana-santa-en-playa-miramar\/"},"wordCount":356,"commentCount":0,"publisher":{"@id":"https:\/\/elinformativotam.com\/#organization"},"image":{"@id":"https:\/\/elinformativotam.com\/index.php\/2026\/03\/09\/reforzaran-medidas-de-seguridad-y-control-para-semana-santa-en-playa-miramar\/#primaryimage"},"thumbnailUrl":"https:\/\/elinformativotam.com\/wp-content\/uploads\/2026\/03\/refuerzo-de-seguridad.jpg","articleSection":["Cd Madero"],"inLanguage":"es","potentialAction":[{"@type":"CommentAction","name":"Comment","target":["https:\/\/elinformativotam.com\/index.php\/2026\/03\/09\/reforzaran-medidas-de-seguridad-y-control-para-semana-santa-en-playa-miramar\/#respond"]}]},{"@type":"WebPage","@id":"https:\/\/elinformativotam.com\/index.php\/2026\/03\/09\/reforzaran-medidas-de-seguridad-y-control-para-semana-santa-en-playa-miramar\/","url":"https:\/\/elinformativotam.com\/index.php\/2026\/03\/09\/reforzaran-medidas-de-seguridad-y-control-para-semana-santa-en-playa-miramar\/","name":"Reforzar\u00e1n Medidas De Seguridad Y Control Para Semana Santa En Playa Miramar. - EL INFORMATIVO DE TAMAULIPAS","isPartOf":{"@id":"https:\/\/elinformativotam.com\/#website"},"primaryImageOfPage":{"@id":"https:\/\/elinformativotam.com\/index.php\/2026\/03\/09\/reforzaran-medidas-de-seguridad-y-control-para-semana-santa-en-playa-miramar\/#primaryimage"},"image":{"@id":"https:\/\/elinformativotam.com\/index.php\/2026\/03\/09\/reforzaran-medidas-de-seguridad-y-control-para-semana-santa-en-playa-miramar\/#primaryimage"},"thumbnailUrl":"https:\/\/elinformativotam.com\/wp-content\/uploads\/2026\/03\/refuerzo-de-seguridad.jpg","datePublished":"2026-03-10T04:57:19+00:00","description":"Cd. Madero, Tamaulipas.\u2013 El secretario del Ayuntamiento de Ciudad Madero, H\u00e9ctor Mar\u00edn Rodr\u00edguez, dijo que el operativo de seguridad para el pr\u00f3ximo","inLanguage":"es","potentialAction":[{"@type":"ReadAction","target":["https:\/\/elinformativotam.com\/index.php\/2026\/03\/09\/reforzaran-medidas-de-seguridad-y-control-para-semana-santa-en-playa-miramar\/"]}]},{"@type":"ImageObject","inLanguage":"es","@id":"https:\/\/elinformativotam.com\/index.php\/2026\/03\/09\/reforzaran-medidas-de-seguridad-y-control-para-semana-santa-en-playa-miramar\/#primaryimage","url":"https:\/\/elinformativotam.com\/wp-content\/uploads\/2026\/03\/refuerzo-de-seguridad.jpg","contentUrl":"https:\/\/elinformativotam.com\/wp-content\/uploads\/2026\/03\/refuerzo-de-seguridad.jpg","width":1600,"height":1200},{"@type":"WebSite","@id":"https:\/\/elinformativotam.com\/#website","url":"https:\/\/elinformativotam.com\/","name":"EL INFORMATIVO DE TAMAULIPAS","description":"Desde la Zona Metropolitana Para Todo M\u00e9xico","publisher":{"@id":"https:\/\/elinformativotam.com\/#organization"},"potentialAction":[{"@type":"SearchAction","target":{"@type":"EntryPoint","urlTemplate":"https:\/\/elinformativotam.com\/?s={search_term_string}"},"query-input":{"@type":"PropertyValueSpecification","valueRequired":true,"valueName":"search_term_string"}}],"inLanguage":"es"},{"@type":"Organization","@id":"https:\/\/elinformativotam.com\/#organization","name":"EL INFORMATIVO DE TAMAULIPAS","url":"https:\/\/elinformativotam.com\/","logo":{"@type":"ImageObject","inLanguage":"es","@id":"https:\/\/elinformativotam.com\/#\/schema\/logo\/image\/","url":"https:\/\/elinformativotam.com\/wp-content\/uploads\/2026\/02\/Cabezal.png","contentUrl":"https:\/\/elinformativotam.com\/wp-content\/uploads\/2026\/02\/Cabezal.png","width":960,"height":640,"caption":"EL INFORMATIVO DE TAMAULIPAS"},"image":{"@id":"https:\/\/elinformativotam.com\/#\/schema\/logo\/image\/"}},{"@type":"Person","@id":"https:\/\/elinformativotam.com\/#\/schema\/person\/78e08040eed0f6110f0c5f83b6153590","name":"El Informativo Tam","image":{"@type":"ImageObject","inLanguage":"es","@id":"https:\/\/secure.gravatar.com\/avatar\/f3b7ad3af540688955925ac610647be00b0cf41feea9c4978b73a707ee86bc53?s=96&d=mm&r=g","url":"https:\/\/secure.gravatar.com\/avatar\/f3b7ad3af540688955925ac610647be00b0cf41feea9c4978b73a707ee86bc53?s=96&d=mm&r=g","contentUrl":"https:\/\/secure.gravatar.com\/avatar\/f3b7ad3af540688955925ac610647be00b0cf41feea9c4978b73a707ee86bc53?s=96&d=mm&r=g","caption":"El Informativo Tam"}}]}},"_links":{"self":[{"href":"https:\/\/elinformativotam.com\/index.php\/wp-json\/wp\/v2\/posts\/57387","targetHints":{"allow":["GET"]}}],"collection":[{"href":"https:\/\/elinformativotam.com\/index.php\/wp-json\/wp\/v2\/posts"}],"about":[{"href":"https:\/\/elinformativotam.com\/index.php\/wp-json\/wp\/v2\/types\/post"}],"author":[{"embeddable":true,"href":"https:\/\/elinformativotam.com\/index.php\/wp-json\/wp\/v2\/users\/1"}],"replies":[{"embeddable":true,"href":"https:\/\/elinformativotam.com\/index.php\/wp-json\/wp\/v2\/comments?post=57387"}],"version-history":[{"count":1,"href":"https:\/\/elinformativotam.com\/index.php\/wp-json\/wp\/v2\/posts\/57387\/revisions"}],"predecessor-version":[{"id":57388,"href":"https:\/\/elinformativotam.com\/index.php\/wp-json\/wp\/v2\/posts\/57387\/revisions\/57388"}],"wp:featuredmedia":[{"embeddable":true,"href":"https:\/\/elinformativotam.com\/index.php\/wp-json\/wp\/v2\/media\/57377"}],"wp:attachment":[{"href":"https:\/\/elinformativotam.com\/index.php\/wp-json\/wp\/v2\/media?parent=57387"}],"wp:term":[{"taxonomy":"category","embeddable":true,"href":"https:\/\/elinformativotam.com\/index.php\/wp-json\/wp\/v2\/categories?post=57387"},{"taxonomy":"post_tag","embeddable":true,"href":"https:\/\/elinformativotam.com\/index.php\/wp-json\/wp\/v2\/tags?post=57387"}],"curies":[{"name":"wp","href":"https:\/\/api.w.org\/{rel}","templated":true}]}}