{"id":57383,"date":"2026-03-09T22:55:37","date_gmt":"2026-03-10T04:55:37","guid":{"rendered":"https:\/\/elinformativotam.com\/?p=57383"},"modified":"2026-03-09T22:55:37","modified_gmt":"2026-03-10T04:55:37","slug":"a-casi-tres-anos-del-ataque-victima-sigue-esperando-justicia","status":"publish","type":"post","link":"https:\/\/elinformativotam.com\/index.php\/2026\/03\/09\/a-casi-tres-anos-del-ataque-victima-sigue-esperando-justicia\/","title":{"rendered":"A Casi Tres A\u00f1os Del Ataque, V\u00edctima Sigue Esperando Justicia"},"content":{"rendered":"<p>Ciudad Madero, Tamaulipas.\u2013 A casi tres\u00a0 a\u00f1os de haber sido v\u00edctima de una agresi\u00f3n, Brenda Berenice Llerena Rodr\u00edguez alz\u00f3 la voz para exigir justicia y el avance de su caso ante las autoridades, luego de que denunciara que el responsable contin\u00faa sin recibir una sentencia definitiva.<\/p>\n<p>&nbsp;<\/p>\n<p>De acuerdo con el testimonio de la afectada, la agresi\u00f3n ocurri\u00f3 en mayo de 2023 al interior de su domicilio ubicado en la colonia Las Flores de Ciudad Madero, donde presuntamente fue atacada por Marcos \u201cP\u201d, a quien se\u00f1ala directamente como responsable de los hechos.<\/p>\n<p>&nbsp;<\/p>\n<p>La sobreviviente asegura que desde aquel momento present\u00f3 la denuncia correspondiente ante las autoridades, sin embargo, afirma que el proceso ha sido lento y que hasta ahora no ha obtenido una resoluci\u00f3n que garantice justicia y seguridad para ella.<\/p>\n<p>&nbsp;<\/p>\n<p>Brenda Berenice se\u00f1al\u00f3 que el ataque cambi\u00f3 su vida y que desde entonces ha tenido que enfrentar diversas consecuencias personales y emocionales derivadas del hecho, por lo que pidi\u00f3 a las autoridades de procuraci\u00f3n de justicia acelerar las investigaciones y garantizar que el caso no quede impune.<\/p>\n<p>&nbsp;<\/p>\n<p>Asimismo, hizo un llamado a las instituciones encargadas de la atenci\u00f3n a v\u00edctimas para que se le brinde acompa\u00f1amiento y protecci\u00f3n durante el proceso legal.<\/p>\n<p>&nbsp;<\/p>\n<p>El caso ha generado preocupaci\u00f3n entre vecinos de la colonia Las Flores, quienes se\u00f1alan la importancia de que las denuncias de violencia sean atendidas con rapidez y que se garantice la seguridad de las v\u00edctimas.<\/p>\n<p>&nbsp;<\/p>\n<p>Hasta el momento, las autoridades no han emitido una postura p\u00fablica detallada sobre el avance del caso, mientras la afectada contin\u00faa solicitando que se esclarezcan los hechos y se aplique la ley contra quien resulte responsable.<\/p>\n<p>#elinformativodetamaulipas<\/p>\n<p>&nbsp;<\/p>\n<p>&nbsp;<\/p>\n","protected":false},"excerpt":{"rendered":"<p>Ciudad Madero, Tamaulipas.\u2013 A casi tres\u00a0 a\u00f1os de haber sido v\u00edctima de una agresi\u00f3n, Brenda Berenice Llerena Rodr\u00edguez alz\u00f3 la&hellip;<\/p>\n","protected":false},"author":1,"featured_media":57371,"comment_status":"open","ping_status":"open","sticky":false,"template":"","format":"standard","meta":{"footnotes":""},"categories":[4],"tags":[],"class_list":["post-57383","post","type-post","status-publish","format-standard","has-post-thumbnail","hentry","category-madero"],"yoast_head":"<!-- This site is optimized with the Yoast SEO plugin v27.5 - https:\/\/yoast.com\/product\/yoast-seo-wordpress\/ -->\n<title>A Casi Tres A\u00f1os Del Ataque, V\u00edctima Sigue Esperando Justicia - EL INFORMATIVO DE TAMAULIPAS<\/title>\n<meta name=\"description\" content=\"Ciudad Madero, Tamaulipas.\u2013 A casi tres\u00a0 a\u00f1os de haber sido v\u00edctima de una agresi\u00f3n, Brenda Berenice Llerena Rodr\u00edguez alz\u00f3 la voz para exigir justicia y\" \/>\n<meta name=\"robots\" content=\"index, follow, max-snippet:-1, max-image-preview:large, max-video-preview:-1\" \/>\n<link rel=\"canonical\" href=\"https:\/\/elinformativotam.com\/index.php\/2026\/03\/09\/a-casi-tres-anos-del-ataque-victima-sigue-esperando-justicia\/\" \/>\n<meta property=\"og:locale\" content=\"es_MX\" \/>\n<meta property=\"og:type\" content=\"article\" \/>\n<meta property=\"og:title\" content=\"A Casi Tres A\u00f1os Del Ataque, V\u00edctima Sigue Esperando Justicia - EL INFORMATIVO DE TAMAULIPAS\" \/>\n<meta property=\"og:description\" content=\"Ciudad Madero, Tamaulipas.\u2013 A casi tres\u00a0 a\u00f1os de haber sido v\u00edctima de una agresi\u00f3n, Brenda Berenice Llerena Rodr\u00edguez alz\u00f3 la voz para exigir justicia y\" \/>\n<meta property=\"og:url\" content=\"https:\/\/elinformativotam.com\/index.php\/2026\/03\/09\/a-casi-tres-anos-del-ataque-victima-sigue-esperando-justicia\/\" \/>\n<meta property=\"og:site_name\" content=\"EL INFORMATIVO DE TAMAULIPAS\" \/>\n<meta property=\"article:published_time\" content=\"2026-03-10T04:55:37+00:00\" \/>\n<meta property=\"og:image\" content=\"https:\/\/elinformativotam.com\/wp-content\/uploads\/2026\/03\/Ataque.jpg\" \/>\n\t<meta property=\"og:image:width\" content=\"871\" \/>\n\t<meta property=\"og:image:height\" content=\"957\" \/>\n\t<meta property=\"og:image:type\" content=\"image\/jpeg\" \/>\n<meta name=\"author\" content=\"El Informativo Tam\" \/>\n<meta name=\"twitter:card\" content=\"summary_large_image\" \/>\n<meta name=\"twitter:label1\" content=\"Escrito por\" \/>\n\t<meta name=\"twitter:data1\" content=\"El Informativo Tam\" \/>\n\t<meta name=\"twitter:label2\" content=\"Tiempo de lectura\" \/>\n\t<meta name=\"twitter:data2\" content=\"2 minutos\" \/>\n<script type=\"application\/ld+json\" class=\"yoast-schema-graph\">{\"@context\":\"https:\\\/\\\/schema.org\",\"@graph\":[{\"@type\":\"Article\",\"@id\":\"https:\\\/\\\/elinformativotam.com\\\/index.php\\\/2026\\\/03\\\/09\\\/a-casi-tres-anos-del-ataque-victima-sigue-esperando-justicia\\\/#article\",\"isPartOf\":{\"@id\":\"https:\\\/\\\/elinformativotam.com\\\/index.php\\\/2026\\\/03\\\/09\\\/a-casi-tres-anos-del-ataque-victima-sigue-esperando-justicia\\\/\"},\"author\":{\"name\":\"El Informativo Tam\",\"@id\":\"https:\\\/\\\/elinformativotam.com\\\/#\\\/schema\\\/person\\\/78e08040eed0f6110f0c5f83b6153590\"},\"headline\":\"A Casi Tres A\u00f1os Del Ataque, V\u00edctima Sigue Esperando Justicia\",\"datePublished\":\"2026-03-10T04:55:37+00:00\",\"mainEntityOfPage\":{\"@id\":\"https:\\\/\\\/elinformativotam.com\\\/index.php\\\/2026\\\/03\\\/09\\\/a-casi-tres-anos-del-ataque-victima-sigue-esperando-justicia\\\/\"},\"wordCount\":312,\"commentCount\":0,\"publisher\":{\"@id\":\"https:\\\/\\\/elinformativotam.com\\\/#organization\"},\"image\":{\"@id\":\"https:\\\/\\\/elinformativotam.com\\\/index.php\\\/2026\\\/03\\\/09\\\/a-casi-tres-anos-del-ataque-victima-sigue-esperando-justicia\\\/#primaryimage\"},\"thumbnailUrl\":\"https:\\\/\\\/elinformativotam.com\\\/wp-content\\\/uploads\\\/2026\\\/03\\\/Ataque.jpg\",\"articleSection\":[\"Cd Madero\"],\"inLanguage\":\"es\",\"potentialAction\":[{\"@type\":\"CommentAction\",\"name\":\"Comment\",\"target\":[\"https:\\\/\\\/elinformativotam.com\\\/index.php\\\/2026\\\/03\\\/09\\\/a-casi-tres-anos-del-ataque-victima-sigue-esperando-justicia\\\/#respond\"]}]},{\"@type\":\"WebPage\",\"@id\":\"https:\\\/\\\/elinformativotam.com\\\/index.php\\\/2026\\\/03\\\/09\\\/a-casi-tres-anos-del-ataque-victima-sigue-esperando-justicia\\\/\",\"url\":\"https:\\\/\\\/elinformativotam.com\\\/index.php\\\/2026\\\/03\\\/09\\\/a-casi-tres-anos-del-ataque-victima-sigue-esperando-justicia\\\/\",\"name\":\"A Casi Tres A\u00f1os Del Ataque, V\u00edctima Sigue Esperando Justicia - EL INFORMATIVO DE TAMAULIPAS\",\"isPartOf\":{\"@id\":\"https:\\\/\\\/elinformativotam.com\\\/#website\"},\"primaryImageOfPage\":{\"@id\":\"https:\\\/\\\/elinformativotam.com\\\/index.php\\\/2026\\\/03\\\/09\\\/a-casi-tres-anos-del-ataque-victima-sigue-esperando-justicia\\\/#primaryimage\"},\"image\":{\"@id\":\"https:\\\/\\\/elinformativotam.com\\\/index.php\\\/2026\\\/03\\\/09\\\/a-casi-tres-anos-del-ataque-victima-sigue-esperando-justicia\\\/#primaryimage\"},\"thumbnailUrl\":\"https:\\\/\\\/elinformativotam.com\\\/wp-content\\\/uploads\\\/2026\\\/03\\\/Ataque.jpg\",\"datePublished\":\"2026-03-10T04:55:37+00:00\",\"description\":\"Ciudad Madero, Tamaulipas.\u2013 A casi tres\u00a0 a\u00f1os de haber sido v\u00edctima de una agresi\u00f3n, Brenda Berenice Llerena Rodr\u00edguez alz\u00f3 la voz para exigir justicia y\",\"inLanguage\":\"es\",\"potentialAction\":[{\"@type\":\"ReadAction\",\"target\":[\"https:\\\/\\\/elinformativotam.com\\\/index.php\\\/2026\\\/03\\\/09\\\/a-casi-tres-anos-del-ataque-victima-sigue-esperando-justicia\\\/\"]}]},{\"@type\":\"ImageObject\",\"inLanguage\":\"es\",\"@id\":\"https:\\\/\\\/elinformativotam.com\\\/index.php\\\/2026\\\/03\\\/09\\\/a-casi-tres-anos-del-ataque-victima-sigue-esperando-justicia\\\/#primaryimage\",\"url\":\"https:\\\/\\\/elinformativotam.com\\\/wp-content\\\/uploads\\\/2026\\\/03\\\/Ataque.jpg\",\"contentUrl\":\"https:\\\/\\\/elinformativotam.com\\\/wp-content\\\/uploads\\\/2026\\\/03\\\/Ataque.jpg\",\"width\":871,\"height\":957},{\"@type\":\"WebSite\",\"@id\":\"https:\\\/\\\/elinformativotam.com\\\/#website\",\"url\":\"https:\\\/\\\/elinformativotam.com\\\/\",\"name\":\"EL INFORMATIVO DE TAMAULIPAS\",\"description\":\"Desde la Zona Metropolitana Para Todo M\u00e9xico\",\"publisher\":{\"@id\":\"https:\\\/\\\/elinformativotam.com\\\/#organization\"},\"potentialAction\":[{\"@type\":\"SearchAction\",\"target\":{\"@type\":\"EntryPoint\",\"urlTemplate\":\"https:\\\/\\\/elinformativotam.com\\\/?s={search_term_string}\"},\"query-input\":{\"@type\":\"PropertyValueSpecification\",\"valueRequired\":true,\"valueName\":\"search_term_string\"}}],\"inLanguage\":\"es\"},{\"@type\":\"Organization\",\"@id\":\"https:\\\/\\\/elinformativotam.com\\\/#organization\",\"name\":\"EL INFORMATIVO DE TAMAULIPAS\",\"url\":\"https:\\\/\\\/elinformativotam.com\\\/\",\"logo\":{\"@type\":\"ImageObject\",\"inLanguage\":\"es\",\"@id\":\"https:\\\/\\\/elinformativotam.com\\\/#\\\/schema\\\/logo\\\/image\\\/\",\"url\":\"https:\\\/\\\/elinformativotam.com\\\/wp-content\\\/uploads\\\/2026\\\/02\\\/Cabezal.png\",\"contentUrl\":\"https:\\\/\\\/elinformativotam.com\\\/wp-content\\\/uploads\\\/2026\\\/02\\\/Cabezal.png\",\"width\":960,\"height\":640,\"caption\":\"EL INFORMATIVO DE TAMAULIPAS\"},\"image\":{\"@id\":\"https:\\\/\\\/elinformativotam.com\\\/#\\\/schema\\\/logo\\\/image\\\/\"}},{\"@type\":\"Person\",\"@id\":\"https:\\\/\\\/elinformativotam.com\\\/#\\\/schema\\\/person\\\/78e08040eed0f6110f0c5f83b6153590\",\"name\":\"El Informativo Tam\",\"image\":{\"@type\":\"ImageObject\",\"inLanguage\":\"es\",\"@id\":\"https:\\\/\\\/secure.gravatar.com\\\/avatar\\\/f3b7ad3af540688955925ac610647be00b0cf41feea9c4978b73a707ee86bc53?s=96&d=mm&r=g\",\"url\":\"https:\\\/\\\/secure.gravatar.com\\\/avatar\\\/f3b7ad3af540688955925ac610647be00b0cf41feea9c4978b73a707ee86bc53?s=96&d=mm&r=g\",\"contentUrl\":\"https:\\\/\\\/secure.gravatar.com\\\/avatar\\\/f3b7ad3af540688955925ac610647be00b0cf41feea9c4978b73a707ee86bc53?s=96&d=mm&r=g\",\"caption\":\"El Informativo Tam\"}}]}<\/script>\n<!-- \/ Yoast SEO plugin. -->","yoast_head_json":{"title":"A Casi Tres A\u00f1os Del Ataque, V\u00edctima Sigue Esperando Justicia - EL INFORMATIVO DE TAMAULIPAS","description":"Ciudad Madero, Tamaulipas.\u2013 A casi tres\u00a0 a\u00f1os de haber sido v\u00edctima de una agresi\u00f3n, Brenda Berenice Llerena Rodr\u00edguez alz\u00f3 la voz para exigir justicia y","robots":{"index":"index","follow":"follow","max-snippet":"max-snippet:-1","max-image-preview":"max-image-preview:large","max-video-preview":"max-video-preview:-1"},"canonical":"https:\/\/elinformativotam.com\/index.php\/2026\/03\/09\/a-casi-tres-anos-del-ataque-victima-sigue-esperando-justicia\/","og_locale":"es_MX","og_type":"article","og_title":"A Casi Tres A\u00f1os Del Ataque, V\u00edctima Sigue Esperando Justicia - EL INFORMATIVO DE TAMAULIPAS","og_description":"Ciudad Madero, Tamaulipas.\u2013 A casi tres\u00a0 a\u00f1os de haber sido v\u00edctima de una agresi\u00f3n, Brenda Berenice Llerena Rodr\u00edguez alz\u00f3 la voz para exigir justicia y","og_url":"https:\/\/elinformativotam.com\/index.php\/2026\/03\/09\/a-casi-tres-anos-del-ataque-victima-sigue-esperando-justicia\/","og_site_name":"EL INFORMATIVO DE TAMAULIPAS","article_published_time":"2026-03-10T04:55:37+00:00","og_image":[{"width":871,"height":957,"url":"https:\/\/elinformativotam.com\/wp-content\/uploads\/2026\/03\/Ataque.jpg","type":"image\/jpeg"}],"author":"El Informativo Tam","twitter_card":"summary_large_image","twitter_misc":{"Escrito por":"El Informativo Tam","Tiempo de lectura":"2 minutos"},"schema":{"@context":"https:\/\/schema.org","@graph":[{"@type":"Article","@id":"https:\/\/elinformativotam.com\/index.php\/2026\/03\/09\/a-casi-tres-anos-del-ataque-victima-sigue-esperando-justicia\/#article","isPartOf":{"@id":"https:\/\/elinformativotam.com\/index.php\/2026\/03\/09\/a-casi-tres-anos-del-ataque-victima-sigue-esperando-justicia\/"},"author":{"name":"El Informativo Tam","@id":"https:\/\/elinformativotam.com\/#\/schema\/person\/78e08040eed0f6110f0c5f83b6153590"},"headline":"A Casi Tres A\u00f1os Del Ataque, V\u00edctima Sigue Esperando Justicia","datePublished":"2026-03-10T04:55:37+00:00","mainEntityOfPage":{"@id":"https:\/\/elinformativotam.com\/index.php\/2026\/03\/09\/a-casi-tres-anos-del-ataque-victima-sigue-esperando-justicia\/"},"wordCount":312,"commentCount":0,"publisher":{"@id":"https:\/\/elinformativotam.com\/#organization"},"image":{"@id":"https:\/\/elinformativotam.com\/index.php\/2026\/03\/09\/a-casi-tres-anos-del-ataque-victima-sigue-esperando-justicia\/#primaryimage"},"thumbnailUrl":"https:\/\/elinformativotam.com\/wp-content\/uploads\/2026\/03\/Ataque.jpg","articleSection":["Cd Madero"],"inLanguage":"es","potentialAction":[{"@type":"CommentAction","name":"Comment","target":["https:\/\/elinformativotam.com\/index.php\/2026\/03\/09\/a-casi-tres-anos-del-ataque-victima-sigue-esperando-justicia\/#respond"]}]},{"@type":"WebPage","@id":"https:\/\/elinformativotam.com\/index.php\/2026\/03\/09\/a-casi-tres-anos-del-ataque-victima-sigue-esperando-justicia\/","url":"https:\/\/elinformativotam.com\/index.php\/2026\/03\/09\/a-casi-tres-anos-del-ataque-victima-sigue-esperando-justicia\/","name":"A Casi Tres A\u00f1os Del Ataque, V\u00edctima Sigue Esperando Justicia - EL INFORMATIVO DE TAMAULIPAS","isPartOf":{"@id":"https:\/\/elinformativotam.com\/#website"},"primaryImageOfPage":{"@id":"https:\/\/elinformativotam.com\/index.php\/2026\/03\/09\/a-casi-tres-anos-del-ataque-victima-sigue-esperando-justicia\/#primaryimage"},"image":{"@id":"https:\/\/elinformativotam.com\/index.php\/2026\/03\/09\/a-casi-tres-anos-del-ataque-victima-sigue-esperando-justicia\/#primaryimage"},"thumbnailUrl":"https:\/\/elinformativotam.com\/wp-content\/uploads\/2026\/03\/Ataque.jpg","datePublished":"2026-03-10T04:55:37+00:00","description":"Ciudad Madero, Tamaulipas.\u2013 A casi tres\u00a0 a\u00f1os de haber sido v\u00edctima de una agresi\u00f3n, Brenda Berenice Llerena Rodr\u00edguez alz\u00f3 la voz para exigir justicia y","inLanguage":"es","potentialAction":[{"@type":"ReadAction","target":["https:\/\/elinformativotam.com\/index.php\/2026\/03\/09\/a-casi-tres-anos-del-ataque-victima-sigue-esperando-justicia\/"]}]},{"@type":"ImageObject","inLanguage":"es","@id":"https:\/\/elinformativotam.com\/index.php\/2026\/03\/09\/a-casi-tres-anos-del-ataque-victima-sigue-esperando-justicia\/#primaryimage","url":"https:\/\/elinformativotam.com\/wp-content\/uploads\/2026\/03\/Ataque.jpg","contentUrl":"https:\/\/elinformativotam.com\/wp-content\/uploads\/2026\/03\/Ataque.jpg","width":871,"height":957},{"@type":"WebSite","@id":"https:\/\/elinformativotam.com\/#website","url":"https:\/\/elinformativotam.com\/","name":"EL INFORMATIVO DE TAMAULIPAS","description":"Desde la Zona Metropolitana Para Todo M\u00e9xico","publisher":{"@id":"https:\/\/elinformativotam.com\/#organization"},"potentialAction":[{"@type":"SearchAction","target":{"@type":"EntryPoint","urlTemplate":"https:\/\/elinformativotam.com\/?s={search_term_string}"},"query-input":{"@type":"PropertyValueSpecification","valueRequired":true,"valueName":"search_term_string"}}],"inLanguage":"es"},{"@type":"Organization","@id":"https:\/\/elinformativotam.com\/#organization","name":"EL INFORMATIVO DE TAMAULIPAS","url":"https:\/\/elinformativotam.com\/","logo":{"@type":"ImageObject","inLanguage":"es","@id":"https:\/\/elinformativotam.com\/#\/schema\/logo\/image\/","url":"https:\/\/elinformativotam.com\/wp-content\/uploads\/2026\/02\/Cabezal.png","contentUrl":"https:\/\/elinformativotam.com\/wp-content\/uploads\/2026\/02\/Cabezal.png","width":960,"height":640,"caption":"EL INFORMATIVO DE TAMAULIPAS"},"image":{"@id":"https:\/\/elinformativotam.com\/#\/schema\/logo\/image\/"}},{"@type":"Person","@id":"https:\/\/elinformativotam.com\/#\/schema\/person\/78e08040eed0f6110f0c5f83b6153590","name":"El Informativo Tam","image":{"@type":"ImageObject","inLanguage":"es","@id":"https:\/\/secure.gravatar.com\/avatar\/f3b7ad3af540688955925ac610647be00b0cf41feea9c4978b73a707ee86bc53?s=96&d=mm&r=g","url":"https:\/\/secure.gravatar.com\/avatar\/f3b7ad3af540688955925ac610647be00b0cf41feea9c4978b73a707ee86bc53?s=96&d=mm&r=g","contentUrl":"https:\/\/secure.gravatar.com\/avatar\/f3b7ad3af540688955925ac610647be00b0cf41feea9c4978b73a707ee86bc53?s=96&d=mm&r=g","caption":"El Informativo Tam"}}]}},"_links":{"self":[{"href":"https:\/\/elinformativotam.com\/index.php\/wp-json\/wp\/v2\/posts\/57383","targetHints":{"allow":["GET"]}}],"collection":[{"href":"https:\/\/elinformativotam.com\/index.php\/wp-json\/wp\/v2\/posts"}],"about":[{"href":"https:\/\/elinformativotam.com\/index.php\/wp-json\/wp\/v2\/types\/post"}],"author":[{"embeddable":true,"href":"https:\/\/elinformativotam.com\/index.php\/wp-json\/wp\/v2\/users\/1"}],"replies":[{"embeddable":true,"href":"https:\/\/elinformativotam.com\/index.php\/wp-json\/wp\/v2\/comments?post=57383"}],"version-history":[{"count":1,"href":"https:\/\/elinformativotam.com\/index.php\/wp-json\/wp\/v2\/posts\/57383\/revisions"}],"predecessor-version":[{"id":57384,"href":"https:\/\/elinformativotam.com\/index.php\/wp-json\/wp\/v2\/posts\/57383\/revisions\/57384"}],"wp:featuredmedia":[{"embeddable":true,"href":"https:\/\/elinformativotam.com\/index.php\/wp-json\/wp\/v2\/media\/57371"}],"wp:attachment":[{"href":"https:\/\/elinformativotam.com\/index.php\/wp-json\/wp\/v2\/media?parent=57383"}],"wp:term":[{"taxonomy":"category","embeddable":true,"href":"https:\/\/elinformativotam.com\/index.php\/wp-json\/wp\/v2\/categories?post=57383"},{"taxonomy":"post_tag","embeddable":true,"href":"https:\/\/elinformativotam.com\/index.php\/wp-json\/wp\/v2\/tags?post=57383"}],"curies":[{"name":"wp","href":"https:\/\/api.w.org\/{rel}","templated":true}]}}