{"id":57370,"date":"2026-03-09T22:53:19","date_gmt":"2026-03-10T04:53:19","guid":{"rendered":"https:\/\/elinformativotam.com\/?p=57370"},"modified":"2026-03-09T22:53:19","modified_gmt":"2026-03-10T04:53:19","slug":"cobertura-de-vacunacion-contra-el-sarampion-supera-el-85-en-la-primera-dosis","status":"publish","type":"post","link":"https:\/\/elinformativotam.com\/index.php\/2026\/03\/09\/cobertura-de-vacunacion-contra-el-sarampion-supera-el-85-en-la-primera-dosis\/","title":{"rendered":"Cobertura De Vacunaci\u00f3n Contra El Sarampi\u00f3n Supera El 85% En La Primera Dosis."},"content":{"rendered":"<p>Cd. Madero, Tamaulipas.- Autoridades de salud dieron a conocer que la campa\u00f1a de vacunaci\u00f3n contra el sarampi\u00f3n registra avances importantes en la zona sur de Tamaulipas, al alcanzar m\u00e1s del 85 por ciento de cobertura en la aplicaci\u00f3n de la primera dosis y el 100 por ciento en la segunda, sin que hasta el momento se hayan confirmado casos de esta enfermedad.<\/p>\n<p>&nbsp;<\/p>\n<p>Marco Antonio Robles Mej\u00eda, director del distrito de salud para el bienestar No. 2, dijo que la respuesta de la poblaci\u00f3n ha sido positiva al llamado de prevenci\u00f3n, lo que ha permitido avanzar en la cobertura del esquema de vacunaci\u00f3n.<\/p>\n<p>&nbsp;<\/p>\n<p>Se\u00f1alaron que la promoci\u00f3n de la salud se ha realizado a trav\u00e9s de redes sociales y con el apoyo de los medios de comunicaci\u00f3n, lo que ha facilitado que m\u00e1s personas acudan a inmunizarse.<\/p>\n<p>&nbsp;<\/p>\n<p>&#8220;La vacunaci\u00f3n se mantiene activa tanto intramuros como extramuros. De manera permanente se aplica en centros de salud, unidades de medicina familiar y algunos hospitales, mientras que en m\u00f3dulos itinerantes se ha llevado el servicio a espacios p\u00fablicos&#8221;.<\/p>\n<p>&nbsp;<\/p>\n<p>Entre los puntos donde se han instalado m\u00f3dulos destacan la Plaza de Armas y zonas cercanas a los palacios municipales de Tampico y Ciudad Madero, adem\u00e1s de acciones coordinadas en el aeropuerto y en la Administraci\u00f3n del Sistema Portuario Nacional, debido a la movilidad constante de personas que arriban a la regi\u00f3n.<\/p>\n<p>&nbsp;<\/p>\n<p>Indic\u00f3 que la campa\u00f1a se mantiene en coordinaci\u00f3n con los gobiernos municipales de Tampico y Ciudad Madero, con el objetivo de reforzar la prevenci\u00f3n ante el tr\u00e1nsito de visitantes y habitantes de otros lugares.<\/p>\n<p>&nbsp;<\/p>\n<p>Mencion\u00f3 que en lo que va de la campa\u00f1a, m\u00e1s de 10 mil personas han sido vacunadas en los diferentes municipios, principalmente ni\u00f1as y ni\u00f1os, quienes forman parte de la poblaci\u00f3n objetivo del programa.<\/p>\n<p>&nbsp;<\/p>\n<p>Actualmente, el esquema de vacunaci\u00f3n contra el sarampi\u00f3n contempla la aplicaci\u00f3n de una dosis al a\u00f1o de edad y una segunda al a\u00f1o y medio. No obstante, las autoridades se\u00f1alaron que existe disponibilidad de biol\u00f3gico para aplicar una dosis adicional denominada \u201cdosis cero\u201d a partir de los seis meses de edad en caso de presentarse alg\u00fan brote en una ciudad.<\/p>\n<p>#elinformativodetamaulipas<\/p>\n<p>&nbsp;<\/p>\n","protected":false},"excerpt":{"rendered":"<p>Cd. Madero, Tamaulipas.- Autoridades de salud dieron a conocer que la campa\u00f1a de vacunaci\u00f3n contra el sarampi\u00f3n registra avances importantes&hellip;<\/p>\n","protected":false},"author":1,"featured_media":57375,"comment_status":"open","ping_status":"open","sticky":false,"template":"","format":"standard","meta":{"footnotes":""},"categories":[4],"tags":[],"class_list":["post-57370","post","type-post","status-publish","format-standard","has-post-thumbnail","hentry","category-madero"],"yoast_head":"<!-- This site is optimized with the Yoast SEO plugin v27.5 - https:\/\/yoast.com\/product\/yoast-seo-wordpress\/ -->\n<title>Cobertura De Vacunaci\u00f3n Contra El Sarampi\u00f3n Supera El 85% En La Primera Dosis. - EL INFORMATIVO DE TAMAULIPAS<\/title>\n<meta name=\"description\" content=\"Cd. Madero, Tamaulipas.- Autoridades de salud dieron a conocer que la campa\u00f1a de vacunaci\u00f3n contra el sarampi\u00f3n registra avances importantes en la zona\" \/>\n<meta name=\"robots\" content=\"index, follow, max-snippet:-1, max-image-preview:large, max-video-preview:-1\" \/>\n<link rel=\"canonical\" href=\"https:\/\/elinformativotam.com\/index.php\/2026\/03\/09\/cobertura-de-vacunacion-contra-el-sarampion-supera-el-85-en-la-primera-dosis\/\" \/>\n<meta property=\"og:locale\" content=\"es_MX\" \/>\n<meta property=\"og:type\" content=\"article\" \/>\n<meta property=\"og:title\" content=\"Cobertura De Vacunaci\u00f3n Contra El Sarampi\u00f3n Supera El 85% En La Primera Dosis. - EL INFORMATIVO DE TAMAULIPAS\" \/>\n<meta property=\"og:description\" content=\"Cd. Madero, Tamaulipas.- Autoridades de salud dieron a conocer que la campa\u00f1a de vacunaci\u00f3n contra el sarampi\u00f3n registra avances importantes en la zona\" \/>\n<meta property=\"og:url\" content=\"https:\/\/elinformativotam.com\/index.php\/2026\/03\/09\/cobertura-de-vacunacion-contra-el-sarampion-supera-el-85-en-la-primera-dosis\/\" \/>\n<meta property=\"og:site_name\" content=\"EL INFORMATIVO DE TAMAULIPAS\" \/>\n<meta property=\"article:published_time\" content=\"2026-03-10T04:53:19+00:00\" \/>\n<meta property=\"og:image\" content=\"https:\/\/elinformativotam.com\/wp-content\/uploads\/2026\/03\/Vacunacion.jpg\" \/>\n\t<meta property=\"og:image:width\" content=\"1080\" \/>\n\t<meta property=\"og:image:height\" content=\"720\" \/>\n\t<meta property=\"og:image:type\" content=\"image\/jpeg\" \/>\n<meta name=\"author\" content=\"El Informativo Tam\" \/>\n<meta name=\"twitter:card\" content=\"summary_large_image\" \/>\n<meta name=\"twitter:label1\" content=\"Escrito por\" \/>\n\t<meta name=\"twitter:data1\" content=\"El Informativo Tam\" \/>\n\t<meta name=\"twitter:label2\" content=\"Tiempo de lectura\" \/>\n\t<meta name=\"twitter:data2\" content=\"2 minutos\" \/>\n<script type=\"application\/ld+json\" class=\"yoast-schema-graph\">{\"@context\":\"https:\\\/\\\/schema.org\",\"@graph\":[{\"@type\":\"Article\",\"@id\":\"https:\\\/\\\/elinformativotam.com\\\/index.php\\\/2026\\\/03\\\/09\\\/cobertura-de-vacunacion-contra-el-sarampion-supera-el-85-en-la-primera-dosis\\\/#article\",\"isPartOf\":{\"@id\":\"https:\\\/\\\/elinformativotam.com\\\/index.php\\\/2026\\\/03\\\/09\\\/cobertura-de-vacunacion-contra-el-sarampion-supera-el-85-en-la-primera-dosis\\\/\"},\"author\":{\"name\":\"El Informativo Tam\",\"@id\":\"https:\\\/\\\/elinformativotam.com\\\/#\\\/schema\\\/person\\\/78e08040eed0f6110f0c5f83b6153590\"},\"headline\":\"Cobertura De Vacunaci\u00f3n Contra El Sarampi\u00f3n Supera El 85% En La Primera Dosis.\",\"datePublished\":\"2026-03-10T04:53:19+00:00\",\"mainEntityOfPage\":{\"@id\":\"https:\\\/\\\/elinformativotam.com\\\/index.php\\\/2026\\\/03\\\/09\\\/cobertura-de-vacunacion-contra-el-sarampion-supera-el-85-en-la-primera-dosis\\\/\"},\"wordCount\":412,\"commentCount\":0,\"publisher\":{\"@id\":\"https:\\\/\\\/elinformativotam.com\\\/#organization\"},\"image\":{\"@id\":\"https:\\\/\\\/elinformativotam.com\\\/index.php\\\/2026\\\/03\\\/09\\\/cobertura-de-vacunacion-contra-el-sarampion-supera-el-85-en-la-primera-dosis\\\/#primaryimage\"},\"thumbnailUrl\":\"https:\\\/\\\/elinformativotam.com\\\/wp-content\\\/uploads\\\/2026\\\/03\\\/Vacunacion.jpg\",\"articleSection\":[\"Cd Madero\"],\"inLanguage\":\"es\",\"potentialAction\":[{\"@type\":\"CommentAction\",\"name\":\"Comment\",\"target\":[\"https:\\\/\\\/elinformativotam.com\\\/index.php\\\/2026\\\/03\\\/09\\\/cobertura-de-vacunacion-contra-el-sarampion-supera-el-85-en-la-primera-dosis\\\/#respond\"]}]},{\"@type\":\"WebPage\",\"@id\":\"https:\\\/\\\/elinformativotam.com\\\/index.php\\\/2026\\\/03\\\/09\\\/cobertura-de-vacunacion-contra-el-sarampion-supera-el-85-en-la-primera-dosis\\\/\",\"url\":\"https:\\\/\\\/elinformativotam.com\\\/index.php\\\/2026\\\/03\\\/09\\\/cobertura-de-vacunacion-contra-el-sarampion-supera-el-85-en-la-primera-dosis\\\/\",\"name\":\"Cobertura De Vacunaci\u00f3n Contra El Sarampi\u00f3n Supera El 85% En La Primera Dosis. - EL INFORMATIVO DE TAMAULIPAS\",\"isPartOf\":{\"@id\":\"https:\\\/\\\/elinformativotam.com\\\/#website\"},\"primaryImageOfPage\":{\"@id\":\"https:\\\/\\\/elinformativotam.com\\\/index.php\\\/2026\\\/03\\\/09\\\/cobertura-de-vacunacion-contra-el-sarampion-supera-el-85-en-la-primera-dosis\\\/#primaryimage\"},\"image\":{\"@id\":\"https:\\\/\\\/elinformativotam.com\\\/index.php\\\/2026\\\/03\\\/09\\\/cobertura-de-vacunacion-contra-el-sarampion-supera-el-85-en-la-primera-dosis\\\/#primaryimage\"},\"thumbnailUrl\":\"https:\\\/\\\/elinformativotam.com\\\/wp-content\\\/uploads\\\/2026\\\/03\\\/Vacunacion.jpg\",\"datePublished\":\"2026-03-10T04:53:19+00:00\",\"description\":\"Cd. Madero, Tamaulipas.- Autoridades de salud dieron a conocer que la campa\u00f1a de vacunaci\u00f3n contra el sarampi\u00f3n registra avances importantes en la zona\",\"inLanguage\":\"es\",\"potentialAction\":[{\"@type\":\"ReadAction\",\"target\":[\"https:\\\/\\\/elinformativotam.com\\\/index.php\\\/2026\\\/03\\\/09\\\/cobertura-de-vacunacion-contra-el-sarampion-supera-el-85-en-la-primera-dosis\\\/\"]}]},{\"@type\":\"ImageObject\",\"inLanguage\":\"es\",\"@id\":\"https:\\\/\\\/elinformativotam.com\\\/index.php\\\/2026\\\/03\\\/09\\\/cobertura-de-vacunacion-contra-el-sarampion-supera-el-85-en-la-primera-dosis\\\/#primaryimage\",\"url\":\"https:\\\/\\\/elinformativotam.com\\\/wp-content\\\/uploads\\\/2026\\\/03\\\/Vacunacion.jpg\",\"contentUrl\":\"https:\\\/\\\/elinformativotam.com\\\/wp-content\\\/uploads\\\/2026\\\/03\\\/Vacunacion.jpg\",\"width\":1080,\"height\":720},{\"@type\":\"WebSite\",\"@id\":\"https:\\\/\\\/elinformativotam.com\\\/#website\",\"url\":\"https:\\\/\\\/elinformativotam.com\\\/\",\"name\":\"EL INFORMATIVO DE TAMAULIPAS\",\"description\":\"Desde la Zona Metropolitana Para Todo M\u00e9xico\",\"publisher\":{\"@id\":\"https:\\\/\\\/elinformativotam.com\\\/#organization\"},\"potentialAction\":[{\"@type\":\"SearchAction\",\"target\":{\"@type\":\"EntryPoint\",\"urlTemplate\":\"https:\\\/\\\/elinformativotam.com\\\/?s={search_term_string}\"},\"query-input\":{\"@type\":\"PropertyValueSpecification\",\"valueRequired\":true,\"valueName\":\"search_term_string\"}}],\"inLanguage\":\"es\"},{\"@type\":\"Organization\",\"@id\":\"https:\\\/\\\/elinformativotam.com\\\/#organization\",\"name\":\"EL INFORMATIVO DE TAMAULIPAS\",\"url\":\"https:\\\/\\\/elinformativotam.com\\\/\",\"logo\":{\"@type\":\"ImageObject\",\"inLanguage\":\"es\",\"@id\":\"https:\\\/\\\/elinformativotam.com\\\/#\\\/schema\\\/logo\\\/image\\\/\",\"url\":\"https:\\\/\\\/elinformativotam.com\\\/wp-content\\\/uploads\\\/2026\\\/02\\\/Cabezal.png\",\"contentUrl\":\"https:\\\/\\\/elinformativotam.com\\\/wp-content\\\/uploads\\\/2026\\\/02\\\/Cabezal.png\",\"width\":960,\"height\":640,\"caption\":\"EL INFORMATIVO DE TAMAULIPAS\"},\"image\":{\"@id\":\"https:\\\/\\\/elinformativotam.com\\\/#\\\/schema\\\/logo\\\/image\\\/\"}},{\"@type\":\"Person\",\"@id\":\"https:\\\/\\\/elinformativotam.com\\\/#\\\/schema\\\/person\\\/78e08040eed0f6110f0c5f83b6153590\",\"name\":\"El Informativo Tam\",\"image\":{\"@type\":\"ImageObject\",\"inLanguage\":\"es\",\"@id\":\"https:\\\/\\\/secure.gravatar.com\\\/avatar\\\/f3b7ad3af540688955925ac610647be00b0cf41feea9c4978b73a707ee86bc53?s=96&d=mm&r=g\",\"url\":\"https:\\\/\\\/secure.gravatar.com\\\/avatar\\\/f3b7ad3af540688955925ac610647be00b0cf41feea9c4978b73a707ee86bc53?s=96&d=mm&r=g\",\"contentUrl\":\"https:\\\/\\\/secure.gravatar.com\\\/avatar\\\/f3b7ad3af540688955925ac610647be00b0cf41feea9c4978b73a707ee86bc53?s=96&d=mm&r=g\",\"caption\":\"El Informativo Tam\"}}]}<\/script>\n<!-- \/ Yoast SEO plugin. -->","yoast_head_json":{"title":"Cobertura De Vacunaci\u00f3n Contra El Sarampi\u00f3n Supera El 85% En La Primera Dosis. - EL INFORMATIVO DE TAMAULIPAS","description":"Cd. Madero, Tamaulipas.- Autoridades de salud dieron a conocer que la campa\u00f1a de vacunaci\u00f3n contra el sarampi\u00f3n registra avances importantes en la zona","robots":{"index":"index","follow":"follow","max-snippet":"max-snippet:-1","max-image-preview":"max-image-preview:large","max-video-preview":"max-video-preview:-1"},"canonical":"https:\/\/elinformativotam.com\/index.php\/2026\/03\/09\/cobertura-de-vacunacion-contra-el-sarampion-supera-el-85-en-la-primera-dosis\/","og_locale":"es_MX","og_type":"article","og_title":"Cobertura De Vacunaci\u00f3n Contra El Sarampi\u00f3n Supera El 85% En La Primera Dosis. - EL INFORMATIVO DE TAMAULIPAS","og_description":"Cd. Madero, Tamaulipas.- Autoridades de salud dieron a conocer que la campa\u00f1a de vacunaci\u00f3n contra el sarampi\u00f3n registra avances importantes en la zona","og_url":"https:\/\/elinformativotam.com\/index.php\/2026\/03\/09\/cobertura-de-vacunacion-contra-el-sarampion-supera-el-85-en-la-primera-dosis\/","og_site_name":"EL INFORMATIVO DE TAMAULIPAS","article_published_time":"2026-03-10T04:53:19+00:00","og_image":[{"width":1080,"height":720,"url":"https:\/\/elinformativotam.com\/wp-content\/uploads\/2026\/03\/Vacunacion.jpg","type":"image\/jpeg"}],"author":"El Informativo Tam","twitter_card":"summary_large_image","twitter_misc":{"Escrito por":"El Informativo Tam","Tiempo de lectura":"2 minutos"},"schema":{"@context":"https:\/\/schema.org","@graph":[{"@type":"Article","@id":"https:\/\/elinformativotam.com\/index.php\/2026\/03\/09\/cobertura-de-vacunacion-contra-el-sarampion-supera-el-85-en-la-primera-dosis\/#article","isPartOf":{"@id":"https:\/\/elinformativotam.com\/index.php\/2026\/03\/09\/cobertura-de-vacunacion-contra-el-sarampion-supera-el-85-en-la-primera-dosis\/"},"author":{"name":"El Informativo Tam","@id":"https:\/\/elinformativotam.com\/#\/schema\/person\/78e08040eed0f6110f0c5f83b6153590"},"headline":"Cobertura De Vacunaci\u00f3n Contra El Sarampi\u00f3n Supera El 85% En La Primera Dosis.","datePublished":"2026-03-10T04:53:19+00:00","mainEntityOfPage":{"@id":"https:\/\/elinformativotam.com\/index.php\/2026\/03\/09\/cobertura-de-vacunacion-contra-el-sarampion-supera-el-85-en-la-primera-dosis\/"},"wordCount":412,"commentCount":0,"publisher":{"@id":"https:\/\/elinformativotam.com\/#organization"},"image":{"@id":"https:\/\/elinformativotam.com\/index.php\/2026\/03\/09\/cobertura-de-vacunacion-contra-el-sarampion-supera-el-85-en-la-primera-dosis\/#primaryimage"},"thumbnailUrl":"https:\/\/elinformativotam.com\/wp-content\/uploads\/2026\/03\/Vacunacion.jpg","articleSection":["Cd Madero"],"inLanguage":"es","potentialAction":[{"@type":"CommentAction","name":"Comment","target":["https:\/\/elinformativotam.com\/index.php\/2026\/03\/09\/cobertura-de-vacunacion-contra-el-sarampion-supera-el-85-en-la-primera-dosis\/#respond"]}]},{"@type":"WebPage","@id":"https:\/\/elinformativotam.com\/index.php\/2026\/03\/09\/cobertura-de-vacunacion-contra-el-sarampion-supera-el-85-en-la-primera-dosis\/","url":"https:\/\/elinformativotam.com\/index.php\/2026\/03\/09\/cobertura-de-vacunacion-contra-el-sarampion-supera-el-85-en-la-primera-dosis\/","name":"Cobertura De Vacunaci\u00f3n Contra El Sarampi\u00f3n Supera El 85% En La Primera Dosis. - EL INFORMATIVO DE TAMAULIPAS","isPartOf":{"@id":"https:\/\/elinformativotam.com\/#website"},"primaryImageOfPage":{"@id":"https:\/\/elinformativotam.com\/index.php\/2026\/03\/09\/cobertura-de-vacunacion-contra-el-sarampion-supera-el-85-en-la-primera-dosis\/#primaryimage"},"image":{"@id":"https:\/\/elinformativotam.com\/index.php\/2026\/03\/09\/cobertura-de-vacunacion-contra-el-sarampion-supera-el-85-en-la-primera-dosis\/#primaryimage"},"thumbnailUrl":"https:\/\/elinformativotam.com\/wp-content\/uploads\/2026\/03\/Vacunacion.jpg","datePublished":"2026-03-10T04:53:19+00:00","description":"Cd. Madero, Tamaulipas.- Autoridades de salud dieron a conocer que la campa\u00f1a de vacunaci\u00f3n contra el sarampi\u00f3n registra avances importantes en la zona","inLanguage":"es","potentialAction":[{"@type":"ReadAction","target":["https:\/\/elinformativotam.com\/index.php\/2026\/03\/09\/cobertura-de-vacunacion-contra-el-sarampion-supera-el-85-en-la-primera-dosis\/"]}]},{"@type":"ImageObject","inLanguage":"es","@id":"https:\/\/elinformativotam.com\/index.php\/2026\/03\/09\/cobertura-de-vacunacion-contra-el-sarampion-supera-el-85-en-la-primera-dosis\/#primaryimage","url":"https:\/\/elinformativotam.com\/wp-content\/uploads\/2026\/03\/Vacunacion.jpg","contentUrl":"https:\/\/elinformativotam.com\/wp-content\/uploads\/2026\/03\/Vacunacion.jpg","width":1080,"height":720},{"@type":"WebSite","@id":"https:\/\/elinformativotam.com\/#website","url":"https:\/\/elinformativotam.com\/","name":"EL INFORMATIVO DE TAMAULIPAS","description":"Desde la Zona Metropolitana Para Todo M\u00e9xico","publisher":{"@id":"https:\/\/elinformativotam.com\/#organization"},"potentialAction":[{"@type":"SearchAction","target":{"@type":"EntryPoint","urlTemplate":"https:\/\/elinformativotam.com\/?s={search_term_string}"},"query-input":{"@type":"PropertyValueSpecification","valueRequired":true,"valueName":"search_term_string"}}],"inLanguage":"es"},{"@type":"Organization","@id":"https:\/\/elinformativotam.com\/#organization","name":"EL INFORMATIVO DE TAMAULIPAS","url":"https:\/\/elinformativotam.com\/","logo":{"@type":"ImageObject","inLanguage":"es","@id":"https:\/\/elinformativotam.com\/#\/schema\/logo\/image\/","url":"https:\/\/elinformativotam.com\/wp-content\/uploads\/2026\/02\/Cabezal.png","contentUrl":"https:\/\/elinformativotam.com\/wp-content\/uploads\/2026\/02\/Cabezal.png","width":960,"height":640,"caption":"EL INFORMATIVO DE TAMAULIPAS"},"image":{"@id":"https:\/\/elinformativotam.com\/#\/schema\/logo\/image\/"}},{"@type":"Person","@id":"https:\/\/elinformativotam.com\/#\/schema\/person\/78e08040eed0f6110f0c5f83b6153590","name":"El Informativo Tam","image":{"@type":"ImageObject","inLanguage":"es","@id":"https:\/\/secure.gravatar.com\/avatar\/f3b7ad3af540688955925ac610647be00b0cf41feea9c4978b73a707ee86bc53?s=96&d=mm&r=g","url":"https:\/\/secure.gravatar.com\/avatar\/f3b7ad3af540688955925ac610647be00b0cf41feea9c4978b73a707ee86bc53?s=96&d=mm&r=g","contentUrl":"https:\/\/secure.gravatar.com\/avatar\/f3b7ad3af540688955925ac610647be00b0cf41feea9c4978b73a707ee86bc53?s=96&d=mm&r=g","caption":"El Informativo Tam"}}]}},"_links":{"self":[{"href":"https:\/\/elinformativotam.com\/index.php\/wp-json\/wp\/v2\/posts\/57370","targetHints":{"allow":["GET"]}}],"collection":[{"href":"https:\/\/elinformativotam.com\/index.php\/wp-json\/wp\/v2\/posts"}],"about":[{"href":"https:\/\/elinformativotam.com\/index.php\/wp-json\/wp\/v2\/types\/post"}],"author":[{"embeddable":true,"href":"https:\/\/elinformativotam.com\/index.php\/wp-json\/wp\/v2\/users\/1"}],"replies":[{"embeddable":true,"href":"https:\/\/elinformativotam.com\/index.php\/wp-json\/wp\/v2\/comments?post=57370"}],"version-history":[{"count":1,"href":"https:\/\/elinformativotam.com\/index.php\/wp-json\/wp\/v2\/posts\/57370\/revisions"}],"predecessor-version":[{"id":57378,"href":"https:\/\/elinformativotam.com\/index.php\/wp-json\/wp\/v2\/posts\/57370\/revisions\/57378"}],"wp:featuredmedia":[{"embeddable":true,"href":"https:\/\/elinformativotam.com\/index.php\/wp-json\/wp\/v2\/media\/57375"}],"wp:attachment":[{"href":"https:\/\/elinformativotam.com\/index.php\/wp-json\/wp\/v2\/media?parent=57370"}],"wp:term":[{"taxonomy":"category","embeddable":true,"href":"https:\/\/elinformativotam.com\/index.php\/wp-json\/wp\/v2\/categories?post=57370"},{"taxonomy":"post_tag","embeddable":true,"href":"https:\/\/elinformativotam.com\/index.php\/wp-json\/wp\/v2\/tags?post=57370"}],"curies":[{"name":"wp","href":"https:\/\/api.w.org\/{rel}","templated":true}]}}