{"id":57361,"date":"2026-03-06T08:32:01","date_gmt":"2026-03-06T14:32:01","guid":{"rendered":"https:\/\/elinformativotam.com\/?p=57361"},"modified":"2026-03-06T08:32:01","modified_gmt":"2026-03-06T14:32:01","slug":"abuelitos-atracan-negocios-en-la-zona-centro-de-tampico","status":"publish","type":"post","link":"https:\/\/elinformativotam.com\/index.php\/2026\/03\/06\/abuelitos-atracan-negocios-en-la-zona-centro-de-tampico\/","title":{"rendered":"Abuelitos Atracan Negocios En La Zona Centro De Tampico"},"content":{"rendered":"<p>Tampico, Tamps.- Comerciantes de la zona centro de Tampico denunciaron p\u00fablicamente una serie de robos cometidos presuntamente por hombres de la tercera edad, quienes han sido captados por c\u00e1maras de seguridad en distintos establecimientos.<\/p>\n<p>&nbsp;<\/p>\n<p>De acuerdo con la informaci\u00f3n difundida por un comerciante afectado, recientemente tres hombres diferentes ingresaron a una tienda de pl\u00e1sticos ubicada en el primer cuadro de la ciudad y sustrajeron mercanc\u00eda de manera discreta. Aunque el golpe fue considerado menor en cuanto al valor de los productos, el hecho gener\u00f3 molestia entre los propietarios del negocio.<\/p>\n<p>&nbsp;<\/p>\n<p>Las im\u00e1genes captadas por las c\u00e1maras de vigilancia comenzaron a circular en redes sociales, luego de que el due\u00f1o del establecimiento decidiera exhibir p\u00fablicamente a los presuntos responsables con el objetivo de alertar a otros comerciantes de la zona.<\/p>\n<p>&nbsp;<\/p>\n<p>Locatarios del centro hist\u00f3rico se\u00f1alaron que este tipo de situaciones se ha presentado en varias ocasiones, por lo que piden mayor vigilancia y exhortan a los negocios a reforzar sus sistemas de seguridad.<\/p>\n<p>&nbsp;<\/p>\n<p>Hasta el momento no se ha informado si existe una denuncia formal ante las autoridades correspondientes, sin embargo, los comerciantes esperan que la difusi\u00f3n de las im\u00e1genes ayude a prevenir nuevos incidentes en el sector comercial del centro de la ciudad.<\/p>\n","protected":false},"excerpt":{"rendered":"<p>Tampico, Tamps.- Comerciantes de la zona centro de Tampico denunciaron p\u00fablicamente una serie de robos cometidos presuntamente por hombres de&hellip;<\/p>\n","protected":false},"author":1,"featured_media":57364,"comment_status":"open","ping_status":"open","sticky":false,"template":"","format":"standard","meta":{"footnotes":""},"categories":[3],"tags":[],"class_list":["post-57361","post","type-post","status-publish","format-standard","has-post-thumbnail","hentry","category-tampico"],"yoast_head":"<!-- This site is optimized with the Yoast SEO plugin v27.5 - https:\/\/yoast.com\/product\/yoast-seo-wordpress\/ -->\n<title>Abuelitos Atracan Negocios En La Zona Centro De Tampico - EL INFORMATIVO DE TAMAULIPAS<\/title>\n<meta name=\"description\" content=\"Tampico, Tamps.- Comerciantes de la zona centro de Tampico denunciaron p\u00fablicamente una serie de robos cometidos presuntamente por hombres de la tercera\" \/>\n<meta name=\"robots\" content=\"index, follow, max-snippet:-1, max-image-preview:large, max-video-preview:-1\" \/>\n<link rel=\"canonical\" href=\"https:\/\/elinformativotam.com\/index.php\/2026\/03\/06\/abuelitos-atracan-negocios-en-la-zona-centro-de-tampico\/\" \/>\n<meta property=\"og:locale\" content=\"es_MX\" \/>\n<meta property=\"og:type\" content=\"article\" \/>\n<meta property=\"og:title\" content=\"Abuelitos Atracan Negocios En La Zona Centro De Tampico - EL INFORMATIVO DE TAMAULIPAS\" \/>\n<meta property=\"og:description\" content=\"Tampico, Tamps.- Comerciantes de la zona centro de Tampico denunciaron p\u00fablicamente una serie de robos cometidos presuntamente por hombres de la tercera\" \/>\n<meta property=\"og:url\" content=\"https:\/\/elinformativotam.com\/index.php\/2026\/03\/06\/abuelitos-atracan-negocios-en-la-zona-centro-de-tampico\/\" \/>\n<meta property=\"og:site_name\" content=\"EL INFORMATIVO DE TAMAULIPAS\" \/>\n<meta property=\"article:published_time\" content=\"2026-03-06T14:32:01+00:00\" \/>\n<meta property=\"og:image\" content=\"https:\/\/elinformativotam.com\/wp-content\/uploads\/2026\/03\/Abuelitos.jpg\" \/>\n\t<meta property=\"og:image:width\" content=\"320\" \/>\n\t<meta property=\"og:image:height\" content=\"565\" \/>\n\t<meta property=\"og:image:type\" content=\"image\/jpeg\" \/>\n<meta name=\"author\" content=\"El Informativo Tam\" \/>\n<meta name=\"twitter:card\" content=\"summary_large_image\" \/>\n<meta name=\"twitter:label1\" content=\"Escrito por\" \/>\n\t<meta name=\"twitter:data1\" content=\"El Informativo Tam\" \/>\n\t<meta name=\"twitter:label2\" content=\"Tiempo de lectura\" \/>\n\t<meta name=\"twitter:data2\" content=\"1 minuto\" \/>\n<script type=\"application\/ld+json\" class=\"yoast-schema-graph\">{\"@context\":\"https:\\\/\\\/schema.org\",\"@graph\":[{\"@type\":\"Article\",\"@id\":\"https:\\\/\\\/elinformativotam.com\\\/index.php\\\/2026\\\/03\\\/06\\\/abuelitos-atracan-negocios-en-la-zona-centro-de-tampico\\\/#article\",\"isPartOf\":{\"@id\":\"https:\\\/\\\/elinformativotam.com\\\/index.php\\\/2026\\\/03\\\/06\\\/abuelitos-atracan-negocios-en-la-zona-centro-de-tampico\\\/\"},\"author\":{\"name\":\"El Informativo Tam\",\"@id\":\"https:\\\/\\\/elinformativotam.com\\\/#\\\/schema\\\/person\\\/78e08040eed0f6110f0c5f83b6153590\"},\"headline\":\"Abuelitos Atracan Negocios En La Zona Centro De Tampico\",\"datePublished\":\"2026-03-06T14:32:01+00:00\",\"mainEntityOfPage\":{\"@id\":\"https:\\\/\\\/elinformativotam.com\\\/index.php\\\/2026\\\/03\\\/06\\\/abuelitos-atracan-negocios-en-la-zona-centro-de-tampico\\\/\"},\"wordCount\":230,\"commentCount\":0,\"publisher\":{\"@id\":\"https:\\\/\\\/elinformativotam.com\\\/#organization\"},\"image\":{\"@id\":\"https:\\\/\\\/elinformativotam.com\\\/index.php\\\/2026\\\/03\\\/06\\\/abuelitos-atracan-negocios-en-la-zona-centro-de-tampico\\\/#primaryimage\"},\"thumbnailUrl\":\"https:\\\/\\\/elinformativotam.com\\\/wp-content\\\/uploads\\\/2026\\\/03\\\/Abuelitos.jpg\",\"articleSection\":[\"Tampico\"],\"inLanguage\":\"es\",\"potentialAction\":[{\"@type\":\"CommentAction\",\"name\":\"Comment\",\"target\":[\"https:\\\/\\\/elinformativotam.com\\\/index.php\\\/2026\\\/03\\\/06\\\/abuelitos-atracan-negocios-en-la-zona-centro-de-tampico\\\/#respond\"]}]},{\"@type\":\"WebPage\",\"@id\":\"https:\\\/\\\/elinformativotam.com\\\/index.php\\\/2026\\\/03\\\/06\\\/abuelitos-atracan-negocios-en-la-zona-centro-de-tampico\\\/\",\"url\":\"https:\\\/\\\/elinformativotam.com\\\/index.php\\\/2026\\\/03\\\/06\\\/abuelitos-atracan-negocios-en-la-zona-centro-de-tampico\\\/\",\"name\":\"Abuelitos Atracan Negocios En La Zona Centro De Tampico - EL INFORMATIVO DE TAMAULIPAS\",\"isPartOf\":{\"@id\":\"https:\\\/\\\/elinformativotam.com\\\/#website\"},\"primaryImageOfPage\":{\"@id\":\"https:\\\/\\\/elinformativotam.com\\\/index.php\\\/2026\\\/03\\\/06\\\/abuelitos-atracan-negocios-en-la-zona-centro-de-tampico\\\/#primaryimage\"},\"image\":{\"@id\":\"https:\\\/\\\/elinformativotam.com\\\/index.php\\\/2026\\\/03\\\/06\\\/abuelitos-atracan-negocios-en-la-zona-centro-de-tampico\\\/#primaryimage\"},\"thumbnailUrl\":\"https:\\\/\\\/elinformativotam.com\\\/wp-content\\\/uploads\\\/2026\\\/03\\\/Abuelitos.jpg\",\"datePublished\":\"2026-03-06T14:32:01+00:00\",\"description\":\"Tampico, Tamps.- Comerciantes de la zona centro de Tampico denunciaron p\u00fablicamente una serie de robos cometidos presuntamente por hombres de la tercera\",\"inLanguage\":\"es\",\"potentialAction\":[{\"@type\":\"ReadAction\",\"target\":[\"https:\\\/\\\/elinformativotam.com\\\/index.php\\\/2026\\\/03\\\/06\\\/abuelitos-atracan-negocios-en-la-zona-centro-de-tampico\\\/\"]}]},{\"@type\":\"ImageObject\",\"inLanguage\":\"es\",\"@id\":\"https:\\\/\\\/elinformativotam.com\\\/index.php\\\/2026\\\/03\\\/06\\\/abuelitos-atracan-negocios-en-la-zona-centro-de-tampico\\\/#primaryimage\",\"url\":\"https:\\\/\\\/elinformativotam.com\\\/wp-content\\\/uploads\\\/2026\\\/03\\\/Abuelitos.jpg\",\"contentUrl\":\"https:\\\/\\\/elinformativotam.com\\\/wp-content\\\/uploads\\\/2026\\\/03\\\/Abuelitos.jpg\",\"width\":320,\"height\":565},{\"@type\":\"WebSite\",\"@id\":\"https:\\\/\\\/elinformativotam.com\\\/#website\",\"url\":\"https:\\\/\\\/elinformativotam.com\\\/\",\"name\":\"EL INFORMATIVO DE TAMAULIPAS\",\"description\":\"Desde la Zona Metropolitana Para Todo M\u00e9xico\",\"publisher\":{\"@id\":\"https:\\\/\\\/elinformativotam.com\\\/#organization\"},\"potentialAction\":[{\"@type\":\"SearchAction\",\"target\":{\"@type\":\"EntryPoint\",\"urlTemplate\":\"https:\\\/\\\/elinformativotam.com\\\/?s={search_term_string}\"},\"query-input\":{\"@type\":\"PropertyValueSpecification\",\"valueRequired\":true,\"valueName\":\"search_term_string\"}}],\"inLanguage\":\"es\"},{\"@type\":\"Organization\",\"@id\":\"https:\\\/\\\/elinformativotam.com\\\/#organization\",\"name\":\"EL INFORMATIVO DE TAMAULIPAS\",\"url\":\"https:\\\/\\\/elinformativotam.com\\\/\",\"logo\":{\"@type\":\"ImageObject\",\"inLanguage\":\"es\",\"@id\":\"https:\\\/\\\/elinformativotam.com\\\/#\\\/schema\\\/logo\\\/image\\\/\",\"url\":\"https:\\\/\\\/elinformativotam.com\\\/wp-content\\\/uploads\\\/2026\\\/02\\\/Cabezal.png\",\"contentUrl\":\"https:\\\/\\\/elinformativotam.com\\\/wp-content\\\/uploads\\\/2026\\\/02\\\/Cabezal.png\",\"width\":960,\"height\":640,\"caption\":\"EL INFORMATIVO DE TAMAULIPAS\"},\"image\":{\"@id\":\"https:\\\/\\\/elinformativotam.com\\\/#\\\/schema\\\/logo\\\/image\\\/\"}},{\"@type\":\"Person\",\"@id\":\"https:\\\/\\\/elinformativotam.com\\\/#\\\/schema\\\/person\\\/78e08040eed0f6110f0c5f83b6153590\",\"name\":\"El Informativo Tam\",\"image\":{\"@type\":\"ImageObject\",\"inLanguage\":\"es\",\"@id\":\"https:\\\/\\\/secure.gravatar.com\\\/avatar\\\/f3b7ad3af540688955925ac610647be00b0cf41feea9c4978b73a707ee86bc53?s=96&d=mm&r=g\",\"url\":\"https:\\\/\\\/secure.gravatar.com\\\/avatar\\\/f3b7ad3af540688955925ac610647be00b0cf41feea9c4978b73a707ee86bc53?s=96&d=mm&r=g\",\"contentUrl\":\"https:\\\/\\\/secure.gravatar.com\\\/avatar\\\/f3b7ad3af540688955925ac610647be00b0cf41feea9c4978b73a707ee86bc53?s=96&d=mm&r=g\",\"caption\":\"El Informativo Tam\"}}]}<\/script>\n<!-- \/ Yoast SEO plugin. -->","yoast_head_json":{"title":"Abuelitos Atracan Negocios En La Zona Centro De Tampico - EL INFORMATIVO DE TAMAULIPAS","description":"Tampico, Tamps.- Comerciantes de la zona centro de Tampico denunciaron p\u00fablicamente una serie de robos cometidos presuntamente por hombres de la tercera","robots":{"index":"index","follow":"follow","max-snippet":"max-snippet:-1","max-image-preview":"max-image-preview:large","max-video-preview":"max-video-preview:-1"},"canonical":"https:\/\/elinformativotam.com\/index.php\/2026\/03\/06\/abuelitos-atracan-negocios-en-la-zona-centro-de-tampico\/","og_locale":"es_MX","og_type":"article","og_title":"Abuelitos Atracan Negocios En La Zona Centro De Tampico - EL INFORMATIVO DE TAMAULIPAS","og_description":"Tampico, Tamps.- Comerciantes de la zona centro de Tampico denunciaron p\u00fablicamente una serie de robos cometidos presuntamente por hombres de la tercera","og_url":"https:\/\/elinformativotam.com\/index.php\/2026\/03\/06\/abuelitos-atracan-negocios-en-la-zona-centro-de-tampico\/","og_site_name":"EL INFORMATIVO DE TAMAULIPAS","article_published_time":"2026-03-06T14:32:01+00:00","og_image":[{"width":320,"height":565,"url":"https:\/\/elinformativotam.com\/wp-content\/uploads\/2026\/03\/Abuelitos.jpg","type":"image\/jpeg"}],"author":"El Informativo Tam","twitter_card":"summary_large_image","twitter_misc":{"Escrito por":"El Informativo Tam","Tiempo de lectura":"1 minuto"},"schema":{"@context":"https:\/\/schema.org","@graph":[{"@type":"Article","@id":"https:\/\/elinformativotam.com\/index.php\/2026\/03\/06\/abuelitos-atracan-negocios-en-la-zona-centro-de-tampico\/#article","isPartOf":{"@id":"https:\/\/elinformativotam.com\/index.php\/2026\/03\/06\/abuelitos-atracan-negocios-en-la-zona-centro-de-tampico\/"},"author":{"name":"El Informativo Tam","@id":"https:\/\/elinformativotam.com\/#\/schema\/person\/78e08040eed0f6110f0c5f83b6153590"},"headline":"Abuelitos Atracan Negocios En La Zona Centro De Tampico","datePublished":"2026-03-06T14:32:01+00:00","mainEntityOfPage":{"@id":"https:\/\/elinformativotam.com\/index.php\/2026\/03\/06\/abuelitos-atracan-negocios-en-la-zona-centro-de-tampico\/"},"wordCount":230,"commentCount":0,"publisher":{"@id":"https:\/\/elinformativotam.com\/#organization"},"image":{"@id":"https:\/\/elinformativotam.com\/index.php\/2026\/03\/06\/abuelitos-atracan-negocios-en-la-zona-centro-de-tampico\/#primaryimage"},"thumbnailUrl":"https:\/\/elinformativotam.com\/wp-content\/uploads\/2026\/03\/Abuelitos.jpg","articleSection":["Tampico"],"inLanguage":"es","potentialAction":[{"@type":"CommentAction","name":"Comment","target":["https:\/\/elinformativotam.com\/index.php\/2026\/03\/06\/abuelitos-atracan-negocios-en-la-zona-centro-de-tampico\/#respond"]}]},{"@type":"WebPage","@id":"https:\/\/elinformativotam.com\/index.php\/2026\/03\/06\/abuelitos-atracan-negocios-en-la-zona-centro-de-tampico\/","url":"https:\/\/elinformativotam.com\/index.php\/2026\/03\/06\/abuelitos-atracan-negocios-en-la-zona-centro-de-tampico\/","name":"Abuelitos Atracan Negocios En La Zona Centro De Tampico - EL INFORMATIVO DE TAMAULIPAS","isPartOf":{"@id":"https:\/\/elinformativotam.com\/#website"},"primaryImageOfPage":{"@id":"https:\/\/elinformativotam.com\/index.php\/2026\/03\/06\/abuelitos-atracan-negocios-en-la-zona-centro-de-tampico\/#primaryimage"},"image":{"@id":"https:\/\/elinformativotam.com\/index.php\/2026\/03\/06\/abuelitos-atracan-negocios-en-la-zona-centro-de-tampico\/#primaryimage"},"thumbnailUrl":"https:\/\/elinformativotam.com\/wp-content\/uploads\/2026\/03\/Abuelitos.jpg","datePublished":"2026-03-06T14:32:01+00:00","description":"Tampico, Tamps.- Comerciantes de la zona centro de Tampico denunciaron p\u00fablicamente una serie de robos cometidos presuntamente por hombres de la tercera","inLanguage":"es","potentialAction":[{"@type":"ReadAction","target":["https:\/\/elinformativotam.com\/index.php\/2026\/03\/06\/abuelitos-atracan-negocios-en-la-zona-centro-de-tampico\/"]}]},{"@type":"ImageObject","inLanguage":"es","@id":"https:\/\/elinformativotam.com\/index.php\/2026\/03\/06\/abuelitos-atracan-negocios-en-la-zona-centro-de-tampico\/#primaryimage","url":"https:\/\/elinformativotam.com\/wp-content\/uploads\/2026\/03\/Abuelitos.jpg","contentUrl":"https:\/\/elinformativotam.com\/wp-content\/uploads\/2026\/03\/Abuelitos.jpg","width":320,"height":565},{"@type":"WebSite","@id":"https:\/\/elinformativotam.com\/#website","url":"https:\/\/elinformativotam.com\/","name":"EL INFORMATIVO DE TAMAULIPAS","description":"Desde la Zona Metropolitana Para Todo M\u00e9xico","publisher":{"@id":"https:\/\/elinformativotam.com\/#organization"},"potentialAction":[{"@type":"SearchAction","target":{"@type":"EntryPoint","urlTemplate":"https:\/\/elinformativotam.com\/?s={search_term_string}"},"query-input":{"@type":"PropertyValueSpecification","valueRequired":true,"valueName":"search_term_string"}}],"inLanguage":"es"},{"@type":"Organization","@id":"https:\/\/elinformativotam.com\/#organization","name":"EL INFORMATIVO DE TAMAULIPAS","url":"https:\/\/elinformativotam.com\/","logo":{"@type":"ImageObject","inLanguage":"es","@id":"https:\/\/elinformativotam.com\/#\/schema\/logo\/image\/","url":"https:\/\/elinformativotam.com\/wp-content\/uploads\/2026\/02\/Cabezal.png","contentUrl":"https:\/\/elinformativotam.com\/wp-content\/uploads\/2026\/02\/Cabezal.png","width":960,"height":640,"caption":"EL INFORMATIVO DE TAMAULIPAS"},"image":{"@id":"https:\/\/elinformativotam.com\/#\/schema\/logo\/image\/"}},{"@type":"Person","@id":"https:\/\/elinformativotam.com\/#\/schema\/person\/78e08040eed0f6110f0c5f83b6153590","name":"El Informativo Tam","image":{"@type":"ImageObject","inLanguage":"es","@id":"https:\/\/secure.gravatar.com\/avatar\/f3b7ad3af540688955925ac610647be00b0cf41feea9c4978b73a707ee86bc53?s=96&d=mm&r=g","url":"https:\/\/secure.gravatar.com\/avatar\/f3b7ad3af540688955925ac610647be00b0cf41feea9c4978b73a707ee86bc53?s=96&d=mm&r=g","contentUrl":"https:\/\/secure.gravatar.com\/avatar\/f3b7ad3af540688955925ac610647be00b0cf41feea9c4978b73a707ee86bc53?s=96&d=mm&r=g","caption":"El Informativo Tam"}}]}},"_links":{"self":[{"href":"https:\/\/elinformativotam.com\/index.php\/wp-json\/wp\/v2\/posts\/57361","targetHints":{"allow":["GET"]}}],"collection":[{"href":"https:\/\/elinformativotam.com\/index.php\/wp-json\/wp\/v2\/posts"}],"about":[{"href":"https:\/\/elinformativotam.com\/index.php\/wp-json\/wp\/v2\/types\/post"}],"author":[{"embeddable":true,"href":"https:\/\/elinformativotam.com\/index.php\/wp-json\/wp\/v2\/users\/1"}],"replies":[{"embeddable":true,"href":"https:\/\/elinformativotam.com\/index.php\/wp-json\/wp\/v2\/comments?post=57361"}],"version-history":[{"count":1,"href":"https:\/\/elinformativotam.com\/index.php\/wp-json\/wp\/v2\/posts\/57361\/revisions"}],"predecessor-version":[{"id":57365,"href":"https:\/\/elinformativotam.com\/index.php\/wp-json\/wp\/v2\/posts\/57361\/revisions\/57365"}],"wp:featuredmedia":[{"embeddable":true,"href":"https:\/\/elinformativotam.com\/index.php\/wp-json\/wp\/v2\/media\/57364"}],"wp:attachment":[{"href":"https:\/\/elinformativotam.com\/index.php\/wp-json\/wp\/v2\/media?parent=57361"}],"wp:term":[{"taxonomy":"category","embeddable":true,"href":"https:\/\/elinformativotam.com\/index.php\/wp-json\/wp\/v2\/categories?post=57361"},{"taxonomy":"post_tag","embeddable":true,"href":"https:\/\/elinformativotam.com\/index.php\/wp-json\/wp\/v2\/tags?post=57361"}],"curies":[{"name":"wp","href":"https:\/\/api.w.org\/{rel}","templated":true}]}}