{"id":57357,"date":"2026-03-04T21:49:20","date_gmt":"2026-03-05T03:49:20","guid":{"rendered":"https:\/\/elinformativotam.com\/?p=57357"},"modified":"2026-03-04T21:49:20","modified_gmt":"2026-03-05T03:49:20","slug":"jorge-cruz-carrillo-toma-protesta-como-comandante-de-la-octava-zona-aerea-militar","status":"publish","type":"post","link":"https:\/\/elinformativotam.com\/index.php\/2026\/03\/04\/jorge-cruz-carrillo-toma-protesta-como-comandante-de-la-octava-zona-aerea-militar\/","title":{"rendered":"Jorge Cruz Carrillo toma protesta como comandante de la Octava Zona A\u00e9rea Militar"},"content":{"rendered":"<p>Tampico, Tamps.- En las instalaciones del Aeropuerto Internacional \u201cFrancisco Javier Mina\u201d, en Tampico, se realiz\u00f3 la ceremonia oficial de toma de protesta del general Jorge Cruz Carrillo, quien asumi\u00f3 el cargo como comandante de la Octava Zona A\u00e9rea Militar.<\/p>\n<p>El acto protocolario formaliz\u00f3 su nombramiento como general de Ala Piloto Aviador de Estado Mayor, quedando al frente de esta zona estrat\u00e9gica que forma parte de la Fuerza A\u00e9rea Mexicana.<\/p>\n<p>Durante el evento, la capit\u00e1n segunda meteor\u00f3loga Brenda Guevara Carrillo explic\u00f3 que esta unidad anteriormente operaba como Estaci\u00f3n A\u00e9rea Militar N\u00famero 4, y que su transici\u00f3n a Zona A\u00e9rea Militar representa una ampliaci\u00f3n en estructura, atribuciones y responsabilidades operativas.<\/p>\n<p>Entre sus principales funciones se encuentra la vigilancia y protecci\u00f3n del espacio a\u00e9reo en su jurisdicci\u00f3n, en coordinaci\u00f3n con las autoridades del aeropuerto internacional de la ciudad, a fin de reforzar la seguridad y el control a\u00e9reo en la regi\u00f3n.<\/p>\n<p>La ceremonia cont\u00f3 con la presencia del general de Brigada Fuerza A\u00e9rea Piloto Aviador Humberto Ibarra Lares, comandante de la Tercera Regi\u00f3n A\u00e9rea Militar con sede en Chihuahua, instancia de la cual depende la Octava Zona A\u00e9rea Militar.<\/p>\n","protected":false},"excerpt":{"rendered":"<p>Tampico, Tamps.- En las instalaciones del Aeropuerto Internacional \u201cFrancisco Javier Mina\u201d, en Tampico, se realiz\u00f3 la ceremonia oficial de toma&hellip;<\/p>\n","protected":false},"author":1,"featured_media":57358,"comment_status":"open","ping_status":"open","sticky":false,"template":"","format":"standard","meta":{"footnotes":""},"categories":[3],"tags":[],"class_list":["post-57357","post","type-post","status-publish","format-standard","has-post-thumbnail","hentry","category-tampico"],"yoast_head":"<!-- This site is optimized with the Yoast SEO plugin v27.5 - https:\/\/yoast.com\/product\/yoast-seo-wordpress\/ -->\n<title>Jorge Cruz Carrillo toma protesta como comandante de la Octava Zona A\u00e9rea Militar - EL INFORMATIVO DE TAMAULIPAS<\/title>\n<meta name=\"description\" content=\"Tampico, Tamps.- En las instalaciones del Aeropuerto Internacional \u201cFrancisco Javier Mina\u201d, en Tampico, se realiz\u00f3 la ceremonia oficial de toma de\" \/>\n<meta name=\"robots\" content=\"index, follow, max-snippet:-1, max-image-preview:large, max-video-preview:-1\" \/>\n<link rel=\"canonical\" href=\"https:\/\/elinformativotam.com\/index.php\/2026\/03\/04\/jorge-cruz-carrillo-toma-protesta-como-comandante-de-la-octava-zona-aerea-militar\/\" \/>\n<meta property=\"og:locale\" content=\"es_MX\" \/>\n<meta property=\"og:type\" content=\"article\" \/>\n<meta property=\"og:title\" content=\"Jorge Cruz Carrillo toma protesta como comandante de la Octava Zona A\u00e9rea Militar - EL INFORMATIVO DE TAMAULIPAS\" \/>\n<meta property=\"og:description\" content=\"Tampico, Tamps.- En las instalaciones del Aeropuerto Internacional \u201cFrancisco Javier Mina\u201d, en Tampico, se realiz\u00f3 la ceremonia oficial de toma de\" \/>\n<meta property=\"og:url\" content=\"https:\/\/elinformativotam.com\/index.php\/2026\/03\/04\/jorge-cruz-carrillo-toma-protesta-como-comandante-de-la-octava-zona-aerea-militar\/\" \/>\n<meta property=\"og:site_name\" content=\"EL INFORMATIVO DE TAMAULIPAS\" \/>\n<meta property=\"article:published_time\" content=\"2026-03-05T03:49:20+00:00\" \/>\n<meta property=\"og:image\" content=\"https:\/\/elinformativotam.com\/wp-content\/uploads\/2026\/03\/Capi.jpg\" \/>\n\t<meta property=\"og:image:width\" content=\"1599\" \/>\n\t<meta property=\"og:image:height\" content=\"899\" \/>\n\t<meta property=\"og:image:type\" content=\"image\/jpeg\" \/>\n<meta name=\"author\" content=\"El Informativo Tam\" \/>\n<meta name=\"twitter:card\" content=\"summary_large_image\" \/>\n<meta name=\"twitter:label1\" content=\"Escrito por\" \/>\n\t<meta name=\"twitter:data1\" content=\"El Informativo Tam\" \/>\n\t<meta name=\"twitter:label2\" content=\"Tiempo de lectura\" \/>\n\t<meta name=\"twitter:data2\" content=\"2 minutos\" \/>\n<script type=\"application\/ld+json\" class=\"yoast-schema-graph\">{\"@context\":\"https:\\\/\\\/schema.org\",\"@graph\":[{\"@type\":\"Article\",\"@id\":\"https:\\\/\\\/elinformativotam.com\\\/index.php\\\/2026\\\/03\\\/04\\\/jorge-cruz-carrillo-toma-protesta-como-comandante-de-la-octava-zona-aerea-militar\\\/#article\",\"isPartOf\":{\"@id\":\"https:\\\/\\\/elinformativotam.com\\\/index.php\\\/2026\\\/03\\\/04\\\/jorge-cruz-carrillo-toma-protesta-como-comandante-de-la-octava-zona-aerea-militar\\\/\"},\"author\":{\"name\":\"El Informativo Tam\",\"@id\":\"https:\\\/\\\/elinformativotam.com\\\/#\\\/schema\\\/person\\\/78e08040eed0f6110f0c5f83b6153590\"},\"headline\":\"Jorge Cruz Carrillo toma protesta como comandante de la Octava Zona A\u00e9rea Militar\",\"datePublished\":\"2026-03-05T03:49:20+00:00\",\"mainEntityOfPage\":{\"@id\":\"https:\\\/\\\/elinformativotam.com\\\/index.php\\\/2026\\\/03\\\/04\\\/jorge-cruz-carrillo-toma-protesta-como-comandante-de-la-octava-zona-aerea-militar\\\/\"},\"wordCount\":221,\"commentCount\":0,\"publisher\":{\"@id\":\"https:\\\/\\\/elinformativotam.com\\\/#organization\"},\"image\":{\"@id\":\"https:\\\/\\\/elinformativotam.com\\\/index.php\\\/2026\\\/03\\\/04\\\/jorge-cruz-carrillo-toma-protesta-como-comandante-de-la-octava-zona-aerea-militar\\\/#primaryimage\"},\"thumbnailUrl\":\"https:\\\/\\\/elinformativotam.com\\\/wp-content\\\/uploads\\\/2026\\\/03\\\/Capi.jpg\",\"articleSection\":[\"Tampico\"],\"inLanguage\":\"es\",\"potentialAction\":[{\"@type\":\"CommentAction\",\"name\":\"Comment\",\"target\":[\"https:\\\/\\\/elinformativotam.com\\\/index.php\\\/2026\\\/03\\\/04\\\/jorge-cruz-carrillo-toma-protesta-como-comandante-de-la-octava-zona-aerea-militar\\\/#respond\"]}]},{\"@type\":\"WebPage\",\"@id\":\"https:\\\/\\\/elinformativotam.com\\\/index.php\\\/2026\\\/03\\\/04\\\/jorge-cruz-carrillo-toma-protesta-como-comandante-de-la-octava-zona-aerea-militar\\\/\",\"url\":\"https:\\\/\\\/elinformativotam.com\\\/index.php\\\/2026\\\/03\\\/04\\\/jorge-cruz-carrillo-toma-protesta-como-comandante-de-la-octava-zona-aerea-militar\\\/\",\"name\":\"Jorge Cruz Carrillo toma protesta como comandante de la Octava Zona A\u00e9rea Militar - EL INFORMATIVO DE TAMAULIPAS\",\"isPartOf\":{\"@id\":\"https:\\\/\\\/elinformativotam.com\\\/#website\"},\"primaryImageOfPage\":{\"@id\":\"https:\\\/\\\/elinformativotam.com\\\/index.php\\\/2026\\\/03\\\/04\\\/jorge-cruz-carrillo-toma-protesta-como-comandante-de-la-octava-zona-aerea-militar\\\/#primaryimage\"},\"image\":{\"@id\":\"https:\\\/\\\/elinformativotam.com\\\/index.php\\\/2026\\\/03\\\/04\\\/jorge-cruz-carrillo-toma-protesta-como-comandante-de-la-octava-zona-aerea-militar\\\/#primaryimage\"},\"thumbnailUrl\":\"https:\\\/\\\/elinformativotam.com\\\/wp-content\\\/uploads\\\/2026\\\/03\\\/Capi.jpg\",\"datePublished\":\"2026-03-05T03:49:20+00:00\",\"description\":\"Tampico, Tamps.- En las instalaciones del Aeropuerto Internacional \u201cFrancisco Javier Mina\u201d, en Tampico, se realiz\u00f3 la ceremonia oficial de toma de\",\"inLanguage\":\"es\",\"potentialAction\":[{\"@type\":\"ReadAction\",\"target\":[\"https:\\\/\\\/elinformativotam.com\\\/index.php\\\/2026\\\/03\\\/04\\\/jorge-cruz-carrillo-toma-protesta-como-comandante-de-la-octava-zona-aerea-militar\\\/\"]}]},{\"@type\":\"ImageObject\",\"inLanguage\":\"es\",\"@id\":\"https:\\\/\\\/elinformativotam.com\\\/index.php\\\/2026\\\/03\\\/04\\\/jorge-cruz-carrillo-toma-protesta-como-comandante-de-la-octava-zona-aerea-militar\\\/#primaryimage\",\"url\":\"https:\\\/\\\/elinformativotam.com\\\/wp-content\\\/uploads\\\/2026\\\/03\\\/Capi.jpg\",\"contentUrl\":\"https:\\\/\\\/elinformativotam.com\\\/wp-content\\\/uploads\\\/2026\\\/03\\\/Capi.jpg\",\"width\":1599,\"height\":899},{\"@type\":\"WebSite\",\"@id\":\"https:\\\/\\\/elinformativotam.com\\\/#website\",\"url\":\"https:\\\/\\\/elinformativotam.com\\\/\",\"name\":\"EL INFORMATIVO DE TAMAULIPAS\",\"description\":\"Desde la Zona Metropolitana Para Todo M\u00e9xico\",\"publisher\":{\"@id\":\"https:\\\/\\\/elinformativotam.com\\\/#organization\"},\"potentialAction\":[{\"@type\":\"SearchAction\",\"target\":{\"@type\":\"EntryPoint\",\"urlTemplate\":\"https:\\\/\\\/elinformativotam.com\\\/?s={search_term_string}\"},\"query-input\":{\"@type\":\"PropertyValueSpecification\",\"valueRequired\":true,\"valueName\":\"search_term_string\"}}],\"inLanguage\":\"es\"},{\"@type\":\"Organization\",\"@id\":\"https:\\\/\\\/elinformativotam.com\\\/#organization\",\"name\":\"EL INFORMATIVO DE TAMAULIPAS\",\"url\":\"https:\\\/\\\/elinformativotam.com\\\/\",\"logo\":{\"@type\":\"ImageObject\",\"inLanguage\":\"es\",\"@id\":\"https:\\\/\\\/elinformativotam.com\\\/#\\\/schema\\\/logo\\\/image\\\/\",\"url\":\"https:\\\/\\\/elinformativotam.com\\\/wp-content\\\/uploads\\\/2026\\\/02\\\/Cabezal.png\",\"contentUrl\":\"https:\\\/\\\/elinformativotam.com\\\/wp-content\\\/uploads\\\/2026\\\/02\\\/Cabezal.png\",\"width\":960,\"height\":640,\"caption\":\"EL INFORMATIVO DE TAMAULIPAS\"},\"image\":{\"@id\":\"https:\\\/\\\/elinformativotam.com\\\/#\\\/schema\\\/logo\\\/image\\\/\"}},{\"@type\":\"Person\",\"@id\":\"https:\\\/\\\/elinformativotam.com\\\/#\\\/schema\\\/person\\\/78e08040eed0f6110f0c5f83b6153590\",\"name\":\"El Informativo Tam\",\"image\":{\"@type\":\"ImageObject\",\"inLanguage\":\"es\",\"@id\":\"https:\\\/\\\/secure.gravatar.com\\\/avatar\\\/f3b7ad3af540688955925ac610647be00b0cf41feea9c4978b73a707ee86bc53?s=96&d=mm&r=g\",\"url\":\"https:\\\/\\\/secure.gravatar.com\\\/avatar\\\/f3b7ad3af540688955925ac610647be00b0cf41feea9c4978b73a707ee86bc53?s=96&d=mm&r=g\",\"contentUrl\":\"https:\\\/\\\/secure.gravatar.com\\\/avatar\\\/f3b7ad3af540688955925ac610647be00b0cf41feea9c4978b73a707ee86bc53?s=96&d=mm&r=g\",\"caption\":\"El Informativo Tam\"}}]}<\/script>\n<!-- \/ Yoast SEO plugin. -->","yoast_head_json":{"title":"Jorge Cruz Carrillo toma protesta como comandante de la Octava Zona A\u00e9rea Militar - EL INFORMATIVO DE TAMAULIPAS","description":"Tampico, Tamps.- En las instalaciones del Aeropuerto Internacional \u201cFrancisco Javier Mina\u201d, en Tampico, se realiz\u00f3 la ceremonia oficial de toma de","robots":{"index":"index","follow":"follow","max-snippet":"max-snippet:-1","max-image-preview":"max-image-preview:large","max-video-preview":"max-video-preview:-1"},"canonical":"https:\/\/elinformativotam.com\/index.php\/2026\/03\/04\/jorge-cruz-carrillo-toma-protesta-como-comandante-de-la-octava-zona-aerea-militar\/","og_locale":"es_MX","og_type":"article","og_title":"Jorge Cruz Carrillo toma protesta como comandante de la Octava Zona A\u00e9rea Militar - EL INFORMATIVO DE TAMAULIPAS","og_description":"Tampico, Tamps.- En las instalaciones del Aeropuerto Internacional \u201cFrancisco Javier Mina\u201d, en Tampico, se realiz\u00f3 la ceremonia oficial de toma de","og_url":"https:\/\/elinformativotam.com\/index.php\/2026\/03\/04\/jorge-cruz-carrillo-toma-protesta-como-comandante-de-la-octava-zona-aerea-militar\/","og_site_name":"EL INFORMATIVO DE TAMAULIPAS","article_published_time":"2026-03-05T03:49:20+00:00","og_image":[{"width":1599,"height":899,"url":"https:\/\/elinformativotam.com\/wp-content\/uploads\/2026\/03\/Capi.jpg","type":"image\/jpeg"}],"author":"El Informativo Tam","twitter_card":"summary_large_image","twitter_misc":{"Escrito por":"El Informativo Tam","Tiempo de lectura":"2 minutos"},"schema":{"@context":"https:\/\/schema.org","@graph":[{"@type":"Article","@id":"https:\/\/elinformativotam.com\/index.php\/2026\/03\/04\/jorge-cruz-carrillo-toma-protesta-como-comandante-de-la-octava-zona-aerea-militar\/#article","isPartOf":{"@id":"https:\/\/elinformativotam.com\/index.php\/2026\/03\/04\/jorge-cruz-carrillo-toma-protesta-como-comandante-de-la-octava-zona-aerea-militar\/"},"author":{"name":"El Informativo Tam","@id":"https:\/\/elinformativotam.com\/#\/schema\/person\/78e08040eed0f6110f0c5f83b6153590"},"headline":"Jorge Cruz Carrillo toma protesta como comandante de la Octava Zona A\u00e9rea Militar","datePublished":"2026-03-05T03:49:20+00:00","mainEntityOfPage":{"@id":"https:\/\/elinformativotam.com\/index.php\/2026\/03\/04\/jorge-cruz-carrillo-toma-protesta-como-comandante-de-la-octava-zona-aerea-militar\/"},"wordCount":221,"commentCount":0,"publisher":{"@id":"https:\/\/elinformativotam.com\/#organization"},"image":{"@id":"https:\/\/elinformativotam.com\/index.php\/2026\/03\/04\/jorge-cruz-carrillo-toma-protesta-como-comandante-de-la-octava-zona-aerea-militar\/#primaryimage"},"thumbnailUrl":"https:\/\/elinformativotam.com\/wp-content\/uploads\/2026\/03\/Capi.jpg","articleSection":["Tampico"],"inLanguage":"es","potentialAction":[{"@type":"CommentAction","name":"Comment","target":["https:\/\/elinformativotam.com\/index.php\/2026\/03\/04\/jorge-cruz-carrillo-toma-protesta-como-comandante-de-la-octava-zona-aerea-militar\/#respond"]}]},{"@type":"WebPage","@id":"https:\/\/elinformativotam.com\/index.php\/2026\/03\/04\/jorge-cruz-carrillo-toma-protesta-como-comandante-de-la-octava-zona-aerea-militar\/","url":"https:\/\/elinformativotam.com\/index.php\/2026\/03\/04\/jorge-cruz-carrillo-toma-protesta-como-comandante-de-la-octava-zona-aerea-militar\/","name":"Jorge Cruz Carrillo toma protesta como comandante de la Octava Zona A\u00e9rea Militar - EL INFORMATIVO DE TAMAULIPAS","isPartOf":{"@id":"https:\/\/elinformativotam.com\/#website"},"primaryImageOfPage":{"@id":"https:\/\/elinformativotam.com\/index.php\/2026\/03\/04\/jorge-cruz-carrillo-toma-protesta-como-comandante-de-la-octava-zona-aerea-militar\/#primaryimage"},"image":{"@id":"https:\/\/elinformativotam.com\/index.php\/2026\/03\/04\/jorge-cruz-carrillo-toma-protesta-como-comandante-de-la-octava-zona-aerea-militar\/#primaryimage"},"thumbnailUrl":"https:\/\/elinformativotam.com\/wp-content\/uploads\/2026\/03\/Capi.jpg","datePublished":"2026-03-05T03:49:20+00:00","description":"Tampico, Tamps.- En las instalaciones del Aeropuerto Internacional \u201cFrancisco Javier Mina\u201d, en Tampico, se realiz\u00f3 la ceremonia oficial de toma de","inLanguage":"es","potentialAction":[{"@type":"ReadAction","target":["https:\/\/elinformativotam.com\/index.php\/2026\/03\/04\/jorge-cruz-carrillo-toma-protesta-como-comandante-de-la-octava-zona-aerea-militar\/"]}]},{"@type":"ImageObject","inLanguage":"es","@id":"https:\/\/elinformativotam.com\/index.php\/2026\/03\/04\/jorge-cruz-carrillo-toma-protesta-como-comandante-de-la-octava-zona-aerea-militar\/#primaryimage","url":"https:\/\/elinformativotam.com\/wp-content\/uploads\/2026\/03\/Capi.jpg","contentUrl":"https:\/\/elinformativotam.com\/wp-content\/uploads\/2026\/03\/Capi.jpg","width":1599,"height":899},{"@type":"WebSite","@id":"https:\/\/elinformativotam.com\/#website","url":"https:\/\/elinformativotam.com\/","name":"EL INFORMATIVO DE TAMAULIPAS","description":"Desde la Zona Metropolitana Para Todo M\u00e9xico","publisher":{"@id":"https:\/\/elinformativotam.com\/#organization"},"potentialAction":[{"@type":"SearchAction","target":{"@type":"EntryPoint","urlTemplate":"https:\/\/elinformativotam.com\/?s={search_term_string}"},"query-input":{"@type":"PropertyValueSpecification","valueRequired":true,"valueName":"search_term_string"}}],"inLanguage":"es"},{"@type":"Organization","@id":"https:\/\/elinformativotam.com\/#organization","name":"EL INFORMATIVO DE TAMAULIPAS","url":"https:\/\/elinformativotam.com\/","logo":{"@type":"ImageObject","inLanguage":"es","@id":"https:\/\/elinformativotam.com\/#\/schema\/logo\/image\/","url":"https:\/\/elinformativotam.com\/wp-content\/uploads\/2026\/02\/Cabezal.png","contentUrl":"https:\/\/elinformativotam.com\/wp-content\/uploads\/2026\/02\/Cabezal.png","width":960,"height":640,"caption":"EL INFORMATIVO DE TAMAULIPAS"},"image":{"@id":"https:\/\/elinformativotam.com\/#\/schema\/logo\/image\/"}},{"@type":"Person","@id":"https:\/\/elinformativotam.com\/#\/schema\/person\/78e08040eed0f6110f0c5f83b6153590","name":"El Informativo Tam","image":{"@type":"ImageObject","inLanguage":"es","@id":"https:\/\/secure.gravatar.com\/avatar\/f3b7ad3af540688955925ac610647be00b0cf41feea9c4978b73a707ee86bc53?s=96&d=mm&r=g","url":"https:\/\/secure.gravatar.com\/avatar\/f3b7ad3af540688955925ac610647be00b0cf41feea9c4978b73a707ee86bc53?s=96&d=mm&r=g","contentUrl":"https:\/\/secure.gravatar.com\/avatar\/f3b7ad3af540688955925ac610647be00b0cf41feea9c4978b73a707ee86bc53?s=96&d=mm&r=g","caption":"El Informativo Tam"}}]}},"_links":{"self":[{"href":"https:\/\/elinformativotam.com\/index.php\/wp-json\/wp\/v2\/posts\/57357","targetHints":{"allow":["GET"]}}],"collection":[{"href":"https:\/\/elinformativotam.com\/index.php\/wp-json\/wp\/v2\/posts"}],"about":[{"href":"https:\/\/elinformativotam.com\/index.php\/wp-json\/wp\/v2\/types\/post"}],"author":[{"embeddable":true,"href":"https:\/\/elinformativotam.com\/index.php\/wp-json\/wp\/v2\/users\/1"}],"replies":[{"embeddable":true,"href":"https:\/\/elinformativotam.com\/index.php\/wp-json\/wp\/v2\/comments?post=57357"}],"version-history":[{"count":1,"href":"https:\/\/elinformativotam.com\/index.php\/wp-json\/wp\/v2\/posts\/57357\/revisions"}],"predecessor-version":[{"id":57359,"href":"https:\/\/elinformativotam.com\/index.php\/wp-json\/wp\/v2\/posts\/57357\/revisions\/57359"}],"wp:featuredmedia":[{"embeddable":true,"href":"https:\/\/elinformativotam.com\/index.php\/wp-json\/wp\/v2\/media\/57358"}],"wp:attachment":[{"href":"https:\/\/elinformativotam.com\/index.php\/wp-json\/wp\/v2\/media?parent=57357"}],"wp:term":[{"taxonomy":"category","embeddable":true,"href":"https:\/\/elinformativotam.com\/index.php\/wp-json\/wp\/v2\/categories?post=57357"},{"taxonomy":"post_tag","embeddable":true,"href":"https:\/\/elinformativotam.com\/index.php\/wp-json\/wp\/v2\/tags?post=57357"}],"curies":[{"name":"wp","href":"https:\/\/api.w.org\/{rel}","templated":true}]}}