{"id":57352,"date":"2026-03-04T21:34:13","date_gmt":"2026-03-05T03:34:13","guid":{"rendered":"https:\/\/elinformativotam.com\/?p=57352"},"modified":"2026-03-04T21:34:13","modified_gmt":"2026-03-05T03:34:13","slug":"capturan-a-presunto-ladron-que-tenia-en-jaque-a-locatarios-de-los-mercados-municipales-de-tampico","status":"publish","type":"post","link":"https:\/\/elinformativotam.com\/index.php\/2026\/03\/04\/capturan-a-presunto-ladron-que-tenia-en-jaque-a-locatarios-de-los-mercados-municipales-de-tampico\/","title":{"rendered":"Capturan A Presunto Ladr\u00f3n Que Ten\u00eda En Jaque A Locatarios De Los Mercados Municipales De Tampico"},"content":{"rendered":"<p>Un sujeto se\u00f1alado por diversos robos dentro y en los alrededores de los mercados municipales de Tampico fue retenido la ma\u00f1ana de este mi\u00e9rcoles por personal de vigilancia interna, luego de que presuntamente intentara cometer otro atraco en uno de los locales del centro de abasto.<\/p>\n<p>&nbsp;<\/p>\n<p>De acuerdo con testimonios de comerciantes, el individuo ya era identificado por varios locatarios, quienes aseguran que en d\u00edas recientes habr\u00eda cometido distintos robos, entre ellos el hurto de un peluche en un negocio del mercado, adem\u00e1s de otros incidentes similares tanto al interior como en las inmediaciones del lugar.<\/p>\n<p>&nbsp;<\/p>\n<p>Ante los constantes se\u00f1alamientos, personal de seguridad del mercado le dio seguimiento. Fue en el momento en que aparentemente intentaba sustraer mercanc\u00eda de un local cuando fue sorprendido y retenido en flagrancia.<\/p>\n<p>&nbsp;<\/p>\n<p>Durante la revisi\u00f3n, los vigilantes encontraron entre sus pertenencias un cuchillo de gran tama\u00f1o, conocido como \u201ccebollero\u201d, el cual presuntamente podr\u00eda haber utilizado para intimidar o amenazar en caso de ser descubierto.<\/p>\n<p>&nbsp;<\/p>\n<p>Posteriormente, elementos de la Guardia Estatal acudieron al sitio y procedieron a trasladar al presunto responsable a las instalaciones correspondientes para ponerlo a disposici\u00f3n de las autoridades.<\/p>\n<p>&nbsp;<\/p>\n<p>Finalmente, se exhort\u00f3 a los comerciantes que hayan sido v\u00edctimas de este sujeto a presentar la denuncia formal ante las instancias correspondientes, con el objetivo de que se integren las investigaciones y se determinen las responsabilidades legales.<\/p>\n","protected":false},"excerpt":{"rendered":"<p>Un sujeto se\u00f1alado por diversos robos dentro y en los alrededores de los mercados municipales de Tampico fue retenido la&hellip;<\/p>\n","protected":false},"author":1,"featured_media":57348,"comment_status":"open","ping_status":"open","sticky":false,"template":"","format":"standard","meta":{"footnotes":""},"categories":[3],"tags":[],"class_list":["post-57352","post","type-post","status-publish","format-standard","has-post-thumbnail","hentry","category-tampico"],"yoast_head":"<!-- This site is optimized with the Yoast SEO plugin v27.5 - https:\/\/yoast.com\/product\/yoast-seo-wordpress\/ -->\n<title>Capturan A Presunto Ladr\u00f3n Que Ten\u00eda En Jaque A Locatarios De Los Mercados Municipales De Tampico - EL INFORMATIVO DE TAMAULIPAS<\/title>\n<meta name=\"description\" content=\"Un sujeto se\u00f1alado por diversos robos dentro y en los alrededores de los mercados municipales de Tampico fue retenido la ma\u00f1ana de este mi\u00e9rcoles por\" \/>\n<meta name=\"robots\" content=\"index, follow, max-snippet:-1, max-image-preview:large, max-video-preview:-1\" \/>\n<link rel=\"canonical\" href=\"https:\/\/elinformativotam.com\/index.php\/2026\/03\/04\/capturan-a-presunto-ladron-que-tenia-en-jaque-a-locatarios-de-los-mercados-municipales-de-tampico\/\" \/>\n<meta property=\"og:locale\" content=\"es_MX\" \/>\n<meta property=\"og:type\" content=\"article\" \/>\n<meta property=\"og:title\" content=\"Capturan A Presunto Ladr\u00f3n Que Ten\u00eda En Jaque A Locatarios De Los Mercados Municipales De Tampico - EL INFORMATIVO DE TAMAULIPAS\" \/>\n<meta property=\"og:description\" content=\"Un sujeto se\u00f1alado por diversos robos dentro y en los alrededores de los mercados municipales de Tampico fue retenido la ma\u00f1ana de este mi\u00e9rcoles por\" \/>\n<meta property=\"og:url\" content=\"https:\/\/elinformativotam.com\/index.php\/2026\/03\/04\/capturan-a-presunto-ladron-que-tenia-en-jaque-a-locatarios-de-los-mercados-municipales-de-tampico\/\" \/>\n<meta property=\"og:site_name\" content=\"EL INFORMATIVO DE TAMAULIPAS\" \/>\n<meta property=\"article:published_time\" content=\"2026-03-05T03:34:13+00:00\" \/>\n<meta property=\"og:image\" content=\"https:\/\/elinformativotam.com\/wp-content\/uploads\/2026\/03\/Detenido.jpg\" \/>\n\t<meta property=\"og:image:width\" content=\"899\" \/>\n\t<meta property=\"og:image:height\" content=\"1599\" \/>\n\t<meta property=\"og:image:type\" content=\"image\/jpeg\" \/>\n<meta name=\"author\" content=\"El Informativo Tam\" \/>\n<meta name=\"twitter:card\" content=\"summary_large_image\" \/>\n<meta name=\"twitter:label1\" content=\"Escrito por\" \/>\n\t<meta name=\"twitter:data1\" content=\"El Informativo Tam\" \/>\n\t<meta name=\"twitter:label2\" content=\"Tiempo de lectura\" \/>\n\t<meta name=\"twitter:data2\" content=\"1 minuto\" \/>\n<script type=\"application\/ld+json\" class=\"yoast-schema-graph\">{\"@context\":\"https:\\\/\\\/schema.org\",\"@graph\":[{\"@type\":\"Article\",\"@id\":\"https:\\\/\\\/elinformativotam.com\\\/index.php\\\/2026\\\/03\\\/04\\\/capturan-a-presunto-ladron-que-tenia-en-jaque-a-locatarios-de-los-mercados-municipales-de-tampico\\\/#article\",\"isPartOf\":{\"@id\":\"https:\\\/\\\/elinformativotam.com\\\/index.php\\\/2026\\\/03\\\/04\\\/capturan-a-presunto-ladron-que-tenia-en-jaque-a-locatarios-de-los-mercados-municipales-de-tampico\\\/\"},\"author\":{\"name\":\"El Informativo Tam\",\"@id\":\"https:\\\/\\\/elinformativotam.com\\\/#\\\/schema\\\/person\\\/78e08040eed0f6110f0c5f83b6153590\"},\"headline\":\"Capturan A Presunto Ladr\u00f3n Que Ten\u00eda En Jaque A Locatarios De Los Mercados Municipales De Tampico\",\"datePublished\":\"2026-03-05T03:34:13+00:00\",\"mainEntityOfPage\":{\"@id\":\"https:\\\/\\\/elinformativotam.com\\\/index.php\\\/2026\\\/03\\\/04\\\/capturan-a-presunto-ladron-que-tenia-en-jaque-a-locatarios-de-los-mercados-municipales-de-tampico\\\/\"},\"wordCount\":260,\"commentCount\":0,\"publisher\":{\"@id\":\"https:\\\/\\\/elinformativotam.com\\\/#organization\"},\"image\":{\"@id\":\"https:\\\/\\\/elinformativotam.com\\\/index.php\\\/2026\\\/03\\\/04\\\/capturan-a-presunto-ladron-que-tenia-en-jaque-a-locatarios-de-los-mercados-municipales-de-tampico\\\/#primaryimage\"},\"thumbnailUrl\":\"https:\\\/\\\/elinformativotam.com\\\/wp-content\\\/uploads\\\/2026\\\/03\\\/Detenido.jpg\",\"articleSection\":[\"Tampico\"],\"inLanguage\":\"es\",\"potentialAction\":[{\"@type\":\"CommentAction\",\"name\":\"Comment\",\"target\":[\"https:\\\/\\\/elinformativotam.com\\\/index.php\\\/2026\\\/03\\\/04\\\/capturan-a-presunto-ladron-que-tenia-en-jaque-a-locatarios-de-los-mercados-municipales-de-tampico\\\/#respond\"]}]},{\"@type\":\"WebPage\",\"@id\":\"https:\\\/\\\/elinformativotam.com\\\/index.php\\\/2026\\\/03\\\/04\\\/capturan-a-presunto-ladron-que-tenia-en-jaque-a-locatarios-de-los-mercados-municipales-de-tampico\\\/\",\"url\":\"https:\\\/\\\/elinformativotam.com\\\/index.php\\\/2026\\\/03\\\/04\\\/capturan-a-presunto-ladron-que-tenia-en-jaque-a-locatarios-de-los-mercados-municipales-de-tampico\\\/\",\"name\":\"Capturan A Presunto Ladr\u00f3n Que Ten\u00eda En Jaque A Locatarios De Los Mercados Municipales De Tampico - EL INFORMATIVO DE TAMAULIPAS\",\"isPartOf\":{\"@id\":\"https:\\\/\\\/elinformativotam.com\\\/#website\"},\"primaryImageOfPage\":{\"@id\":\"https:\\\/\\\/elinformativotam.com\\\/index.php\\\/2026\\\/03\\\/04\\\/capturan-a-presunto-ladron-que-tenia-en-jaque-a-locatarios-de-los-mercados-municipales-de-tampico\\\/#primaryimage\"},\"image\":{\"@id\":\"https:\\\/\\\/elinformativotam.com\\\/index.php\\\/2026\\\/03\\\/04\\\/capturan-a-presunto-ladron-que-tenia-en-jaque-a-locatarios-de-los-mercados-municipales-de-tampico\\\/#primaryimage\"},\"thumbnailUrl\":\"https:\\\/\\\/elinformativotam.com\\\/wp-content\\\/uploads\\\/2026\\\/03\\\/Detenido.jpg\",\"datePublished\":\"2026-03-05T03:34:13+00:00\",\"description\":\"Un sujeto se\u00f1alado por diversos robos dentro y en los alrededores de los mercados municipales de Tampico fue retenido la ma\u00f1ana de este mi\u00e9rcoles por\",\"inLanguage\":\"es\",\"potentialAction\":[{\"@type\":\"ReadAction\",\"target\":[\"https:\\\/\\\/elinformativotam.com\\\/index.php\\\/2026\\\/03\\\/04\\\/capturan-a-presunto-ladron-que-tenia-en-jaque-a-locatarios-de-los-mercados-municipales-de-tampico\\\/\"]}]},{\"@type\":\"ImageObject\",\"inLanguage\":\"es\",\"@id\":\"https:\\\/\\\/elinformativotam.com\\\/index.php\\\/2026\\\/03\\\/04\\\/capturan-a-presunto-ladron-que-tenia-en-jaque-a-locatarios-de-los-mercados-municipales-de-tampico\\\/#primaryimage\",\"url\":\"https:\\\/\\\/elinformativotam.com\\\/wp-content\\\/uploads\\\/2026\\\/03\\\/Detenido.jpg\",\"contentUrl\":\"https:\\\/\\\/elinformativotam.com\\\/wp-content\\\/uploads\\\/2026\\\/03\\\/Detenido.jpg\",\"width\":899,\"height\":1599},{\"@type\":\"WebSite\",\"@id\":\"https:\\\/\\\/elinformativotam.com\\\/#website\",\"url\":\"https:\\\/\\\/elinformativotam.com\\\/\",\"name\":\"EL INFORMATIVO DE TAMAULIPAS\",\"description\":\"Desde la Zona Metropolitana Para Todo M\u00e9xico\",\"publisher\":{\"@id\":\"https:\\\/\\\/elinformativotam.com\\\/#organization\"},\"potentialAction\":[{\"@type\":\"SearchAction\",\"target\":{\"@type\":\"EntryPoint\",\"urlTemplate\":\"https:\\\/\\\/elinformativotam.com\\\/?s={search_term_string}\"},\"query-input\":{\"@type\":\"PropertyValueSpecification\",\"valueRequired\":true,\"valueName\":\"search_term_string\"}}],\"inLanguage\":\"es\"},{\"@type\":\"Organization\",\"@id\":\"https:\\\/\\\/elinformativotam.com\\\/#organization\",\"name\":\"EL INFORMATIVO DE TAMAULIPAS\",\"url\":\"https:\\\/\\\/elinformativotam.com\\\/\",\"logo\":{\"@type\":\"ImageObject\",\"inLanguage\":\"es\",\"@id\":\"https:\\\/\\\/elinformativotam.com\\\/#\\\/schema\\\/logo\\\/image\\\/\",\"url\":\"https:\\\/\\\/elinformativotam.com\\\/wp-content\\\/uploads\\\/2026\\\/02\\\/Cabezal.png\",\"contentUrl\":\"https:\\\/\\\/elinformativotam.com\\\/wp-content\\\/uploads\\\/2026\\\/02\\\/Cabezal.png\",\"width\":960,\"height\":640,\"caption\":\"EL INFORMATIVO DE TAMAULIPAS\"},\"image\":{\"@id\":\"https:\\\/\\\/elinformativotam.com\\\/#\\\/schema\\\/logo\\\/image\\\/\"}},{\"@type\":\"Person\",\"@id\":\"https:\\\/\\\/elinformativotam.com\\\/#\\\/schema\\\/person\\\/78e08040eed0f6110f0c5f83b6153590\",\"name\":\"El Informativo Tam\",\"image\":{\"@type\":\"ImageObject\",\"inLanguage\":\"es\",\"@id\":\"https:\\\/\\\/secure.gravatar.com\\\/avatar\\\/f3b7ad3af540688955925ac610647be00b0cf41feea9c4978b73a707ee86bc53?s=96&d=mm&r=g\",\"url\":\"https:\\\/\\\/secure.gravatar.com\\\/avatar\\\/f3b7ad3af540688955925ac610647be00b0cf41feea9c4978b73a707ee86bc53?s=96&d=mm&r=g\",\"contentUrl\":\"https:\\\/\\\/secure.gravatar.com\\\/avatar\\\/f3b7ad3af540688955925ac610647be00b0cf41feea9c4978b73a707ee86bc53?s=96&d=mm&r=g\",\"caption\":\"El Informativo Tam\"}}]}<\/script>\n<!-- \/ Yoast SEO plugin. -->","yoast_head_json":{"title":"Capturan A Presunto Ladr\u00f3n Que Ten\u00eda En Jaque A Locatarios De Los Mercados Municipales De Tampico - EL INFORMATIVO DE TAMAULIPAS","description":"Un sujeto se\u00f1alado por diversos robos dentro y en los alrededores de los mercados municipales de Tampico fue retenido la ma\u00f1ana de este mi\u00e9rcoles por","robots":{"index":"index","follow":"follow","max-snippet":"max-snippet:-1","max-image-preview":"max-image-preview:large","max-video-preview":"max-video-preview:-1"},"canonical":"https:\/\/elinformativotam.com\/index.php\/2026\/03\/04\/capturan-a-presunto-ladron-que-tenia-en-jaque-a-locatarios-de-los-mercados-municipales-de-tampico\/","og_locale":"es_MX","og_type":"article","og_title":"Capturan A Presunto Ladr\u00f3n Que Ten\u00eda En Jaque A Locatarios De Los Mercados Municipales De Tampico - EL INFORMATIVO DE TAMAULIPAS","og_description":"Un sujeto se\u00f1alado por diversos robos dentro y en los alrededores de los mercados municipales de Tampico fue retenido la ma\u00f1ana de este mi\u00e9rcoles por","og_url":"https:\/\/elinformativotam.com\/index.php\/2026\/03\/04\/capturan-a-presunto-ladron-que-tenia-en-jaque-a-locatarios-de-los-mercados-municipales-de-tampico\/","og_site_name":"EL INFORMATIVO DE TAMAULIPAS","article_published_time":"2026-03-05T03:34:13+00:00","og_image":[{"width":899,"height":1599,"url":"https:\/\/elinformativotam.com\/wp-content\/uploads\/2026\/03\/Detenido.jpg","type":"image\/jpeg"}],"author":"El Informativo Tam","twitter_card":"summary_large_image","twitter_misc":{"Escrito por":"El Informativo Tam","Tiempo de lectura":"1 minuto"},"schema":{"@context":"https:\/\/schema.org","@graph":[{"@type":"Article","@id":"https:\/\/elinformativotam.com\/index.php\/2026\/03\/04\/capturan-a-presunto-ladron-que-tenia-en-jaque-a-locatarios-de-los-mercados-municipales-de-tampico\/#article","isPartOf":{"@id":"https:\/\/elinformativotam.com\/index.php\/2026\/03\/04\/capturan-a-presunto-ladron-que-tenia-en-jaque-a-locatarios-de-los-mercados-municipales-de-tampico\/"},"author":{"name":"El Informativo Tam","@id":"https:\/\/elinformativotam.com\/#\/schema\/person\/78e08040eed0f6110f0c5f83b6153590"},"headline":"Capturan A Presunto Ladr\u00f3n Que Ten\u00eda En Jaque A Locatarios De Los Mercados Municipales De Tampico","datePublished":"2026-03-05T03:34:13+00:00","mainEntityOfPage":{"@id":"https:\/\/elinformativotam.com\/index.php\/2026\/03\/04\/capturan-a-presunto-ladron-que-tenia-en-jaque-a-locatarios-de-los-mercados-municipales-de-tampico\/"},"wordCount":260,"commentCount":0,"publisher":{"@id":"https:\/\/elinformativotam.com\/#organization"},"image":{"@id":"https:\/\/elinformativotam.com\/index.php\/2026\/03\/04\/capturan-a-presunto-ladron-que-tenia-en-jaque-a-locatarios-de-los-mercados-municipales-de-tampico\/#primaryimage"},"thumbnailUrl":"https:\/\/elinformativotam.com\/wp-content\/uploads\/2026\/03\/Detenido.jpg","articleSection":["Tampico"],"inLanguage":"es","potentialAction":[{"@type":"CommentAction","name":"Comment","target":["https:\/\/elinformativotam.com\/index.php\/2026\/03\/04\/capturan-a-presunto-ladron-que-tenia-en-jaque-a-locatarios-de-los-mercados-municipales-de-tampico\/#respond"]}]},{"@type":"WebPage","@id":"https:\/\/elinformativotam.com\/index.php\/2026\/03\/04\/capturan-a-presunto-ladron-que-tenia-en-jaque-a-locatarios-de-los-mercados-municipales-de-tampico\/","url":"https:\/\/elinformativotam.com\/index.php\/2026\/03\/04\/capturan-a-presunto-ladron-que-tenia-en-jaque-a-locatarios-de-los-mercados-municipales-de-tampico\/","name":"Capturan A Presunto Ladr\u00f3n Que Ten\u00eda En Jaque A Locatarios De Los Mercados Municipales De Tampico - EL INFORMATIVO DE TAMAULIPAS","isPartOf":{"@id":"https:\/\/elinformativotam.com\/#website"},"primaryImageOfPage":{"@id":"https:\/\/elinformativotam.com\/index.php\/2026\/03\/04\/capturan-a-presunto-ladron-que-tenia-en-jaque-a-locatarios-de-los-mercados-municipales-de-tampico\/#primaryimage"},"image":{"@id":"https:\/\/elinformativotam.com\/index.php\/2026\/03\/04\/capturan-a-presunto-ladron-que-tenia-en-jaque-a-locatarios-de-los-mercados-municipales-de-tampico\/#primaryimage"},"thumbnailUrl":"https:\/\/elinformativotam.com\/wp-content\/uploads\/2026\/03\/Detenido.jpg","datePublished":"2026-03-05T03:34:13+00:00","description":"Un sujeto se\u00f1alado por diversos robos dentro y en los alrededores de los mercados municipales de Tampico fue retenido la ma\u00f1ana de este mi\u00e9rcoles por","inLanguage":"es","potentialAction":[{"@type":"ReadAction","target":["https:\/\/elinformativotam.com\/index.php\/2026\/03\/04\/capturan-a-presunto-ladron-que-tenia-en-jaque-a-locatarios-de-los-mercados-municipales-de-tampico\/"]}]},{"@type":"ImageObject","inLanguage":"es","@id":"https:\/\/elinformativotam.com\/index.php\/2026\/03\/04\/capturan-a-presunto-ladron-que-tenia-en-jaque-a-locatarios-de-los-mercados-municipales-de-tampico\/#primaryimage","url":"https:\/\/elinformativotam.com\/wp-content\/uploads\/2026\/03\/Detenido.jpg","contentUrl":"https:\/\/elinformativotam.com\/wp-content\/uploads\/2026\/03\/Detenido.jpg","width":899,"height":1599},{"@type":"WebSite","@id":"https:\/\/elinformativotam.com\/#website","url":"https:\/\/elinformativotam.com\/","name":"EL INFORMATIVO DE TAMAULIPAS","description":"Desde la Zona Metropolitana Para Todo M\u00e9xico","publisher":{"@id":"https:\/\/elinformativotam.com\/#organization"},"potentialAction":[{"@type":"SearchAction","target":{"@type":"EntryPoint","urlTemplate":"https:\/\/elinformativotam.com\/?s={search_term_string}"},"query-input":{"@type":"PropertyValueSpecification","valueRequired":true,"valueName":"search_term_string"}}],"inLanguage":"es"},{"@type":"Organization","@id":"https:\/\/elinformativotam.com\/#organization","name":"EL INFORMATIVO DE TAMAULIPAS","url":"https:\/\/elinformativotam.com\/","logo":{"@type":"ImageObject","inLanguage":"es","@id":"https:\/\/elinformativotam.com\/#\/schema\/logo\/image\/","url":"https:\/\/elinformativotam.com\/wp-content\/uploads\/2026\/02\/Cabezal.png","contentUrl":"https:\/\/elinformativotam.com\/wp-content\/uploads\/2026\/02\/Cabezal.png","width":960,"height":640,"caption":"EL INFORMATIVO DE TAMAULIPAS"},"image":{"@id":"https:\/\/elinformativotam.com\/#\/schema\/logo\/image\/"}},{"@type":"Person","@id":"https:\/\/elinformativotam.com\/#\/schema\/person\/78e08040eed0f6110f0c5f83b6153590","name":"El Informativo Tam","image":{"@type":"ImageObject","inLanguage":"es","@id":"https:\/\/secure.gravatar.com\/avatar\/f3b7ad3af540688955925ac610647be00b0cf41feea9c4978b73a707ee86bc53?s=96&d=mm&r=g","url":"https:\/\/secure.gravatar.com\/avatar\/f3b7ad3af540688955925ac610647be00b0cf41feea9c4978b73a707ee86bc53?s=96&d=mm&r=g","contentUrl":"https:\/\/secure.gravatar.com\/avatar\/f3b7ad3af540688955925ac610647be00b0cf41feea9c4978b73a707ee86bc53?s=96&d=mm&r=g","caption":"El Informativo Tam"}}]}},"_links":{"self":[{"href":"https:\/\/elinformativotam.com\/index.php\/wp-json\/wp\/v2\/posts\/57352","targetHints":{"allow":["GET"]}}],"collection":[{"href":"https:\/\/elinformativotam.com\/index.php\/wp-json\/wp\/v2\/posts"}],"about":[{"href":"https:\/\/elinformativotam.com\/index.php\/wp-json\/wp\/v2\/types\/post"}],"author":[{"embeddable":true,"href":"https:\/\/elinformativotam.com\/index.php\/wp-json\/wp\/v2\/users\/1"}],"replies":[{"embeddable":true,"href":"https:\/\/elinformativotam.com\/index.php\/wp-json\/wp\/v2\/comments?post=57352"}],"version-history":[{"count":1,"href":"https:\/\/elinformativotam.com\/index.php\/wp-json\/wp\/v2\/posts\/57352\/revisions"}],"predecessor-version":[{"id":57353,"href":"https:\/\/elinformativotam.com\/index.php\/wp-json\/wp\/v2\/posts\/57352\/revisions\/57353"}],"wp:featuredmedia":[{"embeddable":true,"href":"https:\/\/elinformativotam.com\/index.php\/wp-json\/wp\/v2\/media\/57348"}],"wp:attachment":[{"href":"https:\/\/elinformativotam.com\/index.php\/wp-json\/wp\/v2\/media?parent=57352"}],"wp:term":[{"taxonomy":"category","embeddable":true,"href":"https:\/\/elinformativotam.com\/index.php\/wp-json\/wp\/v2\/categories?post=57352"},{"taxonomy":"post_tag","embeddable":true,"href":"https:\/\/elinformativotam.com\/index.php\/wp-json\/wp\/v2\/tags?post=57352"}],"curies":[{"name":"wp","href":"https:\/\/api.w.org\/{rel}","templated":true}]}}