{"id":57347,"date":"2026-03-04T21:33:22","date_gmt":"2026-03-05T03:33:22","guid":{"rendered":"https:\/\/elinformativotam.com\/?p=57347"},"modified":"2026-03-04T21:33:22","modified_gmt":"2026-03-05T03:33:22","slug":"edificios-historicos-deteriorados-en-el-sur-de-tamaulipas-encendieron-alertas-de-proteccion-civil","status":"publish","type":"post","link":"https:\/\/elinformativotam.com\/index.php\/2026\/03\/04\/edificios-historicos-deteriorados-en-el-sur-de-tamaulipas-encendieron-alertas-de-proteccion-civil\/","title":{"rendered":"Edificios Hist\u00f3ricos Deteriorados En El Sur De Tamaulipas Encendieron Alertas De Protecci\u00f3n Civil."},"content":{"rendered":"<p>La presencia de edificios hist\u00f3ricos en avanzado estado de deterioro ha encendido las alertas de las autoridades de Protecci\u00f3n Civil en la zona sur de Tamaulipas, ante el riesgo que podr\u00edan representar para la poblaci\u00f3n.<\/p>\n<p>&nbsp;<\/p>\n<p>El coordinador regional de Protecci\u00f3n Civil en el sur del estado, Rafael Chirinos Aguilar, inform\u00f3 que actualmente se mantienen acciones de vigilancia y prevenci\u00f3n en inmuebles considerados de riesgo, particularmente en sectores donde las estructuras presentan da\u00f1os visibles por el paso del tiempo y la falta de mantenimiento.<\/p>\n<p>&nbsp;<\/p>\n<p>De acuerdo con el funcionario, en el municipio de Ciudad Madero se tienen registrados dos edificios hist\u00f3ricos con deterioro; sin embargo, se\u00f1al\u00f3 que los propietarios ya han tomado acciones para atender la situaci\u00f3n y evitar posibles accidentes.<\/p>\n<p>&nbsp;<\/p>\n<p>En el caso de Altamira, indic\u00f3 que \u00fanicamente se tiene identificado un inmueble en estas condiciones dentro del padr\u00f3n que manejan las autoridades.<\/p>\n<p>&nbsp;<\/p>\n<p>No obstante, explic\u00f3 que la mayor concentraci\u00f3n de edificios hist\u00f3ricos deteriorados se encuentra en la zona de San P\u00edo, donde varias construcciones antiguas presentan afectaciones estructurales que podr\u00edan representar un peligro para peatones y habitantes.<\/p>\n<p>&nbsp;<\/p>\n<p>Chirinos Aguilar detall\u00f3 que actualmente existen entre cinco y siete edificios considerados como \u201cfocos rojos\u201d, los cuales se mantienen bajo monitoreo constante por parte de Protecci\u00f3n Civil municipal y estatal.<\/p>\n<p>&nbsp;<\/p>\n<p>Entre las medidas preventivas implementadas se encuentran el acordonamiento de \u00e1reas cercanas, se\u00f1alizaci\u00f3n y supervisiones peri\u00f3dicas, con el objetivo de reducir riesgos mientras se define la situaci\u00f3n legal o estructural de los inmuebles.<\/p>\n<p>&nbsp;<\/p>\n<p>El coordinador regional explic\u00f3 que en algunos casos las intervenciones se complican debido a procesos legales o a la protecci\u00f3n patrimonial de los edificios hist\u00f3ricos, lo que limita las acciones inmediatas de demolici\u00f3n o modificaci\u00f3n.<\/p>\n<p>&nbsp;<\/p>\n<p>Sin embargo, subray\u00f3 que cuando existe un riesgo inminente para la poblaci\u00f3n, la prioridad siempre ser\u00e1 la seguridad p\u00fablica, por lo que las autoridades pueden actuar para evitar tragedias.<\/p>\n<p>&nbsp;<\/p>\n<p>Protecci\u00f3n Civil reiter\u00f3 el llamado a la ciudadan\u00eda a evitar acercarse a edificios en mal estado y reportar cualquier estructura que represente peligro, especialmente en zonas con construcciones antiguas.<\/p>\n<p>&nbsp;<\/p>\n","protected":false},"excerpt":{"rendered":"<p>La presencia de edificios hist\u00f3ricos en avanzado estado de deterioro ha encendido las alertas de las autoridades de Protecci\u00f3n Civil&hellip;<\/p>\n","protected":false},"author":1,"featured_media":57350,"comment_status":"open","ping_status":"open","sticky":false,"template":"","format":"standard","meta":{"footnotes":""},"categories":[3],"tags":[],"class_list":["post-57347","post","type-post","status-publish","format-standard","has-post-thumbnail","hentry","category-tampico"],"yoast_head":"<!-- This site is optimized with the Yoast SEO plugin v27.5 - https:\/\/yoast.com\/product\/yoast-seo-wordpress\/ -->\n<title>Edificios Hist\u00f3ricos Deteriorados En El Sur De Tamaulipas Encendieron Alertas De Protecci\u00f3n Civil. - EL INFORMATIVO DE TAMAULIPAS<\/title>\n<meta name=\"description\" content=\"La presencia de edificios hist\u00f3ricos en avanzado estado de deterioro ha encendido las alertas de las autoridades de Protecci\u00f3n Civil en la zona sur de\" \/>\n<meta name=\"robots\" content=\"index, follow, max-snippet:-1, max-image-preview:large, max-video-preview:-1\" \/>\n<link rel=\"canonical\" href=\"https:\/\/elinformativotam.com\/index.php\/2026\/03\/04\/edificios-historicos-deteriorados-en-el-sur-de-tamaulipas-encendieron-alertas-de-proteccion-civil\/\" \/>\n<meta property=\"og:locale\" content=\"es_MX\" \/>\n<meta property=\"og:type\" content=\"article\" \/>\n<meta property=\"og:title\" content=\"Edificios Hist\u00f3ricos Deteriorados En El Sur De Tamaulipas Encendieron Alertas De Protecci\u00f3n Civil. - EL INFORMATIVO DE TAMAULIPAS\" \/>\n<meta property=\"og:description\" content=\"La presencia de edificios hist\u00f3ricos en avanzado estado de deterioro ha encendido las alertas de las autoridades de Protecci\u00f3n Civil en la zona sur de\" \/>\n<meta property=\"og:url\" content=\"https:\/\/elinformativotam.com\/index.php\/2026\/03\/04\/edificios-historicos-deteriorados-en-el-sur-de-tamaulipas-encendieron-alertas-de-proteccion-civil\/\" \/>\n<meta property=\"og:site_name\" content=\"EL INFORMATIVO DE TAMAULIPAS\" \/>\n<meta property=\"article:published_time\" content=\"2026-03-05T03:33:22+00:00\" \/>\n<meta property=\"og:image\" content=\"https:\/\/elinformativotam.com\/wp-content\/uploads\/2026\/03\/Edificios.jpg\" \/>\n\t<meta property=\"og:image:width\" content=\"1600\" \/>\n\t<meta property=\"og:image:height\" content=\"1200\" \/>\n\t<meta property=\"og:image:type\" content=\"image\/jpeg\" \/>\n<meta name=\"author\" content=\"El Informativo Tam\" \/>\n<meta name=\"twitter:card\" content=\"summary_large_image\" \/>\n<meta name=\"twitter:label1\" content=\"Escrito por\" \/>\n\t<meta name=\"twitter:data1\" content=\"El Informativo Tam\" \/>\n\t<meta name=\"twitter:label2\" content=\"Tiempo de lectura\" \/>\n\t<meta name=\"twitter:data2\" content=\"1 minuto\" \/>\n<script type=\"application\/ld+json\" class=\"yoast-schema-graph\">{\"@context\":\"https:\\\/\\\/schema.org\",\"@graph\":[{\"@type\":\"Article\",\"@id\":\"https:\\\/\\\/elinformativotam.com\\\/index.php\\\/2026\\\/03\\\/04\\\/edificios-historicos-deteriorados-en-el-sur-de-tamaulipas-encendieron-alertas-de-proteccion-civil\\\/#article\",\"isPartOf\":{\"@id\":\"https:\\\/\\\/elinformativotam.com\\\/index.php\\\/2026\\\/03\\\/04\\\/edificios-historicos-deteriorados-en-el-sur-de-tamaulipas-encendieron-alertas-de-proteccion-civil\\\/\"},\"author\":{\"name\":\"El Informativo Tam\",\"@id\":\"https:\\\/\\\/elinformativotam.com\\\/#\\\/schema\\\/person\\\/78e08040eed0f6110f0c5f83b6153590\"},\"headline\":\"Edificios Hist\u00f3ricos Deteriorados En El Sur De Tamaulipas Encendieron Alertas De Protecci\u00f3n Civil.\",\"datePublished\":\"2026-03-05T03:33:22+00:00\",\"mainEntityOfPage\":{\"@id\":\"https:\\\/\\\/elinformativotam.com\\\/index.php\\\/2026\\\/03\\\/04\\\/edificios-historicos-deteriorados-en-el-sur-de-tamaulipas-encendieron-alertas-de-proteccion-civil\\\/\"},\"wordCount\":387,\"commentCount\":0,\"publisher\":{\"@id\":\"https:\\\/\\\/elinformativotam.com\\\/#organization\"},\"image\":{\"@id\":\"https:\\\/\\\/elinformativotam.com\\\/index.php\\\/2026\\\/03\\\/04\\\/edificios-historicos-deteriorados-en-el-sur-de-tamaulipas-encendieron-alertas-de-proteccion-civil\\\/#primaryimage\"},\"thumbnailUrl\":\"https:\\\/\\\/elinformativotam.com\\\/wp-content\\\/uploads\\\/2026\\\/03\\\/Edificios.jpg\",\"articleSection\":[\"Tampico\"],\"inLanguage\":\"es\",\"potentialAction\":[{\"@type\":\"CommentAction\",\"name\":\"Comment\",\"target\":[\"https:\\\/\\\/elinformativotam.com\\\/index.php\\\/2026\\\/03\\\/04\\\/edificios-historicos-deteriorados-en-el-sur-de-tamaulipas-encendieron-alertas-de-proteccion-civil\\\/#respond\"]}]},{\"@type\":\"WebPage\",\"@id\":\"https:\\\/\\\/elinformativotam.com\\\/index.php\\\/2026\\\/03\\\/04\\\/edificios-historicos-deteriorados-en-el-sur-de-tamaulipas-encendieron-alertas-de-proteccion-civil\\\/\",\"url\":\"https:\\\/\\\/elinformativotam.com\\\/index.php\\\/2026\\\/03\\\/04\\\/edificios-historicos-deteriorados-en-el-sur-de-tamaulipas-encendieron-alertas-de-proteccion-civil\\\/\",\"name\":\"Edificios Hist\u00f3ricos Deteriorados En El Sur De Tamaulipas Encendieron Alertas De Protecci\u00f3n Civil. - EL INFORMATIVO DE TAMAULIPAS\",\"isPartOf\":{\"@id\":\"https:\\\/\\\/elinformativotam.com\\\/#website\"},\"primaryImageOfPage\":{\"@id\":\"https:\\\/\\\/elinformativotam.com\\\/index.php\\\/2026\\\/03\\\/04\\\/edificios-historicos-deteriorados-en-el-sur-de-tamaulipas-encendieron-alertas-de-proteccion-civil\\\/#primaryimage\"},\"image\":{\"@id\":\"https:\\\/\\\/elinformativotam.com\\\/index.php\\\/2026\\\/03\\\/04\\\/edificios-historicos-deteriorados-en-el-sur-de-tamaulipas-encendieron-alertas-de-proteccion-civil\\\/#primaryimage\"},\"thumbnailUrl\":\"https:\\\/\\\/elinformativotam.com\\\/wp-content\\\/uploads\\\/2026\\\/03\\\/Edificios.jpg\",\"datePublished\":\"2026-03-05T03:33:22+00:00\",\"description\":\"La presencia de edificios hist\u00f3ricos en avanzado estado de deterioro ha encendido las alertas de las autoridades de Protecci\u00f3n Civil en la zona sur de\",\"inLanguage\":\"es\",\"potentialAction\":[{\"@type\":\"ReadAction\",\"target\":[\"https:\\\/\\\/elinformativotam.com\\\/index.php\\\/2026\\\/03\\\/04\\\/edificios-historicos-deteriorados-en-el-sur-de-tamaulipas-encendieron-alertas-de-proteccion-civil\\\/\"]}]},{\"@type\":\"ImageObject\",\"inLanguage\":\"es\",\"@id\":\"https:\\\/\\\/elinformativotam.com\\\/index.php\\\/2026\\\/03\\\/04\\\/edificios-historicos-deteriorados-en-el-sur-de-tamaulipas-encendieron-alertas-de-proteccion-civil\\\/#primaryimage\",\"url\":\"https:\\\/\\\/elinformativotam.com\\\/wp-content\\\/uploads\\\/2026\\\/03\\\/Edificios.jpg\",\"contentUrl\":\"https:\\\/\\\/elinformativotam.com\\\/wp-content\\\/uploads\\\/2026\\\/03\\\/Edificios.jpg\",\"width\":1600,\"height\":1200},{\"@type\":\"WebSite\",\"@id\":\"https:\\\/\\\/elinformativotam.com\\\/#website\",\"url\":\"https:\\\/\\\/elinformativotam.com\\\/\",\"name\":\"EL INFORMATIVO DE TAMAULIPAS\",\"description\":\"Desde la Zona Metropolitana Para Todo M\u00e9xico\",\"publisher\":{\"@id\":\"https:\\\/\\\/elinformativotam.com\\\/#organization\"},\"potentialAction\":[{\"@type\":\"SearchAction\",\"target\":{\"@type\":\"EntryPoint\",\"urlTemplate\":\"https:\\\/\\\/elinformativotam.com\\\/?s={search_term_string}\"},\"query-input\":{\"@type\":\"PropertyValueSpecification\",\"valueRequired\":true,\"valueName\":\"search_term_string\"}}],\"inLanguage\":\"es\"},{\"@type\":\"Organization\",\"@id\":\"https:\\\/\\\/elinformativotam.com\\\/#organization\",\"name\":\"EL INFORMATIVO DE TAMAULIPAS\",\"url\":\"https:\\\/\\\/elinformativotam.com\\\/\",\"logo\":{\"@type\":\"ImageObject\",\"inLanguage\":\"es\",\"@id\":\"https:\\\/\\\/elinformativotam.com\\\/#\\\/schema\\\/logo\\\/image\\\/\",\"url\":\"https:\\\/\\\/elinformativotam.com\\\/wp-content\\\/uploads\\\/2026\\\/02\\\/Cabezal.png\",\"contentUrl\":\"https:\\\/\\\/elinformativotam.com\\\/wp-content\\\/uploads\\\/2026\\\/02\\\/Cabezal.png\",\"width\":960,\"height\":640,\"caption\":\"EL INFORMATIVO DE TAMAULIPAS\"},\"image\":{\"@id\":\"https:\\\/\\\/elinformativotam.com\\\/#\\\/schema\\\/logo\\\/image\\\/\"}},{\"@type\":\"Person\",\"@id\":\"https:\\\/\\\/elinformativotam.com\\\/#\\\/schema\\\/person\\\/78e08040eed0f6110f0c5f83b6153590\",\"name\":\"El Informativo Tam\",\"image\":{\"@type\":\"ImageObject\",\"inLanguage\":\"es\",\"@id\":\"https:\\\/\\\/secure.gravatar.com\\\/avatar\\\/f3b7ad3af540688955925ac610647be00b0cf41feea9c4978b73a707ee86bc53?s=96&d=mm&r=g\",\"url\":\"https:\\\/\\\/secure.gravatar.com\\\/avatar\\\/f3b7ad3af540688955925ac610647be00b0cf41feea9c4978b73a707ee86bc53?s=96&d=mm&r=g\",\"contentUrl\":\"https:\\\/\\\/secure.gravatar.com\\\/avatar\\\/f3b7ad3af540688955925ac610647be00b0cf41feea9c4978b73a707ee86bc53?s=96&d=mm&r=g\",\"caption\":\"El Informativo Tam\"}}]}<\/script>\n<!-- \/ Yoast SEO plugin. -->","yoast_head_json":{"title":"Edificios Hist\u00f3ricos Deteriorados En El Sur De Tamaulipas Encendieron Alertas De Protecci\u00f3n Civil. - EL INFORMATIVO DE TAMAULIPAS","description":"La presencia de edificios hist\u00f3ricos en avanzado estado de deterioro ha encendido las alertas de las autoridades de Protecci\u00f3n Civil en la zona sur de","robots":{"index":"index","follow":"follow","max-snippet":"max-snippet:-1","max-image-preview":"max-image-preview:large","max-video-preview":"max-video-preview:-1"},"canonical":"https:\/\/elinformativotam.com\/index.php\/2026\/03\/04\/edificios-historicos-deteriorados-en-el-sur-de-tamaulipas-encendieron-alertas-de-proteccion-civil\/","og_locale":"es_MX","og_type":"article","og_title":"Edificios Hist\u00f3ricos Deteriorados En El Sur De Tamaulipas Encendieron Alertas De Protecci\u00f3n Civil. - EL INFORMATIVO DE TAMAULIPAS","og_description":"La presencia de edificios hist\u00f3ricos en avanzado estado de deterioro ha encendido las alertas de las autoridades de Protecci\u00f3n Civil en la zona sur de","og_url":"https:\/\/elinformativotam.com\/index.php\/2026\/03\/04\/edificios-historicos-deteriorados-en-el-sur-de-tamaulipas-encendieron-alertas-de-proteccion-civil\/","og_site_name":"EL INFORMATIVO DE TAMAULIPAS","article_published_time":"2026-03-05T03:33:22+00:00","og_image":[{"width":1600,"height":1200,"url":"https:\/\/elinformativotam.com\/wp-content\/uploads\/2026\/03\/Edificios.jpg","type":"image\/jpeg"}],"author":"El Informativo Tam","twitter_card":"summary_large_image","twitter_misc":{"Escrito por":"El Informativo Tam","Tiempo de lectura":"1 minuto"},"schema":{"@context":"https:\/\/schema.org","@graph":[{"@type":"Article","@id":"https:\/\/elinformativotam.com\/index.php\/2026\/03\/04\/edificios-historicos-deteriorados-en-el-sur-de-tamaulipas-encendieron-alertas-de-proteccion-civil\/#article","isPartOf":{"@id":"https:\/\/elinformativotam.com\/index.php\/2026\/03\/04\/edificios-historicos-deteriorados-en-el-sur-de-tamaulipas-encendieron-alertas-de-proteccion-civil\/"},"author":{"name":"El Informativo Tam","@id":"https:\/\/elinformativotam.com\/#\/schema\/person\/78e08040eed0f6110f0c5f83b6153590"},"headline":"Edificios Hist\u00f3ricos Deteriorados En El Sur De Tamaulipas Encendieron Alertas De Protecci\u00f3n Civil.","datePublished":"2026-03-05T03:33:22+00:00","mainEntityOfPage":{"@id":"https:\/\/elinformativotam.com\/index.php\/2026\/03\/04\/edificios-historicos-deteriorados-en-el-sur-de-tamaulipas-encendieron-alertas-de-proteccion-civil\/"},"wordCount":387,"commentCount":0,"publisher":{"@id":"https:\/\/elinformativotam.com\/#organization"},"image":{"@id":"https:\/\/elinformativotam.com\/index.php\/2026\/03\/04\/edificios-historicos-deteriorados-en-el-sur-de-tamaulipas-encendieron-alertas-de-proteccion-civil\/#primaryimage"},"thumbnailUrl":"https:\/\/elinformativotam.com\/wp-content\/uploads\/2026\/03\/Edificios.jpg","articleSection":["Tampico"],"inLanguage":"es","potentialAction":[{"@type":"CommentAction","name":"Comment","target":["https:\/\/elinformativotam.com\/index.php\/2026\/03\/04\/edificios-historicos-deteriorados-en-el-sur-de-tamaulipas-encendieron-alertas-de-proteccion-civil\/#respond"]}]},{"@type":"WebPage","@id":"https:\/\/elinformativotam.com\/index.php\/2026\/03\/04\/edificios-historicos-deteriorados-en-el-sur-de-tamaulipas-encendieron-alertas-de-proteccion-civil\/","url":"https:\/\/elinformativotam.com\/index.php\/2026\/03\/04\/edificios-historicos-deteriorados-en-el-sur-de-tamaulipas-encendieron-alertas-de-proteccion-civil\/","name":"Edificios Hist\u00f3ricos Deteriorados En El Sur De Tamaulipas Encendieron Alertas De Protecci\u00f3n Civil. - EL INFORMATIVO DE TAMAULIPAS","isPartOf":{"@id":"https:\/\/elinformativotam.com\/#website"},"primaryImageOfPage":{"@id":"https:\/\/elinformativotam.com\/index.php\/2026\/03\/04\/edificios-historicos-deteriorados-en-el-sur-de-tamaulipas-encendieron-alertas-de-proteccion-civil\/#primaryimage"},"image":{"@id":"https:\/\/elinformativotam.com\/index.php\/2026\/03\/04\/edificios-historicos-deteriorados-en-el-sur-de-tamaulipas-encendieron-alertas-de-proteccion-civil\/#primaryimage"},"thumbnailUrl":"https:\/\/elinformativotam.com\/wp-content\/uploads\/2026\/03\/Edificios.jpg","datePublished":"2026-03-05T03:33:22+00:00","description":"La presencia de edificios hist\u00f3ricos en avanzado estado de deterioro ha encendido las alertas de las autoridades de Protecci\u00f3n Civil en la zona sur de","inLanguage":"es","potentialAction":[{"@type":"ReadAction","target":["https:\/\/elinformativotam.com\/index.php\/2026\/03\/04\/edificios-historicos-deteriorados-en-el-sur-de-tamaulipas-encendieron-alertas-de-proteccion-civil\/"]}]},{"@type":"ImageObject","inLanguage":"es","@id":"https:\/\/elinformativotam.com\/index.php\/2026\/03\/04\/edificios-historicos-deteriorados-en-el-sur-de-tamaulipas-encendieron-alertas-de-proteccion-civil\/#primaryimage","url":"https:\/\/elinformativotam.com\/wp-content\/uploads\/2026\/03\/Edificios.jpg","contentUrl":"https:\/\/elinformativotam.com\/wp-content\/uploads\/2026\/03\/Edificios.jpg","width":1600,"height":1200},{"@type":"WebSite","@id":"https:\/\/elinformativotam.com\/#website","url":"https:\/\/elinformativotam.com\/","name":"EL INFORMATIVO DE TAMAULIPAS","description":"Desde la Zona Metropolitana Para Todo M\u00e9xico","publisher":{"@id":"https:\/\/elinformativotam.com\/#organization"},"potentialAction":[{"@type":"SearchAction","target":{"@type":"EntryPoint","urlTemplate":"https:\/\/elinformativotam.com\/?s={search_term_string}"},"query-input":{"@type":"PropertyValueSpecification","valueRequired":true,"valueName":"search_term_string"}}],"inLanguage":"es"},{"@type":"Organization","@id":"https:\/\/elinformativotam.com\/#organization","name":"EL INFORMATIVO DE TAMAULIPAS","url":"https:\/\/elinformativotam.com\/","logo":{"@type":"ImageObject","inLanguage":"es","@id":"https:\/\/elinformativotam.com\/#\/schema\/logo\/image\/","url":"https:\/\/elinformativotam.com\/wp-content\/uploads\/2026\/02\/Cabezal.png","contentUrl":"https:\/\/elinformativotam.com\/wp-content\/uploads\/2026\/02\/Cabezal.png","width":960,"height":640,"caption":"EL INFORMATIVO DE TAMAULIPAS"},"image":{"@id":"https:\/\/elinformativotam.com\/#\/schema\/logo\/image\/"}},{"@type":"Person","@id":"https:\/\/elinformativotam.com\/#\/schema\/person\/78e08040eed0f6110f0c5f83b6153590","name":"El Informativo Tam","image":{"@type":"ImageObject","inLanguage":"es","@id":"https:\/\/secure.gravatar.com\/avatar\/f3b7ad3af540688955925ac610647be00b0cf41feea9c4978b73a707ee86bc53?s=96&d=mm&r=g","url":"https:\/\/secure.gravatar.com\/avatar\/f3b7ad3af540688955925ac610647be00b0cf41feea9c4978b73a707ee86bc53?s=96&d=mm&r=g","contentUrl":"https:\/\/secure.gravatar.com\/avatar\/f3b7ad3af540688955925ac610647be00b0cf41feea9c4978b73a707ee86bc53?s=96&d=mm&r=g","caption":"El Informativo Tam"}}]}},"_links":{"self":[{"href":"https:\/\/elinformativotam.com\/index.php\/wp-json\/wp\/v2\/posts\/57347","targetHints":{"allow":["GET"]}}],"collection":[{"href":"https:\/\/elinformativotam.com\/index.php\/wp-json\/wp\/v2\/posts"}],"about":[{"href":"https:\/\/elinformativotam.com\/index.php\/wp-json\/wp\/v2\/types\/post"}],"author":[{"embeddable":true,"href":"https:\/\/elinformativotam.com\/index.php\/wp-json\/wp\/v2\/users\/1"}],"replies":[{"embeddable":true,"href":"https:\/\/elinformativotam.com\/index.php\/wp-json\/wp\/v2\/comments?post=57347"}],"version-history":[{"count":1,"href":"https:\/\/elinformativotam.com\/index.php\/wp-json\/wp\/v2\/posts\/57347\/revisions"}],"predecessor-version":[{"id":57351,"href":"https:\/\/elinformativotam.com\/index.php\/wp-json\/wp\/v2\/posts\/57347\/revisions\/57351"}],"wp:featuredmedia":[{"embeddable":true,"href":"https:\/\/elinformativotam.com\/index.php\/wp-json\/wp\/v2\/media\/57350"}],"wp:attachment":[{"href":"https:\/\/elinformativotam.com\/index.php\/wp-json\/wp\/v2\/media?parent=57347"}],"wp:term":[{"taxonomy":"category","embeddable":true,"href":"https:\/\/elinformativotam.com\/index.php\/wp-json\/wp\/v2\/categories?post=57347"},{"taxonomy":"post_tag","embeddable":true,"href":"https:\/\/elinformativotam.com\/index.php\/wp-json\/wp\/v2\/tags?post=57347"}],"curies":[{"name":"wp","href":"https:\/\/api.w.org\/{rel}","templated":true}]}}