{"id":57341,"date":"2026-03-04T20:38:35","date_gmt":"2026-03-05T02:38:35","guid":{"rendered":"https:\/\/elinformativotam.com\/?p=57341"},"modified":"2026-03-04T20:38:35","modified_gmt":"2026-03-05T02:38:35","slug":"prohiben-trabajo-de-menores-en-ventas-durante-semana-santa-en-playa-miramar","status":"publish","type":"post","link":"https:\/\/elinformativotam.com\/index.php\/2026\/03\/04\/prohiben-trabajo-de-menores-en-ventas-durante-semana-santa-en-playa-miramar\/","title":{"rendered":"Proh\u00edben Trabajo De Menores En Ventas Durante Semana Santa En Playa Miramar"},"content":{"rendered":"<p>Durante el pr\u00f3ximo periodo vacacional de Semana Santa, las autoridades de Ciudad Madero no permitir\u00e1n que menores de edad participen en la venta de productos o servicios en Playa Miramar, como parte de las medidas para regular la actividad comercial en la zona tur\u00edstica.<\/p>\n<p>&nbsp;<\/p>\n<p>La directora de Ingresos del municipio, Roc\u00edo de Leija Pimienta, inform\u00f3 que esta disposici\u00f3n ser\u00e1 aplicada a todos los comerciantes que operen durante la temporada vacacional, por lo que no se otorgar\u00e1n permisos para que ni\u00f1os o adolescentes realicen labores de venta.<\/p>\n<p>&nbsp;<\/p>\n<p>Explic\u00f3 que los vendedores que incumplan con esta medida podr\u00edan enfrentar sanciones que van desde el retiro inmediato del menor de la actividad hasta la cancelaci\u00f3n del permiso otorgado para trabajar en el m\u00e1ximo paseo tur\u00edstico.<\/p>\n<p>&nbsp;<\/p>\n<p>La funcionaria se\u00f1al\u00f3 que el objetivo es proteger a los menores y garantizar que las actividades comerciales se desarrollen dentro de un marco regulado durante uno de los periodos de mayor afluencia tur\u00edstica.<\/p>\n<p>&nbsp;<\/p>\n<p>Finalmente, indic\u00f3 que para esta temporada vacacional se contempla la entrega de alrededor de 400 permisos a comerciantes que deseen ofrecer productos o servicios en Playa Miramar, siempre y cuando cumplan con las disposiciones establecidas por el municipio.<\/p>\n<p>&nbsp;<\/p>\n<p>&nbsp;<\/p>\n","protected":false},"excerpt":{"rendered":"<p>Durante el pr\u00f3ximo periodo vacacional de Semana Santa, las autoridades de Ciudad Madero no permitir\u00e1n que menores de edad participen&hellip;<\/p>\n","protected":false},"author":1,"featured_media":57339,"comment_status":"open","ping_status":"open","sticky":false,"template":"","format":"standard","meta":{"footnotes":""},"categories":[4],"tags":[],"class_list":["post-57341","post","type-post","status-publish","format-standard","has-post-thumbnail","hentry","category-madero"],"yoast_head":"<!-- This site is optimized with the Yoast SEO plugin v27.5 - https:\/\/yoast.com\/product\/yoast-seo-wordpress\/ -->\n<title>Proh\u00edben Trabajo De Menores En Ventas Durante Semana Santa En Playa Miramar - EL INFORMATIVO DE TAMAULIPAS<\/title>\n<meta name=\"description\" content=\"Durante el pr\u00f3ximo periodo vacacional de Semana Santa, las autoridades de Ciudad Madero no permitir\u00e1n que menores de edad participen en la venta de\" \/>\n<meta name=\"robots\" content=\"index, follow, max-snippet:-1, max-image-preview:large, max-video-preview:-1\" \/>\n<link rel=\"canonical\" href=\"https:\/\/elinformativotam.com\/index.php\/2026\/03\/04\/prohiben-trabajo-de-menores-en-ventas-durante-semana-santa-en-playa-miramar\/\" \/>\n<meta property=\"og:locale\" content=\"es_MX\" \/>\n<meta property=\"og:type\" content=\"article\" \/>\n<meta property=\"og:title\" content=\"Proh\u00edben Trabajo De Menores En Ventas Durante Semana Santa En Playa Miramar - EL INFORMATIVO DE TAMAULIPAS\" \/>\n<meta property=\"og:description\" content=\"Durante el pr\u00f3ximo periodo vacacional de Semana Santa, las autoridades de Ciudad Madero no permitir\u00e1n que menores de edad participen en la venta de\" \/>\n<meta property=\"og:url\" content=\"https:\/\/elinformativotam.com\/index.php\/2026\/03\/04\/prohiben-trabajo-de-menores-en-ventas-durante-semana-santa-en-playa-miramar\/\" \/>\n<meta property=\"og:site_name\" content=\"EL INFORMATIVO DE TAMAULIPAS\" \/>\n<meta property=\"article:published_time\" content=\"2026-03-05T02:38:35+00:00\" \/>\n<meta property=\"og:image\" content=\"https:\/\/elinformativotam.com\/wp-content\/uploads\/2026\/03\/Vendedores.jpg\" \/>\n\t<meta property=\"og:image:width\" content=\"1200\" \/>\n\t<meta property=\"og:image:height\" content=\"747\" \/>\n\t<meta property=\"og:image:type\" content=\"image\/jpeg\" \/>\n<meta name=\"author\" content=\"El Informativo Tam\" \/>\n<meta name=\"twitter:card\" content=\"summary_large_image\" \/>\n<meta name=\"twitter:label1\" content=\"Escrito por\" \/>\n\t<meta name=\"twitter:data1\" content=\"El Informativo Tam\" \/>\n\t<meta name=\"twitter:label2\" content=\"Tiempo de lectura\" \/>\n\t<meta name=\"twitter:data2\" content=\"2 minutos\" \/>\n<script type=\"application\/ld+json\" class=\"yoast-schema-graph\">{\"@context\":\"https:\\\/\\\/schema.org\",\"@graph\":[{\"@type\":\"Article\",\"@id\":\"https:\\\/\\\/elinformativotam.com\\\/index.php\\\/2026\\\/03\\\/04\\\/prohiben-trabajo-de-menores-en-ventas-durante-semana-santa-en-playa-miramar\\\/#article\",\"isPartOf\":{\"@id\":\"https:\\\/\\\/elinformativotam.com\\\/index.php\\\/2026\\\/03\\\/04\\\/prohiben-trabajo-de-menores-en-ventas-durante-semana-santa-en-playa-miramar\\\/\"},\"author\":{\"name\":\"El Informativo Tam\",\"@id\":\"https:\\\/\\\/elinformativotam.com\\\/#\\\/schema\\\/person\\\/78e08040eed0f6110f0c5f83b6153590\"},\"headline\":\"Proh\u00edben Trabajo De Menores En Ventas Durante Semana Santa En Playa Miramar\",\"datePublished\":\"2026-03-05T02:38:35+00:00\",\"mainEntityOfPage\":{\"@id\":\"https:\\\/\\\/elinformativotam.com\\\/index.php\\\/2026\\\/03\\\/04\\\/prohiben-trabajo-de-menores-en-ventas-durante-semana-santa-en-playa-miramar\\\/\"},\"wordCount\":224,\"commentCount\":0,\"publisher\":{\"@id\":\"https:\\\/\\\/elinformativotam.com\\\/#organization\"},\"image\":{\"@id\":\"https:\\\/\\\/elinformativotam.com\\\/index.php\\\/2026\\\/03\\\/04\\\/prohiben-trabajo-de-menores-en-ventas-durante-semana-santa-en-playa-miramar\\\/#primaryimage\"},\"thumbnailUrl\":\"https:\\\/\\\/elinformativotam.com\\\/wp-content\\\/uploads\\\/2026\\\/03\\\/Vendedores.jpg\",\"articleSection\":[\"Cd Madero\"],\"inLanguage\":\"es\",\"potentialAction\":[{\"@type\":\"CommentAction\",\"name\":\"Comment\",\"target\":[\"https:\\\/\\\/elinformativotam.com\\\/index.php\\\/2026\\\/03\\\/04\\\/prohiben-trabajo-de-menores-en-ventas-durante-semana-santa-en-playa-miramar\\\/#respond\"]}]},{\"@type\":\"WebPage\",\"@id\":\"https:\\\/\\\/elinformativotam.com\\\/index.php\\\/2026\\\/03\\\/04\\\/prohiben-trabajo-de-menores-en-ventas-durante-semana-santa-en-playa-miramar\\\/\",\"url\":\"https:\\\/\\\/elinformativotam.com\\\/index.php\\\/2026\\\/03\\\/04\\\/prohiben-trabajo-de-menores-en-ventas-durante-semana-santa-en-playa-miramar\\\/\",\"name\":\"Proh\u00edben Trabajo De Menores En Ventas Durante Semana Santa En Playa Miramar - EL INFORMATIVO DE TAMAULIPAS\",\"isPartOf\":{\"@id\":\"https:\\\/\\\/elinformativotam.com\\\/#website\"},\"primaryImageOfPage\":{\"@id\":\"https:\\\/\\\/elinformativotam.com\\\/index.php\\\/2026\\\/03\\\/04\\\/prohiben-trabajo-de-menores-en-ventas-durante-semana-santa-en-playa-miramar\\\/#primaryimage\"},\"image\":{\"@id\":\"https:\\\/\\\/elinformativotam.com\\\/index.php\\\/2026\\\/03\\\/04\\\/prohiben-trabajo-de-menores-en-ventas-durante-semana-santa-en-playa-miramar\\\/#primaryimage\"},\"thumbnailUrl\":\"https:\\\/\\\/elinformativotam.com\\\/wp-content\\\/uploads\\\/2026\\\/03\\\/Vendedores.jpg\",\"datePublished\":\"2026-03-05T02:38:35+00:00\",\"description\":\"Durante el pr\u00f3ximo periodo vacacional de Semana Santa, las autoridades de Ciudad Madero no permitir\u00e1n que menores de edad participen en la venta de\",\"inLanguage\":\"es\",\"potentialAction\":[{\"@type\":\"ReadAction\",\"target\":[\"https:\\\/\\\/elinformativotam.com\\\/index.php\\\/2026\\\/03\\\/04\\\/prohiben-trabajo-de-menores-en-ventas-durante-semana-santa-en-playa-miramar\\\/\"]}]},{\"@type\":\"ImageObject\",\"inLanguage\":\"es\",\"@id\":\"https:\\\/\\\/elinformativotam.com\\\/index.php\\\/2026\\\/03\\\/04\\\/prohiben-trabajo-de-menores-en-ventas-durante-semana-santa-en-playa-miramar\\\/#primaryimage\",\"url\":\"https:\\\/\\\/elinformativotam.com\\\/wp-content\\\/uploads\\\/2026\\\/03\\\/Vendedores.jpg\",\"contentUrl\":\"https:\\\/\\\/elinformativotam.com\\\/wp-content\\\/uploads\\\/2026\\\/03\\\/Vendedores.jpg\",\"width\":1200,\"height\":747},{\"@type\":\"WebSite\",\"@id\":\"https:\\\/\\\/elinformativotam.com\\\/#website\",\"url\":\"https:\\\/\\\/elinformativotam.com\\\/\",\"name\":\"EL INFORMATIVO DE TAMAULIPAS\",\"description\":\"Desde la Zona Metropolitana Para Todo M\u00e9xico\",\"publisher\":{\"@id\":\"https:\\\/\\\/elinformativotam.com\\\/#organization\"},\"potentialAction\":[{\"@type\":\"SearchAction\",\"target\":{\"@type\":\"EntryPoint\",\"urlTemplate\":\"https:\\\/\\\/elinformativotam.com\\\/?s={search_term_string}\"},\"query-input\":{\"@type\":\"PropertyValueSpecification\",\"valueRequired\":true,\"valueName\":\"search_term_string\"}}],\"inLanguage\":\"es\"},{\"@type\":\"Organization\",\"@id\":\"https:\\\/\\\/elinformativotam.com\\\/#organization\",\"name\":\"EL INFORMATIVO DE TAMAULIPAS\",\"url\":\"https:\\\/\\\/elinformativotam.com\\\/\",\"logo\":{\"@type\":\"ImageObject\",\"inLanguage\":\"es\",\"@id\":\"https:\\\/\\\/elinformativotam.com\\\/#\\\/schema\\\/logo\\\/image\\\/\",\"url\":\"https:\\\/\\\/elinformativotam.com\\\/wp-content\\\/uploads\\\/2026\\\/02\\\/Cabezal.png\",\"contentUrl\":\"https:\\\/\\\/elinformativotam.com\\\/wp-content\\\/uploads\\\/2026\\\/02\\\/Cabezal.png\",\"width\":960,\"height\":640,\"caption\":\"EL INFORMATIVO DE TAMAULIPAS\"},\"image\":{\"@id\":\"https:\\\/\\\/elinformativotam.com\\\/#\\\/schema\\\/logo\\\/image\\\/\"}},{\"@type\":\"Person\",\"@id\":\"https:\\\/\\\/elinformativotam.com\\\/#\\\/schema\\\/person\\\/78e08040eed0f6110f0c5f83b6153590\",\"name\":\"El Informativo Tam\",\"image\":{\"@type\":\"ImageObject\",\"inLanguage\":\"es\",\"@id\":\"https:\\\/\\\/secure.gravatar.com\\\/avatar\\\/f3b7ad3af540688955925ac610647be00b0cf41feea9c4978b73a707ee86bc53?s=96&d=mm&r=g\",\"url\":\"https:\\\/\\\/secure.gravatar.com\\\/avatar\\\/f3b7ad3af540688955925ac610647be00b0cf41feea9c4978b73a707ee86bc53?s=96&d=mm&r=g\",\"contentUrl\":\"https:\\\/\\\/secure.gravatar.com\\\/avatar\\\/f3b7ad3af540688955925ac610647be00b0cf41feea9c4978b73a707ee86bc53?s=96&d=mm&r=g\",\"caption\":\"El Informativo Tam\"}}]}<\/script>\n<!-- \/ Yoast SEO plugin. -->","yoast_head_json":{"title":"Proh\u00edben Trabajo De Menores En Ventas Durante Semana Santa En Playa Miramar - EL INFORMATIVO DE TAMAULIPAS","description":"Durante el pr\u00f3ximo periodo vacacional de Semana Santa, las autoridades de Ciudad Madero no permitir\u00e1n que menores de edad participen en la venta de","robots":{"index":"index","follow":"follow","max-snippet":"max-snippet:-1","max-image-preview":"max-image-preview:large","max-video-preview":"max-video-preview:-1"},"canonical":"https:\/\/elinformativotam.com\/index.php\/2026\/03\/04\/prohiben-trabajo-de-menores-en-ventas-durante-semana-santa-en-playa-miramar\/","og_locale":"es_MX","og_type":"article","og_title":"Proh\u00edben Trabajo De Menores En Ventas Durante Semana Santa En Playa Miramar - EL INFORMATIVO DE TAMAULIPAS","og_description":"Durante el pr\u00f3ximo periodo vacacional de Semana Santa, las autoridades de Ciudad Madero no permitir\u00e1n que menores de edad participen en la venta de","og_url":"https:\/\/elinformativotam.com\/index.php\/2026\/03\/04\/prohiben-trabajo-de-menores-en-ventas-durante-semana-santa-en-playa-miramar\/","og_site_name":"EL INFORMATIVO DE TAMAULIPAS","article_published_time":"2026-03-05T02:38:35+00:00","og_image":[{"width":1200,"height":747,"url":"https:\/\/elinformativotam.com\/wp-content\/uploads\/2026\/03\/Vendedores.jpg","type":"image\/jpeg"}],"author":"El Informativo Tam","twitter_card":"summary_large_image","twitter_misc":{"Escrito por":"El Informativo Tam","Tiempo de lectura":"2 minutos"},"schema":{"@context":"https:\/\/schema.org","@graph":[{"@type":"Article","@id":"https:\/\/elinformativotam.com\/index.php\/2026\/03\/04\/prohiben-trabajo-de-menores-en-ventas-durante-semana-santa-en-playa-miramar\/#article","isPartOf":{"@id":"https:\/\/elinformativotam.com\/index.php\/2026\/03\/04\/prohiben-trabajo-de-menores-en-ventas-durante-semana-santa-en-playa-miramar\/"},"author":{"name":"El Informativo Tam","@id":"https:\/\/elinformativotam.com\/#\/schema\/person\/78e08040eed0f6110f0c5f83b6153590"},"headline":"Proh\u00edben Trabajo De Menores En Ventas Durante Semana Santa En Playa Miramar","datePublished":"2026-03-05T02:38:35+00:00","mainEntityOfPage":{"@id":"https:\/\/elinformativotam.com\/index.php\/2026\/03\/04\/prohiben-trabajo-de-menores-en-ventas-durante-semana-santa-en-playa-miramar\/"},"wordCount":224,"commentCount":0,"publisher":{"@id":"https:\/\/elinformativotam.com\/#organization"},"image":{"@id":"https:\/\/elinformativotam.com\/index.php\/2026\/03\/04\/prohiben-trabajo-de-menores-en-ventas-durante-semana-santa-en-playa-miramar\/#primaryimage"},"thumbnailUrl":"https:\/\/elinformativotam.com\/wp-content\/uploads\/2026\/03\/Vendedores.jpg","articleSection":["Cd Madero"],"inLanguage":"es","potentialAction":[{"@type":"CommentAction","name":"Comment","target":["https:\/\/elinformativotam.com\/index.php\/2026\/03\/04\/prohiben-trabajo-de-menores-en-ventas-durante-semana-santa-en-playa-miramar\/#respond"]}]},{"@type":"WebPage","@id":"https:\/\/elinformativotam.com\/index.php\/2026\/03\/04\/prohiben-trabajo-de-menores-en-ventas-durante-semana-santa-en-playa-miramar\/","url":"https:\/\/elinformativotam.com\/index.php\/2026\/03\/04\/prohiben-trabajo-de-menores-en-ventas-durante-semana-santa-en-playa-miramar\/","name":"Proh\u00edben Trabajo De Menores En Ventas Durante Semana Santa En Playa Miramar - EL INFORMATIVO DE TAMAULIPAS","isPartOf":{"@id":"https:\/\/elinformativotam.com\/#website"},"primaryImageOfPage":{"@id":"https:\/\/elinformativotam.com\/index.php\/2026\/03\/04\/prohiben-trabajo-de-menores-en-ventas-durante-semana-santa-en-playa-miramar\/#primaryimage"},"image":{"@id":"https:\/\/elinformativotam.com\/index.php\/2026\/03\/04\/prohiben-trabajo-de-menores-en-ventas-durante-semana-santa-en-playa-miramar\/#primaryimage"},"thumbnailUrl":"https:\/\/elinformativotam.com\/wp-content\/uploads\/2026\/03\/Vendedores.jpg","datePublished":"2026-03-05T02:38:35+00:00","description":"Durante el pr\u00f3ximo periodo vacacional de Semana Santa, las autoridades de Ciudad Madero no permitir\u00e1n que menores de edad participen en la venta de","inLanguage":"es","potentialAction":[{"@type":"ReadAction","target":["https:\/\/elinformativotam.com\/index.php\/2026\/03\/04\/prohiben-trabajo-de-menores-en-ventas-durante-semana-santa-en-playa-miramar\/"]}]},{"@type":"ImageObject","inLanguage":"es","@id":"https:\/\/elinformativotam.com\/index.php\/2026\/03\/04\/prohiben-trabajo-de-menores-en-ventas-durante-semana-santa-en-playa-miramar\/#primaryimage","url":"https:\/\/elinformativotam.com\/wp-content\/uploads\/2026\/03\/Vendedores.jpg","contentUrl":"https:\/\/elinformativotam.com\/wp-content\/uploads\/2026\/03\/Vendedores.jpg","width":1200,"height":747},{"@type":"WebSite","@id":"https:\/\/elinformativotam.com\/#website","url":"https:\/\/elinformativotam.com\/","name":"EL INFORMATIVO DE TAMAULIPAS","description":"Desde la Zona Metropolitana Para Todo M\u00e9xico","publisher":{"@id":"https:\/\/elinformativotam.com\/#organization"},"potentialAction":[{"@type":"SearchAction","target":{"@type":"EntryPoint","urlTemplate":"https:\/\/elinformativotam.com\/?s={search_term_string}"},"query-input":{"@type":"PropertyValueSpecification","valueRequired":true,"valueName":"search_term_string"}}],"inLanguage":"es"},{"@type":"Organization","@id":"https:\/\/elinformativotam.com\/#organization","name":"EL INFORMATIVO DE TAMAULIPAS","url":"https:\/\/elinformativotam.com\/","logo":{"@type":"ImageObject","inLanguage":"es","@id":"https:\/\/elinformativotam.com\/#\/schema\/logo\/image\/","url":"https:\/\/elinformativotam.com\/wp-content\/uploads\/2026\/02\/Cabezal.png","contentUrl":"https:\/\/elinformativotam.com\/wp-content\/uploads\/2026\/02\/Cabezal.png","width":960,"height":640,"caption":"EL INFORMATIVO DE TAMAULIPAS"},"image":{"@id":"https:\/\/elinformativotam.com\/#\/schema\/logo\/image\/"}},{"@type":"Person","@id":"https:\/\/elinformativotam.com\/#\/schema\/person\/78e08040eed0f6110f0c5f83b6153590","name":"El Informativo Tam","image":{"@type":"ImageObject","inLanguage":"es","@id":"https:\/\/secure.gravatar.com\/avatar\/f3b7ad3af540688955925ac610647be00b0cf41feea9c4978b73a707ee86bc53?s=96&d=mm&r=g","url":"https:\/\/secure.gravatar.com\/avatar\/f3b7ad3af540688955925ac610647be00b0cf41feea9c4978b73a707ee86bc53?s=96&d=mm&r=g","contentUrl":"https:\/\/secure.gravatar.com\/avatar\/f3b7ad3af540688955925ac610647be00b0cf41feea9c4978b73a707ee86bc53?s=96&d=mm&r=g","caption":"El Informativo Tam"}}]}},"_links":{"self":[{"href":"https:\/\/elinformativotam.com\/index.php\/wp-json\/wp\/v2\/posts\/57341","targetHints":{"allow":["GET"]}}],"collection":[{"href":"https:\/\/elinformativotam.com\/index.php\/wp-json\/wp\/v2\/posts"}],"about":[{"href":"https:\/\/elinformativotam.com\/index.php\/wp-json\/wp\/v2\/types\/post"}],"author":[{"embeddable":true,"href":"https:\/\/elinformativotam.com\/index.php\/wp-json\/wp\/v2\/users\/1"}],"replies":[{"embeddable":true,"href":"https:\/\/elinformativotam.com\/index.php\/wp-json\/wp\/v2\/comments?post=57341"}],"version-history":[{"count":1,"href":"https:\/\/elinformativotam.com\/index.php\/wp-json\/wp\/v2\/posts\/57341\/revisions"}],"predecessor-version":[{"id":57342,"href":"https:\/\/elinformativotam.com\/index.php\/wp-json\/wp\/v2\/posts\/57341\/revisions\/57342"}],"wp:featuredmedia":[{"embeddable":true,"href":"https:\/\/elinformativotam.com\/index.php\/wp-json\/wp\/v2\/media\/57339"}],"wp:attachment":[{"href":"https:\/\/elinformativotam.com\/index.php\/wp-json\/wp\/v2\/media?parent=57341"}],"wp:term":[{"taxonomy":"category","embeddable":true,"href":"https:\/\/elinformativotam.com\/index.php\/wp-json\/wp\/v2\/categories?post=57341"},{"taxonomy":"post_tag","embeddable":true,"href":"https:\/\/elinformativotam.com\/index.php\/wp-json\/wp\/v2\/tags?post=57341"}],"curies":[{"name":"wp","href":"https:\/\/api.w.org\/{rel}","templated":true}]}}