{"id":57337,"date":"2026-03-04T20:37:50","date_gmt":"2026-03-05T02:37:50","guid":{"rendered":"https:\/\/elinformativotam.com\/?p=57337"},"modified":"2026-03-04T20:37:50","modified_gmt":"2026-03-05T02:37:50","slug":"establecen-zona-de-exclusion-maritima-frente-a-tampico-por-operaciones-de-buque-cientifico","status":"publish","type":"post","link":"https:\/\/elinformativotam.com\/index.php\/2026\/03\/04\/establecen-zona-de-exclusion-maritima-frente-a-tampico-por-operaciones-de-buque-cientifico\/","title":{"rendered":"Establecen Zona De Exclusi\u00f3n Mar\u00edtima Frente A Tampico Por Operaciones De Buque Cient\u00edfico."},"content":{"rendered":"<p>La Secretar\u00eda de Marina inform\u00f3 que del 3 al 8 de marzo estar\u00e1 operando frente al puerto de Tampico el buque de investigaci\u00f3n \u201cGEO SOVEREIGN\u201d, el cual realizar\u00e1 estudios geof\u00edsicos y geot\u00e9cnicos en aguas del Golfo de M\u00e9xico.<\/p>\n<p>&nbsp;<\/p>\n<p>De acuerdo con la informaci\u00f3n emitida a trav\u00e9s de la Capitan\u00eda de Puerto Regional, estas labores cient\u00edficas se llevar\u00e1n a cabo de manera continua durante las 24 horas del d\u00eda, como parte de trabajos especializados en la zona mar\u00edtima cercana al puerto.<\/p>\n<p>&nbsp;<\/p>\n<p>Ante esta actividad, se public\u00f3 el Aviso a los Marinos 030\/2026, en el que se establece una zona de exclusi\u00f3n de tres millas n\u00e1uticas alrededor del \u00e1rea donde estar\u00e1 operando la embarcaci\u00f3n de investigaci\u00f3n, con el objetivo de garantizar la seguridad de la navegaci\u00f3n.<\/p>\n<p>&nbsp;<\/p>\n<p>Las autoridades mar\u00edtimas exhortaron a pescadores, embarcaciones menores y a la comunidad n\u00e1utica en general a mantenerse atentos a los avisos emitidos por la Capitan\u00eda de Puerto y a monitorear el canal de comunicaci\u00f3n VHF, adem\u00e1s de extremar precauciones al navegar en las inmediaciones del \u00e1rea se\u00f1alada.<\/p>\n<p>&nbsp;<\/p>\n<p>Finalmente, se indic\u00f3 que estas medidas buscan prevenir incidentes y permitir que las investigaciones cient\u00edficas se desarrollen de forma segura durante el periodo establecido.<\/p>\n<p>&nbsp;<\/p>\n","protected":false},"excerpt":{"rendered":"<p>La Secretar\u00eda de Marina inform\u00f3 que del 3 al 8 de marzo estar\u00e1 operando frente al puerto de Tampico el&hellip;<\/p>\n","protected":false},"author":1,"featured_media":57338,"comment_status":"open","ping_status":"open","sticky":false,"template":"","format":"standard","meta":{"footnotes":""},"categories":[3],"tags":[],"class_list":["post-57337","post","type-post","status-publish","format-standard","has-post-thumbnail","hentry","category-tampico"],"yoast_head":"<!-- This site is optimized with the Yoast SEO plugin v27.5 - https:\/\/yoast.com\/product\/yoast-seo-wordpress\/ -->\n<title>Establecen Zona De Exclusi\u00f3n Mar\u00edtima Frente A Tampico Por Operaciones De Buque Cient\u00edfico. - EL INFORMATIVO DE TAMAULIPAS<\/title>\n<meta name=\"description\" content=\"La Secretar\u00eda de Marina inform\u00f3 que del 3 al 8 de marzo estar\u00e1 operando frente al puerto de Tampico el buque de investigaci\u00f3n \u201cGEO SOVEREIGN\u201d, el cual\" \/>\n<meta name=\"robots\" content=\"index, follow, max-snippet:-1, max-image-preview:large, max-video-preview:-1\" \/>\n<link rel=\"canonical\" href=\"https:\/\/elinformativotam.com\/index.php\/2026\/03\/04\/establecen-zona-de-exclusion-maritima-frente-a-tampico-por-operaciones-de-buque-cientifico\/\" \/>\n<meta property=\"og:locale\" content=\"es_MX\" \/>\n<meta property=\"og:type\" content=\"article\" \/>\n<meta property=\"og:title\" content=\"Establecen Zona De Exclusi\u00f3n Mar\u00edtima Frente A Tampico Por Operaciones De Buque Cient\u00edfico. - EL INFORMATIVO DE TAMAULIPAS\" \/>\n<meta property=\"og:description\" content=\"La Secretar\u00eda de Marina inform\u00f3 que del 3 al 8 de marzo estar\u00e1 operando frente al puerto de Tampico el buque de investigaci\u00f3n \u201cGEO SOVEREIGN\u201d, el cual\" \/>\n<meta property=\"og:url\" content=\"https:\/\/elinformativotam.com\/index.php\/2026\/03\/04\/establecen-zona-de-exclusion-maritima-frente-a-tampico-por-operaciones-de-buque-cientifico\/\" \/>\n<meta property=\"og:site_name\" content=\"EL INFORMATIVO DE TAMAULIPAS\" \/>\n<meta property=\"article:published_time\" content=\"2026-03-05T02:37:50+00:00\" \/>\n<meta property=\"og:image\" content=\"https:\/\/elinformativotam.com\/wp-content\/uploads\/2026\/03\/Barco.jpg\" \/>\n\t<meta property=\"og:image:width\" content=\"1597\" \/>\n\t<meta property=\"og:image:height\" content=\"1104\" \/>\n\t<meta property=\"og:image:type\" content=\"image\/jpeg\" \/>\n<meta name=\"author\" content=\"El Informativo Tam\" \/>\n<meta name=\"twitter:card\" content=\"summary_large_image\" \/>\n<meta name=\"twitter:label1\" content=\"Escrito por\" \/>\n\t<meta name=\"twitter:data1\" content=\"El Informativo Tam\" \/>\n\t<meta name=\"twitter:label2\" content=\"Tiempo de lectura\" \/>\n\t<meta name=\"twitter:data2\" content=\"2 minutos\" \/>\n<script type=\"application\/ld+json\" class=\"yoast-schema-graph\">{\"@context\":\"https:\\\/\\\/schema.org\",\"@graph\":[{\"@type\":\"Article\",\"@id\":\"https:\\\/\\\/elinformativotam.com\\\/index.php\\\/2026\\\/03\\\/04\\\/establecen-zona-de-exclusion-maritima-frente-a-tampico-por-operaciones-de-buque-cientifico\\\/#article\",\"isPartOf\":{\"@id\":\"https:\\\/\\\/elinformativotam.com\\\/index.php\\\/2026\\\/03\\\/04\\\/establecen-zona-de-exclusion-maritima-frente-a-tampico-por-operaciones-de-buque-cientifico\\\/\"},\"author\":{\"name\":\"El Informativo Tam\",\"@id\":\"https:\\\/\\\/elinformativotam.com\\\/#\\\/schema\\\/person\\\/78e08040eed0f6110f0c5f83b6153590\"},\"headline\":\"Establecen Zona De Exclusi\u00f3n Mar\u00edtima Frente A Tampico Por Operaciones De Buque Cient\u00edfico.\",\"datePublished\":\"2026-03-05T02:37:50+00:00\",\"mainEntityOfPage\":{\"@id\":\"https:\\\/\\\/elinformativotam.com\\\/index.php\\\/2026\\\/03\\\/04\\\/establecen-zona-de-exclusion-maritima-frente-a-tampico-por-operaciones-de-buque-cientifico\\\/\"},\"wordCount\":236,\"commentCount\":0,\"publisher\":{\"@id\":\"https:\\\/\\\/elinformativotam.com\\\/#organization\"},\"image\":{\"@id\":\"https:\\\/\\\/elinformativotam.com\\\/index.php\\\/2026\\\/03\\\/04\\\/establecen-zona-de-exclusion-maritima-frente-a-tampico-por-operaciones-de-buque-cientifico\\\/#primaryimage\"},\"thumbnailUrl\":\"https:\\\/\\\/elinformativotam.com\\\/wp-content\\\/uploads\\\/2026\\\/03\\\/Barco.jpg\",\"articleSection\":[\"Tampico\"],\"inLanguage\":\"es\",\"potentialAction\":[{\"@type\":\"CommentAction\",\"name\":\"Comment\",\"target\":[\"https:\\\/\\\/elinformativotam.com\\\/index.php\\\/2026\\\/03\\\/04\\\/establecen-zona-de-exclusion-maritima-frente-a-tampico-por-operaciones-de-buque-cientifico\\\/#respond\"]}]},{\"@type\":\"WebPage\",\"@id\":\"https:\\\/\\\/elinformativotam.com\\\/index.php\\\/2026\\\/03\\\/04\\\/establecen-zona-de-exclusion-maritima-frente-a-tampico-por-operaciones-de-buque-cientifico\\\/\",\"url\":\"https:\\\/\\\/elinformativotam.com\\\/index.php\\\/2026\\\/03\\\/04\\\/establecen-zona-de-exclusion-maritima-frente-a-tampico-por-operaciones-de-buque-cientifico\\\/\",\"name\":\"Establecen Zona De Exclusi\u00f3n Mar\u00edtima Frente A Tampico Por Operaciones De Buque Cient\u00edfico. - EL INFORMATIVO DE TAMAULIPAS\",\"isPartOf\":{\"@id\":\"https:\\\/\\\/elinformativotam.com\\\/#website\"},\"primaryImageOfPage\":{\"@id\":\"https:\\\/\\\/elinformativotam.com\\\/index.php\\\/2026\\\/03\\\/04\\\/establecen-zona-de-exclusion-maritima-frente-a-tampico-por-operaciones-de-buque-cientifico\\\/#primaryimage\"},\"image\":{\"@id\":\"https:\\\/\\\/elinformativotam.com\\\/index.php\\\/2026\\\/03\\\/04\\\/establecen-zona-de-exclusion-maritima-frente-a-tampico-por-operaciones-de-buque-cientifico\\\/#primaryimage\"},\"thumbnailUrl\":\"https:\\\/\\\/elinformativotam.com\\\/wp-content\\\/uploads\\\/2026\\\/03\\\/Barco.jpg\",\"datePublished\":\"2026-03-05T02:37:50+00:00\",\"description\":\"La Secretar\u00eda de Marina inform\u00f3 que del 3 al 8 de marzo estar\u00e1 operando frente al puerto de Tampico el buque de investigaci\u00f3n \u201cGEO SOVEREIGN\u201d, el cual\",\"inLanguage\":\"es\",\"potentialAction\":[{\"@type\":\"ReadAction\",\"target\":[\"https:\\\/\\\/elinformativotam.com\\\/index.php\\\/2026\\\/03\\\/04\\\/establecen-zona-de-exclusion-maritima-frente-a-tampico-por-operaciones-de-buque-cientifico\\\/\"]}]},{\"@type\":\"ImageObject\",\"inLanguage\":\"es\",\"@id\":\"https:\\\/\\\/elinformativotam.com\\\/index.php\\\/2026\\\/03\\\/04\\\/establecen-zona-de-exclusion-maritima-frente-a-tampico-por-operaciones-de-buque-cientifico\\\/#primaryimage\",\"url\":\"https:\\\/\\\/elinformativotam.com\\\/wp-content\\\/uploads\\\/2026\\\/03\\\/Barco.jpg\",\"contentUrl\":\"https:\\\/\\\/elinformativotam.com\\\/wp-content\\\/uploads\\\/2026\\\/03\\\/Barco.jpg\",\"width\":1597,\"height\":1104},{\"@type\":\"WebSite\",\"@id\":\"https:\\\/\\\/elinformativotam.com\\\/#website\",\"url\":\"https:\\\/\\\/elinformativotam.com\\\/\",\"name\":\"EL INFORMATIVO DE TAMAULIPAS\",\"description\":\"Desde la Zona Metropolitana Para Todo M\u00e9xico\",\"publisher\":{\"@id\":\"https:\\\/\\\/elinformativotam.com\\\/#organization\"},\"potentialAction\":[{\"@type\":\"SearchAction\",\"target\":{\"@type\":\"EntryPoint\",\"urlTemplate\":\"https:\\\/\\\/elinformativotam.com\\\/?s={search_term_string}\"},\"query-input\":{\"@type\":\"PropertyValueSpecification\",\"valueRequired\":true,\"valueName\":\"search_term_string\"}}],\"inLanguage\":\"es\"},{\"@type\":\"Organization\",\"@id\":\"https:\\\/\\\/elinformativotam.com\\\/#organization\",\"name\":\"EL INFORMATIVO DE TAMAULIPAS\",\"url\":\"https:\\\/\\\/elinformativotam.com\\\/\",\"logo\":{\"@type\":\"ImageObject\",\"inLanguage\":\"es\",\"@id\":\"https:\\\/\\\/elinformativotam.com\\\/#\\\/schema\\\/logo\\\/image\\\/\",\"url\":\"https:\\\/\\\/elinformativotam.com\\\/wp-content\\\/uploads\\\/2026\\\/02\\\/Cabezal.png\",\"contentUrl\":\"https:\\\/\\\/elinformativotam.com\\\/wp-content\\\/uploads\\\/2026\\\/02\\\/Cabezal.png\",\"width\":960,\"height\":640,\"caption\":\"EL INFORMATIVO DE TAMAULIPAS\"},\"image\":{\"@id\":\"https:\\\/\\\/elinformativotam.com\\\/#\\\/schema\\\/logo\\\/image\\\/\"}},{\"@type\":\"Person\",\"@id\":\"https:\\\/\\\/elinformativotam.com\\\/#\\\/schema\\\/person\\\/78e08040eed0f6110f0c5f83b6153590\",\"name\":\"El Informativo Tam\",\"image\":{\"@type\":\"ImageObject\",\"inLanguage\":\"es\",\"@id\":\"https:\\\/\\\/secure.gravatar.com\\\/avatar\\\/f3b7ad3af540688955925ac610647be00b0cf41feea9c4978b73a707ee86bc53?s=96&d=mm&r=g\",\"url\":\"https:\\\/\\\/secure.gravatar.com\\\/avatar\\\/f3b7ad3af540688955925ac610647be00b0cf41feea9c4978b73a707ee86bc53?s=96&d=mm&r=g\",\"contentUrl\":\"https:\\\/\\\/secure.gravatar.com\\\/avatar\\\/f3b7ad3af540688955925ac610647be00b0cf41feea9c4978b73a707ee86bc53?s=96&d=mm&r=g\",\"caption\":\"El Informativo Tam\"}}]}<\/script>\n<!-- \/ Yoast SEO plugin. -->","yoast_head_json":{"title":"Establecen Zona De Exclusi\u00f3n Mar\u00edtima Frente A Tampico Por Operaciones De Buque Cient\u00edfico. - EL INFORMATIVO DE TAMAULIPAS","description":"La Secretar\u00eda de Marina inform\u00f3 que del 3 al 8 de marzo estar\u00e1 operando frente al puerto de Tampico el buque de investigaci\u00f3n \u201cGEO SOVEREIGN\u201d, el cual","robots":{"index":"index","follow":"follow","max-snippet":"max-snippet:-1","max-image-preview":"max-image-preview:large","max-video-preview":"max-video-preview:-1"},"canonical":"https:\/\/elinformativotam.com\/index.php\/2026\/03\/04\/establecen-zona-de-exclusion-maritima-frente-a-tampico-por-operaciones-de-buque-cientifico\/","og_locale":"es_MX","og_type":"article","og_title":"Establecen Zona De Exclusi\u00f3n Mar\u00edtima Frente A Tampico Por Operaciones De Buque Cient\u00edfico. - EL INFORMATIVO DE TAMAULIPAS","og_description":"La Secretar\u00eda de Marina inform\u00f3 que del 3 al 8 de marzo estar\u00e1 operando frente al puerto de Tampico el buque de investigaci\u00f3n \u201cGEO SOVEREIGN\u201d, el cual","og_url":"https:\/\/elinformativotam.com\/index.php\/2026\/03\/04\/establecen-zona-de-exclusion-maritima-frente-a-tampico-por-operaciones-de-buque-cientifico\/","og_site_name":"EL INFORMATIVO DE TAMAULIPAS","article_published_time":"2026-03-05T02:37:50+00:00","og_image":[{"width":1597,"height":1104,"url":"https:\/\/elinformativotam.com\/wp-content\/uploads\/2026\/03\/Barco.jpg","type":"image\/jpeg"}],"author":"El Informativo Tam","twitter_card":"summary_large_image","twitter_misc":{"Escrito por":"El Informativo Tam","Tiempo de lectura":"2 minutos"},"schema":{"@context":"https:\/\/schema.org","@graph":[{"@type":"Article","@id":"https:\/\/elinformativotam.com\/index.php\/2026\/03\/04\/establecen-zona-de-exclusion-maritima-frente-a-tampico-por-operaciones-de-buque-cientifico\/#article","isPartOf":{"@id":"https:\/\/elinformativotam.com\/index.php\/2026\/03\/04\/establecen-zona-de-exclusion-maritima-frente-a-tampico-por-operaciones-de-buque-cientifico\/"},"author":{"name":"El Informativo Tam","@id":"https:\/\/elinformativotam.com\/#\/schema\/person\/78e08040eed0f6110f0c5f83b6153590"},"headline":"Establecen Zona De Exclusi\u00f3n Mar\u00edtima Frente A Tampico Por Operaciones De Buque Cient\u00edfico.","datePublished":"2026-03-05T02:37:50+00:00","mainEntityOfPage":{"@id":"https:\/\/elinformativotam.com\/index.php\/2026\/03\/04\/establecen-zona-de-exclusion-maritima-frente-a-tampico-por-operaciones-de-buque-cientifico\/"},"wordCount":236,"commentCount":0,"publisher":{"@id":"https:\/\/elinformativotam.com\/#organization"},"image":{"@id":"https:\/\/elinformativotam.com\/index.php\/2026\/03\/04\/establecen-zona-de-exclusion-maritima-frente-a-tampico-por-operaciones-de-buque-cientifico\/#primaryimage"},"thumbnailUrl":"https:\/\/elinformativotam.com\/wp-content\/uploads\/2026\/03\/Barco.jpg","articleSection":["Tampico"],"inLanguage":"es","potentialAction":[{"@type":"CommentAction","name":"Comment","target":["https:\/\/elinformativotam.com\/index.php\/2026\/03\/04\/establecen-zona-de-exclusion-maritima-frente-a-tampico-por-operaciones-de-buque-cientifico\/#respond"]}]},{"@type":"WebPage","@id":"https:\/\/elinformativotam.com\/index.php\/2026\/03\/04\/establecen-zona-de-exclusion-maritima-frente-a-tampico-por-operaciones-de-buque-cientifico\/","url":"https:\/\/elinformativotam.com\/index.php\/2026\/03\/04\/establecen-zona-de-exclusion-maritima-frente-a-tampico-por-operaciones-de-buque-cientifico\/","name":"Establecen Zona De Exclusi\u00f3n Mar\u00edtima Frente A Tampico Por Operaciones De Buque Cient\u00edfico. - EL INFORMATIVO DE TAMAULIPAS","isPartOf":{"@id":"https:\/\/elinformativotam.com\/#website"},"primaryImageOfPage":{"@id":"https:\/\/elinformativotam.com\/index.php\/2026\/03\/04\/establecen-zona-de-exclusion-maritima-frente-a-tampico-por-operaciones-de-buque-cientifico\/#primaryimage"},"image":{"@id":"https:\/\/elinformativotam.com\/index.php\/2026\/03\/04\/establecen-zona-de-exclusion-maritima-frente-a-tampico-por-operaciones-de-buque-cientifico\/#primaryimage"},"thumbnailUrl":"https:\/\/elinformativotam.com\/wp-content\/uploads\/2026\/03\/Barco.jpg","datePublished":"2026-03-05T02:37:50+00:00","description":"La Secretar\u00eda de Marina inform\u00f3 que del 3 al 8 de marzo estar\u00e1 operando frente al puerto de Tampico el buque de investigaci\u00f3n \u201cGEO SOVEREIGN\u201d, el cual","inLanguage":"es","potentialAction":[{"@type":"ReadAction","target":["https:\/\/elinformativotam.com\/index.php\/2026\/03\/04\/establecen-zona-de-exclusion-maritima-frente-a-tampico-por-operaciones-de-buque-cientifico\/"]}]},{"@type":"ImageObject","inLanguage":"es","@id":"https:\/\/elinformativotam.com\/index.php\/2026\/03\/04\/establecen-zona-de-exclusion-maritima-frente-a-tampico-por-operaciones-de-buque-cientifico\/#primaryimage","url":"https:\/\/elinformativotam.com\/wp-content\/uploads\/2026\/03\/Barco.jpg","contentUrl":"https:\/\/elinformativotam.com\/wp-content\/uploads\/2026\/03\/Barco.jpg","width":1597,"height":1104},{"@type":"WebSite","@id":"https:\/\/elinformativotam.com\/#website","url":"https:\/\/elinformativotam.com\/","name":"EL INFORMATIVO DE TAMAULIPAS","description":"Desde la Zona Metropolitana Para Todo M\u00e9xico","publisher":{"@id":"https:\/\/elinformativotam.com\/#organization"},"potentialAction":[{"@type":"SearchAction","target":{"@type":"EntryPoint","urlTemplate":"https:\/\/elinformativotam.com\/?s={search_term_string}"},"query-input":{"@type":"PropertyValueSpecification","valueRequired":true,"valueName":"search_term_string"}}],"inLanguage":"es"},{"@type":"Organization","@id":"https:\/\/elinformativotam.com\/#organization","name":"EL INFORMATIVO DE TAMAULIPAS","url":"https:\/\/elinformativotam.com\/","logo":{"@type":"ImageObject","inLanguage":"es","@id":"https:\/\/elinformativotam.com\/#\/schema\/logo\/image\/","url":"https:\/\/elinformativotam.com\/wp-content\/uploads\/2026\/02\/Cabezal.png","contentUrl":"https:\/\/elinformativotam.com\/wp-content\/uploads\/2026\/02\/Cabezal.png","width":960,"height":640,"caption":"EL INFORMATIVO DE TAMAULIPAS"},"image":{"@id":"https:\/\/elinformativotam.com\/#\/schema\/logo\/image\/"}},{"@type":"Person","@id":"https:\/\/elinformativotam.com\/#\/schema\/person\/78e08040eed0f6110f0c5f83b6153590","name":"El Informativo Tam","image":{"@type":"ImageObject","inLanguage":"es","@id":"https:\/\/secure.gravatar.com\/avatar\/f3b7ad3af540688955925ac610647be00b0cf41feea9c4978b73a707ee86bc53?s=96&d=mm&r=g","url":"https:\/\/secure.gravatar.com\/avatar\/f3b7ad3af540688955925ac610647be00b0cf41feea9c4978b73a707ee86bc53?s=96&d=mm&r=g","contentUrl":"https:\/\/secure.gravatar.com\/avatar\/f3b7ad3af540688955925ac610647be00b0cf41feea9c4978b73a707ee86bc53?s=96&d=mm&r=g","caption":"El Informativo Tam"}}]}},"_links":{"self":[{"href":"https:\/\/elinformativotam.com\/index.php\/wp-json\/wp\/v2\/posts\/57337","targetHints":{"allow":["GET"]}}],"collection":[{"href":"https:\/\/elinformativotam.com\/index.php\/wp-json\/wp\/v2\/posts"}],"about":[{"href":"https:\/\/elinformativotam.com\/index.php\/wp-json\/wp\/v2\/types\/post"}],"author":[{"embeddable":true,"href":"https:\/\/elinformativotam.com\/index.php\/wp-json\/wp\/v2\/users\/1"}],"replies":[{"embeddable":true,"href":"https:\/\/elinformativotam.com\/index.php\/wp-json\/wp\/v2\/comments?post=57337"}],"version-history":[{"count":1,"href":"https:\/\/elinformativotam.com\/index.php\/wp-json\/wp\/v2\/posts\/57337\/revisions"}],"predecessor-version":[{"id":57340,"href":"https:\/\/elinformativotam.com\/index.php\/wp-json\/wp\/v2\/posts\/57337\/revisions\/57340"}],"wp:featuredmedia":[{"embeddable":true,"href":"https:\/\/elinformativotam.com\/index.php\/wp-json\/wp\/v2\/media\/57338"}],"wp:attachment":[{"href":"https:\/\/elinformativotam.com\/index.php\/wp-json\/wp\/v2\/media?parent=57337"}],"wp:term":[{"taxonomy":"category","embeddable":true,"href":"https:\/\/elinformativotam.com\/index.php\/wp-json\/wp\/v2\/categories?post=57337"},{"taxonomy":"post_tag","embeddable":true,"href":"https:\/\/elinformativotam.com\/index.php\/wp-json\/wp\/v2\/tags?post=57337"}],"curies":[{"name":"wp","href":"https:\/\/api.w.org\/{rel}","templated":true}]}}