{"id":57308,"date":"2026-03-02T21:38:54","date_gmt":"2026-03-03T03:38:54","guid":{"rendered":"https:\/\/elinformativotam.com\/?p=57308"},"modified":"2026-03-02T21:38:54","modified_gmt":"2026-03-03T03:38:54","slug":"tampico-fortalece-su-conectividad-aerea-carretera-y-ferroviaria-para-detonar-turismo-y-negocios","status":"publish","type":"post","link":"https:\/\/elinformativotam.com\/index.php\/2026\/03\/02\/tampico-fortalece-su-conectividad-aerea-carretera-y-ferroviaria-para-detonar-turismo-y-negocios\/","title":{"rendered":"Tampico Fortalece Su Conectividad A\u00e9rea, Carretera Y Ferroviaria Para Detonar Turismo Y Negocios."},"content":{"rendered":"<p>Tampico, Tamaulipas.\u2014 La conectividad de la zona sur de Tamaulipas se perfila como uno de los ejes estrat\u00e9gicos para impulsar el desarrollo econ\u00f3mico, tur\u00edstico y comercial del puerto, afirm\u00f3 Eduardo Manzur Nieto, presidente de la C\u00e1mara Nacional de Comercio, Servicios y Turismo de Tampico.<\/p>\n<p>&nbsp;<\/p>\n<p>El l\u00edder empresarial destac\u00f3 que el fortalecimiento de las v\u00edas a\u00e9rea, carretera y ferroviaria ser\u00e1 determinante para mejorar la afluencia de pasajeros y el movimiento de carga en los pr\u00f3ximos a\u00f1os.<\/p>\n<p>&nbsp;<\/p>\n<p>En materia a\u00e9rea, subray\u00f3 el dinamismo reciente del Aeropuerto Internacional de Tampico, donde se han concretado nuevas rutas hacia Villahermosa y Nuevo Le\u00f3n, adem\u00e1s de la conexi\u00f3n internacional a Dallas operada por American Airlines.<\/p>\n<p>&nbsp;<\/p>\n<p>Se proyecta que para 2026 el flujo de pasajeros incremente en al menos un 10 por ciento, impulsado por la consolidaci\u00f3n de rutas nacionales e internacionales y la posible apertura de nuevas conexiones hacia destinos del Pac\u00edfico mexicano.<\/p>\n<p>&nbsp;<\/p>\n<p>Manzur Nieto se\u00f1al\u00f3 que una mayor conectividad a\u00e9rea no solo fortalece el turismo, sino que facilita el intercambio comercial y la atracci\u00f3n de inversiones.<\/p>\n<p>&nbsp;<\/p>\n<p>En el rubro carretero, el presidente de la CANACO destac\u00f3 obras clave como la autopista a Tuxpan, la carretera Valle-Tampico \u2014que reducir\u00eda distancias en aproximadamente 40 a 45 kil\u00f3metros\u2014 y la autopista hacia la regi\u00f3n del Baj\u00edo, lo que permitir\u00eda acercar a la zona sur mercados potenciales de hasta siete millones de habitantes.<\/p>\n<p>&nbsp;<\/p>\n<p>Sin embargo, advirti\u00f3 que tambi\u00e9n es prioritario el mantenimiento de las autopistas existentes, as\u00ed como la conclusi\u00f3n de la carretera costera, considerada estrat\u00e9gica para el desarrollo regional y el fortalecimiento del turismo.<\/p>\n<p>&nbsp;<\/p>\n<p>En cuanto al transporte ferroviario, el sector empresarial busca retomar proyectos de trenes de pasajeros con destino a San Luis Potos\u00ed y Nuevo Le\u00f3n, visualiz\u00e1ndolos como una alternativa r\u00e1pida y segura para la movilidad regional.<\/p>\n<p>&nbsp;<\/p>\n<p>Asimismo, se enfatiz\u00f3 la necesidad de modernizar las v\u00edas f\u00e9rreas y optimizar la log\u00edstica para carga y paqueter\u00eda, con el objetivo de hacer m\u00e1s competitiva a la regi\u00f3n en materia comercial.<\/p>\n<p>&nbsp;<\/p>\n<p>El presidente de la CANACO Tampico concluy\u00f3 que mejorar la conectividad integral es clave para posicionar a Tampico como un nodo estrat\u00e9gico del Golfo de M\u00e9xico, capaz de atraer m\u00e1s turismo, inversiones y oportunidades de negocio en los pr\u00f3ximos a\u00f1os.<\/p>\n<p>#elinformativodetamaulipas<\/p>\n<p>&nbsp;<\/p>\n<p>&nbsp;<\/p>\n","protected":false},"excerpt":{"rendered":"<p>Tampico, Tamaulipas.\u2014 La conectividad de la zona sur de Tamaulipas se perfila como uno de los ejes estrat\u00e9gicos para impulsar&hellip;<\/p>\n","protected":false},"author":1,"featured_media":57301,"comment_status":"open","ping_status":"open","sticky":false,"template":"","format":"standard","meta":{"footnotes":""},"categories":[3],"tags":[],"class_list":["post-57308","post","type-post","status-publish","format-standard","has-post-thumbnail","hentry","category-tampico"],"yoast_head":"<!-- This site is optimized with the Yoast SEO plugin v27.5 - https:\/\/yoast.com\/product\/yoast-seo-wordpress\/ -->\n<title>Tampico Fortalece Su Conectividad A\u00e9rea, Carretera Y Ferroviaria Para Detonar Turismo Y Negocios. - EL INFORMATIVO DE TAMAULIPAS<\/title>\n<meta name=\"description\" content=\"Tampico, Tamaulipas.\u2014 La conectividad de la zona sur de Tamaulipas se perfila como uno de los ejes estrat\u00e9gicos para impulsar el desarrollo econ\u00f3mico,\" \/>\n<meta name=\"robots\" content=\"index, follow, max-snippet:-1, max-image-preview:large, max-video-preview:-1\" \/>\n<link rel=\"canonical\" href=\"https:\/\/elinformativotam.com\/index.php\/2026\/03\/02\/tampico-fortalece-su-conectividad-aerea-carretera-y-ferroviaria-para-detonar-turismo-y-negocios\/\" \/>\n<meta property=\"og:locale\" content=\"es_MX\" \/>\n<meta property=\"og:type\" content=\"article\" \/>\n<meta property=\"og:title\" content=\"Tampico Fortalece Su Conectividad A\u00e9rea, Carretera Y Ferroviaria Para Detonar Turismo Y Negocios. - EL INFORMATIVO DE TAMAULIPAS\" \/>\n<meta property=\"og:description\" content=\"Tampico, Tamaulipas.\u2014 La conectividad de la zona sur de Tamaulipas se perfila como uno de los ejes estrat\u00e9gicos para impulsar el desarrollo econ\u00f3mico,\" \/>\n<meta property=\"og:url\" content=\"https:\/\/elinformativotam.com\/index.php\/2026\/03\/02\/tampico-fortalece-su-conectividad-aerea-carretera-y-ferroviaria-para-detonar-turismo-y-negocios\/\" \/>\n<meta property=\"og:site_name\" content=\"EL INFORMATIVO DE TAMAULIPAS\" \/>\n<meta property=\"article:published_time\" content=\"2026-03-03T03:38:54+00:00\" \/>\n<meta property=\"og:image\" content=\"https:\/\/elinformativotam.com\/wp-content\/uploads\/2026\/03\/Manzur.jpg\" \/>\n\t<meta property=\"og:image:width\" content=\"962\" \/>\n\t<meta property=\"og:image:height\" content=\"1179\" \/>\n\t<meta property=\"og:image:type\" content=\"image\/jpeg\" \/>\n<meta name=\"author\" content=\"El Informativo Tam\" \/>\n<meta name=\"twitter:card\" content=\"summary_large_image\" \/>\n<meta name=\"twitter:label1\" content=\"Escrito por\" \/>\n\t<meta name=\"twitter:data1\" content=\"El Informativo Tam\" \/>\n\t<meta name=\"twitter:label2\" content=\"Tiempo de lectura\" \/>\n\t<meta name=\"twitter:data2\" content=\"2 minutos\" \/>\n<script type=\"application\/ld+json\" class=\"yoast-schema-graph\">{\"@context\":\"https:\\\/\\\/schema.org\",\"@graph\":[{\"@type\":\"Article\",\"@id\":\"https:\\\/\\\/elinformativotam.com\\\/index.php\\\/2026\\\/03\\\/02\\\/tampico-fortalece-su-conectividad-aerea-carretera-y-ferroviaria-para-detonar-turismo-y-negocios\\\/#article\",\"isPartOf\":{\"@id\":\"https:\\\/\\\/elinformativotam.com\\\/index.php\\\/2026\\\/03\\\/02\\\/tampico-fortalece-su-conectividad-aerea-carretera-y-ferroviaria-para-detonar-turismo-y-negocios\\\/\"},\"author\":{\"name\":\"El Informativo Tam\",\"@id\":\"https:\\\/\\\/elinformativotam.com\\\/#\\\/schema\\\/person\\\/78e08040eed0f6110f0c5f83b6153590\"},\"headline\":\"Tampico Fortalece Su Conectividad A\u00e9rea, Carretera Y Ferroviaria Para Detonar Turismo Y Negocios.\",\"datePublished\":\"2026-03-03T03:38:54+00:00\",\"mainEntityOfPage\":{\"@id\":\"https:\\\/\\\/elinformativotam.com\\\/index.php\\\/2026\\\/03\\\/02\\\/tampico-fortalece-su-conectividad-aerea-carretera-y-ferroviaria-para-detonar-turismo-y-negocios\\\/\"},\"wordCount\":424,\"commentCount\":0,\"publisher\":{\"@id\":\"https:\\\/\\\/elinformativotam.com\\\/#organization\"},\"image\":{\"@id\":\"https:\\\/\\\/elinformativotam.com\\\/index.php\\\/2026\\\/03\\\/02\\\/tampico-fortalece-su-conectividad-aerea-carretera-y-ferroviaria-para-detonar-turismo-y-negocios\\\/#primaryimage\"},\"thumbnailUrl\":\"https:\\\/\\\/elinformativotam.com\\\/wp-content\\\/uploads\\\/2026\\\/03\\\/Manzur.jpg\",\"articleSection\":[\"Tampico\"],\"inLanguage\":\"es\",\"potentialAction\":[{\"@type\":\"CommentAction\",\"name\":\"Comment\",\"target\":[\"https:\\\/\\\/elinformativotam.com\\\/index.php\\\/2026\\\/03\\\/02\\\/tampico-fortalece-su-conectividad-aerea-carretera-y-ferroviaria-para-detonar-turismo-y-negocios\\\/#respond\"]}]},{\"@type\":\"WebPage\",\"@id\":\"https:\\\/\\\/elinformativotam.com\\\/index.php\\\/2026\\\/03\\\/02\\\/tampico-fortalece-su-conectividad-aerea-carretera-y-ferroviaria-para-detonar-turismo-y-negocios\\\/\",\"url\":\"https:\\\/\\\/elinformativotam.com\\\/index.php\\\/2026\\\/03\\\/02\\\/tampico-fortalece-su-conectividad-aerea-carretera-y-ferroviaria-para-detonar-turismo-y-negocios\\\/\",\"name\":\"Tampico Fortalece Su Conectividad A\u00e9rea, Carretera Y Ferroviaria Para Detonar Turismo Y Negocios. - EL INFORMATIVO DE TAMAULIPAS\",\"isPartOf\":{\"@id\":\"https:\\\/\\\/elinformativotam.com\\\/#website\"},\"primaryImageOfPage\":{\"@id\":\"https:\\\/\\\/elinformativotam.com\\\/index.php\\\/2026\\\/03\\\/02\\\/tampico-fortalece-su-conectividad-aerea-carretera-y-ferroviaria-para-detonar-turismo-y-negocios\\\/#primaryimage\"},\"image\":{\"@id\":\"https:\\\/\\\/elinformativotam.com\\\/index.php\\\/2026\\\/03\\\/02\\\/tampico-fortalece-su-conectividad-aerea-carretera-y-ferroviaria-para-detonar-turismo-y-negocios\\\/#primaryimage\"},\"thumbnailUrl\":\"https:\\\/\\\/elinformativotam.com\\\/wp-content\\\/uploads\\\/2026\\\/03\\\/Manzur.jpg\",\"datePublished\":\"2026-03-03T03:38:54+00:00\",\"description\":\"Tampico, Tamaulipas.\u2014 La conectividad de la zona sur de Tamaulipas se perfila como uno de los ejes estrat\u00e9gicos para impulsar el desarrollo econ\u00f3mico,\",\"inLanguage\":\"es\",\"potentialAction\":[{\"@type\":\"ReadAction\",\"target\":[\"https:\\\/\\\/elinformativotam.com\\\/index.php\\\/2026\\\/03\\\/02\\\/tampico-fortalece-su-conectividad-aerea-carretera-y-ferroviaria-para-detonar-turismo-y-negocios\\\/\"]}]},{\"@type\":\"ImageObject\",\"inLanguage\":\"es\",\"@id\":\"https:\\\/\\\/elinformativotam.com\\\/index.php\\\/2026\\\/03\\\/02\\\/tampico-fortalece-su-conectividad-aerea-carretera-y-ferroviaria-para-detonar-turismo-y-negocios\\\/#primaryimage\",\"url\":\"https:\\\/\\\/elinformativotam.com\\\/wp-content\\\/uploads\\\/2026\\\/03\\\/Manzur.jpg\",\"contentUrl\":\"https:\\\/\\\/elinformativotam.com\\\/wp-content\\\/uploads\\\/2026\\\/03\\\/Manzur.jpg\",\"width\":962,\"height\":1179},{\"@type\":\"WebSite\",\"@id\":\"https:\\\/\\\/elinformativotam.com\\\/#website\",\"url\":\"https:\\\/\\\/elinformativotam.com\\\/\",\"name\":\"EL INFORMATIVO DE TAMAULIPAS\",\"description\":\"Desde la Zona Metropolitana Para Todo M\u00e9xico\",\"publisher\":{\"@id\":\"https:\\\/\\\/elinformativotam.com\\\/#organization\"},\"potentialAction\":[{\"@type\":\"SearchAction\",\"target\":{\"@type\":\"EntryPoint\",\"urlTemplate\":\"https:\\\/\\\/elinformativotam.com\\\/?s={search_term_string}\"},\"query-input\":{\"@type\":\"PropertyValueSpecification\",\"valueRequired\":true,\"valueName\":\"search_term_string\"}}],\"inLanguage\":\"es\"},{\"@type\":\"Organization\",\"@id\":\"https:\\\/\\\/elinformativotam.com\\\/#organization\",\"name\":\"EL INFORMATIVO DE TAMAULIPAS\",\"url\":\"https:\\\/\\\/elinformativotam.com\\\/\",\"logo\":{\"@type\":\"ImageObject\",\"inLanguage\":\"es\",\"@id\":\"https:\\\/\\\/elinformativotam.com\\\/#\\\/schema\\\/logo\\\/image\\\/\",\"url\":\"https:\\\/\\\/elinformativotam.com\\\/wp-content\\\/uploads\\\/2026\\\/02\\\/Cabezal.png\",\"contentUrl\":\"https:\\\/\\\/elinformativotam.com\\\/wp-content\\\/uploads\\\/2026\\\/02\\\/Cabezal.png\",\"width\":960,\"height\":640,\"caption\":\"EL INFORMATIVO DE TAMAULIPAS\"},\"image\":{\"@id\":\"https:\\\/\\\/elinformativotam.com\\\/#\\\/schema\\\/logo\\\/image\\\/\"}},{\"@type\":\"Person\",\"@id\":\"https:\\\/\\\/elinformativotam.com\\\/#\\\/schema\\\/person\\\/78e08040eed0f6110f0c5f83b6153590\",\"name\":\"El Informativo Tam\",\"image\":{\"@type\":\"ImageObject\",\"inLanguage\":\"es\",\"@id\":\"https:\\\/\\\/secure.gravatar.com\\\/avatar\\\/f3b7ad3af540688955925ac610647be00b0cf41feea9c4978b73a707ee86bc53?s=96&d=mm&r=g\",\"url\":\"https:\\\/\\\/secure.gravatar.com\\\/avatar\\\/f3b7ad3af540688955925ac610647be00b0cf41feea9c4978b73a707ee86bc53?s=96&d=mm&r=g\",\"contentUrl\":\"https:\\\/\\\/secure.gravatar.com\\\/avatar\\\/f3b7ad3af540688955925ac610647be00b0cf41feea9c4978b73a707ee86bc53?s=96&d=mm&r=g\",\"caption\":\"El Informativo Tam\"}}]}<\/script>\n<!-- \/ Yoast SEO plugin. -->","yoast_head_json":{"title":"Tampico Fortalece Su Conectividad A\u00e9rea, Carretera Y Ferroviaria Para Detonar Turismo Y Negocios. - EL INFORMATIVO DE TAMAULIPAS","description":"Tampico, Tamaulipas.\u2014 La conectividad de la zona sur de Tamaulipas se perfila como uno de los ejes estrat\u00e9gicos para impulsar el desarrollo econ\u00f3mico,","robots":{"index":"index","follow":"follow","max-snippet":"max-snippet:-1","max-image-preview":"max-image-preview:large","max-video-preview":"max-video-preview:-1"},"canonical":"https:\/\/elinformativotam.com\/index.php\/2026\/03\/02\/tampico-fortalece-su-conectividad-aerea-carretera-y-ferroviaria-para-detonar-turismo-y-negocios\/","og_locale":"es_MX","og_type":"article","og_title":"Tampico Fortalece Su Conectividad A\u00e9rea, Carretera Y Ferroviaria Para Detonar Turismo Y Negocios. - EL INFORMATIVO DE TAMAULIPAS","og_description":"Tampico, Tamaulipas.\u2014 La conectividad de la zona sur de Tamaulipas se perfila como uno de los ejes estrat\u00e9gicos para impulsar el desarrollo econ\u00f3mico,","og_url":"https:\/\/elinformativotam.com\/index.php\/2026\/03\/02\/tampico-fortalece-su-conectividad-aerea-carretera-y-ferroviaria-para-detonar-turismo-y-negocios\/","og_site_name":"EL INFORMATIVO DE TAMAULIPAS","article_published_time":"2026-03-03T03:38:54+00:00","og_image":[{"width":962,"height":1179,"url":"https:\/\/elinformativotam.com\/wp-content\/uploads\/2026\/03\/Manzur.jpg","type":"image\/jpeg"}],"author":"El Informativo Tam","twitter_card":"summary_large_image","twitter_misc":{"Escrito por":"El Informativo Tam","Tiempo de lectura":"2 minutos"},"schema":{"@context":"https:\/\/schema.org","@graph":[{"@type":"Article","@id":"https:\/\/elinformativotam.com\/index.php\/2026\/03\/02\/tampico-fortalece-su-conectividad-aerea-carretera-y-ferroviaria-para-detonar-turismo-y-negocios\/#article","isPartOf":{"@id":"https:\/\/elinformativotam.com\/index.php\/2026\/03\/02\/tampico-fortalece-su-conectividad-aerea-carretera-y-ferroviaria-para-detonar-turismo-y-negocios\/"},"author":{"name":"El Informativo Tam","@id":"https:\/\/elinformativotam.com\/#\/schema\/person\/78e08040eed0f6110f0c5f83b6153590"},"headline":"Tampico Fortalece Su Conectividad A\u00e9rea, Carretera Y Ferroviaria Para Detonar Turismo Y Negocios.","datePublished":"2026-03-03T03:38:54+00:00","mainEntityOfPage":{"@id":"https:\/\/elinformativotam.com\/index.php\/2026\/03\/02\/tampico-fortalece-su-conectividad-aerea-carretera-y-ferroviaria-para-detonar-turismo-y-negocios\/"},"wordCount":424,"commentCount":0,"publisher":{"@id":"https:\/\/elinformativotam.com\/#organization"},"image":{"@id":"https:\/\/elinformativotam.com\/index.php\/2026\/03\/02\/tampico-fortalece-su-conectividad-aerea-carretera-y-ferroviaria-para-detonar-turismo-y-negocios\/#primaryimage"},"thumbnailUrl":"https:\/\/elinformativotam.com\/wp-content\/uploads\/2026\/03\/Manzur.jpg","articleSection":["Tampico"],"inLanguage":"es","potentialAction":[{"@type":"CommentAction","name":"Comment","target":["https:\/\/elinformativotam.com\/index.php\/2026\/03\/02\/tampico-fortalece-su-conectividad-aerea-carretera-y-ferroviaria-para-detonar-turismo-y-negocios\/#respond"]}]},{"@type":"WebPage","@id":"https:\/\/elinformativotam.com\/index.php\/2026\/03\/02\/tampico-fortalece-su-conectividad-aerea-carretera-y-ferroviaria-para-detonar-turismo-y-negocios\/","url":"https:\/\/elinformativotam.com\/index.php\/2026\/03\/02\/tampico-fortalece-su-conectividad-aerea-carretera-y-ferroviaria-para-detonar-turismo-y-negocios\/","name":"Tampico Fortalece Su Conectividad A\u00e9rea, Carretera Y Ferroviaria Para Detonar Turismo Y Negocios. - EL INFORMATIVO DE TAMAULIPAS","isPartOf":{"@id":"https:\/\/elinformativotam.com\/#website"},"primaryImageOfPage":{"@id":"https:\/\/elinformativotam.com\/index.php\/2026\/03\/02\/tampico-fortalece-su-conectividad-aerea-carretera-y-ferroviaria-para-detonar-turismo-y-negocios\/#primaryimage"},"image":{"@id":"https:\/\/elinformativotam.com\/index.php\/2026\/03\/02\/tampico-fortalece-su-conectividad-aerea-carretera-y-ferroviaria-para-detonar-turismo-y-negocios\/#primaryimage"},"thumbnailUrl":"https:\/\/elinformativotam.com\/wp-content\/uploads\/2026\/03\/Manzur.jpg","datePublished":"2026-03-03T03:38:54+00:00","description":"Tampico, Tamaulipas.\u2014 La conectividad de la zona sur de Tamaulipas se perfila como uno de los ejes estrat\u00e9gicos para impulsar el desarrollo econ\u00f3mico,","inLanguage":"es","potentialAction":[{"@type":"ReadAction","target":["https:\/\/elinformativotam.com\/index.php\/2026\/03\/02\/tampico-fortalece-su-conectividad-aerea-carretera-y-ferroviaria-para-detonar-turismo-y-negocios\/"]}]},{"@type":"ImageObject","inLanguage":"es","@id":"https:\/\/elinformativotam.com\/index.php\/2026\/03\/02\/tampico-fortalece-su-conectividad-aerea-carretera-y-ferroviaria-para-detonar-turismo-y-negocios\/#primaryimage","url":"https:\/\/elinformativotam.com\/wp-content\/uploads\/2026\/03\/Manzur.jpg","contentUrl":"https:\/\/elinformativotam.com\/wp-content\/uploads\/2026\/03\/Manzur.jpg","width":962,"height":1179},{"@type":"WebSite","@id":"https:\/\/elinformativotam.com\/#website","url":"https:\/\/elinformativotam.com\/","name":"EL INFORMATIVO DE TAMAULIPAS","description":"Desde la Zona Metropolitana Para Todo M\u00e9xico","publisher":{"@id":"https:\/\/elinformativotam.com\/#organization"},"potentialAction":[{"@type":"SearchAction","target":{"@type":"EntryPoint","urlTemplate":"https:\/\/elinformativotam.com\/?s={search_term_string}"},"query-input":{"@type":"PropertyValueSpecification","valueRequired":true,"valueName":"search_term_string"}}],"inLanguage":"es"},{"@type":"Organization","@id":"https:\/\/elinformativotam.com\/#organization","name":"EL INFORMATIVO DE TAMAULIPAS","url":"https:\/\/elinformativotam.com\/","logo":{"@type":"ImageObject","inLanguage":"es","@id":"https:\/\/elinformativotam.com\/#\/schema\/logo\/image\/","url":"https:\/\/elinformativotam.com\/wp-content\/uploads\/2026\/02\/Cabezal.png","contentUrl":"https:\/\/elinformativotam.com\/wp-content\/uploads\/2026\/02\/Cabezal.png","width":960,"height":640,"caption":"EL INFORMATIVO DE TAMAULIPAS"},"image":{"@id":"https:\/\/elinformativotam.com\/#\/schema\/logo\/image\/"}},{"@type":"Person","@id":"https:\/\/elinformativotam.com\/#\/schema\/person\/78e08040eed0f6110f0c5f83b6153590","name":"El Informativo Tam","image":{"@type":"ImageObject","inLanguage":"es","@id":"https:\/\/secure.gravatar.com\/avatar\/f3b7ad3af540688955925ac610647be00b0cf41feea9c4978b73a707ee86bc53?s=96&d=mm&r=g","url":"https:\/\/secure.gravatar.com\/avatar\/f3b7ad3af540688955925ac610647be00b0cf41feea9c4978b73a707ee86bc53?s=96&d=mm&r=g","contentUrl":"https:\/\/secure.gravatar.com\/avatar\/f3b7ad3af540688955925ac610647be00b0cf41feea9c4978b73a707ee86bc53?s=96&d=mm&r=g","caption":"El Informativo Tam"}}]}},"_links":{"self":[{"href":"https:\/\/elinformativotam.com\/index.php\/wp-json\/wp\/v2\/posts\/57308","targetHints":{"allow":["GET"]}}],"collection":[{"href":"https:\/\/elinformativotam.com\/index.php\/wp-json\/wp\/v2\/posts"}],"about":[{"href":"https:\/\/elinformativotam.com\/index.php\/wp-json\/wp\/v2\/types\/post"}],"author":[{"embeddable":true,"href":"https:\/\/elinformativotam.com\/index.php\/wp-json\/wp\/v2\/users\/1"}],"replies":[{"embeddable":true,"href":"https:\/\/elinformativotam.com\/index.php\/wp-json\/wp\/v2\/comments?post=57308"}],"version-history":[{"count":1,"href":"https:\/\/elinformativotam.com\/index.php\/wp-json\/wp\/v2\/posts\/57308\/revisions"}],"predecessor-version":[{"id":57309,"href":"https:\/\/elinformativotam.com\/index.php\/wp-json\/wp\/v2\/posts\/57308\/revisions\/57309"}],"wp:featuredmedia":[{"embeddable":true,"href":"https:\/\/elinformativotam.com\/index.php\/wp-json\/wp\/v2\/media\/57301"}],"wp:attachment":[{"href":"https:\/\/elinformativotam.com\/index.php\/wp-json\/wp\/v2\/media?parent=57308"}],"wp:term":[{"taxonomy":"category","embeddable":true,"href":"https:\/\/elinformativotam.com\/index.php\/wp-json\/wp\/v2\/categories?post=57308"},{"taxonomy":"post_tag","embeddable":true,"href":"https:\/\/elinformativotam.com\/index.php\/wp-json\/wp\/v2\/tags?post=57308"}],"curies":[{"name":"wp","href":"https:\/\/api.w.org\/{rel}","templated":true}]}}