{"id":57306,"date":"2026-03-02T21:38:04","date_gmt":"2026-03-03T03:38:04","guid":{"rendered":"https:\/\/elinformativotam.com\/?p=57306"},"modified":"2026-03-02T21:38:04","modified_gmt":"2026-03-03T03:38:04","slug":"dos-accidentes-en-playa-miramar-durante-el-fin-de-semana-hay-tres-lesionados","status":"publish","type":"post","link":"https:\/\/elinformativotam.com\/index.php\/2026\/03\/02\/dos-accidentes-en-playa-miramar-durante-el-fin-de-semana-hay-tres-lesionados\/","title":{"rendered":"Dos Accidentes En Playa Miramar Durante El Fin De Semana; Hay Tres Lesionados."},"content":{"rendered":"<p>Cd. Madero, Tamaulipas.- Playa Miramar registr\u00f3 dos accidentes durante el fin de semana, lo que moviliz\u00f3 a personal de emergencia y guardavidas de Protecci\u00f3n Civil de Ciudad Madero.<\/p>\n<p>&nbsp;<\/p>\n<p>El primer incidente ocurri\u00f3 el s\u00e1bado, cuando dos mujeres perdieron el control de una cuatrimoto mientras circulaban por la zona de playa. Tras el percance, ambas fueron auxiliadas por elementos de Protecci\u00f3n Civil Madero, quienes les brindaron atenci\u00f3n prehospitalaria en el lugar. Posteriormente, fueron trasladadas al Hospital \u00c1ngeles Tampico para su valoraci\u00f3n m\u00e9dica.<\/p>\n<p>&nbsp;<\/p>\n<p>El segundo hecho se registr\u00f3 el domingo en el \u00e1rea de las letras de entrada a Playa Miramar, donde un ciclista fue atropellado.<\/p>\n<p>&nbsp;<\/p>\n<p>Guardavidas que se encontraban en el sector acudieron de inmediato para atender al lesionado, en tanto arribaban t\u00e9cnicos en atenci\u00f3n m\u00e9dica prehospitalaria de Protecci\u00f3n Civil Madero.<\/p>\n<p>&nbsp;<\/p>\n<p>De acuerdo con la informaci\u00f3n proporcionada, el conductor presuntamente responsable se dio a la fuga tras el impacto.<\/p>\n<p>&nbsp;<\/p>\n<p>El lesionado es un masculino de aproximadamente 26 a\u00f1os de edad, originario del municipio de Altamira, quien recibi\u00f3 atenci\u00f3n en el sitio y posteriormente fue canalizado para su valoraci\u00f3n m\u00e9dica.<\/p>\n<p>&nbsp;<\/p>\n<p>Las autoridades exhortaron a conductores y visitantes a extremar precauciones, respetar los l\u00edmites de velocidad y atender las indicaciones de seguridad para evitar este tipo de accidentes en uno de los principales destinos tur\u00edsticos del sur de Tamaulipas.<\/p>\n<p>#elinformativodetamaulipas<\/p>\n<p>&nbsp;<\/p>\n","protected":false},"excerpt":{"rendered":"<p>Cd. Madero, Tamaulipas.- Playa Miramar registr\u00f3 dos accidentes durante el fin de semana, lo que moviliz\u00f3 a personal de emergencia&hellip;<\/p>\n","protected":false},"author":1,"featured_media":57299,"comment_status":"open","ping_status":"open","sticky":false,"template":"","format":"standard","meta":{"footnotes":""},"categories":[4],"tags":[],"class_list":["post-57306","post","type-post","status-publish","format-standard","has-post-thumbnail","hentry","category-madero"],"yoast_head":"<!-- This site is optimized with the Yoast SEO plugin v27.5 - https:\/\/yoast.com\/product\/yoast-seo-wordpress\/ -->\n<title>Dos Accidentes En Playa Miramar Durante El Fin De Semana; Hay Tres Lesionados. - EL INFORMATIVO DE TAMAULIPAS<\/title>\n<meta name=\"description\" content=\"Cd. Madero, Tamaulipas.- Playa Miramar registr\u00f3 dos accidentes durante el fin de semana, lo que moviliz\u00f3 a personal de emergencia y guardavidas de\" \/>\n<meta name=\"robots\" content=\"index, follow, max-snippet:-1, max-image-preview:large, max-video-preview:-1\" \/>\n<link rel=\"canonical\" href=\"https:\/\/elinformativotam.com\/index.php\/2026\/03\/02\/dos-accidentes-en-playa-miramar-durante-el-fin-de-semana-hay-tres-lesionados\/\" \/>\n<meta property=\"og:locale\" content=\"es_MX\" \/>\n<meta property=\"og:type\" content=\"article\" \/>\n<meta property=\"og:title\" content=\"Dos Accidentes En Playa Miramar Durante El Fin De Semana; Hay Tres Lesionados. - EL INFORMATIVO DE TAMAULIPAS\" \/>\n<meta property=\"og:description\" content=\"Cd. Madero, Tamaulipas.- Playa Miramar registr\u00f3 dos accidentes durante el fin de semana, lo que moviliz\u00f3 a personal de emergencia y guardavidas de\" \/>\n<meta property=\"og:url\" content=\"https:\/\/elinformativotam.com\/index.php\/2026\/03\/02\/dos-accidentes-en-playa-miramar-durante-el-fin-de-semana-hay-tres-lesionados\/\" \/>\n<meta property=\"og:site_name\" content=\"EL INFORMATIVO DE TAMAULIPAS\" \/>\n<meta property=\"article:published_time\" content=\"2026-03-03T03:38:04+00:00\" \/>\n<meta property=\"og:image\" content=\"https:\/\/elinformativotam.com\/wp-content\/uploads\/2026\/03\/Accidentes.jpg\" \/>\n\t<meta property=\"og:image:width\" content=\"1599\" \/>\n\t<meta property=\"og:image:height\" content=\"899\" \/>\n\t<meta property=\"og:image:type\" content=\"image\/jpeg\" \/>\n<meta name=\"author\" content=\"El Informativo Tam\" \/>\n<meta name=\"twitter:card\" content=\"summary_large_image\" \/>\n<meta name=\"twitter:label1\" content=\"Escrito por\" \/>\n\t<meta name=\"twitter:data1\" content=\"El Informativo Tam\" \/>\n\t<meta name=\"twitter:label2\" content=\"Tiempo de lectura\" \/>\n\t<meta name=\"twitter:data2\" content=\"1 minuto\" \/>\n<script type=\"application\/ld+json\" class=\"yoast-schema-graph\">{\"@context\":\"https:\\\/\\\/schema.org\",\"@graph\":[{\"@type\":\"Article\",\"@id\":\"https:\\\/\\\/elinformativotam.com\\\/index.php\\\/2026\\\/03\\\/02\\\/dos-accidentes-en-playa-miramar-durante-el-fin-de-semana-hay-tres-lesionados\\\/#article\",\"isPartOf\":{\"@id\":\"https:\\\/\\\/elinformativotam.com\\\/index.php\\\/2026\\\/03\\\/02\\\/dos-accidentes-en-playa-miramar-durante-el-fin-de-semana-hay-tres-lesionados\\\/\"},\"author\":{\"name\":\"El Informativo Tam\",\"@id\":\"https:\\\/\\\/elinformativotam.com\\\/#\\\/schema\\\/person\\\/78e08040eed0f6110f0c5f83b6153590\"},\"headline\":\"Dos Accidentes En Playa Miramar Durante El Fin De Semana; Hay Tres Lesionados.\",\"datePublished\":\"2026-03-03T03:38:04+00:00\",\"mainEntityOfPage\":{\"@id\":\"https:\\\/\\\/elinformativotam.com\\\/index.php\\\/2026\\\/03\\\/02\\\/dos-accidentes-en-playa-miramar-durante-el-fin-de-semana-hay-tres-lesionados\\\/\"},\"wordCount\":254,\"commentCount\":0,\"publisher\":{\"@id\":\"https:\\\/\\\/elinformativotam.com\\\/#organization\"},\"image\":{\"@id\":\"https:\\\/\\\/elinformativotam.com\\\/index.php\\\/2026\\\/03\\\/02\\\/dos-accidentes-en-playa-miramar-durante-el-fin-de-semana-hay-tres-lesionados\\\/#primaryimage\"},\"thumbnailUrl\":\"https:\\\/\\\/elinformativotam.com\\\/wp-content\\\/uploads\\\/2026\\\/03\\\/Accidentes.jpg\",\"articleSection\":[\"Cd Madero\"],\"inLanguage\":\"es\",\"potentialAction\":[{\"@type\":\"CommentAction\",\"name\":\"Comment\",\"target\":[\"https:\\\/\\\/elinformativotam.com\\\/index.php\\\/2026\\\/03\\\/02\\\/dos-accidentes-en-playa-miramar-durante-el-fin-de-semana-hay-tres-lesionados\\\/#respond\"]}]},{\"@type\":\"WebPage\",\"@id\":\"https:\\\/\\\/elinformativotam.com\\\/index.php\\\/2026\\\/03\\\/02\\\/dos-accidentes-en-playa-miramar-durante-el-fin-de-semana-hay-tres-lesionados\\\/\",\"url\":\"https:\\\/\\\/elinformativotam.com\\\/index.php\\\/2026\\\/03\\\/02\\\/dos-accidentes-en-playa-miramar-durante-el-fin-de-semana-hay-tres-lesionados\\\/\",\"name\":\"Dos Accidentes En Playa Miramar Durante El Fin De Semana; Hay Tres Lesionados. - EL INFORMATIVO DE TAMAULIPAS\",\"isPartOf\":{\"@id\":\"https:\\\/\\\/elinformativotam.com\\\/#website\"},\"primaryImageOfPage\":{\"@id\":\"https:\\\/\\\/elinformativotam.com\\\/index.php\\\/2026\\\/03\\\/02\\\/dos-accidentes-en-playa-miramar-durante-el-fin-de-semana-hay-tres-lesionados\\\/#primaryimage\"},\"image\":{\"@id\":\"https:\\\/\\\/elinformativotam.com\\\/index.php\\\/2026\\\/03\\\/02\\\/dos-accidentes-en-playa-miramar-durante-el-fin-de-semana-hay-tres-lesionados\\\/#primaryimage\"},\"thumbnailUrl\":\"https:\\\/\\\/elinformativotam.com\\\/wp-content\\\/uploads\\\/2026\\\/03\\\/Accidentes.jpg\",\"datePublished\":\"2026-03-03T03:38:04+00:00\",\"description\":\"Cd. Madero, Tamaulipas.- Playa Miramar registr\u00f3 dos accidentes durante el fin de semana, lo que moviliz\u00f3 a personal de emergencia y guardavidas de\",\"inLanguage\":\"es\",\"potentialAction\":[{\"@type\":\"ReadAction\",\"target\":[\"https:\\\/\\\/elinformativotam.com\\\/index.php\\\/2026\\\/03\\\/02\\\/dos-accidentes-en-playa-miramar-durante-el-fin-de-semana-hay-tres-lesionados\\\/\"]}]},{\"@type\":\"ImageObject\",\"inLanguage\":\"es\",\"@id\":\"https:\\\/\\\/elinformativotam.com\\\/index.php\\\/2026\\\/03\\\/02\\\/dos-accidentes-en-playa-miramar-durante-el-fin-de-semana-hay-tres-lesionados\\\/#primaryimage\",\"url\":\"https:\\\/\\\/elinformativotam.com\\\/wp-content\\\/uploads\\\/2026\\\/03\\\/Accidentes.jpg\",\"contentUrl\":\"https:\\\/\\\/elinformativotam.com\\\/wp-content\\\/uploads\\\/2026\\\/03\\\/Accidentes.jpg\",\"width\":1599,\"height\":899},{\"@type\":\"WebSite\",\"@id\":\"https:\\\/\\\/elinformativotam.com\\\/#website\",\"url\":\"https:\\\/\\\/elinformativotam.com\\\/\",\"name\":\"EL INFORMATIVO DE TAMAULIPAS\",\"description\":\"Desde la Zona Metropolitana Para Todo M\u00e9xico\",\"publisher\":{\"@id\":\"https:\\\/\\\/elinformativotam.com\\\/#organization\"},\"potentialAction\":[{\"@type\":\"SearchAction\",\"target\":{\"@type\":\"EntryPoint\",\"urlTemplate\":\"https:\\\/\\\/elinformativotam.com\\\/?s={search_term_string}\"},\"query-input\":{\"@type\":\"PropertyValueSpecification\",\"valueRequired\":true,\"valueName\":\"search_term_string\"}}],\"inLanguage\":\"es\"},{\"@type\":\"Organization\",\"@id\":\"https:\\\/\\\/elinformativotam.com\\\/#organization\",\"name\":\"EL INFORMATIVO DE TAMAULIPAS\",\"url\":\"https:\\\/\\\/elinformativotam.com\\\/\",\"logo\":{\"@type\":\"ImageObject\",\"inLanguage\":\"es\",\"@id\":\"https:\\\/\\\/elinformativotam.com\\\/#\\\/schema\\\/logo\\\/image\\\/\",\"url\":\"https:\\\/\\\/elinformativotam.com\\\/wp-content\\\/uploads\\\/2026\\\/02\\\/Cabezal.png\",\"contentUrl\":\"https:\\\/\\\/elinformativotam.com\\\/wp-content\\\/uploads\\\/2026\\\/02\\\/Cabezal.png\",\"width\":960,\"height\":640,\"caption\":\"EL INFORMATIVO DE TAMAULIPAS\"},\"image\":{\"@id\":\"https:\\\/\\\/elinformativotam.com\\\/#\\\/schema\\\/logo\\\/image\\\/\"}},{\"@type\":\"Person\",\"@id\":\"https:\\\/\\\/elinformativotam.com\\\/#\\\/schema\\\/person\\\/78e08040eed0f6110f0c5f83b6153590\",\"name\":\"El Informativo Tam\",\"image\":{\"@type\":\"ImageObject\",\"inLanguage\":\"es\",\"@id\":\"https:\\\/\\\/secure.gravatar.com\\\/avatar\\\/f3b7ad3af540688955925ac610647be00b0cf41feea9c4978b73a707ee86bc53?s=96&d=mm&r=g\",\"url\":\"https:\\\/\\\/secure.gravatar.com\\\/avatar\\\/f3b7ad3af540688955925ac610647be00b0cf41feea9c4978b73a707ee86bc53?s=96&d=mm&r=g\",\"contentUrl\":\"https:\\\/\\\/secure.gravatar.com\\\/avatar\\\/f3b7ad3af540688955925ac610647be00b0cf41feea9c4978b73a707ee86bc53?s=96&d=mm&r=g\",\"caption\":\"El Informativo Tam\"}}]}<\/script>\n<!-- \/ Yoast SEO plugin. -->","yoast_head_json":{"title":"Dos Accidentes En Playa Miramar Durante El Fin De Semana; Hay Tres Lesionados. - EL INFORMATIVO DE TAMAULIPAS","description":"Cd. Madero, Tamaulipas.- Playa Miramar registr\u00f3 dos accidentes durante el fin de semana, lo que moviliz\u00f3 a personal de emergencia y guardavidas de","robots":{"index":"index","follow":"follow","max-snippet":"max-snippet:-1","max-image-preview":"max-image-preview:large","max-video-preview":"max-video-preview:-1"},"canonical":"https:\/\/elinformativotam.com\/index.php\/2026\/03\/02\/dos-accidentes-en-playa-miramar-durante-el-fin-de-semana-hay-tres-lesionados\/","og_locale":"es_MX","og_type":"article","og_title":"Dos Accidentes En Playa Miramar Durante El Fin De Semana; Hay Tres Lesionados. - EL INFORMATIVO DE TAMAULIPAS","og_description":"Cd. Madero, Tamaulipas.- Playa Miramar registr\u00f3 dos accidentes durante el fin de semana, lo que moviliz\u00f3 a personal de emergencia y guardavidas de","og_url":"https:\/\/elinformativotam.com\/index.php\/2026\/03\/02\/dos-accidentes-en-playa-miramar-durante-el-fin-de-semana-hay-tres-lesionados\/","og_site_name":"EL INFORMATIVO DE TAMAULIPAS","article_published_time":"2026-03-03T03:38:04+00:00","og_image":[{"width":1599,"height":899,"url":"https:\/\/elinformativotam.com\/wp-content\/uploads\/2026\/03\/Accidentes.jpg","type":"image\/jpeg"}],"author":"El Informativo Tam","twitter_card":"summary_large_image","twitter_misc":{"Escrito por":"El Informativo Tam","Tiempo de lectura":"1 minuto"},"schema":{"@context":"https:\/\/schema.org","@graph":[{"@type":"Article","@id":"https:\/\/elinformativotam.com\/index.php\/2026\/03\/02\/dos-accidentes-en-playa-miramar-durante-el-fin-de-semana-hay-tres-lesionados\/#article","isPartOf":{"@id":"https:\/\/elinformativotam.com\/index.php\/2026\/03\/02\/dos-accidentes-en-playa-miramar-durante-el-fin-de-semana-hay-tres-lesionados\/"},"author":{"name":"El Informativo Tam","@id":"https:\/\/elinformativotam.com\/#\/schema\/person\/78e08040eed0f6110f0c5f83b6153590"},"headline":"Dos Accidentes En Playa Miramar Durante El Fin De Semana; Hay Tres Lesionados.","datePublished":"2026-03-03T03:38:04+00:00","mainEntityOfPage":{"@id":"https:\/\/elinformativotam.com\/index.php\/2026\/03\/02\/dos-accidentes-en-playa-miramar-durante-el-fin-de-semana-hay-tres-lesionados\/"},"wordCount":254,"commentCount":0,"publisher":{"@id":"https:\/\/elinformativotam.com\/#organization"},"image":{"@id":"https:\/\/elinformativotam.com\/index.php\/2026\/03\/02\/dos-accidentes-en-playa-miramar-durante-el-fin-de-semana-hay-tres-lesionados\/#primaryimage"},"thumbnailUrl":"https:\/\/elinformativotam.com\/wp-content\/uploads\/2026\/03\/Accidentes.jpg","articleSection":["Cd Madero"],"inLanguage":"es","potentialAction":[{"@type":"CommentAction","name":"Comment","target":["https:\/\/elinformativotam.com\/index.php\/2026\/03\/02\/dos-accidentes-en-playa-miramar-durante-el-fin-de-semana-hay-tres-lesionados\/#respond"]}]},{"@type":"WebPage","@id":"https:\/\/elinformativotam.com\/index.php\/2026\/03\/02\/dos-accidentes-en-playa-miramar-durante-el-fin-de-semana-hay-tres-lesionados\/","url":"https:\/\/elinformativotam.com\/index.php\/2026\/03\/02\/dos-accidentes-en-playa-miramar-durante-el-fin-de-semana-hay-tres-lesionados\/","name":"Dos Accidentes En Playa Miramar Durante El Fin De Semana; Hay Tres Lesionados. - EL INFORMATIVO DE TAMAULIPAS","isPartOf":{"@id":"https:\/\/elinformativotam.com\/#website"},"primaryImageOfPage":{"@id":"https:\/\/elinformativotam.com\/index.php\/2026\/03\/02\/dos-accidentes-en-playa-miramar-durante-el-fin-de-semana-hay-tres-lesionados\/#primaryimage"},"image":{"@id":"https:\/\/elinformativotam.com\/index.php\/2026\/03\/02\/dos-accidentes-en-playa-miramar-durante-el-fin-de-semana-hay-tres-lesionados\/#primaryimage"},"thumbnailUrl":"https:\/\/elinformativotam.com\/wp-content\/uploads\/2026\/03\/Accidentes.jpg","datePublished":"2026-03-03T03:38:04+00:00","description":"Cd. Madero, Tamaulipas.- Playa Miramar registr\u00f3 dos accidentes durante el fin de semana, lo que moviliz\u00f3 a personal de emergencia y guardavidas de","inLanguage":"es","potentialAction":[{"@type":"ReadAction","target":["https:\/\/elinformativotam.com\/index.php\/2026\/03\/02\/dos-accidentes-en-playa-miramar-durante-el-fin-de-semana-hay-tres-lesionados\/"]}]},{"@type":"ImageObject","inLanguage":"es","@id":"https:\/\/elinformativotam.com\/index.php\/2026\/03\/02\/dos-accidentes-en-playa-miramar-durante-el-fin-de-semana-hay-tres-lesionados\/#primaryimage","url":"https:\/\/elinformativotam.com\/wp-content\/uploads\/2026\/03\/Accidentes.jpg","contentUrl":"https:\/\/elinformativotam.com\/wp-content\/uploads\/2026\/03\/Accidentes.jpg","width":1599,"height":899},{"@type":"WebSite","@id":"https:\/\/elinformativotam.com\/#website","url":"https:\/\/elinformativotam.com\/","name":"EL INFORMATIVO DE TAMAULIPAS","description":"Desde la Zona Metropolitana Para Todo M\u00e9xico","publisher":{"@id":"https:\/\/elinformativotam.com\/#organization"},"potentialAction":[{"@type":"SearchAction","target":{"@type":"EntryPoint","urlTemplate":"https:\/\/elinformativotam.com\/?s={search_term_string}"},"query-input":{"@type":"PropertyValueSpecification","valueRequired":true,"valueName":"search_term_string"}}],"inLanguage":"es"},{"@type":"Organization","@id":"https:\/\/elinformativotam.com\/#organization","name":"EL INFORMATIVO DE TAMAULIPAS","url":"https:\/\/elinformativotam.com\/","logo":{"@type":"ImageObject","inLanguage":"es","@id":"https:\/\/elinformativotam.com\/#\/schema\/logo\/image\/","url":"https:\/\/elinformativotam.com\/wp-content\/uploads\/2026\/02\/Cabezal.png","contentUrl":"https:\/\/elinformativotam.com\/wp-content\/uploads\/2026\/02\/Cabezal.png","width":960,"height":640,"caption":"EL INFORMATIVO DE TAMAULIPAS"},"image":{"@id":"https:\/\/elinformativotam.com\/#\/schema\/logo\/image\/"}},{"@type":"Person","@id":"https:\/\/elinformativotam.com\/#\/schema\/person\/78e08040eed0f6110f0c5f83b6153590","name":"El Informativo Tam","image":{"@type":"ImageObject","inLanguage":"es","@id":"https:\/\/secure.gravatar.com\/avatar\/f3b7ad3af540688955925ac610647be00b0cf41feea9c4978b73a707ee86bc53?s=96&d=mm&r=g","url":"https:\/\/secure.gravatar.com\/avatar\/f3b7ad3af540688955925ac610647be00b0cf41feea9c4978b73a707ee86bc53?s=96&d=mm&r=g","contentUrl":"https:\/\/secure.gravatar.com\/avatar\/f3b7ad3af540688955925ac610647be00b0cf41feea9c4978b73a707ee86bc53?s=96&d=mm&r=g","caption":"El Informativo Tam"}}]}},"_links":{"self":[{"href":"https:\/\/elinformativotam.com\/index.php\/wp-json\/wp\/v2\/posts\/57306","targetHints":{"allow":["GET"]}}],"collection":[{"href":"https:\/\/elinformativotam.com\/index.php\/wp-json\/wp\/v2\/posts"}],"about":[{"href":"https:\/\/elinformativotam.com\/index.php\/wp-json\/wp\/v2\/types\/post"}],"author":[{"embeddable":true,"href":"https:\/\/elinformativotam.com\/index.php\/wp-json\/wp\/v2\/users\/1"}],"replies":[{"embeddable":true,"href":"https:\/\/elinformativotam.com\/index.php\/wp-json\/wp\/v2\/comments?post=57306"}],"version-history":[{"count":1,"href":"https:\/\/elinformativotam.com\/index.php\/wp-json\/wp\/v2\/posts\/57306\/revisions"}],"predecessor-version":[{"id":57307,"href":"https:\/\/elinformativotam.com\/index.php\/wp-json\/wp\/v2\/posts\/57306\/revisions\/57307"}],"wp:featuredmedia":[{"embeddable":true,"href":"https:\/\/elinformativotam.com\/index.php\/wp-json\/wp\/v2\/media\/57299"}],"wp:attachment":[{"href":"https:\/\/elinformativotam.com\/index.php\/wp-json\/wp\/v2\/media?parent=57306"}],"wp:term":[{"taxonomy":"category","embeddable":true,"href":"https:\/\/elinformativotam.com\/index.php\/wp-json\/wp\/v2\/categories?post=57306"},{"taxonomy":"post_tag","embeddable":true,"href":"https:\/\/elinformativotam.com\/index.php\/wp-json\/wp\/v2\/tags?post=57306"}],"curies":[{"name":"wp","href":"https:\/\/api.w.org\/{rel}","templated":true}]}}