{"id":57304,"date":"2026-03-02T21:37:26","date_gmt":"2026-03-03T03:37:26","guid":{"rendered":"https:\/\/elinformativotam.com\/?p=57304"},"modified":"2026-03-02T21:37:26","modified_gmt":"2026-03-03T03:37:26","slug":"mas-de-mil-480-dosis-contra-el-sarampion-aplicadas-en-tampico-durante-jornada-masiva","status":"publish","type":"post","link":"https:\/\/elinformativotam.com\/index.php\/2026\/03\/02\/mas-de-mil-480-dosis-contra-el-sarampion-aplicadas-en-tampico-durante-jornada-masiva\/","title":{"rendered":"M\u00e1s De Mil 480 Dosis Contra El Sarampi\u00f3n Aplicadas En Tampico Durante Jornada Masiva"},"content":{"rendered":"<p>Tampico, Tamaulipas.\u2014 Con el objetivo de reforzar la protecci\u00f3n de la poblaci\u00f3n ante posibles brotes, el Ayuntamiento de Tampico aplic\u00f3 mil 480 dosis de vacuna contra el sarampi\u00f3n durante una jornada masiva realizada en la Plaza de Armas de Tampico.<\/p>\n<p>&nbsp;<\/p>\n<p>La Dra. Mar\u00eda Ofelia Cant\u00fa Rodr\u00edguez, directora de Servicios M\u00e9dicos municipales, inform\u00f3 que en total se atendi\u00f3 a 2 mil 137 personas durante la campa\u00f1a, destacando que la mayor\u00eda acudi\u00f3 para recibir el biol\u00f3gico contra esta enfermedad altamente contagiosa.<\/p>\n<p>&nbsp;<\/p>\n<p>La funcionaria subray\u00f3 que el sarampi\u00f3n puede generar complicaciones graves, principalmente en menores de edad y personas con sistemas inmunol\u00f3gicos debilitados, por lo que mantener actualizado el esquema de vacunaci\u00f3n es fundamental.<\/p>\n<p>&nbsp;<\/p>\n<p>Asimismo, reiter\u00f3 el llamado a padres de familia y ciudadan\u00eda en general para acudir a las pr\u00f3ximas jornadas y verificar su cartilla de vacunaci\u00f3n, recordando que la prevenci\u00f3n es la herramienta m\u00e1s eficaz para evitar brotes y proteger la salud p\u00fablica en el municipio.<\/p>\n<p>#elinformativodetamaulipas<\/p>\n","protected":false},"excerpt":{"rendered":"<p>Tampico, Tamaulipas.\u2014 Con el objetivo de reforzar la protecci\u00f3n de la poblaci\u00f3n ante posibles brotes, el Ayuntamiento de Tampico aplic\u00f3&hellip;<\/p>\n","protected":false},"author":1,"featured_media":57302,"comment_status":"open","ping_status":"open","sticky":false,"template":"","format":"standard","meta":{"footnotes":""},"categories":[3],"tags":[],"class_list":["post-57304","post","type-post","status-publish","format-standard","has-post-thumbnail","hentry","category-tampico"],"yoast_head":"<!-- This site is optimized with the Yoast SEO plugin v27.5 - https:\/\/yoast.com\/product\/yoast-seo-wordpress\/ -->\n<title>M\u00e1s De Mil 480 Dosis Contra El Sarampi\u00f3n Aplicadas En Tampico Durante Jornada Masiva - EL INFORMATIVO DE TAMAULIPAS<\/title>\n<meta name=\"description\" content=\"Tampico, Tamaulipas.\u2014 Con el objetivo de reforzar la protecci\u00f3n de la poblaci\u00f3n ante posibles brotes, el Ayuntamiento de Tampico aplic\u00f3 mil 480 dosis de\" \/>\n<meta name=\"robots\" content=\"index, follow, max-snippet:-1, max-image-preview:large, max-video-preview:-1\" \/>\n<link rel=\"canonical\" href=\"https:\/\/elinformativotam.com\/index.php\/2026\/03\/02\/mas-de-mil-480-dosis-contra-el-sarampion-aplicadas-en-tampico-durante-jornada-masiva\/\" \/>\n<meta property=\"og:locale\" content=\"es_MX\" \/>\n<meta property=\"og:type\" content=\"article\" \/>\n<meta property=\"og:title\" content=\"M\u00e1s De Mil 480 Dosis Contra El Sarampi\u00f3n Aplicadas En Tampico Durante Jornada Masiva - EL INFORMATIVO DE TAMAULIPAS\" \/>\n<meta property=\"og:description\" content=\"Tampico, Tamaulipas.\u2014 Con el objetivo de reforzar la protecci\u00f3n de la poblaci\u00f3n ante posibles brotes, el Ayuntamiento de Tampico aplic\u00f3 mil 480 dosis de\" \/>\n<meta property=\"og:url\" content=\"https:\/\/elinformativotam.com\/index.php\/2026\/03\/02\/mas-de-mil-480-dosis-contra-el-sarampion-aplicadas-en-tampico-durante-jornada-masiva\/\" \/>\n<meta property=\"og:site_name\" content=\"EL INFORMATIVO DE TAMAULIPAS\" \/>\n<meta property=\"article:published_time\" content=\"2026-03-03T03:37:26+00:00\" \/>\n<meta property=\"og:image\" content=\"https:\/\/elinformativotam.com\/wp-content\/uploads\/2026\/03\/Ofelia.jpg\" \/>\n\t<meta property=\"og:image:width\" content=\"785\" \/>\n\t<meta property=\"og:image:height\" content=\"801\" \/>\n\t<meta property=\"og:image:type\" content=\"image\/jpeg\" \/>\n<meta name=\"author\" content=\"El Informativo Tam\" \/>\n<meta name=\"twitter:card\" content=\"summary_large_image\" \/>\n<meta name=\"twitter:label1\" content=\"Escrito por\" \/>\n\t<meta name=\"twitter:data1\" content=\"El Informativo Tam\" \/>\n\t<meta name=\"twitter:label2\" content=\"Tiempo de lectura\" \/>\n\t<meta name=\"twitter:data2\" content=\"1 minuto\" \/>\n<script type=\"application\/ld+json\" class=\"yoast-schema-graph\">{\"@context\":\"https:\\\/\\\/schema.org\",\"@graph\":[{\"@type\":\"Article\",\"@id\":\"https:\\\/\\\/elinformativotam.com\\\/index.php\\\/2026\\\/03\\\/02\\\/mas-de-mil-480-dosis-contra-el-sarampion-aplicadas-en-tampico-durante-jornada-masiva\\\/#article\",\"isPartOf\":{\"@id\":\"https:\\\/\\\/elinformativotam.com\\\/index.php\\\/2026\\\/03\\\/02\\\/mas-de-mil-480-dosis-contra-el-sarampion-aplicadas-en-tampico-durante-jornada-masiva\\\/\"},\"author\":{\"name\":\"El Informativo Tam\",\"@id\":\"https:\\\/\\\/elinformativotam.com\\\/#\\\/schema\\\/person\\\/78e08040eed0f6110f0c5f83b6153590\"},\"headline\":\"M\u00e1s De Mil 480 Dosis Contra El Sarampi\u00f3n Aplicadas En Tampico Durante Jornada Masiva\",\"datePublished\":\"2026-03-03T03:37:26+00:00\",\"mainEntityOfPage\":{\"@id\":\"https:\\\/\\\/elinformativotam.com\\\/index.php\\\/2026\\\/03\\\/02\\\/mas-de-mil-480-dosis-contra-el-sarampion-aplicadas-en-tampico-durante-jornada-masiva\\\/\"},\"wordCount\":189,\"commentCount\":0,\"publisher\":{\"@id\":\"https:\\\/\\\/elinformativotam.com\\\/#organization\"},\"image\":{\"@id\":\"https:\\\/\\\/elinformativotam.com\\\/index.php\\\/2026\\\/03\\\/02\\\/mas-de-mil-480-dosis-contra-el-sarampion-aplicadas-en-tampico-durante-jornada-masiva\\\/#primaryimage\"},\"thumbnailUrl\":\"https:\\\/\\\/elinformativotam.com\\\/wp-content\\\/uploads\\\/2026\\\/03\\\/Ofelia.jpg\",\"articleSection\":[\"Tampico\"],\"inLanguage\":\"es\",\"potentialAction\":[{\"@type\":\"CommentAction\",\"name\":\"Comment\",\"target\":[\"https:\\\/\\\/elinformativotam.com\\\/index.php\\\/2026\\\/03\\\/02\\\/mas-de-mil-480-dosis-contra-el-sarampion-aplicadas-en-tampico-durante-jornada-masiva\\\/#respond\"]}]},{\"@type\":\"WebPage\",\"@id\":\"https:\\\/\\\/elinformativotam.com\\\/index.php\\\/2026\\\/03\\\/02\\\/mas-de-mil-480-dosis-contra-el-sarampion-aplicadas-en-tampico-durante-jornada-masiva\\\/\",\"url\":\"https:\\\/\\\/elinformativotam.com\\\/index.php\\\/2026\\\/03\\\/02\\\/mas-de-mil-480-dosis-contra-el-sarampion-aplicadas-en-tampico-durante-jornada-masiva\\\/\",\"name\":\"M\u00e1s De Mil 480 Dosis Contra El Sarampi\u00f3n Aplicadas En Tampico Durante Jornada Masiva - EL INFORMATIVO DE TAMAULIPAS\",\"isPartOf\":{\"@id\":\"https:\\\/\\\/elinformativotam.com\\\/#website\"},\"primaryImageOfPage\":{\"@id\":\"https:\\\/\\\/elinformativotam.com\\\/index.php\\\/2026\\\/03\\\/02\\\/mas-de-mil-480-dosis-contra-el-sarampion-aplicadas-en-tampico-durante-jornada-masiva\\\/#primaryimage\"},\"image\":{\"@id\":\"https:\\\/\\\/elinformativotam.com\\\/index.php\\\/2026\\\/03\\\/02\\\/mas-de-mil-480-dosis-contra-el-sarampion-aplicadas-en-tampico-durante-jornada-masiva\\\/#primaryimage\"},\"thumbnailUrl\":\"https:\\\/\\\/elinformativotam.com\\\/wp-content\\\/uploads\\\/2026\\\/03\\\/Ofelia.jpg\",\"datePublished\":\"2026-03-03T03:37:26+00:00\",\"description\":\"Tampico, Tamaulipas.\u2014 Con el objetivo de reforzar la protecci\u00f3n de la poblaci\u00f3n ante posibles brotes, el Ayuntamiento de Tampico aplic\u00f3 mil 480 dosis de\",\"inLanguage\":\"es\",\"potentialAction\":[{\"@type\":\"ReadAction\",\"target\":[\"https:\\\/\\\/elinformativotam.com\\\/index.php\\\/2026\\\/03\\\/02\\\/mas-de-mil-480-dosis-contra-el-sarampion-aplicadas-en-tampico-durante-jornada-masiva\\\/\"]}]},{\"@type\":\"ImageObject\",\"inLanguage\":\"es\",\"@id\":\"https:\\\/\\\/elinformativotam.com\\\/index.php\\\/2026\\\/03\\\/02\\\/mas-de-mil-480-dosis-contra-el-sarampion-aplicadas-en-tampico-durante-jornada-masiva\\\/#primaryimage\",\"url\":\"https:\\\/\\\/elinformativotam.com\\\/wp-content\\\/uploads\\\/2026\\\/03\\\/Ofelia.jpg\",\"contentUrl\":\"https:\\\/\\\/elinformativotam.com\\\/wp-content\\\/uploads\\\/2026\\\/03\\\/Ofelia.jpg\",\"width\":785,\"height\":801},{\"@type\":\"WebSite\",\"@id\":\"https:\\\/\\\/elinformativotam.com\\\/#website\",\"url\":\"https:\\\/\\\/elinformativotam.com\\\/\",\"name\":\"EL INFORMATIVO DE TAMAULIPAS\",\"description\":\"Desde la Zona Metropolitana Para Todo M\u00e9xico\",\"publisher\":{\"@id\":\"https:\\\/\\\/elinformativotam.com\\\/#organization\"},\"potentialAction\":[{\"@type\":\"SearchAction\",\"target\":{\"@type\":\"EntryPoint\",\"urlTemplate\":\"https:\\\/\\\/elinformativotam.com\\\/?s={search_term_string}\"},\"query-input\":{\"@type\":\"PropertyValueSpecification\",\"valueRequired\":true,\"valueName\":\"search_term_string\"}}],\"inLanguage\":\"es\"},{\"@type\":\"Organization\",\"@id\":\"https:\\\/\\\/elinformativotam.com\\\/#organization\",\"name\":\"EL INFORMATIVO DE TAMAULIPAS\",\"url\":\"https:\\\/\\\/elinformativotam.com\\\/\",\"logo\":{\"@type\":\"ImageObject\",\"inLanguage\":\"es\",\"@id\":\"https:\\\/\\\/elinformativotam.com\\\/#\\\/schema\\\/logo\\\/image\\\/\",\"url\":\"https:\\\/\\\/elinformativotam.com\\\/wp-content\\\/uploads\\\/2026\\\/02\\\/Cabezal.png\",\"contentUrl\":\"https:\\\/\\\/elinformativotam.com\\\/wp-content\\\/uploads\\\/2026\\\/02\\\/Cabezal.png\",\"width\":960,\"height\":640,\"caption\":\"EL INFORMATIVO DE TAMAULIPAS\"},\"image\":{\"@id\":\"https:\\\/\\\/elinformativotam.com\\\/#\\\/schema\\\/logo\\\/image\\\/\"}},{\"@type\":\"Person\",\"@id\":\"https:\\\/\\\/elinformativotam.com\\\/#\\\/schema\\\/person\\\/78e08040eed0f6110f0c5f83b6153590\",\"name\":\"El Informativo Tam\",\"image\":{\"@type\":\"ImageObject\",\"inLanguage\":\"es\",\"@id\":\"https:\\\/\\\/secure.gravatar.com\\\/avatar\\\/f3b7ad3af540688955925ac610647be00b0cf41feea9c4978b73a707ee86bc53?s=96&d=mm&r=g\",\"url\":\"https:\\\/\\\/secure.gravatar.com\\\/avatar\\\/f3b7ad3af540688955925ac610647be00b0cf41feea9c4978b73a707ee86bc53?s=96&d=mm&r=g\",\"contentUrl\":\"https:\\\/\\\/secure.gravatar.com\\\/avatar\\\/f3b7ad3af540688955925ac610647be00b0cf41feea9c4978b73a707ee86bc53?s=96&d=mm&r=g\",\"caption\":\"El Informativo Tam\"}}]}<\/script>\n<!-- \/ Yoast SEO plugin. -->","yoast_head_json":{"title":"M\u00e1s De Mil 480 Dosis Contra El Sarampi\u00f3n Aplicadas En Tampico Durante Jornada Masiva - EL INFORMATIVO DE TAMAULIPAS","description":"Tampico, Tamaulipas.\u2014 Con el objetivo de reforzar la protecci\u00f3n de la poblaci\u00f3n ante posibles brotes, el Ayuntamiento de Tampico aplic\u00f3 mil 480 dosis de","robots":{"index":"index","follow":"follow","max-snippet":"max-snippet:-1","max-image-preview":"max-image-preview:large","max-video-preview":"max-video-preview:-1"},"canonical":"https:\/\/elinformativotam.com\/index.php\/2026\/03\/02\/mas-de-mil-480-dosis-contra-el-sarampion-aplicadas-en-tampico-durante-jornada-masiva\/","og_locale":"es_MX","og_type":"article","og_title":"M\u00e1s De Mil 480 Dosis Contra El Sarampi\u00f3n Aplicadas En Tampico Durante Jornada Masiva - EL INFORMATIVO DE TAMAULIPAS","og_description":"Tampico, Tamaulipas.\u2014 Con el objetivo de reforzar la protecci\u00f3n de la poblaci\u00f3n ante posibles brotes, el Ayuntamiento de Tampico aplic\u00f3 mil 480 dosis de","og_url":"https:\/\/elinformativotam.com\/index.php\/2026\/03\/02\/mas-de-mil-480-dosis-contra-el-sarampion-aplicadas-en-tampico-durante-jornada-masiva\/","og_site_name":"EL INFORMATIVO DE TAMAULIPAS","article_published_time":"2026-03-03T03:37:26+00:00","og_image":[{"width":785,"height":801,"url":"https:\/\/elinformativotam.com\/wp-content\/uploads\/2026\/03\/Ofelia.jpg","type":"image\/jpeg"}],"author":"El Informativo Tam","twitter_card":"summary_large_image","twitter_misc":{"Escrito por":"El Informativo Tam","Tiempo de lectura":"1 minuto"},"schema":{"@context":"https:\/\/schema.org","@graph":[{"@type":"Article","@id":"https:\/\/elinformativotam.com\/index.php\/2026\/03\/02\/mas-de-mil-480-dosis-contra-el-sarampion-aplicadas-en-tampico-durante-jornada-masiva\/#article","isPartOf":{"@id":"https:\/\/elinformativotam.com\/index.php\/2026\/03\/02\/mas-de-mil-480-dosis-contra-el-sarampion-aplicadas-en-tampico-durante-jornada-masiva\/"},"author":{"name":"El Informativo Tam","@id":"https:\/\/elinformativotam.com\/#\/schema\/person\/78e08040eed0f6110f0c5f83b6153590"},"headline":"M\u00e1s De Mil 480 Dosis Contra El Sarampi\u00f3n Aplicadas En Tampico Durante Jornada Masiva","datePublished":"2026-03-03T03:37:26+00:00","mainEntityOfPage":{"@id":"https:\/\/elinformativotam.com\/index.php\/2026\/03\/02\/mas-de-mil-480-dosis-contra-el-sarampion-aplicadas-en-tampico-durante-jornada-masiva\/"},"wordCount":189,"commentCount":0,"publisher":{"@id":"https:\/\/elinformativotam.com\/#organization"},"image":{"@id":"https:\/\/elinformativotam.com\/index.php\/2026\/03\/02\/mas-de-mil-480-dosis-contra-el-sarampion-aplicadas-en-tampico-durante-jornada-masiva\/#primaryimage"},"thumbnailUrl":"https:\/\/elinformativotam.com\/wp-content\/uploads\/2026\/03\/Ofelia.jpg","articleSection":["Tampico"],"inLanguage":"es","potentialAction":[{"@type":"CommentAction","name":"Comment","target":["https:\/\/elinformativotam.com\/index.php\/2026\/03\/02\/mas-de-mil-480-dosis-contra-el-sarampion-aplicadas-en-tampico-durante-jornada-masiva\/#respond"]}]},{"@type":"WebPage","@id":"https:\/\/elinformativotam.com\/index.php\/2026\/03\/02\/mas-de-mil-480-dosis-contra-el-sarampion-aplicadas-en-tampico-durante-jornada-masiva\/","url":"https:\/\/elinformativotam.com\/index.php\/2026\/03\/02\/mas-de-mil-480-dosis-contra-el-sarampion-aplicadas-en-tampico-durante-jornada-masiva\/","name":"M\u00e1s De Mil 480 Dosis Contra El Sarampi\u00f3n Aplicadas En Tampico Durante Jornada Masiva - EL INFORMATIVO DE TAMAULIPAS","isPartOf":{"@id":"https:\/\/elinformativotam.com\/#website"},"primaryImageOfPage":{"@id":"https:\/\/elinformativotam.com\/index.php\/2026\/03\/02\/mas-de-mil-480-dosis-contra-el-sarampion-aplicadas-en-tampico-durante-jornada-masiva\/#primaryimage"},"image":{"@id":"https:\/\/elinformativotam.com\/index.php\/2026\/03\/02\/mas-de-mil-480-dosis-contra-el-sarampion-aplicadas-en-tampico-durante-jornada-masiva\/#primaryimage"},"thumbnailUrl":"https:\/\/elinformativotam.com\/wp-content\/uploads\/2026\/03\/Ofelia.jpg","datePublished":"2026-03-03T03:37:26+00:00","description":"Tampico, Tamaulipas.\u2014 Con el objetivo de reforzar la protecci\u00f3n de la poblaci\u00f3n ante posibles brotes, el Ayuntamiento de Tampico aplic\u00f3 mil 480 dosis de","inLanguage":"es","potentialAction":[{"@type":"ReadAction","target":["https:\/\/elinformativotam.com\/index.php\/2026\/03\/02\/mas-de-mil-480-dosis-contra-el-sarampion-aplicadas-en-tampico-durante-jornada-masiva\/"]}]},{"@type":"ImageObject","inLanguage":"es","@id":"https:\/\/elinformativotam.com\/index.php\/2026\/03\/02\/mas-de-mil-480-dosis-contra-el-sarampion-aplicadas-en-tampico-durante-jornada-masiva\/#primaryimage","url":"https:\/\/elinformativotam.com\/wp-content\/uploads\/2026\/03\/Ofelia.jpg","contentUrl":"https:\/\/elinformativotam.com\/wp-content\/uploads\/2026\/03\/Ofelia.jpg","width":785,"height":801},{"@type":"WebSite","@id":"https:\/\/elinformativotam.com\/#website","url":"https:\/\/elinformativotam.com\/","name":"EL INFORMATIVO DE TAMAULIPAS","description":"Desde la Zona Metropolitana Para Todo M\u00e9xico","publisher":{"@id":"https:\/\/elinformativotam.com\/#organization"},"potentialAction":[{"@type":"SearchAction","target":{"@type":"EntryPoint","urlTemplate":"https:\/\/elinformativotam.com\/?s={search_term_string}"},"query-input":{"@type":"PropertyValueSpecification","valueRequired":true,"valueName":"search_term_string"}}],"inLanguage":"es"},{"@type":"Organization","@id":"https:\/\/elinformativotam.com\/#organization","name":"EL INFORMATIVO DE TAMAULIPAS","url":"https:\/\/elinformativotam.com\/","logo":{"@type":"ImageObject","inLanguage":"es","@id":"https:\/\/elinformativotam.com\/#\/schema\/logo\/image\/","url":"https:\/\/elinformativotam.com\/wp-content\/uploads\/2026\/02\/Cabezal.png","contentUrl":"https:\/\/elinformativotam.com\/wp-content\/uploads\/2026\/02\/Cabezal.png","width":960,"height":640,"caption":"EL INFORMATIVO DE TAMAULIPAS"},"image":{"@id":"https:\/\/elinformativotam.com\/#\/schema\/logo\/image\/"}},{"@type":"Person","@id":"https:\/\/elinformativotam.com\/#\/schema\/person\/78e08040eed0f6110f0c5f83b6153590","name":"El Informativo Tam","image":{"@type":"ImageObject","inLanguage":"es","@id":"https:\/\/secure.gravatar.com\/avatar\/f3b7ad3af540688955925ac610647be00b0cf41feea9c4978b73a707ee86bc53?s=96&d=mm&r=g","url":"https:\/\/secure.gravatar.com\/avatar\/f3b7ad3af540688955925ac610647be00b0cf41feea9c4978b73a707ee86bc53?s=96&d=mm&r=g","contentUrl":"https:\/\/secure.gravatar.com\/avatar\/f3b7ad3af540688955925ac610647be00b0cf41feea9c4978b73a707ee86bc53?s=96&d=mm&r=g","caption":"El Informativo Tam"}}]}},"_links":{"self":[{"href":"https:\/\/elinformativotam.com\/index.php\/wp-json\/wp\/v2\/posts\/57304","targetHints":{"allow":["GET"]}}],"collection":[{"href":"https:\/\/elinformativotam.com\/index.php\/wp-json\/wp\/v2\/posts"}],"about":[{"href":"https:\/\/elinformativotam.com\/index.php\/wp-json\/wp\/v2\/types\/post"}],"author":[{"embeddable":true,"href":"https:\/\/elinformativotam.com\/index.php\/wp-json\/wp\/v2\/users\/1"}],"replies":[{"embeddable":true,"href":"https:\/\/elinformativotam.com\/index.php\/wp-json\/wp\/v2\/comments?post=57304"}],"version-history":[{"count":1,"href":"https:\/\/elinformativotam.com\/index.php\/wp-json\/wp\/v2\/posts\/57304\/revisions"}],"predecessor-version":[{"id":57305,"href":"https:\/\/elinformativotam.com\/index.php\/wp-json\/wp\/v2\/posts\/57304\/revisions\/57305"}],"wp:featuredmedia":[{"embeddable":true,"href":"https:\/\/elinformativotam.com\/index.php\/wp-json\/wp\/v2\/media\/57302"}],"wp:attachment":[{"href":"https:\/\/elinformativotam.com\/index.php\/wp-json\/wp\/v2\/media?parent=57304"}],"wp:term":[{"taxonomy":"category","embeddable":true,"href":"https:\/\/elinformativotam.com\/index.php\/wp-json\/wp\/v2\/categories?post=57304"},{"taxonomy":"post_tag","embeddable":true,"href":"https:\/\/elinformativotam.com\/index.php\/wp-json\/wp\/v2\/tags?post=57304"}],"curies":[{"name":"wp","href":"https:\/\/api.w.org\/{rel}","templated":true}]}}