{"id":56994,"date":"2025-12-11T08:38:42","date_gmt":"2025-12-11T14:38:42","guid":{"rendered":"https:\/\/elinformativotam.com\/?p=56994"},"modified":"2025-12-11T08:38:42","modified_gmt":"2025-12-11T14:38:42","slug":"transporte-no-puede-aumentar-tarifa-advierten-multas-de-60-umas","status":"publish","type":"post","link":"https:\/\/elinformativotam.com\/index.php\/2025\/12\/11\/transporte-no-puede-aumentar-tarifa-advierten-multas-de-60-umas\/","title":{"rendered":"Transporte No Puede Aumentar Tarifa; Advierten Multas De 60 UMAS."},"content":{"rendered":"<p>El delegado del Transporte P\u00fablico en la zona sur de Tamaulipas, Francisco Goj\u00f3n Medina, inform\u00f3 que no existe autorizaci\u00f3n oficial para incrementar la tarifa del transporte p\u00fablico, por lo que cualquier ajuste en los costos representa una irregularidad y ser\u00e1 sancionado conforme a la ley.<\/p>\n<p>&nbsp;<\/p>\n<p>El funcionario detall\u00f3 que las rutas que aplicaron aumento a principios de diciembre ser\u00e1n sujetas a una sanci\u00f3n equivalente a 60 UMAS, medida que busca evitar abusos en plena temporada decembrina.<\/p>\n<p>&nbsp;<\/p>\n<p>Goj\u00f3n Medina in precisar la ruta, se\u00f1al\u00f3 que ya se aplic\u00f3 una sanci\u00f3n durante la semana pasada y que, hasta el momento, la dependencia cuenta con dos reportes formales de incremento indebido en el costo del pasaje.<\/p>\n<p>&nbsp;<\/p>\n<p>Pidi\u00f3 a los usuarios denunciar cualquier cobro no autorizado y reiter\u00f3 que la tarifa establecida se mantiene vigente sin cambios, adem\u00e1s de que la supervisi\u00f3n continuar\u00e1 en los siguientes d\u00edas para verificar que se respete el precio establecido.<\/p>\n","protected":false},"excerpt":{"rendered":"<p>El delegado del Transporte P\u00fablico en la zona sur de Tamaulipas, Francisco Goj\u00f3n Medina, inform\u00f3 que no existe autorizaci\u00f3n oficial&hellip;<\/p>\n","protected":false},"author":1,"featured_media":56991,"comment_status":"open","ping_status":"open","sticky":false,"template":"","format":"standard","meta":{"footnotes":""},"categories":[3],"tags":[],"class_list":["post-56994","post","type-post","status-publish","format-standard","has-post-thumbnail","hentry","category-tampico"],"yoast_head":"<!-- This site is optimized with the Yoast SEO plugin v27.5 - https:\/\/yoast.com\/product\/yoast-seo-wordpress\/ -->\n<title>Transporte No Puede Aumentar Tarifa; Advierten Multas De 60 UMAS. - EL INFORMATIVO DE TAMAULIPAS<\/title>\n<meta name=\"description\" content=\"El delegado del Transporte P\u00fablico en la zona sur de Tamaulipas, Francisco Goj\u00f3n Medina, inform\u00f3 que no existe autorizaci\u00f3n oficial para incrementar la\" \/>\n<meta name=\"robots\" content=\"index, follow, max-snippet:-1, max-image-preview:large, max-video-preview:-1\" \/>\n<link rel=\"canonical\" href=\"https:\/\/elinformativotam.com\/index.php\/2025\/12\/11\/transporte-no-puede-aumentar-tarifa-advierten-multas-de-60-umas\/\" \/>\n<meta property=\"og:locale\" content=\"es_MX\" \/>\n<meta property=\"og:type\" content=\"article\" \/>\n<meta property=\"og:title\" content=\"Transporte No Puede Aumentar Tarifa; Advierten Multas De 60 UMAS. - EL INFORMATIVO DE TAMAULIPAS\" \/>\n<meta property=\"og:description\" content=\"El delegado del Transporte P\u00fablico en la zona sur de Tamaulipas, Francisco Goj\u00f3n Medina, inform\u00f3 que no existe autorizaci\u00f3n oficial para incrementar la\" \/>\n<meta property=\"og:url\" content=\"https:\/\/elinformativotam.com\/index.php\/2025\/12\/11\/transporte-no-puede-aumentar-tarifa-advierten-multas-de-60-umas\/\" \/>\n<meta property=\"og:site_name\" content=\"EL INFORMATIVO DE TAMAULIPAS\" \/>\n<meta property=\"article:published_time\" content=\"2025-12-11T14:38:42+00:00\" \/>\n<meta property=\"og:image\" content=\"https:\/\/elinformativotam.com\/wp-content\/uploads\/2025\/12\/Transporte.jpg\" \/>\n\t<meta property=\"og:image:width\" content=\"1200\" \/>\n\t<meta property=\"og:image:height\" content=\"678\" \/>\n\t<meta property=\"og:image:type\" content=\"image\/jpeg\" \/>\n<meta name=\"author\" content=\"El Informativo Tam\" \/>\n<meta name=\"twitter:card\" content=\"summary_large_image\" \/>\n<meta name=\"twitter:label1\" content=\"Escrito por\" \/>\n\t<meta name=\"twitter:data1\" content=\"El Informativo Tam\" \/>\n\t<meta name=\"twitter:label2\" content=\"Tiempo de lectura\" \/>\n\t<meta name=\"twitter:data2\" content=\"1 minuto\" \/>\n<script type=\"application\/ld+json\" class=\"yoast-schema-graph\">{\"@context\":\"https:\\\/\\\/schema.org\",\"@graph\":[{\"@type\":\"Article\",\"@id\":\"https:\\\/\\\/elinformativotam.com\\\/index.php\\\/2025\\\/12\\\/11\\\/transporte-no-puede-aumentar-tarifa-advierten-multas-de-60-umas\\\/#article\",\"isPartOf\":{\"@id\":\"https:\\\/\\\/elinformativotam.com\\\/index.php\\\/2025\\\/12\\\/11\\\/transporte-no-puede-aumentar-tarifa-advierten-multas-de-60-umas\\\/\"},\"author\":{\"name\":\"El Informativo Tam\",\"@id\":\"https:\\\/\\\/elinformativotam.com\\\/#\\\/schema\\\/person\\\/78e08040eed0f6110f0c5f83b6153590\"},\"headline\":\"Transporte No Puede Aumentar Tarifa; Advierten Multas De 60 UMAS.\",\"datePublished\":\"2025-12-11T14:38:42+00:00\",\"mainEntityOfPage\":{\"@id\":\"https:\\\/\\\/elinformativotam.com\\\/index.php\\\/2025\\\/12\\\/11\\\/transporte-no-puede-aumentar-tarifa-advierten-multas-de-60-umas\\\/\"},\"wordCount\":174,\"commentCount\":0,\"publisher\":{\"@id\":\"https:\\\/\\\/elinformativotam.com\\\/#organization\"},\"image\":{\"@id\":\"https:\\\/\\\/elinformativotam.com\\\/index.php\\\/2025\\\/12\\\/11\\\/transporte-no-puede-aumentar-tarifa-advierten-multas-de-60-umas\\\/#primaryimage\"},\"thumbnailUrl\":\"https:\\\/\\\/elinformativotam.com\\\/wp-content\\\/uploads\\\/2025\\\/12\\\/Transporte.jpg\",\"articleSection\":[\"Tampico\"],\"inLanguage\":\"es\",\"potentialAction\":[{\"@type\":\"CommentAction\",\"name\":\"Comment\",\"target\":[\"https:\\\/\\\/elinformativotam.com\\\/index.php\\\/2025\\\/12\\\/11\\\/transporte-no-puede-aumentar-tarifa-advierten-multas-de-60-umas\\\/#respond\"]}]},{\"@type\":\"WebPage\",\"@id\":\"https:\\\/\\\/elinformativotam.com\\\/index.php\\\/2025\\\/12\\\/11\\\/transporte-no-puede-aumentar-tarifa-advierten-multas-de-60-umas\\\/\",\"url\":\"https:\\\/\\\/elinformativotam.com\\\/index.php\\\/2025\\\/12\\\/11\\\/transporte-no-puede-aumentar-tarifa-advierten-multas-de-60-umas\\\/\",\"name\":\"Transporte No Puede Aumentar Tarifa; Advierten Multas De 60 UMAS. - EL INFORMATIVO DE TAMAULIPAS\",\"isPartOf\":{\"@id\":\"https:\\\/\\\/elinformativotam.com\\\/#website\"},\"primaryImageOfPage\":{\"@id\":\"https:\\\/\\\/elinformativotam.com\\\/index.php\\\/2025\\\/12\\\/11\\\/transporte-no-puede-aumentar-tarifa-advierten-multas-de-60-umas\\\/#primaryimage\"},\"image\":{\"@id\":\"https:\\\/\\\/elinformativotam.com\\\/index.php\\\/2025\\\/12\\\/11\\\/transporte-no-puede-aumentar-tarifa-advierten-multas-de-60-umas\\\/#primaryimage\"},\"thumbnailUrl\":\"https:\\\/\\\/elinformativotam.com\\\/wp-content\\\/uploads\\\/2025\\\/12\\\/Transporte.jpg\",\"datePublished\":\"2025-12-11T14:38:42+00:00\",\"description\":\"El delegado del Transporte P\u00fablico en la zona sur de Tamaulipas, Francisco Goj\u00f3n Medina, inform\u00f3 que no existe autorizaci\u00f3n oficial para incrementar la\",\"inLanguage\":\"es\",\"potentialAction\":[{\"@type\":\"ReadAction\",\"target\":[\"https:\\\/\\\/elinformativotam.com\\\/index.php\\\/2025\\\/12\\\/11\\\/transporte-no-puede-aumentar-tarifa-advierten-multas-de-60-umas\\\/\"]}]},{\"@type\":\"ImageObject\",\"inLanguage\":\"es\",\"@id\":\"https:\\\/\\\/elinformativotam.com\\\/index.php\\\/2025\\\/12\\\/11\\\/transporte-no-puede-aumentar-tarifa-advierten-multas-de-60-umas\\\/#primaryimage\",\"url\":\"https:\\\/\\\/elinformativotam.com\\\/wp-content\\\/uploads\\\/2025\\\/12\\\/Transporte.jpg\",\"contentUrl\":\"https:\\\/\\\/elinformativotam.com\\\/wp-content\\\/uploads\\\/2025\\\/12\\\/Transporte.jpg\",\"width\":1200,\"height\":678},{\"@type\":\"WebSite\",\"@id\":\"https:\\\/\\\/elinformativotam.com\\\/#website\",\"url\":\"https:\\\/\\\/elinformativotam.com\\\/\",\"name\":\"EL INFORMATIVO DE TAMAULIPAS\",\"description\":\"Desde la Zona Metropolitana Para Todo M\u00e9xico\",\"publisher\":{\"@id\":\"https:\\\/\\\/elinformativotam.com\\\/#organization\"},\"potentialAction\":[{\"@type\":\"SearchAction\",\"target\":{\"@type\":\"EntryPoint\",\"urlTemplate\":\"https:\\\/\\\/elinformativotam.com\\\/?s={search_term_string}\"},\"query-input\":{\"@type\":\"PropertyValueSpecification\",\"valueRequired\":true,\"valueName\":\"search_term_string\"}}],\"inLanguage\":\"es\"},{\"@type\":\"Organization\",\"@id\":\"https:\\\/\\\/elinformativotam.com\\\/#organization\",\"name\":\"EL INFORMATIVO DE TAMAULIPAS\",\"url\":\"https:\\\/\\\/elinformativotam.com\\\/\",\"logo\":{\"@type\":\"ImageObject\",\"inLanguage\":\"es\",\"@id\":\"https:\\\/\\\/elinformativotam.com\\\/#\\\/schema\\\/logo\\\/image\\\/\",\"url\":\"https:\\\/\\\/elinformativotam.com\\\/wp-content\\\/uploads\\\/2026\\\/02\\\/Cabezal.png\",\"contentUrl\":\"https:\\\/\\\/elinformativotam.com\\\/wp-content\\\/uploads\\\/2026\\\/02\\\/Cabezal.png\",\"width\":960,\"height\":640,\"caption\":\"EL INFORMATIVO DE TAMAULIPAS\"},\"image\":{\"@id\":\"https:\\\/\\\/elinformativotam.com\\\/#\\\/schema\\\/logo\\\/image\\\/\"}},{\"@type\":\"Person\",\"@id\":\"https:\\\/\\\/elinformativotam.com\\\/#\\\/schema\\\/person\\\/78e08040eed0f6110f0c5f83b6153590\",\"name\":\"El Informativo Tam\",\"image\":{\"@type\":\"ImageObject\",\"inLanguage\":\"es\",\"@id\":\"https:\\\/\\\/secure.gravatar.com\\\/avatar\\\/f3b7ad3af540688955925ac610647be00b0cf41feea9c4978b73a707ee86bc53?s=96&d=mm&r=g\",\"url\":\"https:\\\/\\\/secure.gravatar.com\\\/avatar\\\/f3b7ad3af540688955925ac610647be00b0cf41feea9c4978b73a707ee86bc53?s=96&d=mm&r=g\",\"contentUrl\":\"https:\\\/\\\/secure.gravatar.com\\\/avatar\\\/f3b7ad3af540688955925ac610647be00b0cf41feea9c4978b73a707ee86bc53?s=96&d=mm&r=g\",\"caption\":\"El Informativo Tam\"}}]}<\/script>\n<!-- \/ Yoast SEO plugin. -->","yoast_head_json":{"title":"Transporte No Puede Aumentar Tarifa; Advierten Multas De 60 UMAS. - EL INFORMATIVO DE TAMAULIPAS","description":"El delegado del Transporte P\u00fablico en la zona sur de Tamaulipas, Francisco Goj\u00f3n Medina, inform\u00f3 que no existe autorizaci\u00f3n oficial para incrementar la","robots":{"index":"index","follow":"follow","max-snippet":"max-snippet:-1","max-image-preview":"max-image-preview:large","max-video-preview":"max-video-preview:-1"},"canonical":"https:\/\/elinformativotam.com\/index.php\/2025\/12\/11\/transporte-no-puede-aumentar-tarifa-advierten-multas-de-60-umas\/","og_locale":"es_MX","og_type":"article","og_title":"Transporte No Puede Aumentar Tarifa; Advierten Multas De 60 UMAS. - EL INFORMATIVO DE TAMAULIPAS","og_description":"El delegado del Transporte P\u00fablico en la zona sur de Tamaulipas, Francisco Goj\u00f3n Medina, inform\u00f3 que no existe autorizaci\u00f3n oficial para incrementar la","og_url":"https:\/\/elinformativotam.com\/index.php\/2025\/12\/11\/transporte-no-puede-aumentar-tarifa-advierten-multas-de-60-umas\/","og_site_name":"EL INFORMATIVO DE TAMAULIPAS","article_published_time":"2025-12-11T14:38:42+00:00","og_image":[{"width":1200,"height":678,"url":"https:\/\/elinformativotam.com\/wp-content\/uploads\/2025\/12\/Transporte.jpg","type":"image\/jpeg"}],"author":"El Informativo Tam","twitter_card":"summary_large_image","twitter_misc":{"Escrito por":"El Informativo Tam","Tiempo de lectura":"1 minuto"},"schema":{"@context":"https:\/\/schema.org","@graph":[{"@type":"Article","@id":"https:\/\/elinformativotam.com\/index.php\/2025\/12\/11\/transporte-no-puede-aumentar-tarifa-advierten-multas-de-60-umas\/#article","isPartOf":{"@id":"https:\/\/elinformativotam.com\/index.php\/2025\/12\/11\/transporte-no-puede-aumentar-tarifa-advierten-multas-de-60-umas\/"},"author":{"name":"El Informativo Tam","@id":"https:\/\/elinformativotam.com\/#\/schema\/person\/78e08040eed0f6110f0c5f83b6153590"},"headline":"Transporte No Puede Aumentar Tarifa; Advierten Multas De 60 UMAS.","datePublished":"2025-12-11T14:38:42+00:00","mainEntityOfPage":{"@id":"https:\/\/elinformativotam.com\/index.php\/2025\/12\/11\/transporte-no-puede-aumentar-tarifa-advierten-multas-de-60-umas\/"},"wordCount":174,"commentCount":0,"publisher":{"@id":"https:\/\/elinformativotam.com\/#organization"},"image":{"@id":"https:\/\/elinformativotam.com\/index.php\/2025\/12\/11\/transporte-no-puede-aumentar-tarifa-advierten-multas-de-60-umas\/#primaryimage"},"thumbnailUrl":"https:\/\/elinformativotam.com\/wp-content\/uploads\/2025\/12\/Transporte.jpg","articleSection":["Tampico"],"inLanguage":"es","potentialAction":[{"@type":"CommentAction","name":"Comment","target":["https:\/\/elinformativotam.com\/index.php\/2025\/12\/11\/transporte-no-puede-aumentar-tarifa-advierten-multas-de-60-umas\/#respond"]}]},{"@type":"WebPage","@id":"https:\/\/elinformativotam.com\/index.php\/2025\/12\/11\/transporte-no-puede-aumentar-tarifa-advierten-multas-de-60-umas\/","url":"https:\/\/elinformativotam.com\/index.php\/2025\/12\/11\/transporte-no-puede-aumentar-tarifa-advierten-multas-de-60-umas\/","name":"Transporte No Puede Aumentar Tarifa; Advierten Multas De 60 UMAS. - EL INFORMATIVO DE TAMAULIPAS","isPartOf":{"@id":"https:\/\/elinformativotam.com\/#website"},"primaryImageOfPage":{"@id":"https:\/\/elinformativotam.com\/index.php\/2025\/12\/11\/transporte-no-puede-aumentar-tarifa-advierten-multas-de-60-umas\/#primaryimage"},"image":{"@id":"https:\/\/elinformativotam.com\/index.php\/2025\/12\/11\/transporte-no-puede-aumentar-tarifa-advierten-multas-de-60-umas\/#primaryimage"},"thumbnailUrl":"https:\/\/elinformativotam.com\/wp-content\/uploads\/2025\/12\/Transporte.jpg","datePublished":"2025-12-11T14:38:42+00:00","description":"El delegado del Transporte P\u00fablico en la zona sur de Tamaulipas, Francisco Goj\u00f3n Medina, inform\u00f3 que no existe autorizaci\u00f3n oficial para incrementar la","inLanguage":"es","potentialAction":[{"@type":"ReadAction","target":["https:\/\/elinformativotam.com\/index.php\/2025\/12\/11\/transporte-no-puede-aumentar-tarifa-advierten-multas-de-60-umas\/"]}]},{"@type":"ImageObject","inLanguage":"es","@id":"https:\/\/elinformativotam.com\/index.php\/2025\/12\/11\/transporte-no-puede-aumentar-tarifa-advierten-multas-de-60-umas\/#primaryimage","url":"https:\/\/elinformativotam.com\/wp-content\/uploads\/2025\/12\/Transporte.jpg","contentUrl":"https:\/\/elinformativotam.com\/wp-content\/uploads\/2025\/12\/Transporte.jpg","width":1200,"height":678},{"@type":"WebSite","@id":"https:\/\/elinformativotam.com\/#website","url":"https:\/\/elinformativotam.com\/","name":"EL INFORMATIVO DE TAMAULIPAS","description":"Desde la Zona Metropolitana Para Todo M\u00e9xico","publisher":{"@id":"https:\/\/elinformativotam.com\/#organization"},"potentialAction":[{"@type":"SearchAction","target":{"@type":"EntryPoint","urlTemplate":"https:\/\/elinformativotam.com\/?s={search_term_string}"},"query-input":{"@type":"PropertyValueSpecification","valueRequired":true,"valueName":"search_term_string"}}],"inLanguage":"es"},{"@type":"Organization","@id":"https:\/\/elinformativotam.com\/#organization","name":"EL INFORMATIVO DE TAMAULIPAS","url":"https:\/\/elinformativotam.com\/","logo":{"@type":"ImageObject","inLanguage":"es","@id":"https:\/\/elinformativotam.com\/#\/schema\/logo\/image\/","url":"https:\/\/elinformativotam.com\/wp-content\/uploads\/2026\/02\/Cabezal.png","contentUrl":"https:\/\/elinformativotam.com\/wp-content\/uploads\/2026\/02\/Cabezal.png","width":960,"height":640,"caption":"EL INFORMATIVO DE TAMAULIPAS"},"image":{"@id":"https:\/\/elinformativotam.com\/#\/schema\/logo\/image\/"}},{"@type":"Person","@id":"https:\/\/elinformativotam.com\/#\/schema\/person\/78e08040eed0f6110f0c5f83b6153590","name":"El Informativo Tam","image":{"@type":"ImageObject","inLanguage":"es","@id":"https:\/\/secure.gravatar.com\/avatar\/f3b7ad3af540688955925ac610647be00b0cf41feea9c4978b73a707ee86bc53?s=96&d=mm&r=g","url":"https:\/\/secure.gravatar.com\/avatar\/f3b7ad3af540688955925ac610647be00b0cf41feea9c4978b73a707ee86bc53?s=96&d=mm&r=g","contentUrl":"https:\/\/secure.gravatar.com\/avatar\/f3b7ad3af540688955925ac610647be00b0cf41feea9c4978b73a707ee86bc53?s=96&d=mm&r=g","caption":"El Informativo Tam"}}]}},"_links":{"self":[{"href":"https:\/\/elinformativotam.com\/index.php\/wp-json\/wp\/v2\/posts\/56994","targetHints":{"allow":["GET"]}}],"collection":[{"href":"https:\/\/elinformativotam.com\/index.php\/wp-json\/wp\/v2\/posts"}],"about":[{"href":"https:\/\/elinformativotam.com\/index.php\/wp-json\/wp\/v2\/types\/post"}],"author":[{"embeddable":true,"href":"https:\/\/elinformativotam.com\/index.php\/wp-json\/wp\/v2\/users\/1"}],"replies":[{"embeddable":true,"href":"https:\/\/elinformativotam.com\/index.php\/wp-json\/wp\/v2\/comments?post=56994"}],"version-history":[{"count":1,"href":"https:\/\/elinformativotam.com\/index.php\/wp-json\/wp\/v2\/posts\/56994\/revisions"}],"predecessor-version":[{"id":56995,"href":"https:\/\/elinformativotam.com\/index.php\/wp-json\/wp\/v2\/posts\/56994\/revisions\/56995"}],"wp:featuredmedia":[{"embeddable":true,"href":"https:\/\/elinformativotam.com\/index.php\/wp-json\/wp\/v2\/media\/56991"}],"wp:attachment":[{"href":"https:\/\/elinformativotam.com\/index.php\/wp-json\/wp\/v2\/media?parent=56994"}],"wp:term":[{"taxonomy":"category","embeddable":true,"href":"https:\/\/elinformativotam.com\/index.php\/wp-json\/wp\/v2\/categories?post=56994"},{"taxonomy":"post_tag","embeddable":true,"href":"https:\/\/elinformativotam.com\/index.php\/wp-json\/wp\/v2\/tags?post=56994"}],"curies":[{"name":"wp","href":"https:\/\/api.w.org\/{rel}","templated":true}]}}