{"id":56987,"date":"2025-12-11T08:35:48","date_gmt":"2025-12-11T14:35:48","guid":{"rendered":"https:\/\/elinformativotam.com\/?p=56987"},"modified":"2025-12-11T08:35:48","modified_gmt":"2025-12-11T14:35:48","slug":"piden-comerciantes-reforzar-la-seguridad-publica-en-la-zona-centro-de-ciudad-madero","status":"publish","type":"post","link":"https:\/\/elinformativotam.com\/index.php\/2025\/12\/11\/piden-comerciantes-reforzar-la-seguridad-publica-en-la-zona-centro-de-ciudad-madero\/","title":{"rendered":"Piden Comerciantes Reforzar La Seguridad P\u00fablica En La Zona Centro De Ciudad Madero."},"content":{"rendered":"<p>Ciudad Madero.\u2013 Comerciantes del municipio solicitaron a las autoridades reforzar los operativos de seguridad p\u00fablica durante las pr\u00f3ximas semanas, debido al incremento de circulaci\u00f3n de dinero que se espera con el pago de aguinaldos.<\/p>\n<p>&nbsp;<\/p>\n<p>De acuerdo con locatarios y peque\u00f1os empresarios, diciembre es hist\u00f3ricamente el periodo donde se registra el mayor n\u00famero de asaltos, tanto en negocios como en la v\u00eda p\u00fablica, situaci\u00f3n que genera preocupaci\u00f3n entre el sector comercial ante el posible repunte de delitos.<\/p>\n<p>&nbsp;<\/p>\n<p>Los comerciantes se\u00f1alaron que, una vez que comiencen los pagos por concepto de aguinaldo, habr\u00e1 un mayor flujo de efectivo, por lo que consideran indispensable que se intensifiquen los rondines y la presencia de elementos policiacos en zonas comerciales, bancos y cajeros autom\u00e1ticos.<\/p>\n<p>&nbsp;<\/p>\n<p>Destacaron que el objetivo es prevenir situaciones de riesgo para clientes, empleados y propietarios, especialmente en el corredor comercial y colonias con mayor actividad econ\u00f3mica.<\/p>\n","protected":false},"excerpt":{"rendered":"<p>Ciudad Madero.\u2013 Comerciantes del municipio solicitaron a las autoridades reforzar los operativos de seguridad p\u00fablica durante las pr\u00f3ximas semanas, debido&hellip;<\/p>\n","protected":false},"author":1,"featured_media":56992,"comment_status":"open","ping_status":"open","sticky":false,"template":"","format":"standard","meta":{"footnotes":""},"categories":[4],"tags":[],"class_list":["post-56987","post","type-post","status-publish","format-standard","has-post-thumbnail","hentry","category-madero"],"yoast_head":"<!-- This site is optimized with the Yoast SEO plugin v27.5 - https:\/\/yoast.com\/product\/yoast-seo-wordpress\/ -->\n<title>Piden Comerciantes Reforzar La Seguridad P\u00fablica En La Zona Centro De Ciudad Madero. - EL INFORMATIVO DE TAMAULIPAS<\/title>\n<meta name=\"description\" content=\"Ciudad Madero.\u2013 Comerciantes del municipio solicitaron a las autoridades reforzar los operativos de seguridad p\u00fablica durante las pr\u00f3ximas semanas, debido\" \/>\n<meta name=\"robots\" content=\"index, follow, max-snippet:-1, max-image-preview:large, max-video-preview:-1\" \/>\n<link rel=\"canonical\" href=\"https:\/\/elinformativotam.com\/index.php\/2025\/12\/11\/piden-comerciantes-reforzar-la-seguridad-publica-en-la-zona-centro-de-ciudad-madero\/\" \/>\n<meta property=\"og:locale\" content=\"es_MX\" \/>\n<meta property=\"og:type\" content=\"article\" \/>\n<meta property=\"og:title\" content=\"Piden Comerciantes Reforzar La Seguridad P\u00fablica En La Zona Centro De Ciudad Madero. - EL INFORMATIVO DE TAMAULIPAS\" \/>\n<meta property=\"og:description\" content=\"Ciudad Madero.\u2013 Comerciantes del municipio solicitaron a las autoridades reforzar los operativos de seguridad p\u00fablica durante las pr\u00f3ximas semanas, debido\" \/>\n<meta property=\"og:url\" content=\"https:\/\/elinformativotam.com\/index.php\/2025\/12\/11\/piden-comerciantes-reforzar-la-seguridad-publica-en-la-zona-centro-de-ciudad-madero\/\" \/>\n<meta property=\"og:site_name\" content=\"EL INFORMATIVO DE TAMAULIPAS\" \/>\n<meta property=\"article:published_time\" content=\"2025-12-11T14:35:48+00:00\" \/>\n<meta property=\"og:image\" content=\"https:\/\/elinformativotam.com\/wp-content\/uploads\/2025\/12\/Comerciantes.jpg\" \/>\n\t<meta property=\"og:image:width\" content=\"942\" \/>\n\t<meta property=\"og:image:height\" content=\"532\" \/>\n\t<meta property=\"og:image:type\" content=\"image\/jpeg\" \/>\n<meta name=\"author\" content=\"El Informativo Tam\" \/>\n<meta name=\"twitter:card\" content=\"summary_large_image\" \/>\n<meta name=\"twitter:label1\" content=\"Escrito por\" \/>\n\t<meta name=\"twitter:data1\" content=\"El Informativo Tam\" \/>\n\t<meta name=\"twitter:label2\" content=\"Tiempo de lectura\" \/>\n\t<meta name=\"twitter:data2\" content=\"1 minuto\" \/>\n<script type=\"application\/ld+json\" class=\"yoast-schema-graph\">{\"@context\":\"https:\\\/\\\/schema.org\",\"@graph\":[{\"@type\":\"Article\",\"@id\":\"https:\\\/\\\/elinformativotam.com\\\/index.php\\\/2025\\\/12\\\/11\\\/piden-comerciantes-reforzar-la-seguridad-publica-en-la-zona-centro-de-ciudad-madero\\\/#article\",\"isPartOf\":{\"@id\":\"https:\\\/\\\/elinformativotam.com\\\/index.php\\\/2025\\\/12\\\/11\\\/piden-comerciantes-reforzar-la-seguridad-publica-en-la-zona-centro-de-ciudad-madero\\\/\"},\"author\":{\"name\":\"El Informativo Tam\",\"@id\":\"https:\\\/\\\/elinformativotam.com\\\/#\\\/schema\\\/person\\\/78e08040eed0f6110f0c5f83b6153590\"},\"headline\":\"Piden Comerciantes Reforzar La Seguridad P\u00fablica En La Zona Centro De Ciudad Madero.\",\"datePublished\":\"2025-12-11T14:35:48+00:00\",\"mainEntityOfPage\":{\"@id\":\"https:\\\/\\\/elinformativotam.com\\\/index.php\\\/2025\\\/12\\\/11\\\/piden-comerciantes-reforzar-la-seguridad-publica-en-la-zona-centro-de-ciudad-madero\\\/\"},\"wordCount\":174,\"commentCount\":0,\"publisher\":{\"@id\":\"https:\\\/\\\/elinformativotam.com\\\/#organization\"},\"image\":{\"@id\":\"https:\\\/\\\/elinformativotam.com\\\/index.php\\\/2025\\\/12\\\/11\\\/piden-comerciantes-reforzar-la-seguridad-publica-en-la-zona-centro-de-ciudad-madero\\\/#primaryimage\"},\"thumbnailUrl\":\"https:\\\/\\\/elinformativotam.com\\\/wp-content\\\/uploads\\\/2025\\\/12\\\/Comerciantes.jpg\",\"articleSection\":[\"Cd Madero\"],\"inLanguage\":\"es\",\"potentialAction\":[{\"@type\":\"CommentAction\",\"name\":\"Comment\",\"target\":[\"https:\\\/\\\/elinformativotam.com\\\/index.php\\\/2025\\\/12\\\/11\\\/piden-comerciantes-reforzar-la-seguridad-publica-en-la-zona-centro-de-ciudad-madero\\\/#respond\"]}]},{\"@type\":\"WebPage\",\"@id\":\"https:\\\/\\\/elinformativotam.com\\\/index.php\\\/2025\\\/12\\\/11\\\/piden-comerciantes-reforzar-la-seguridad-publica-en-la-zona-centro-de-ciudad-madero\\\/\",\"url\":\"https:\\\/\\\/elinformativotam.com\\\/index.php\\\/2025\\\/12\\\/11\\\/piden-comerciantes-reforzar-la-seguridad-publica-en-la-zona-centro-de-ciudad-madero\\\/\",\"name\":\"Piden Comerciantes Reforzar La Seguridad P\u00fablica En La Zona Centro De Ciudad Madero. - EL INFORMATIVO DE TAMAULIPAS\",\"isPartOf\":{\"@id\":\"https:\\\/\\\/elinformativotam.com\\\/#website\"},\"primaryImageOfPage\":{\"@id\":\"https:\\\/\\\/elinformativotam.com\\\/index.php\\\/2025\\\/12\\\/11\\\/piden-comerciantes-reforzar-la-seguridad-publica-en-la-zona-centro-de-ciudad-madero\\\/#primaryimage\"},\"image\":{\"@id\":\"https:\\\/\\\/elinformativotam.com\\\/index.php\\\/2025\\\/12\\\/11\\\/piden-comerciantes-reforzar-la-seguridad-publica-en-la-zona-centro-de-ciudad-madero\\\/#primaryimage\"},\"thumbnailUrl\":\"https:\\\/\\\/elinformativotam.com\\\/wp-content\\\/uploads\\\/2025\\\/12\\\/Comerciantes.jpg\",\"datePublished\":\"2025-12-11T14:35:48+00:00\",\"description\":\"Ciudad Madero.\u2013 Comerciantes del municipio solicitaron a las autoridades reforzar los operativos de seguridad p\u00fablica durante las pr\u00f3ximas semanas, debido\",\"inLanguage\":\"es\",\"potentialAction\":[{\"@type\":\"ReadAction\",\"target\":[\"https:\\\/\\\/elinformativotam.com\\\/index.php\\\/2025\\\/12\\\/11\\\/piden-comerciantes-reforzar-la-seguridad-publica-en-la-zona-centro-de-ciudad-madero\\\/\"]}]},{\"@type\":\"ImageObject\",\"inLanguage\":\"es\",\"@id\":\"https:\\\/\\\/elinformativotam.com\\\/index.php\\\/2025\\\/12\\\/11\\\/piden-comerciantes-reforzar-la-seguridad-publica-en-la-zona-centro-de-ciudad-madero\\\/#primaryimage\",\"url\":\"https:\\\/\\\/elinformativotam.com\\\/wp-content\\\/uploads\\\/2025\\\/12\\\/Comerciantes.jpg\",\"contentUrl\":\"https:\\\/\\\/elinformativotam.com\\\/wp-content\\\/uploads\\\/2025\\\/12\\\/Comerciantes.jpg\",\"width\":942,\"height\":532},{\"@type\":\"WebSite\",\"@id\":\"https:\\\/\\\/elinformativotam.com\\\/#website\",\"url\":\"https:\\\/\\\/elinformativotam.com\\\/\",\"name\":\"EL INFORMATIVO DE TAMAULIPAS\",\"description\":\"Desde la Zona Metropolitana Para Todo M\u00e9xico\",\"publisher\":{\"@id\":\"https:\\\/\\\/elinformativotam.com\\\/#organization\"},\"potentialAction\":[{\"@type\":\"SearchAction\",\"target\":{\"@type\":\"EntryPoint\",\"urlTemplate\":\"https:\\\/\\\/elinformativotam.com\\\/?s={search_term_string}\"},\"query-input\":{\"@type\":\"PropertyValueSpecification\",\"valueRequired\":true,\"valueName\":\"search_term_string\"}}],\"inLanguage\":\"es\"},{\"@type\":\"Organization\",\"@id\":\"https:\\\/\\\/elinformativotam.com\\\/#organization\",\"name\":\"EL INFORMATIVO DE TAMAULIPAS\",\"url\":\"https:\\\/\\\/elinformativotam.com\\\/\",\"logo\":{\"@type\":\"ImageObject\",\"inLanguage\":\"es\",\"@id\":\"https:\\\/\\\/elinformativotam.com\\\/#\\\/schema\\\/logo\\\/image\\\/\",\"url\":\"https:\\\/\\\/elinformativotam.com\\\/wp-content\\\/uploads\\\/2026\\\/02\\\/Cabezal.png\",\"contentUrl\":\"https:\\\/\\\/elinformativotam.com\\\/wp-content\\\/uploads\\\/2026\\\/02\\\/Cabezal.png\",\"width\":960,\"height\":640,\"caption\":\"EL INFORMATIVO DE TAMAULIPAS\"},\"image\":{\"@id\":\"https:\\\/\\\/elinformativotam.com\\\/#\\\/schema\\\/logo\\\/image\\\/\"}},{\"@type\":\"Person\",\"@id\":\"https:\\\/\\\/elinformativotam.com\\\/#\\\/schema\\\/person\\\/78e08040eed0f6110f0c5f83b6153590\",\"name\":\"El Informativo Tam\",\"image\":{\"@type\":\"ImageObject\",\"inLanguage\":\"es\",\"@id\":\"https:\\\/\\\/secure.gravatar.com\\\/avatar\\\/f3b7ad3af540688955925ac610647be00b0cf41feea9c4978b73a707ee86bc53?s=96&d=mm&r=g\",\"url\":\"https:\\\/\\\/secure.gravatar.com\\\/avatar\\\/f3b7ad3af540688955925ac610647be00b0cf41feea9c4978b73a707ee86bc53?s=96&d=mm&r=g\",\"contentUrl\":\"https:\\\/\\\/secure.gravatar.com\\\/avatar\\\/f3b7ad3af540688955925ac610647be00b0cf41feea9c4978b73a707ee86bc53?s=96&d=mm&r=g\",\"caption\":\"El Informativo Tam\"}}]}<\/script>\n<!-- \/ Yoast SEO plugin. -->","yoast_head_json":{"title":"Piden Comerciantes Reforzar La Seguridad P\u00fablica En La Zona Centro De Ciudad Madero. - EL INFORMATIVO DE TAMAULIPAS","description":"Ciudad Madero.\u2013 Comerciantes del municipio solicitaron a las autoridades reforzar los operativos de seguridad p\u00fablica durante las pr\u00f3ximas semanas, debido","robots":{"index":"index","follow":"follow","max-snippet":"max-snippet:-1","max-image-preview":"max-image-preview:large","max-video-preview":"max-video-preview:-1"},"canonical":"https:\/\/elinformativotam.com\/index.php\/2025\/12\/11\/piden-comerciantes-reforzar-la-seguridad-publica-en-la-zona-centro-de-ciudad-madero\/","og_locale":"es_MX","og_type":"article","og_title":"Piden Comerciantes Reforzar La Seguridad P\u00fablica En La Zona Centro De Ciudad Madero. - EL INFORMATIVO DE TAMAULIPAS","og_description":"Ciudad Madero.\u2013 Comerciantes del municipio solicitaron a las autoridades reforzar los operativos de seguridad p\u00fablica durante las pr\u00f3ximas semanas, debido","og_url":"https:\/\/elinformativotam.com\/index.php\/2025\/12\/11\/piden-comerciantes-reforzar-la-seguridad-publica-en-la-zona-centro-de-ciudad-madero\/","og_site_name":"EL INFORMATIVO DE TAMAULIPAS","article_published_time":"2025-12-11T14:35:48+00:00","og_image":[{"width":942,"height":532,"url":"https:\/\/elinformativotam.com\/wp-content\/uploads\/2025\/12\/Comerciantes.jpg","type":"image\/jpeg"}],"author":"El Informativo Tam","twitter_card":"summary_large_image","twitter_misc":{"Escrito por":"El Informativo Tam","Tiempo de lectura":"1 minuto"},"schema":{"@context":"https:\/\/schema.org","@graph":[{"@type":"Article","@id":"https:\/\/elinformativotam.com\/index.php\/2025\/12\/11\/piden-comerciantes-reforzar-la-seguridad-publica-en-la-zona-centro-de-ciudad-madero\/#article","isPartOf":{"@id":"https:\/\/elinformativotam.com\/index.php\/2025\/12\/11\/piden-comerciantes-reforzar-la-seguridad-publica-en-la-zona-centro-de-ciudad-madero\/"},"author":{"name":"El Informativo Tam","@id":"https:\/\/elinformativotam.com\/#\/schema\/person\/78e08040eed0f6110f0c5f83b6153590"},"headline":"Piden Comerciantes Reforzar La Seguridad P\u00fablica En La Zona Centro De Ciudad Madero.","datePublished":"2025-12-11T14:35:48+00:00","mainEntityOfPage":{"@id":"https:\/\/elinformativotam.com\/index.php\/2025\/12\/11\/piden-comerciantes-reforzar-la-seguridad-publica-en-la-zona-centro-de-ciudad-madero\/"},"wordCount":174,"commentCount":0,"publisher":{"@id":"https:\/\/elinformativotam.com\/#organization"},"image":{"@id":"https:\/\/elinformativotam.com\/index.php\/2025\/12\/11\/piden-comerciantes-reforzar-la-seguridad-publica-en-la-zona-centro-de-ciudad-madero\/#primaryimage"},"thumbnailUrl":"https:\/\/elinformativotam.com\/wp-content\/uploads\/2025\/12\/Comerciantes.jpg","articleSection":["Cd Madero"],"inLanguage":"es","potentialAction":[{"@type":"CommentAction","name":"Comment","target":["https:\/\/elinformativotam.com\/index.php\/2025\/12\/11\/piden-comerciantes-reforzar-la-seguridad-publica-en-la-zona-centro-de-ciudad-madero\/#respond"]}]},{"@type":"WebPage","@id":"https:\/\/elinformativotam.com\/index.php\/2025\/12\/11\/piden-comerciantes-reforzar-la-seguridad-publica-en-la-zona-centro-de-ciudad-madero\/","url":"https:\/\/elinformativotam.com\/index.php\/2025\/12\/11\/piden-comerciantes-reforzar-la-seguridad-publica-en-la-zona-centro-de-ciudad-madero\/","name":"Piden Comerciantes Reforzar La Seguridad P\u00fablica En La Zona Centro De Ciudad Madero. - EL INFORMATIVO DE TAMAULIPAS","isPartOf":{"@id":"https:\/\/elinformativotam.com\/#website"},"primaryImageOfPage":{"@id":"https:\/\/elinformativotam.com\/index.php\/2025\/12\/11\/piden-comerciantes-reforzar-la-seguridad-publica-en-la-zona-centro-de-ciudad-madero\/#primaryimage"},"image":{"@id":"https:\/\/elinformativotam.com\/index.php\/2025\/12\/11\/piden-comerciantes-reforzar-la-seguridad-publica-en-la-zona-centro-de-ciudad-madero\/#primaryimage"},"thumbnailUrl":"https:\/\/elinformativotam.com\/wp-content\/uploads\/2025\/12\/Comerciantes.jpg","datePublished":"2025-12-11T14:35:48+00:00","description":"Ciudad Madero.\u2013 Comerciantes del municipio solicitaron a las autoridades reforzar los operativos de seguridad p\u00fablica durante las pr\u00f3ximas semanas, debido","inLanguage":"es","potentialAction":[{"@type":"ReadAction","target":["https:\/\/elinformativotam.com\/index.php\/2025\/12\/11\/piden-comerciantes-reforzar-la-seguridad-publica-en-la-zona-centro-de-ciudad-madero\/"]}]},{"@type":"ImageObject","inLanguage":"es","@id":"https:\/\/elinformativotam.com\/index.php\/2025\/12\/11\/piden-comerciantes-reforzar-la-seguridad-publica-en-la-zona-centro-de-ciudad-madero\/#primaryimage","url":"https:\/\/elinformativotam.com\/wp-content\/uploads\/2025\/12\/Comerciantes.jpg","contentUrl":"https:\/\/elinformativotam.com\/wp-content\/uploads\/2025\/12\/Comerciantes.jpg","width":942,"height":532},{"@type":"WebSite","@id":"https:\/\/elinformativotam.com\/#website","url":"https:\/\/elinformativotam.com\/","name":"EL INFORMATIVO DE TAMAULIPAS","description":"Desde la Zona Metropolitana Para Todo M\u00e9xico","publisher":{"@id":"https:\/\/elinformativotam.com\/#organization"},"potentialAction":[{"@type":"SearchAction","target":{"@type":"EntryPoint","urlTemplate":"https:\/\/elinformativotam.com\/?s={search_term_string}"},"query-input":{"@type":"PropertyValueSpecification","valueRequired":true,"valueName":"search_term_string"}}],"inLanguage":"es"},{"@type":"Organization","@id":"https:\/\/elinformativotam.com\/#organization","name":"EL INFORMATIVO DE TAMAULIPAS","url":"https:\/\/elinformativotam.com\/","logo":{"@type":"ImageObject","inLanguage":"es","@id":"https:\/\/elinformativotam.com\/#\/schema\/logo\/image\/","url":"https:\/\/elinformativotam.com\/wp-content\/uploads\/2026\/02\/Cabezal.png","contentUrl":"https:\/\/elinformativotam.com\/wp-content\/uploads\/2026\/02\/Cabezal.png","width":960,"height":640,"caption":"EL INFORMATIVO DE TAMAULIPAS"},"image":{"@id":"https:\/\/elinformativotam.com\/#\/schema\/logo\/image\/"}},{"@type":"Person","@id":"https:\/\/elinformativotam.com\/#\/schema\/person\/78e08040eed0f6110f0c5f83b6153590","name":"El Informativo Tam","image":{"@type":"ImageObject","inLanguage":"es","@id":"https:\/\/secure.gravatar.com\/avatar\/f3b7ad3af540688955925ac610647be00b0cf41feea9c4978b73a707ee86bc53?s=96&d=mm&r=g","url":"https:\/\/secure.gravatar.com\/avatar\/f3b7ad3af540688955925ac610647be00b0cf41feea9c4978b73a707ee86bc53?s=96&d=mm&r=g","contentUrl":"https:\/\/secure.gravatar.com\/avatar\/f3b7ad3af540688955925ac610647be00b0cf41feea9c4978b73a707ee86bc53?s=96&d=mm&r=g","caption":"El Informativo Tam"}}]}},"_links":{"self":[{"href":"https:\/\/elinformativotam.com\/index.php\/wp-json\/wp\/v2\/posts\/56987","targetHints":{"allow":["GET"]}}],"collection":[{"href":"https:\/\/elinformativotam.com\/index.php\/wp-json\/wp\/v2\/posts"}],"about":[{"href":"https:\/\/elinformativotam.com\/index.php\/wp-json\/wp\/v2\/types\/post"}],"author":[{"embeddable":true,"href":"https:\/\/elinformativotam.com\/index.php\/wp-json\/wp\/v2\/users\/1"}],"replies":[{"embeddable":true,"href":"https:\/\/elinformativotam.com\/index.php\/wp-json\/wp\/v2\/comments?post=56987"}],"version-history":[{"count":1,"href":"https:\/\/elinformativotam.com\/index.php\/wp-json\/wp\/v2\/posts\/56987\/revisions"}],"predecessor-version":[{"id":56993,"href":"https:\/\/elinformativotam.com\/index.php\/wp-json\/wp\/v2\/posts\/56987\/revisions\/56993"}],"wp:featuredmedia":[{"embeddable":true,"href":"https:\/\/elinformativotam.com\/index.php\/wp-json\/wp\/v2\/media\/56992"}],"wp:attachment":[{"href":"https:\/\/elinformativotam.com\/index.php\/wp-json\/wp\/v2\/media?parent=56987"}],"wp:term":[{"taxonomy":"category","embeddable":true,"href":"https:\/\/elinformativotam.com\/index.php\/wp-json\/wp\/v2\/categories?post=56987"},{"taxonomy":"post_tag","embeddable":true,"href":"https:\/\/elinformativotam.com\/index.php\/wp-json\/wp\/v2\/tags?post=56987"}],"curies":[{"name":"wp","href":"https:\/\/api.w.org\/{rel}","templated":true}]}}