{"id":56973,"date":"2025-12-10T08:31:09","date_gmt":"2025-12-10T14:31:09","guid":{"rendered":"https:\/\/elinformativotam.com\/?p=56973"},"modified":"2025-12-10T08:33:36","modified_gmt":"2025-12-10T14:33:36","slug":"fue-captado-el-milagro-de-la-navidad-en-plena-zona-centro","status":"publish","type":"post","link":"https:\/\/elinformativotam.com\/index.php\/2025\/12\/10\/fue-captado-el-milagro-de-la-navidad-en-plena-zona-centro\/","title":{"rendered":"Fue Captado El \u201cMilagro De La Navidad\u201d En Plena Zona Centro"},"content":{"rendered":"<p>Tampico, Tamps.- Fue captado en video el primer milagro de la navidad 2025 en la zona centro de Tampico, solo bastaron menos de 20 segundos de grabaci\u00f3n para observar como los milagros existen, al menos fue lo que se reflej\u00f3 en este hecho.<\/p>\n<p>&nbsp;<\/p>\n<p>Un hombre en sillas de ruedas que aparentemente se encontraba comercializando art\u00edculos de temporada en la zona centro de la ciudad, se levant\u00f3 para evitar ser retirado de su vendimia por personal de v\u00eda p\u00fablica municipal, al estar en la informalidad comercial.<\/p>\n<p>&nbsp;<\/p>\n<p>El hombre milagro, el cual ya ahora en redes sociales se le ha bautizado, se observa c\u00f3mo es apoyado arriba de su silla de ruedas por otra persona, para estar en el lugar y momento del aparente retiro de mercanc\u00eda de sus compa\u00f1eros comerciantes informales, para despu\u00e9s, quedar captado el milagro de ponerse de pie y sumarse a la inconformidad.<\/p>\n<p>&nbsp;<\/p>\n<div style=\"width: 576px;\" class=\"wp-video\"><video class=\"wp-video-shortcode\" id=\"video-56973-1\" width=\"576\" height=\"838\" preload=\"metadata\" controls=\"controls\"><source type=\"video\/mp4\" src=\"https:\/\/elinformativotam.com\/wp-content\/uploads\/2025\/12\/Milagro.mp4?_=1\" \/><a href=\"https:\/\/elinformativotam.com\/wp-content\/uploads\/2025\/12\/Milagro.mp4\">https:\/\/elinformativotam.com\/wp-content\/uploads\/2025\/12\/Milagro.mp4<\/a><\/video><\/div>\n","protected":false},"excerpt":{"rendered":"<p>Tampico, Tamps.- Fue captado en video el primer milagro de la navidad 2025 en la zona centro de Tampico, solo&hellip;<\/p>\n","protected":false},"author":1,"featured_media":56961,"comment_status":"open","ping_status":"open","sticky":false,"template":"","format":"standard","meta":{"footnotes":""},"categories":[3],"tags":[],"class_list":["post-56973","post","type-post","status-publish","format-standard","has-post-thumbnail","hentry","category-tampico"],"yoast_head":"<!-- This site is optimized with the Yoast SEO plugin v27.5 - https:\/\/yoast.com\/product\/yoast-seo-wordpress\/ -->\n<title>Fue Captado El \u201cMilagro De La Navidad\u201d En Plena Zona Centro - EL INFORMATIVO DE TAMAULIPAS<\/title>\n<meta name=\"description\" content=\"Tampico, Tamps.- Fue captado en video el primer milagro de la navidad 2025 en la zona centro de Tampico, solo bastaron menos de 20 segundos de grabaci\u00f3n\" \/>\n<meta name=\"robots\" content=\"index, follow, max-snippet:-1, max-image-preview:large, max-video-preview:-1\" \/>\n<link rel=\"canonical\" href=\"https:\/\/elinformativotam.com\/index.php\/2025\/12\/10\/fue-captado-el-milagro-de-la-navidad-en-plena-zona-centro\/\" \/>\n<meta property=\"og:locale\" content=\"es_MX\" \/>\n<meta property=\"og:type\" content=\"article\" \/>\n<meta property=\"og:title\" content=\"Fue Captado El \u201cMilagro De La Navidad\u201d En Plena Zona Centro - EL INFORMATIVO DE TAMAULIPAS\" \/>\n<meta property=\"og:description\" content=\"Tampico, Tamps.- Fue captado en video el primer milagro de la navidad 2025 en la zona centro de Tampico, solo bastaron menos de 20 segundos de grabaci\u00f3n\" \/>\n<meta property=\"og:url\" content=\"https:\/\/elinformativotam.com\/index.php\/2025\/12\/10\/fue-captado-el-milagro-de-la-navidad-en-plena-zona-centro\/\" \/>\n<meta property=\"og:site_name\" content=\"EL INFORMATIVO DE TAMAULIPAS\" \/>\n<meta property=\"article:published_time\" content=\"2025-12-10T14:31:09+00:00\" \/>\n<meta property=\"article:modified_time\" content=\"2025-12-10T14:33:36+00:00\" \/>\n<meta property=\"og:image\" content=\"https:\/\/elinformativotam.com\/wp-content\/uploads\/2025\/12\/Milagro-.jpg\" \/>\n\t<meta property=\"og:image:width\" content=\"552\" \/>\n\t<meta property=\"og:image:height\" content=\"678\" \/>\n\t<meta property=\"og:image:type\" content=\"image\/jpeg\" \/>\n<meta name=\"author\" content=\"El Informativo Tam\" \/>\n<meta name=\"twitter:card\" content=\"summary_large_image\" \/>\n<meta name=\"twitter:label1\" content=\"Escrito por\" \/>\n\t<meta name=\"twitter:data1\" content=\"El Informativo Tam\" \/>\n\t<meta name=\"twitter:label2\" content=\"Tiempo de lectura\" \/>\n\t<meta name=\"twitter:data2\" content=\"1 minuto\" \/>\n<script type=\"application\/ld+json\" class=\"yoast-schema-graph\">{\"@context\":\"https:\\\/\\\/schema.org\",\"@graph\":[{\"@type\":\"Article\",\"@id\":\"https:\\\/\\\/elinformativotam.com\\\/index.php\\\/2025\\\/12\\\/10\\\/fue-captado-el-milagro-de-la-navidad-en-plena-zona-centro\\\/#article\",\"isPartOf\":{\"@id\":\"https:\\\/\\\/elinformativotam.com\\\/index.php\\\/2025\\\/12\\\/10\\\/fue-captado-el-milagro-de-la-navidad-en-plena-zona-centro\\\/\"},\"author\":{\"name\":\"El Informativo Tam\",\"@id\":\"https:\\\/\\\/elinformativotam.com\\\/#\\\/schema\\\/person\\\/78e08040eed0f6110f0c5f83b6153590\"},\"headline\":\"Fue Captado El \u201cMilagro De La Navidad\u201d En Plena Zona Centro\",\"datePublished\":\"2025-12-10T14:31:09+00:00\",\"dateModified\":\"2025-12-10T14:33:36+00:00\",\"mainEntityOfPage\":{\"@id\":\"https:\\\/\\\/elinformativotam.com\\\/index.php\\\/2025\\\/12\\\/10\\\/fue-captado-el-milagro-de-la-navidad-en-plena-zona-centro\\\/\"},\"wordCount\":178,\"commentCount\":0,\"publisher\":{\"@id\":\"https:\\\/\\\/elinformativotam.com\\\/#organization\"},\"image\":{\"@id\":\"https:\\\/\\\/elinformativotam.com\\\/index.php\\\/2025\\\/12\\\/10\\\/fue-captado-el-milagro-de-la-navidad-en-plena-zona-centro\\\/#primaryimage\"},\"thumbnailUrl\":\"https:\\\/\\\/elinformativotam.com\\\/wp-content\\\/uploads\\\/2025\\\/12\\\/Milagro-.jpg\",\"articleSection\":[\"Tampico\"],\"inLanguage\":\"es\",\"potentialAction\":[{\"@type\":\"CommentAction\",\"name\":\"Comment\",\"target\":[\"https:\\\/\\\/elinformativotam.com\\\/index.php\\\/2025\\\/12\\\/10\\\/fue-captado-el-milagro-de-la-navidad-en-plena-zona-centro\\\/#respond\"]}]},{\"@type\":\"WebPage\",\"@id\":\"https:\\\/\\\/elinformativotam.com\\\/index.php\\\/2025\\\/12\\\/10\\\/fue-captado-el-milagro-de-la-navidad-en-plena-zona-centro\\\/\",\"url\":\"https:\\\/\\\/elinformativotam.com\\\/index.php\\\/2025\\\/12\\\/10\\\/fue-captado-el-milagro-de-la-navidad-en-plena-zona-centro\\\/\",\"name\":\"Fue Captado El \u201cMilagro De La Navidad\u201d En Plena Zona Centro - EL INFORMATIVO DE TAMAULIPAS\",\"isPartOf\":{\"@id\":\"https:\\\/\\\/elinformativotam.com\\\/#website\"},\"primaryImageOfPage\":{\"@id\":\"https:\\\/\\\/elinformativotam.com\\\/index.php\\\/2025\\\/12\\\/10\\\/fue-captado-el-milagro-de-la-navidad-en-plena-zona-centro\\\/#primaryimage\"},\"image\":{\"@id\":\"https:\\\/\\\/elinformativotam.com\\\/index.php\\\/2025\\\/12\\\/10\\\/fue-captado-el-milagro-de-la-navidad-en-plena-zona-centro\\\/#primaryimage\"},\"thumbnailUrl\":\"https:\\\/\\\/elinformativotam.com\\\/wp-content\\\/uploads\\\/2025\\\/12\\\/Milagro-.jpg\",\"datePublished\":\"2025-12-10T14:31:09+00:00\",\"dateModified\":\"2025-12-10T14:33:36+00:00\",\"description\":\"Tampico, Tamps.- Fue captado en video el primer milagro de la navidad 2025 en la zona centro de Tampico, solo bastaron menos de 20 segundos de grabaci\u00f3n\",\"inLanguage\":\"es\",\"potentialAction\":[{\"@type\":\"ReadAction\",\"target\":[\"https:\\\/\\\/elinformativotam.com\\\/index.php\\\/2025\\\/12\\\/10\\\/fue-captado-el-milagro-de-la-navidad-en-plena-zona-centro\\\/\"]}]},{\"@type\":\"ImageObject\",\"inLanguage\":\"es\",\"@id\":\"https:\\\/\\\/elinformativotam.com\\\/index.php\\\/2025\\\/12\\\/10\\\/fue-captado-el-milagro-de-la-navidad-en-plena-zona-centro\\\/#primaryimage\",\"url\":\"https:\\\/\\\/elinformativotam.com\\\/wp-content\\\/uploads\\\/2025\\\/12\\\/Milagro-.jpg\",\"contentUrl\":\"https:\\\/\\\/elinformativotam.com\\\/wp-content\\\/uploads\\\/2025\\\/12\\\/Milagro-.jpg\",\"width\":552,\"height\":678},{\"@type\":\"WebSite\",\"@id\":\"https:\\\/\\\/elinformativotam.com\\\/#website\",\"url\":\"https:\\\/\\\/elinformativotam.com\\\/\",\"name\":\"EL INFORMATIVO DE TAMAULIPAS\",\"description\":\"Desde la Zona Metropolitana Para Todo M\u00e9xico\",\"publisher\":{\"@id\":\"https:\\\/\\\/elinformativotam.com\\\/#organization\"},\"potentialAction\":[{\"@type\":\"SearchAction\",\"target\":{\"@type\":\"EntryPoint\",\"urlTemplate\":\"https:\\\/\\\/elinformativotam.com\\\/?s={search_term_string}\"},\"query-input\":{\"@type\":\"PropertyValueSpecification\",\"valueRequired\":true,\"valueName\":\"search_term_string\"}}],\"inLanguage\":\"es\"},{\"@type\":\"Organization\",\"@id\":\"https:\\\/\\\/elinformativotam.com\\\/#organization\",\"name\":\"EL INFORMATIVO DE TAMAULIPAS\",\"url\":\"https:\\\/\\\/elinformativotam.com\\\/\",\"logo\":{\"@type\":\"ImageObject\",\"inLanguage\":\"es\",\"@id\":\"https:\\\/\\\/elinformativotam.com\\\/#\\\/schema\\\/logo\\\/image\\\/\",\"url\":\"https:\\\/\\\/elinformativotam.com\\\/wp-content\\\/uploads\\\/2026\\\/02\\\/Cabezal.png\",\"contentUrl\":\"https:\\\/\\\/elinformativotam.com\\\/wp-content\\\/uploads\\\/2026\\\/02\\\/Cabezal.png\",\"width\":960,\"height\":640,\"caption\":\"EL INFORMATIVO DE TAMAULIPAS\"},\"image\":{\"@id\":\"https:\\\/\\\/elinformativotam.com\\\/#\\\/schema\\\/logo\\\/image\\\/\"}},{\"@type\":\"Person\",\"@id\":\"https:\\\/\\\/elinformativotam.com\\\/#\\\/schema\\\/person\\\/78e08040eed0f6110f0c5f83b6153590\",\"name\":\"El Informativo Tam\",\"image\":{\"@type\":\"ImageObject\",\"inLanguage\":\"es\",\"@id\":\"https:\\\/\\\/secure.gravatar.com\\\/avatar\\\/f3b7ad3af540688955925ac610647be00b0cf41feea9c4978b73a707ee86bc53?s=96&d=mm&r=g\",\"url\":\"https:\\\/\\\/secure.gravatar.com\\\/avatar\\\/f3b7ad3af540688955925ac610647be00b0cf41feea9c4978b73a707ee86bc53?s=96&d=mm&r=g\",\"contentUrl\":\"https:\\\/\\\/secure.gravatar.com\\\/avatar\\\/f3b7ad3af540688955925ac610647be00b0cf41feea9c4978b73a707ee86bc53?s=96&d=mm&r=g\",\"caption\":\"El Informativo Tam\"}}]}<\/script>\n<!-- \/ Yoast SEO plugin. -->","yoast_head_json":{"title":"Fue Captado El \u201cMilagro De La Navidad\u201d En Plena Zona Centro - EL INFORMATIVO DE TAMAULIPAS","description":"Tampico, Tamps.- Fue captado en video el primer milagro de la navidad 2025 en la zona centro de Tampico, solo bastaron menos de 20 segundos de grabaci\u00f3n","robots":{"index":"index","follow":"follow","max-snippet":"max-snippet:-1","max-image-preview":"max-image-preview:large","max-video-preview":"max-video-preview:-1"},"canonical":"https:\/\/elinformativotam.com\/index.php\/2025\/12\/10\/fue-captado-el-milagro-de-la-navidad-en-plena-zona-centro\/","og_locale":"es_MX","og_type":"article","og_title":"Fue Captado El \u201cMilagro De La Navidad\u201d En Plena Zona Centro - EL INFORMATIVO DE TAMAULIPAS","og_description":"Tampico, Tamps.- Fue captado en video el primer milagro de la navidad 2025 en la zona centro de Tampico, solo bastaron menos de 20 segundos de grabaci\u00f3n","og_url":"https:\/\/elinformativotam.com\/index.php\/2025\/12\/10\/fue-captado-el-milagro-de-la-navidad-en-plena-zona-centro\/","og_site_name":"EL INFORMATIVO DE TAMAULIPAS","article_published_time":"2025-12-10T14:31:09+00:00","article_modified_time":"2025-12-10T14:33:36+00:00","og_image":[{"width":552,"height":678,"url":"https:\/\/elinformativotam.com\/wp-content\/uploads\/2025\/12\/Milagro-.jpg","type":"image\/jpeg"}],"author":"El Informativo Tam","twitter_card":"summary_large_image","twitter_misc":{"Escrito por":"El Informativo Tam","Tiempo de lectura":"1 minuto"},"schema":{"@context":"https:\/\/schema.org","@graph":[{"@type":"Article","@id":"https:\/\/elinformativotam.com\/index.php\/2025\/12\/10\/fue-captado-el-milagro-de-la-navidad-en-plena-zona-centro\/#article","isPartOf":{"@id":"https:\/\/elinformativotam.com\/index.php\/2025\/12\/10\/fue-captado-el-milagro-de-la-navidad-en-plena-zona-centro\/"},"author":{"name":"El Informativo Tam","@id":"https:\/\/elinformativotam.com\/#\/schema\/person\/78e08040eed0f6110f0c5f83b6153590"},"headline":"Fue Captado El \u201cMilagro De La Navidad\u201d En Plena Zona Centro","datePublished":"2025-12-10T14:31:09+00:00","dateModified":"2025-12-10T14:33:36+00:00","mainEntityOfPage":{"@id":"https:\/\/elinformativotam.com\/index.php\/2025\/12\/10\/fue-captado-el-milagro-de-la-navidad-en-plena-zona-centro\/"},"wordCount":178,"commentCount":0,"publisher":{"@id":"https:\/\/elinformativotam.com\/#organization"},"image":{"@id":"https:\/\/elinformativotam.com\/index.php\/2025\/12\/10\/fue-captado-el-milagro-de-la-navidad-en-plena-zona-centro\/#primaryimage"},"thumbnailUrl":"https:\/\/elinformativotam.com\/wp-content\/uploads\/2025\/12\/Milagro-.jpg","articleSection":["Tampico"],"inLanguage":"es","potentialAction":[{"@type":"CommentAction","name":"Comment","target":["https:\/\/elinformativotam.com\/index.php\/2025\/12\/10\/fue-captado-el-milagro-de-la-navidad-en-plena-zona-centro\/#respond"]}]},{"@type":"WebPage","@id":"https:\/\/elinformativotam.com\/index.php\/2025\/12\/10\/fue-captado-el-milagro-de-la-navidad-en-plena-zona-centro\/","url":"https:\/\/elinformativotam.com\/index.php\/2025\/12\/10\/fue-captado-el-milagro-de-la-navidad-en-plena-zona-centro\/","name":"Fue Captado El \u201cMilagro De La Navidad\u201d En Plena Zona Centro - EL INFORMATIVO DE TAMAULIPAS","isPartOf":{"@id":"https:\/\/elinformativotam.com\/#website"},"primaryImageOfPage":{"@id":"https:\/\/elinformativotam.com\/index.php\/2025\/12\/10\/fue-captado-el-milagro-de-la-navidad-en-plena-zona-centro\/#primaryimage"},"image":{"@id":"https:\/\/elinformativotam.com\/index.php\/2025\/12\/10\/fue-captado-el-milagro-de-la-navidad-en-plena-zona-centro\/#primaryimage"},"thumbnailUrl":"https:\/\/elinformativotam.com\/wp-content\/uploads\/2025\/12\/Milagro-.jpg","datePublished":"2025-12-10T14:31:09+00:00","dateModified":"2025-12-10T14:33:36+00:00","description":"Tampico, Tamps.- Fue captado en video el primer milagro de la navidad 2025 en la zona centro de Tampico, solo bastaron menos de 20 segundos de grabaci\u00f3n","inLanguage":"es","potentialAction":[{"@type":"ReadAction","target":["https:\/\/elinformativotam.com\/index.php\/2025\/12\/10\/fue-captado-el-milagro-de-la-navidad-en-plena-zona-centro\/"]}]},{"@type":"ImageObject","inLanguage":"es","@id":"https:\/\/elinformativotam.com\/index.php\/2025\/12\/10\/fue-captado-el-milagro-de-la-navidad-en-plena-zona-centro\/#primaryimage","url":"https:\/\/elinformativotam.com\/wp-content\/uploads\/2025\/12\/Milagro-.jpg","contentUrl":"https:\/\/elinformativotam.com\/wp-content\/uploads\/2025\/12\/Milagro-.jpg","width":552,"height":678},{"@type":"WebSite","@id":"https:\/\/elinformativotam.com\/#website","url":"https:\/\/elinformativotam.com\/","name":"EL INFORMATIVO DE TAMAULIPAS","description":"Desde la Zona Metropolitana Para Todo M\u00e9xico","publisher":{"@id":"https:\/\/elinformativotam.com\/#organization"},"potentialAction":[{"@type":"SearchAction","target":{"@type":"EntryPoint","urlTemplate":"https:\/\/elinformativotam.com\/?s={search_term_string}"},"query-input":{"@type":"PropertyValueSpecification","valueRequired":true,"valueName":"search_term_string"}}],"inLanguage":"es"},{"@type":"Organization","@id":"https:\/\/elinformativotam.com\/#organization","name":"EL INFORMATIVO DE TAMAULIPAS","url":"https:\/\/elinformativotam.com\/","logo":{"@type":"ImageObject","inLanguage":"es","@id":"https:\/\/elinformativotam.com\/#\/schema\/logo\/image\/","url":"https:\/\/elinformativotam.com\/wp-content\/uploads\/2026\/02\/Cabezal.png","contentUrl":"https:\/\/elinformativotam.com\/wp-content\/uploads\/2026\/02\/Cabezal.png","width":960,"height":640,"caption":"EL INFORMATIVO DE TAMAULIPAS"},"image":{"@id":"https:\/\/elinformativotam.com\/#\/schema\/logo\/image\/"}},{"@type":"Person","@id":"https:\/\/elinformativotam.com\/#\/schema\/person\/78e08040eed0f6110f0c5f83b6153590","name":"El Informativo Tam","image":{"@type":"ImageObject","inLanguage":"es","@id":"https:\/\/secure.gravatar.com\/avatar\/f3b7ad3af540688955925ac610647be00b0cf41feea9c4978b73a707ee86bc53?s=96&d=mm&r=g","url":"https:\/\/secure.gravatar.com\/avatar\/f3b7ad3af540688955925ac610647be00b0cf41feea9c4978b73a707ee86bc53?s=96&d=mm&r=g","contentUrl":"https:\/\/secure.gravatar.com\/avatar\/f3b7ad3af540688955925ac610647be00b0cf41feea9c4978b73a707ee86bc53?s=96&d=mm&r=g","caption":"El Informativo Tam"}}]}},"_links":{"self":[{"href":"https:\/\/elinformativotam.com\/index.php\/wp-json\/wp\/v2\/posts\/56973","targetHints":{"allow":["GET"]}}],"collection":[{"href":"https:\/\/elinformativotam.com\/index.php\/wp-json\/wp\/v2\/posts"}],"about":[{"href":"https:\/\/elinformativotam.com\/index.php\/wp-json\/wp\/v2\/types\/post"}],"author":[{"embeddable":true,"href":"https:\/\/elinformativotam.com\/index.php\/wp-json\/wp\/v2\/users\/1"}],"replies":[{"embeddable":true,"href":"https:\/\/elinformativotam.com\/index.php\/wp-json\/wp\/v2\/comments?post=56973"}],"version-history":[{"count":3,"href":"https:\/\/elinformativotam.com\/index.php\/wp-json\/wp\/v2\/posts\/56973\/revisions"}],"predecessor-version":[{"id":56979,"href":"https:\/\/elinformativotam.com\/index.php\/wp-json\/wp\/v2\/posts\/56973\/revisions\/56979"}],"wp:featuredmedia":[{"embeddable":true,"href":"https:\/\/elinformativotam.com\/index.php\/wp-json\/wp\/v2\/media\/56961"}],"wp:attachment":[{"href":"https:\/\/elinformativotam.com\/index.php\/wp-json\/wp\/v2\/media?parent=56973"}],"wp:term":[{"taxonomy":"category","embeddable":true,"href":"https:\/\/elinformativotam.com\/index.php\/wp-json\/wp\/v2\/categories?post=56973"},{"taxonomy":"post_tag","embeddable":true,"href":"https:\/\/elinformativotam.com\/index.php\/wp-json\/wp\/v2\/tags?post=56973"}],"curies":[{"name":"wp","href":"https:\/\/api.w.org\/{rel}","templated":true}]}}