{"id":56970,"date":"2025-12-10T08:29:39","date_gmt":"2025-12-10T14:29:39","guid":{"rendered":"https:\/\/elinformativotam.com\/?p=56970"},"modified":"2025-12-10T08:29:39","modified_gmt":"2025-12-10T14:29:39","slug":"sector-comercial-se-prepara-para-las-ventas-de-fin-de-ano","status":"publish","type":"post","link":"https:\/\/elinformativotam.com\/index.php\/2025\/12\/10\/sector-comercial-se-prepara-para-las-ventas-de-fin-de-ano\/","title":{"rendered":"Sector Comercial Se Prepara Para Las Ventas De Fin De A\u00f1o."},"content":{"rendered":"<p>Ciudad Madero, Tamps.\u2013 Con la cercan\u00eda de las fiestas decembrinas, el sector comercial de Ciudad Madero ya se encuentra listo para la recta final del a\u00f1o, incrementando inventarios y ampliando la oferta de productos, respaldados por la expectativa generada tras la pasada temporada vacacional.<\/p>\n<p>&nbsp;<\/p>\n<p>Comerciantes de diferentes giros se\u00f1alaron que las altas ventas registradas durante el verano son el principal referente para confiar en un cierre positivo, por lo que decidieron reforzar su surtido en art\u00edculos de mayor demanda como ropa, calzado, electr\u00f3nicos y productos para regalo.<\/p>\n<p>&nbsp;<\/p>\n<p>Indicaron que diciembre representa una de las temporadas m\u00e1s fuertes del a\u00f1o, en gran medida por el flujo de recursos que se genera con el pago de aguinaldos, prestaciones y bonos, situaci\u00f3n que suele incrementar el movimiento comercial en esta zona.<\/p>\n<p>&nbsp;<\/p>\n<p>Ante ello, los negocios esperan que, durante los \u00faltimos d\u00edas del 2025, las ventas puedan igualarse o incluso superar lo registrado en los meses de verano, consolidando as\u00ed un cierre de a\u00f1o favorable para el comercio establecido en Ciudad Madero.<\/p>\n<p>&nbsp;<\/p>\n","protected":false},"excerpt":{"rendered":"<p>Ciudad Madero, Tamps.\u2013 Con la cercan\u00eda de las fiestas decembrinas, el sector comercial de Ciudad Madero ya se encuentra listo&hellip;<\/p>\n","protected":false},"author":1,"featured_media":56971,"comment_status":"open","ping_status":"open","sticky":false,"template":"","format":"standard","meta":{"footnotes":""},"categories":[4],"tags":[],"class_list":["post-56970","post","type-post","status-publish","format-standard","has-post-thumbnail","hentry","category-madero"],"yoast_head":"<!-- This site is optimized with the Yoast SEO plugin v27.5 - https:\/\/yoast.com\/product\/yoast-seo-wordpress\/ -->\n<title>Sector Comercial Se Prepara Para Las Ventas De Fin De A\u00f1o. - EL INFORMATIVO DE TAMAULIPAS<\/title>\n<meta name=\"description\" content=\"Ciudad Madero, Tamps.\u2013 Con la cercan\u00eda de las fiestas decembrinas, el sector comercial de Ciudad Madero ya se encuentra listo para la recta final del a\u00f1o,\" \/>\n<meta name=\"robots\" content=\"index, follow, max-snippet:-1, max-image-preview:large, max-video-preview:-1\" \/>\n<link rel=\"canonical\" href=\"https:\/\/elinformativotam.com\/index.php\/2025\/12\/10\/sector-comercial-se-prepara-para-las-ventas-de-fin-de-ano\/\" \/>\n<meta property=\"og:locale\" content=\"es_MX\" \/>\n<meta property=\"og:type\" content=\"article\" \/>\n<meta property=\"og:title\" content=\"Sector Comercial Se Prepara Para Las Ventas De Fin De A\u00f1o. - EL INFORMATIVO DE TAMAULIPAS\" \/>\n<meta property=\"og:description\" content=\"Ciudad Madero, Tamps.\u2013 Con la cercan\u00eda de las fiestas decembrinas, el sector comercial de Ciudad Madero ya se encuentra listo para la recta final del a\u00f1o,\" \/>\n<meta property=\"og:url\" content=\"https:\/\/elinformativotam.com\/index.php\/2025\/12\/10\/sector-comercial-se-prepara-para-las-ventas-de-fin-de-ano\/\" \/>\n<meta property=\"og:site_name\" content=\"EL INFORMATIVO DE TAMAULIPAS\" \/>\n<meta property=\"article:published_time\" content=\"2025-12-10T14:29:39+00:00\" \/>\n<meta property=\"og:image\" content=\"https:\/\/elinformativotam.com\/wp-content\/uploads\/2025\/12\/Comercio.jpg\" \/>\n\t<meta property=\"og:image:width\" content=\"1024\" \/>\n\t<meta property=\"og:image:height\" content=\"768\" \/>\n\t<meta property=\"og:image:type\" content=\"image\/jpeg\" \/>\n<meta name=\"author\" content=\"El Informativo Tam\" \/>\n<meta name=\"twitter:card\" content=\"summary_large_image\" \/>\n<meta name=\"twitter:label1\" content=\"Escrito por\" \/>\n\t<meta name=\"twitter:data1\" content=\"El Informativo Tam\" \/>\n\t<meta name=\"twitter:label2\" content=\"Tiempo de lectura\" \/>\n\t<meta name=\"twitter:data2\" content=\"1 minuto\" \/>\n<script type=\"application\/ld+json\" class=\"yoast-schema-graph\">{\"@context\":\"https:\\\/\\\/schema.org\",\"@graph\":[{\"@type\":\"Article\",\"@id\":\"https:\\\/\\\/elinformativotam.com\\\/index.php\\\/2025\\\/12\\\/10\\\/sector-comercial-se-prepara-para-las-ventas-de-fin-de-ano\\\/#article\",\"isPartOf\":{\"@id\":\"https:\\\/\\\/elinformativotam.com\\\/index.php\\\/2025\\\/12\\\/10\\\/sector-comercial-se-prepara-para-las-ventas-de-fin-de-ano\\\/\"},\"author\":{\"name\":\"El Informativo Tam\",\"@id\":\"https:\\\/\\\/elinformativotam.com\\\/#\\\/schema\\\/person\\\/78e08040eed0f6110f0c5f83b6153590\"},\"headline\":\"Sector Comercial Se Prepara Para Las Ventas De Fin De A\u00f1o.\",\"datePublished\":\"2025-12-10T14:29:39+00:00\",\"mainEntityOfPage\":{\"@id\":\"https:\\\/\\\/elinformativotam.com\\\/index.php\\\/2025\\\/12\\\/10\\\/sector-comercial-se-prepara-para-las-ventas-de-fin-de-ano\\\/\"},\"wordCount\":193,\"commentCount\":0,\"publisher\":{\"@id\":\"https:\\\/\\\/elinformativotam.com\\\/#organization\"},\"image\":{\"@id\":\"https:\\\/\\\/elinformativotam.com\\\/index.php\\\/2025\\\/12\\\/10\\\/sector-comercial-se-prepara-para-las-ventas-de-fin-de-ano\\\/#primaryimage\"},\"thumbnailUrl\":\"https:\\\/\\\/elinformativotam.com\\\/wp-content\\\/uploads\\\/2025\\\/12\\\/Comercio.jpg\",\"articleSection\":[\"Cd Madero\"],\"inLanguage\":\"es\",\"potentialAction\":[{\"@type\":\"CommentAction\",\"name\":\"Comment\",\"target\":[\"https:\\\/\\\/elinformativotam.com\\\/index.php\\\/2025\\\/12\\\/10\\\/sector-comercial-se-prepara-para-las-ventas-de-fin-de-ano\\\/#respond\"]}]},{\"@type\":\"WebPage\",\"@id\":\"https:\\\/\\\/elinformativotam.com\\\/index.php\\\/2025\\\/12\\\/10\\\/sector-comercial-se-prepara-para-las-ventas-de-fin-de-ano\\\/\",\"url\":\"https:\\\/\\\/elinformativotam.com\\\/index.php\\\/2025\\\/12\\\/10\\\/sector-comercial-se-prepara-para-las-ventas-de-fin-de-ano\\\/\",\"name\":\"Sector Comercial Se Prepara Para Las Ventas De Fin De A\u00f1o. - EL INFORMATIVO DE TAMAULIPAS\",\"isPartOf\":{\"@id\":\"https:\\\/\\\/elinformativotam.com\\\/#website\"},\"primaryImageOfPage\":{\"@id\":\"https:\\\/\\\/elinformativotam.com\\\/index.php\\\/2025\\\/12\\\/10\\\/sector-comercial-se-prepara-para-las-ventas-de-fin-de-ano\\\/#primaryimage\"},\"image\":{\"@id\":\"https:\\\/\\\/elinformativotam.com\\\/index.php\\\/2025\\\/12\\\/10\\\/sector-comercial-se-prepara-para-las-ventas-de-fin-de-ano\\\/#primaryimage\"},\"thumbnailUrl\":\"https:\\\/\\\/elinformativotam.com\\\/wp-content\\\/uploads\\\/2025\\\/12\\\/Comercio.jpg\",\"datePublished\":\"2025-12-10T14:29:39+00:00\",\"description\":\"Ciudad Madero, Tamps.\u2013 Con la cercan\u00eda de las fiestas decembrinas, el sector comercial de Ciudad Madero ya se encuentra listo para la recta final del a\u00f1o,\",\"inLanguage\":\"es\",\"potentialAction\":[{\"@type\":\"ReadAction\",\"target\":[\"https:\\\/\\\/elinformativotam.com\\\/index.php\\\/2025\\\/12\\\/10\\\/sector-comercial-se-prepara-para-las-ventas-de-fin-de-ano\\\/\"]}]},{\"@type\":\"ImageObject\",\"inLanguage\":\"es\",\"@id\":\"https:\\\/\\\/elinformativotam.com\\\/index.php\\\/2025\\\/12\\\/10\\\/sector-comercial-se-prepara-para-las-ventas-de-fin-de-ano\\\/#primaryimage\",\"url\":\"https:\\\/\\\/elinformativotam.com\\\/wp-content\\\/uploads\\\/2025\\\/12\\\/Comercio.jpg\",\"contentUrl\":\"https:\\\/\\\/elinformativotam.com\\\/wp-content\\\/uploads\\\/2025\\\/12\\\/Comercio.jpg\",\"width\":1024,\"height\":768},{\"@type\":\"WebSite\",\"@id\":\"https:\\\/\\\/elinformativotam.com\\\/#website\",\"url\":\"https:\\\/\\\/elinformativotam.com\\\/\",\"name\":\"EL INFORMATIVO DE TAMAULIPAS\",\"description\":\"Desde la Zona Metropolitana Para Todo M\u00e9xico\",\"publisher\":{\"@id\":\"https:\\\/\\\/elinformativotam.com\\\/#organization\"},\"potentialAction\":[{\"@type\":\"SearchAction\",\"target\":{\"@type\":\"EntryPoint\",\"urlTemplate\":\"https:\\\/\\\/elinformativotam.com\\\/?s={search_term_string}\"},\"query-input\":{\"@type\":\"PropertyValueSpecification\",\"valueRequired\":true,\"valueName\":\"search_term_string\"}}],\"inLanguage\":\"es\"},{\"@type\":\"Organization\",\"@id\":\"https:\\\/\\\/elinformativotam.com\\\/#organization\",\"name\":\"EL INFORMATIVO DE TAMAULIPAS\",\"url\":\"https:\\\/\\\/elinformativotam.com\\\/\",\"logo\":{\"@type\":\"ImageObject\",\"inLanguage\":\"es\",\"@id\":\"https:\\\/\\\/elinformativotam.com\\\/#\\\/schema\\\/logo\\\/image\\\/\",\"url\":\"https:\\\/\\\/elinformativotam.com\\\/wp-content\\\/uploads\\\/2026\\\/02\\\/Cabezal.png\",\"contentUrl\":\"https:\\\/\\\/elinformativotam.com\\\/wp-content\\\/uploads\\\/2026\\\/02\\\/Cabezal.png\",\"width\":960,\"height\":640,\"caption\":\"EL INFORMATIVO DE TAMAULIPAS\"},\"image\":{\"@id\":\"https:\\\/\\\/elinformativotam.com\\\/#\\\/schema\\\/logo\\\/image\\\/\"}},{\"@type\":\"Person\",\"@id\":\"https:\\\/\\\/elinformativotam.com\\\/#\\\/schema\\\/person\\\/78e08040eed0f6110f0c5f83b6153590\",\"name\":\"El Informativo Tam\",\"image\":{\"@type\":\"ImageObject\",\"inLanguage\":\"es\",\"@id\":\"https:\\\/\\\/secure.gravatar.com\\\/avatar\\\/f3b7ad3af540688955925ac610647be00b0cf41feea9c4978b73a707ee86bc53?s=96&d=mm&r=g\",\"url\":\"https:\\\/\\\/secure.gravatar.com\\\/avatar\\\/f3b7ad3af540688955925ac610647be00b0cf41feea9c4978b73a707ee86bc53?s=96&d=mm&r=g\",\"contentUrl\":\"https:\\\/\\\/secure.gravatar.com\\\/avatar\\\/f3b7ad3af540688955925ac610647be00b0cf41feea9c4978b73a707ee86bc53?s=96&d=mm&r=g\",\"caption\":\"El Informativo Tam\"}}]}<\/script>\n<!-- \/ Yoast SEO plugin. -->","yoast_head_json":{"title":"Sector Comercial Se Prepara Para Las Ventas De Fin De A\u00f1o. - EL INFORMATIVO DE TAMAULIPAS","description":"Ciudad Madero, Tamps.\u2013 Con la cercan\u00eda de las fiestas decembrinas, el sector comercial de Ciudad Madero ya se encuentra listo para la recta final del a\u00f1o,","robots":{"index":"index","follow":"follow","max-snippet":"max-snippet:-1","max-image-preview":"max-image-preview:large","max-video-preview":"max-video-preview:-1"},"canonical":"https:\/\/elinformativotam.com\/index.php\/2025\/12\/10\/sector-comercial-se-prepara-para-las-ventas-de-fin-de-ano\/","og_locale":"es_MX","og_type":"article","og_title":"Sector Comercial Se Prepara Para Las Ventas De Fin De A\u00f1o. - EL INFORMATIVO DE TAMAULIPAS","og_description":"Ciudad Madero, Tamps.\u2013 Con la cercan\u00eda de las fiestas decembrinas, el sector comercial de Ciudad Madero ya se encuentra listo para la recta final del a\u00f1o,","og_url":"https:\/\/elinformativotam.com\/index.php\/2025\/12\/10\/sector-comercial-se-prepara-para-las-ventas-de-fin-de-ano\/","og_site_name":"EL INFORMATIVO DE TAMAULIPAS","article_published_time":"2025-12-10T14:29:39+00:00","og_image":[{"width":1024,"height":768,"url":"https:\/\/elinformativotam.com\/wp-content\/uploads\/2025\/12\/Comercio.jpg","type":"image\/jpeg"}],"author":"El Informativo Tam","twitter_card":"summary_large_image","twitter_misc":{"Escrito por":"El Informativo Tam","Tiempo de lectura":"1 minuto"},"schema":{"@context":"https:\/\/schema.org","@graph":[{"@type":"Article","@id":"https:\/\/elinformativotam.com\/index.php\/2025\/12\/10\/sector-comercial-se-prepara-para-las-ventas-de-fin-de-ano\/#article","isPartOf":{"@id":"https:\/\/elinformativotam.com\/index.php\/2025\/12\/10\/sector-comercial-se-prepara-para-las-ventas-de-fin-de-ano\/"},"author":{"name":"El Informativo Tam","@id":"https:\/\/elinformativotam.com\/#\/schema\/person\/78e08040eed0f6110f0c5f83b6153590"},"headline":"Sector Comercial Se Prepara Para Las Ventas De Fin De A\u00f1o.","datePublished":"2025-12-10T14:29:39+00:00","mainEntityOfPage":{"@id":"https:\/\/elinformativotam.com\/index.php\/2025\/12\/10\/sector-comercial-se-prepara-para-las-ventas-de-fin-de-ano\/"},"wordCount":193,"commentCount":0,"publisher":{"@id":"https:\/\/elinformativotam.com\/#organization"},"image":{"@id":"https:\/\/elinformativotam.com\/index.php\/2025\/12\/10\/sector-comercial-se-prepara-para-las-ventas-de-fin-de-ano\/#primaryimage"},"thumbnailUrl":"https:\/\/elinformativotam.com\/wp-content\/uploads\/2025\/12\/Comercio.jpg","articleSection":["Cd Madero"],"inLanguage":"es","potentialAction":[{"@type":"CommentAction","name":"Comment","target":["https:\/\/elinformativotam.com\/index.php\/2025\/12\/10\/sector-comercial-se-prepara-para-las-ventas-de-fin-de-ano\/#respond"]}]},{"@type":"WebPage","@id":"https:\/\/elinformativotam.com\/index.php\/2025\/12\/10\/sector-comercial-se-prepara-para-las-ventas-de-fin-de-ano\/","url":"https:\/\/elinformativotam.com\/index.php\/2025\/12\/10\/sector-comercial-se-prepara-para-las-ventas-de-fin-de-ano\/","name":"Sector Comercial Se Prepara Para Las Ventas De Fin De A\u00f1o. - EL INFORMATIVO DE TAMAULIPAS","isPartOf":{"@id":"https:\/\/elinformativotam.com\/#website"},"primaryImageOfPage":{"@id":"https:\/\/elinformativotam.com\/index.php\/2025\/12\/10\/sector-comercial-se-prepara-para-las-ventas-de-fin-de-ano\/#primaryimage"},"image":{"@id":"https:\/\/elinformativotam.com\/index.php\/2025\/12\/10\/sector-comercial-se-prepara-para-las-ventas-de-fin-de-ano\/#primaryimage"},"thumbnailUrl":"https:\/\/elinformativotam.com\/wp-content\/uploads\/2025\/12\/Comercio.jpg","datePublished":"2025-12-10T14:29:39+00:00","description":"Ciudad Madero, Tamps.\u2013 Con la cercan\u00eda de las fiestas decembrinas, el sector comercial de Ciudad Madero ya se encuentra listo para la recta final del a\u00f1o,","inLanguage":"es","potentialAction":[{"@type":"ReadAction","target":["https:\/\/elinformativotam.com\/index.php\/2025\/12\/10\/sector-comercial-se-prepara-para-las-ventas-de-fin-de-ano\/"]}]},{"@type":"ImageObject","inLanguage":"es","@id":"https:\/\/elinformativotam.com\/index.php\/2025\/12\/10\/sector-comercial-se-prepara-para-las-ventas-de-fin-de-ano\/#primaryimage","url":"https:\/\/elinformativotam.com\/wp-content\/uploads\/2025\/12\/Comercio.jpg","contentUrl":"https:\/\/elinformativotam.com\/wp-content\/uploads\/2025\/12\/Comercio.jpg","width":1024,"height":768},{"@type":"WebSite","@id":"https:\/\/elinformativotam.com\/#website","url":"https:\/\/elinformativotam.com\/","name":"EL INFORMATIVO DE TAMAULIPAS","description":"Desde la Zona Metropolitana Para Todo M\u00e9xico","publisher":{"@id":"https:\/\/elinformativotam.com\/#organization"},"potentialAction":[{"@type":"SearchAction","target":{"@type":"EntryPoint","urlTemplate":"https:\/\/elinformativotam.com\/?s={search_term_string}"},"query-input":{"@type":"PropertyValueSpecification","valueRequired":true,"valueName":"search_term_string"}}],"inLanguage":"es"},{"@type":"Organization","@id":"https:\/\/elinformativotam.com\/#organization","name":"EL INFORMATIVO DE TAMAULIPAS","url":"https:\/\/elinformativotam.com\/","logo":{"@type":"ImageObject","inLanguage":"es","@id":"https:\/\/elinformativotam.com\/#\/schema\/logo\/image\/","url":"https:\/\/elinformativotam.com\/wp-content\/uploads\/2026\/02\/Cabezal.png","contentUrl":"https:\/\/elinformativotam.com\/wp-content\/uploads\/2026\/02\/Cabezal.png","width":960,"height":640,"caption":"EL INFORMATIVO DE TAMAULIPAS"},"image":{"@id":"https:\/\/elinformativotam.com\/#\/schema\/logo\/image\/"}},{"@type":"Person","@id":"https:\/\/elinformativotam.com\/#\/schema\/person\/78e08040eed0f6110f0c5f83b6153590","name":"El Informativo Tam","image":{"@type":"ImageObject","inLanguage":"es","@id":"https:\/\/secure.gravatar.com\/avatar\/f3b7ad3af540688955925ac610647be00b0cf41feea9c4978b73a707ee86bc53?s=96&d=mm&r=g","url":"https:\/\/secure.gravatar.com\/avatar\/f3b7ad3af540688955925ac610647be00b0cf41feea9c4978b73a707ee86bc53?s=96&d=mm&r=g","contentUrl":"https:\/\/secure.gravatar.com\/avatar\/f3b7ad3af540688955925ac610647be00b0cf41feea9c4978b73a707ee86bc53?s=96&d=mm&r=g","caption":"El Informativo Tam"}}]}},"_links":{"self":[{"href":"https:\/\/elinformativotam.com\/index.php\/wp-json\/wp\/v2\/posts\/56970","targetHints":{"allow":["GET"]}}],"collection":[{"href":"https:\/\/elinformativotam.com\/index.php\/wp-json\/wp\/v2\/posts"}],"about":[{"href":"https:\/\/elinformativotam.com\/index.php\/wp-json\/wp\/v2\/types\/post"}],"author":[{"embeddable":true,"href":"https:\/\/elinformativotam.com\/index.php\/wp-json\/wp\/v2\/users\/1"}],"replies":[{"embeddable":true,"href":"https:\/\/elinformativotam.com\/index.php\/wp-json\/wp\/v2\/comments?post=56970"}],"version-history":[{"count":1,"href":"https:\/\/elinformativotam.com\/index.php\/wp-json\/wp\/v2\/posts\/56970\/revisions"}],"predecessor-version":[{"id":56972,"href":"https:\/\/elinformativotam.com\/index.php\/wp-json\/wp\/v2\/posts\/56970\/revisions\/56972"}],"wp:featuredmedia":[{"embeddable":true,"href":"https:\/\/elinformativotam.com\/index.php\/wp-json\/wp\/v2\/media\/56971"}],"wp:attachment":[{"href":"https:\/\/elinformativotam.com\/index.php\/wp-json\/wp\/v2\/media?parent=56970"}],"wp:term":[{"taxonomy":"category","embeddable":true,"href":"https:\/\/elinformativotam.com\/index.php\/wp-json\/wp\/v2\/categories?post=56970"},{"taxonomy":"post_tag","embeddable":true,"href":"https:\/\/elinformativotam.com\/index.php\/wp-json\/wp\/v2\/tags?post=56970"}],"curies":[{"name":"wp","href":"https:\/\/api.w.org\/{rel}","templated":true}]}}