{"id":56968,"date":"2025-12-10T08:28:27","date_gmt":"2025-12-10T14:28:27","guid":{"rendered":"https:\/\/elinformativotam.com\/?p=56968"},"modified":"2025-12-10T08:28:27","modified_gmt":"2025-12-10T14:28:27","slug":"enorme-arbol-se-desploma-al-interior-del-cementerio-municipal","status":"publish","type":"post","link":"https:\/\/elinformativotam.com\/index.php\/2025\/12\/10\/enorme-arbol-se-desploma-al-interior-del-cementerio-municipal\/","title":{"rendered":"Enorme \u00c1rbol Se Desploma Al Interior Del Cementerio Municipal"},"content":{"rendered":"<p>Un total de diez tumbas, dos de ellas con p\u00e9rdida total, fue la afectaci\u00f3n que gener\u00f3 el desplome de un enorme y enfermo pino, al interior del cementerio municipal de Tampico de la avenida Hidalgo.<\/p>\n<p>&nbsp;<\/p>\n<p>Los hechos se registraron poco antes de las seis de ma\u00f1ana de este martes, cuando seg\u00fan reportes de los trabajadores del \u201ccapo santo\u201d se escuch\u00f3 como tron\u00f3 el tronco del pino de m\u00e1s de 20 metros de altura, cayendo sobre las tumbas, destrozando en su ca\u00edda a gran n\u00famero de ellas.<\/p>\n<p>&nbsp;<\/p>\n<p>Este \u00e1rbol que ten\u00eda d\u00e9cadas entre la fila 48 y 53 del cementerio municipal, qued\u00f3 obstruyendo adem\u00e1s el pasillo principal del pante\u00f3n, por lo que personal de Protecci\u00f3n civil y servicios p\u00fablicos tuvieron que talar las ramas y tronco para liberar el paso.<\/p>\n<p>&nbsp;<\/p>\n<p>El gobierno municipal a trav\u00e9s del \u00e1rea de ecolog\u00eda estar\u00e1 realizando un dictamen para confirmar el n\u00famero de \u00e1rboles que se encuentran en riesgo de desplomarse, por lo longevo y enfermos que se encuentran, con ello evitar este tipo de situaciones<\/p>\n","protected":false},"excerpt":{"rendered":"<p>Un total de diez tumbas, dos de ellas con p\u00e9rdida total, fue la afectaci\u00f3n que gener\u00f3 el desplome de un&hellip;<\/p>\n","protected":false},"author":1,"featured_media":56965,"comment_status":"open","ping_status":"open","sticky":false,"template":"","format":"standard","meta":{"footnotes":""},"categories":[3],"tags":[],"class_list":["post-56968","post","type-post","status-publish","format-standard","has-post-thumbnail","hentry","category-tampico"],"yoast_head":"<!-- This site is optimized with the Yoast SEO plugin v27.5 - https:\/\/yoast.com\/product\/yoast-seo-wordpress\/ -->\n<title>Enorme \u00c1rbol Se Desploma Al Interior Del Cementerio Municipal - EL INFORMATIVO DE TAMAULIPAS<\/title>\n<meta name=\"description\" content=\"Un total de diez tumbas, dos de ellas con p\u00e9rdida total, fue la afectaci\u00f3n que gener\u00f3 el desplome de un enorme y enfermo pino, al interior del cementerio\" \/>\n<meta name=\"robots\" content=\"index, follow, max-snippet:-1, max-image-preview:large, max-video-preview:-1\" \/>\n<link rel=\"canonical\" href=\"https:\/\/elinformativotam.com\/index.php\/2025\/12\/10\/enorme-arbol-se-desploma-al-interior-del-cementerio-municipal\/\" \/>\n<meta property=\"og:locale\" content=\"es_MX\" \/>\n<meta property=\"og:type\" content=\"article\" \/>\n<meta property=\"og:title\" content=\"Enorme \u00c1rbol Se Desploma Al Interior Del Cementerio Municipal - EL INFORMATIVO DE TAMAULIPAS\" \/>\n<meta property=\"og:description\" content=\"Un total de diez tumbas, dos de ellas con p\u00e9rdida total, fue la afectaci\u00f3n que gener\u00f3 el desplome de un enorme y enfermo pino, al interior del cementerio\" \/>\n<meta property=\"og:url\" content=\"https:\/\/elinformativotam.com\/index.php\/2025\/12\/10\/enorme-arbol-se-desploma-al-interior-del-cementerio-municipal\/\" \/>\n<meta property=\"og:site_name\" content=\"EL INFORMATIVO DE TAMAULIPAS\" \/>\n<meta property=\"article:published_time\" content=\"2025-12-10T14:28:27+00:00\" \/>\n<meta property=\"og:image\" content=\"https:\/\/elinformativotam.com\/wp-content\/uploads\/2025\/12\/Arbol-Panteon.jpg\" \/>\n\t<meta property=\"og:image:width\" content=\"1573\" \/>\n\t<meta property=\"og:image:height\" content=\"851\" \/>\n\t<meta property=\"og:image:type\" content=\"image\/jpeg\" \/>\n<meta name=\"author\" content=\"El Informativo Tam\" \/>\n<meta name=\"twitter:card\" content=\"summary_large_image\" \/>\n<meta name=\"twitter:label1\" content=\"Escrito por\" \/>\n\t<meta name=\"twitter:data1\" content=\"El Informativo Tam\" \/>\n\t<meta name=\"twitter:label2\" content=\"Tiempo de lectura\" \/>\n\t<meta name=\"twitter:data2\" content=\"1 minuto\" \/>\n<script type=\"application\/ld+json\" class=\"yoast-schema-graph\">{\"@context\":\"https:\\\/\\\/schema.org\",\"@graph\":[{\"@type\":\"Article\",\"@id\":\"https:\\\/\\\/elinformativotam.com\\\/index.php\\\/2025\\\/12\\\/10\\\/enorme-arbol-se-desploma-al-interior-del-cementerio-municipal\\\/#article\",\"isPartOf\":{\"@id\":\"https:\\\/\\\/elinformativotam.com\\\/index.php\\\/2025\\\/12\\\/10\\\/enorme-arbol-se-desploma-al-interior-del-cementerio-municipal\\\/\"},\"author\":{\"name\":\"El Informativo Tam\",\"@id\":\"https:\\\/\\\/elinformativotam.com\\\/#\\\/schema\\\/person\\\/78e08040eed0f6110f0c5f83b6153590\"},\"headline\":\"Enorme \u00c1rbol Se Desploma Al Interior Del Cementerio Municipal\",\"datePublished\":\"2025-12-10T14:28:27+00:00\",\"mainEntityOfPage\":{\"@id\":\"https:\\\/\\\/elinformativotam.com\\\/index.php\\\/2025\\\/12\\\/10\\\/enorme-arbol-se-desploma-al-interior-del-cementerio-municipal\\\/\"},\"wordCount\":195,\"commentCount\":0,\"publisher\":{\"@id\":\"https:\\\/\\\/elinformativotam.com\\\/#organization\"},\"image\":{\"@id\":\"https:\\\/\\\/elinformativotam.com\\\/index.php\\\/2025\\\/12\\\/10\\\/enorme-arbol-se-desploma-al-interior-del-cementerio-municipal\\\/#primaryimage\"},\"thumbnailUrl\":\"https:\\\/\\\/elinformativotam.com\\\/wp-content\\\/uploads\\\/2025\\\/12\\\/Arbol-Panteon.jpg\",\"articleSection\":[\"Tampico\"],\"inLanguage\":\"es\",\"potentialAction\":[{\"@type\":\"CommentAction\",\"name\":\"Comment\",\"target\":[\"https:\\\/\\\/elinformativotam.com\\\/index.php\\\/2025\\\/12\\\/10\\\/enorme-arbol-se-desploma-al-interior-del-cementerio-municipal\\\/#respond\"]}]},{\"@type\":\"WebPage\",\"@id\":\"https:\\\/\\\/elinformativotam.com\\\/index.php\\\/2025\\\/12\\\/10\\\/enorme-arbol-se-desploma-al-interior-del-cementerio-municipal\\\/\",\"url\":\"https:\\\/\\\/elinformativotam.com\\\/index.php\\\/2025\\\/12\\\/10\\\/enorme-arbol-se-desploma-al-interior-del-cementerio-municipal\\\/\",\"name\":\"Enorme \u00c1rbol Se Desploma Al Interior Del Cementerio Municipal - EL INFORMATIVO DE TAMAULIPAS\",\"isPartOf\":{\"@id\":\"https:\\\/\\\/elinformativotam.com\\\/#website\"},\"primaryImageOfPage\":{\"@id\":\"https:\\\/\\\/elinformativotam.com\\\/index.php\\\/2025\\\/12\\\/10\\\/enorme-arbol-se-desploma-al-interior-del-cementerio-municipal\\\/#primaryimage\"},\"image\":{\"@id\":\"https:\\\/\\\/elinformativotam.com\\\/index.php\\\/2025\\\/12\\\/10\\\/enorme-arbol-se-desploma-al-interior-del-cementerio-municipal\\\/#primaryimage\"},\"thumbnailUrl\":\"https:\\\/\\\/elinformativotam.com\\\/wp-content\\\/uploads\\\/2025\\\/12\\\/Arbol-Panteon.jpg\",\"datePublished\":\"2025-12-10T14:28:27+00:00\",\"description\":\"Un total de diez tumbas, dos de ellas con p\u00e9rdida total, fue la afectaci\u00f3n que gener\u00f3 el desplome de un enorme y enfermo pino, al interior del cementerio\",\"inLanguage\":\"es\",\"potentialAction\":[{\"@type\":\"ReadAction\",\"target\":[\"https:\\\/\\\/elinformativotam.com\\\/index.php\\\/2025\\\/12\\\/10\\\/enorme-arbol-se-desploma-al-interior-del-cementerio-municipal\\\/\"]}]},{\"@type\":\"ImageObject\",\"inLanguage\":\"es\",\"@id\":\"https:\\\/\\\/elinformativotam.com\\\/index.php\\\/2025\\\/12\\\/10\\\/enorme-arbol-se-desploma-al-interior-del-cementerio-municipal\\\/#primaryimage\",\"url\":\"https:\\\/\\\/elinformativotam.com\\\/wp-content\\\/uploads\\\/2025\\\/12\\\/Arbol-Panteon.jpg\",\"contentUrl\":\"https:\\\/\\\/elinformativotam.com\\\/wp-content\\\/uploads\\\/2025\\\/12\\\/Arbol-Panteon.jpg\",\"width\":1573,\"height\":851},{\"@type\":\"WebSite\",\"@id\":\"https:\\\/\\\/elinformativotam.com\\\/#website\",\"url\":\"https:\\\/\\\/elinformativotam.com\\\/\",\"name\":\"EL INFORMATIVO DE TAMAULIPAS\",\"description\":\"Desde la Zona Metropolitana Para Todo M\u00e9xico\",\"publisher\":{\"@id\":\"https:\\\/\\\/elinformativotam.com\\\/#organization\"},\"potentialAction\":[{\"@type\":\"SearchAction\",\"target\":{\"@type\":\"EntryPoint\",\"urlTemplate\":\"https:\\\/\\\/elinformativotam.com\\\/?s={search_term_string}\"},\"query-input\":{\"@type\":\"PropertyValueSpecification\",\"valueRequired\":true,\"valueName\":\"search_term_string\"}}],\"inLanguage\":\"es\"},{\"@type\":\"Organization\",\"@id\":\"https:\\\/\\\/elinformativotam.com\\\/#organization\",\"name\":\"EL INFORMATIVO DE TAMAULIPAS\",\"url\":\"https:\\\/\\\/elinformativotam.com\\\/\",\"logo\":{\"@type\":\"ImageObject\",\"inLanguage\":\"es\",\"@id\":\"https:\\\/\\\/elinformativotam.com\\\/#\\\/schema\\\/logo\\\/image\\\/\",\"url\":\"https:\\\/\\\/elinformativotam.com\\\/wp-content\\\/uploads\\\/2026\\\/02\\\/Cabezal.png\",\"contentUrl\":\"https:\\\/\\\/elinformativotam.com\\\/wp-content\\\/uploads\\\/2026\\\/02\\\/Cabezal.png\",\"width\":960,\"height\":640,\"caption\":\"EL INFORMATIVO DE TAMAULIPAS\"},\"image\":{\"@id\":\"https:\\\/\\\/elinformativotam.com\\\/#\\\/schema\\\/logo\\\/image\\\/\"}},{\"@type\":\"Person\",\"@id\":\"https:\\\/\\\/elinformativotam.com\\\/#\\\/schema\\\/person\\\/78e08040eed0f6110f0c5f83b6153590\",\"name\":\"El Informativo Tam\",\"image\":{\"@type\":\"ImageObject\",\"inLanguage\":\"es\",\"@id\":\"https:\\\/\\\/secure.gravatar.com\\\/avatar\\\/f3b7ad3af540688955925ac610647be00b0cf41feea9c4978b73a707ee86bc53?s=96&d=mm&r=g\",\"url\":\"https:\\\/\\\/secure.gravatar.com\\\/avatar\\\/f3b7ad3af540688955925ac610647be00b0cf41feea9c4978b73a707ee86bc53?s=96&d=mm&r=g\",\"contentUrl\":\"https:\\\/\\\/secure.gravatar.com\\\/avatar\\\/f3b7ad3af540688955925ac610647be00b0cf41feea9c4978b73a707ee86bc53?s=96&d=mm&r=g\",\"caption\":\"El Informativo Tam\"}}]}<\/script>\n<!-- \/ Yoast SEO plugin. -->","yoast_head_json":{"title":"Enorme \u00c1rbol Se Desploma Al Interior Del Cementerio Municipal - EL INFORMATIVO DE TAMAULIPAS","description":"Un total de diez tumbas, dos de ellas con p\u00e9rdida total, fue la afectaci\u00f3n que gener\u00f3 el desplome de un enorme y enfermo pino, al interior del cementerio","robots":{"index":"index","follow":"follow","max-snippet":"max-snippet:-1","max-image-preview":"max-image-preview:large","max-video-preview":"max-video-preview:-1"},"canonical":"https:\/\/elinformativotam.com\/index.php\/2025\/12\/10\/enorme-arbol-se-desploma-al-interior-del-cementerio-municipal\/","og_locale":"es_MX","og_type":"article","og_title":"Enorme \u00c1rbol Se Desploma Al Interior Del Cementerio Municipal - EL INFORMATIVO DE TAMAULIPAS","og_description":"Un total de diez tumbas, dos de ellas con p\u00e9rdida total, fue la afectaci\u00f3n que gener\u00f3 el desplome de un enorme y enfermo pino, al interior del cementerio","og_url":"https:\/\/elinformativotam.com\/index.php\/2025\/12\/10\/enorme-arbol-se-desploma-al-interior-del-cementerio-municipal\/","og_site_name":"EL INFORMATIVO DE TAMAULIPAS","article_published_time":"2025-12-10T14:28:27+00:00","og_image":[{"width":1573,"height":851,"url":"https:\/\/elinformativotam.com\/wp-content\/uploads\/2025\/12\/Arbol-Panteon.jpg","type":"image\/jpeg"}],"author":"El Informativo Tam","twitter_card":"summary_large_image","twitter_misc":{"Escrito por":"El Informativo Tam","Tiempo de lectura":"1 minuto"},"schema":{"@context":"https:\/\/schema.org","@graph":[{"@type":"Article","@id":"https:\/\/elinformativotam.com\/index.php\/2025\/12\/10\/enorme-arbol-se-desploma-al-interior-del-cementerio-municipal\/#article","isPartOf":{"@id":"https:\/\/elinformativotam.com\/index.php\/2025\/12\/10\/enorme-arbol-se-desploma-al-interior-del-cementerio-municipal\/"},"author":{"name":"El Informativo Tam","@id":"https:\/\/elinformativotam.com\/#\/schema\/person\/78e08040eed0f6110f0c5f83b6153590"},"headline":"Enorme \u00c1rbol Se Desploma Al Interior Del Cementerio Municipal","datePublished":"2025-12-10T14:28:27+00:00","mainEntityOfPage":{"@id":"https:\/\/elinformativotam.com\/index.php\/2025\/12\/10\/enorme-arbol-se-desploma-al-interior-del-cementerio-municipal\/"},"wordCount":195,"commentCount":0,"publisher":{"@id":"https:\/\/elinformativotam.com\/#organization"},"image":{"@id":"https:\/\/elinformativotam.com\/index.php\/2025\/12\/10\/enorme-arbol-se-desploma-al-interior-del-cementerio-municipal\/#primaryimage"},"thumbnailUrl":"https:\/\/elinformativotam.com\/wp-content\/uploads\/2025\/12\/Arbol-Panteon.jpg","articleSection":["Tampico"],"inLanguage":"es","potentialAction":[{"@type":"CommentAction","name":"Comment","target":["https:\/\/elinformativotam.com\/index.php\/2025\/12\/10\/enorme-arbol-se-desploma-al-interior-del-cementerio-municipal\/#respond"]}]},{"@type":"WebPage","@id":"https:\/\/elinformativotam.com\/index.php\/2025\/12\/10\/enorme-arbol-se-desploma-al-interior-del-cementerio-municipal\/","url":"https:\/\/elinformativotam.com\/index.php\/2025\/12\/10\/enorme-arbol-se-desploma-al-interior-del-cementerio-municipal\/","name":"Enorme \u00c1rbol Se Desploma Al Interior Del Cementerio Municipal - EL INFORMATIVO DE TAMAULIPAS","isPartOf":{"@id":"https:\/\/elinformativotam.com\/#website"},"primaryImageOfPage":{"@id":"https:\/\/elinformativotam.com\/index.php\/2025\/12\/10\/enorme-arbol-se-desploma-al-interior-del-cementerio-municipal\/#primaryimage"},"image":{"@id":"https:\/\/elinformativotam.com\/index.php\/2025\/12\/10\/enorme-arbol-se-desploma-al-interior-del-cementerio-municipal\/#primaryimage"},"thumbnailUrl":"https:\/\/elinformativotam.com\/wp-content\/uploads\/2025\/12\/Arbol-Panteon.jpg","datePublished":"2025-12-10T14:28:27+00:00","description":"Un total de diez tumbas, dos de ellas con p\u00e9rdida total, fue la afectaci\u00f3n que gener\u00f3 el desplome de un enorme y enfermo pino, al interior del cementerio","inLanguage":"es","potentialAction":[{"@type":"ReadAction","target":["https:\/\/elinformativotam.com\/index.php\/2025\/12\/10\/enorme-arbol-se-desploma-al-interior-del-cementerio-municipal\/"]}]},{"@type":"ImageObject","inLanguage":"es","@id":"https:\/\/elinformativotam.com\/index.php\/2025\/12\/10\/enorme-arbol-se-desploma-al-interior-del-cementerio-municipal\/#primaryimage","url":"https:\/\/elinformativotam.com\/wp-content\/uploads\/2025\/12\/Arbol-Panteon.jpg","contentUrl":"https:\/\/elinformativotam.com\/wp-content\/uploads\/2025\/12\/Arbol-Panteon.jpg","width":1573,"height":851},{"@type":"WebSite","@id":"https:\/\/elinformativotam.com\/#website","url":"https:\/\/elinformativotam.com\/","name":"EL INFORMATIVO DE TAMAULIPAS","description":"Desde la Zona Metropolitana Para Todo M\u00e9xico","publisher":{"@id":"https:\/\/elinformativotam.com\/#organization"},"potentialAction":[{"@type":"SearchAction","target":{"@type":"EntryPoint","urlTemplate":"https:\/\/elinformativotam.com\/?s={search_term_string}"},"query-input":{"@type":"PropertyValueSpecification","valueRequired":true,"valueName":"search_term_string"}}],"inLanguage":"es"},{"@type":"Organization","@id":"https:\/\/elinformativotam.com\/#organization","name":"EL INFORMATIVO DE TAMAULIPAS","url":"https:\/\/elinformativotam.com\/","logo":{"@type":"ImageObject","inLanguage":"es","@id":"https:\/\/elinformativotam.com\/#\/schema\/logo\/image\/","url":"https:\/\/elinformativotam.com\/wp-content\/uploads\/2026\/02\/Cabezal.png","contentUrl":"https:\/\/elinformativotam.com\/wp-content\/uploads\/2026\/02\/Cabezal.png","width":960,"height":640,"caption":"EL INFORMATIVO DE TAMAULIPAS"},"image":{"@id":"https:\/\/elinformativotam.com\/#\/schema\/logo\/image\/"}},{"@type":"Person","@id":"https:\/\/elinformativotam.com\/#\/schema\/person\/78e08040eed0f6110f0c5f83b6153590","name":"El Informativo Tam","image":{"@type":"ImageObject","inLanguage":"es","@id":"https:\/\/secure.gravatar.com\/avatar\/f3b7ad3af540688955925ac610647be00b0cf41feea9c4978b73a707ee86bc53?s=96&d=mm&r=g","url":"https:\/\/secure.gravatar.com\/avatar\/f3b7ad3af540688955925ac610647be00b0cf41feea9c4978b73a707ee86bc53?s=96&d=mm&r=g","contentUrl":"https:\/\/secure.gravatar.com\/avatar\/f3b7ad3af540688955925ac610647be00b0cf41feea9c4978b73a707ee86bc53?s=96&d=mm&r=g","caption":"El Informativo Tam"}}]}},"_links":{"self":[{"href":"https:\/\/elinformativotam.com\/index.php\/wp-json\/wp\/v2\/posts\/56968","targetHints":{"allow":["GET"]}}],"collection":[{"href":"https:\/\/elinformativotam.com\/index.php\/wp-json\/wp\/v2\/posts"}],"about":[{"href":"https:\/\/elinformativotam.com\/index.php\/wp-json\/wp\/v2\/types\/post"}],"author":[{"embeddable":true,"href":"https:\/\/elinformativotam.com\/index.php\/wp-json\/wp\/v2\/users\/1"}],"replies":[{"embeddable":true,"href":"https:\/\/elinformativotam.com\/index.php\/wp-json\/wp\/v2\/comments?post=56968"}],"version-history":[{"count":1,"href":"https:\/\/elinformativotam.com\/index.php\/wp-json\/wp\/v2\/posts\/56968\/revisions"}],"predecessor-version":[{"id":56969,"href":"https:\/\/elinformativotam.com\/index.php\/wp-json\/wp\/v2\/posts\/56968\/revisions\/56969"}],"wp:featuredmedia":[{"embeddable":true,"href":"https:\/\/elinformativotam.com\/index.php\/wp-json\/wp\/v2\/media\/56965"}],"wp:attachment":[{"href":"https:\/\/elinformativotam.com\/index.php\/wp-json\/wp\/v2\/media?parent=56968"}],"wp:term":[{"taxonomy":"category","embeddable":true,"href":"https:\/\/elinformativotam.com\/index.php\/wp-json\/wp\/v2\/categories?post=56968"},{"taxonomy":"post_tag","embeddable":true,"href":"https:\/\/elinformativotam.com\/index.php\/wp-json\/wp\/v2\/tags?post=56968"}],"curies":[{"name":"wp","href":"https:\/\/api.w.org\/{rel}","templated":true}]}}