{"id":56960,"date":"2025-12-10T08:27:45","date_gmt":"2025-12-10T14:27:45","guid":{"rendered":"https:\/\/elinformativotam.com\/?p=56960"},"modified":"2025-12-10T08:27:45","modified_gmt":"2025-12-10T14:27:45","slug":"este-sabado-sera-el-ultimo-dia-de-registros-para-apoyos-gubernamentales","status":"publish","type":"post","link":"https:\/\/elinformativotam.com\/index.php\/2025\/12\/10\/este-sabado-sera-el-ultimo-dia-de-registros-para-apoyos-gubernamentales\/","title":{"rendered":"Este S\u00e1bado Ser\u00e1 El \u00daltimo D\u00eda De Registros Para Apoyos Gubernamentales."},"content":{"rendered":"<p>El director regional de Programas del Bienestar, Rodolfo Rodr\u00edguez Boj\u00f3rquez, inform\u00f3 que ser\u00e1 este s\u00e1bado 13 de diciembre cuando concluya oficialmente el periodo de registros para acceder a los programas federales Pensi\u00f3n Mujer Bienestar y Pensi\u00f3n para Personas Adultas Mayores en la zona sur de Tamaulipas.<\/p>\n<p>&nbsp;<\/p>\n<p>De acuerdo con el funcionario, hasta la semana pasada se contabilizaban m\u00e1s de mil nuevas incorporaciones a la pensi\u00f3n destinada a adultos mayores, mientras que el programa Mujer Bienestar, el cual inici\u00f3 el pasado 1 de diciembre, sumaba ya aproximadamente 650 registros en la regi\u00f3n.<\/p>\n<p>&nbsp;<\/p>\n<p>Los tr\u00e1mites contin\u00faan realiz\u00e1ndose en los Centros de Bienestar y Paz de Tampico, Ciudad Madero y Altamira, donde personal federal mantiene m\u00f3dulos de atenci\u00f3n para recibir documentaci\u00f3n y orientaci\u00f3n sobre los requisitos.<\/p>\n<p>&nbsp;<\/p>\n<p>Rodr\u00edguez Boj\u00f3rquez hizo un llamado a la poblaci\u00f3n interesada para acudir antes del cierre del proceso, ya que no se contempla pr\u00f3rroga y ser\u00e1 hasta el pr\u00f3ximo a\u00f1o cuando se reabran nuevas ventanas de incorporaci\u00f3n.<\/p>\n<p>&nbsp;<\/p>\n","protected":false},"excerpt":{"rendered":"<p>El director regional de Programas del Bienestar, Rodolfo Rodr\u00edguez Boj\u00f3rquez, inform\u00f3 que ser\u00e1 este s\u00e1bado 13 de diciembre cuando concluya&hellip;<\/p>\n","protected":false},"author":1,"featured_media":56966,"comment_status":"open","ping_status":"open","sticky":false,"template":"","format":"standard","meta":{"footnotes":""},"categories":[4],"tags":[],"class_list":["post-56960","post","type-post","status-publish","format-standard","has-post-thumbnail","hentry","category-madero"],"yoast_head":"<!-- This site is optimized with the Yoast SEO plugin v27.5 - https:\/\/yoast.com\/product\/yoast-seo-wordpress\/ -->\n<title>Este S\u00e1bado Ser\u00e1 El \u00daltimo D\u00eda De Registros Para Apoyos Gubernamentales. - EL INFORMATIVO DE TAMAULIPAS<\/title>\n<meta name=\"description\" content=\"El director regional de Programas del Bienestar, Rodolfo Rodr\u00edguez Boj\u00f3rquez, inform\u00f3 que ser\u00e1 este s\u00e1bado 13 de diciembre cuando concluya oficialmente el\" \/>\n<meta name=\"robots\" content=\"index, follow, max-snippet:-1, max-image-preview:large, max-video-preview:-1\" \/>\n<link rel=\"canonical\" href=\"https:\/\/elinformativotam.com\/index.php\/2025\/12\/10\/este-sabado-sera-el-ultimo-dia-de-registros-para-apoyos-gubernamentales\/\" \/>\n<meta property=\"og:locale\" content=\"es_MX\" \/>\n<meta property=\"og:type\" content=\"article\" \/>\n<meta property=\"og:title\" content=\"Este S\u00e1bado Ser\u00e1 El \u00daltimo D\u00eda De Registros Para Apoyos Gubernamentales. - EL INFORMATIVO DE TAMAULIPAS\" \/>\n<meta property=\"og:description\" content=\"El director regional de Programas del Bienestar, Rodolfo Rodr\u00edguez Boj\u00f3rquez, inform\u00f3 que ser\u00e1 este s\u00e1bado 13 de diciembre cuando concluya oficialmente el\" \/>\n<meta property=\"og:url\" content=\"https:\/\/elinformativotam.com\/index.php\/2025\/12\/10\/este-sabado-sera-el-ultimo-dia-de-registros-para-apoyos-gubernamentales\/\" \/>\n<meta property=\"og:site_name\" content=\"EL INFORMATIVO DE TAMAULIPAS\" \/>\n<meta property=\"article:published_time\" content=\"2025-12-10T14:27:45+00:00\" \/>\n<meta property=\"og:image\" content=\"https:\/\/elinformativotam.com\/wp-content\/uploads\/2025\/12\/Sebien.jpg\" \/>\n\t<meta property=\"og:image:width\" content=\"326\" \/>\n\t<meta property=\"og:image:height\" content=\"366\" \/>\n\t<meta property=\"og:image:type\" content=\"image\/jpeg\" \/>\n<meta name=\"author\" content=\"El Informativo Tam\" \/>\n<meta name=\"twitter:card\" content=\"summary_large_image\" \/>\n<meta name=\"twitter:label1\" content=\"Escrito por\" \/>\n\t<meta name=\"twitter:data1\" content=\"El Informativo Tam\" \/>\n\t<meta name=\"twitter:label2\" content=\"Tiempo de lectura\" \/>\n\t<meta name=\"twitter:data2\" content=\"1 minuto\" \/>\n<script type=\"application\/ld+json\" class=\"yoast-schema-graph\">{\"@context\":\"https:\\\/\\\/schema.org\",\"@graph\":[{\"@type\":\"Article\",\"@id\":\"https:\\\/\\\/elinformativotam.com\\\/index.php\\\/2025\\\/12\\\/10\\\/este-sabado-sera-el-ultimo-dia-de-registros-para-apoyos-gubernamentales\\\/#article\",\"isPartOf\":{\"@id\":\"https:\\\/\\\/elinformativotam.com\\\/index.php\\\/2025\\\/12\\\/10\\\/este-sabado-sera-el-ultimo-dia-de-registros-para-apoyos-gubernamentales\\\/\"},\"author\":{\"name\":\"El Informativo Tam\",\"@id\":\"https:\\\/\\\/elinformativotam.com\\\/#\\\/schema\\\/person\\\/78e08040eed0f6110f0c5f83b6153590\"},\"headline\":\"Este S\u00e1bado Ser\u00e1 El \u00daltimo D\u00eda De Registros Para Apoyos Gubernamentales.\",\"datePublished\":\"2025-12-10T14:27:45+00:00\",\"mainEntityOfPage\":{\"@id\":\"https:\\\/\\\/elinformativotam.com\\\/index.php\\\/2025\\\/12\\\/10\\\/este-sabado-sera-el-ultimo-dia-de-registros-para-apoyos-gubernamentales\\\/\"},\"wordCount\":194,\"commentCount\":0,\"publisher\":{\"@id\":\"https:\\\/\\\/elinformativotam.com\\\/#organization\"},\"image\":{\"@id\":\"https:\\\/\\\/elinformativotam.com\\\/index.php\\\/2025\\\/12\\\/10\\\/este-sabado-sera-el-ultimo-dia-de-registros-para-apoyos-gubernamentales\\\/#primaryimage\"},\"thumbnailUrl\":\"https:\\\/\\\/elinformativotam.com\\\/wp-content\\\/uploads\\\/2025\\\/12\\\/Sebien.jpg\",\"articleSection\":[\"Cd Madero\"],\"inLanguage\":\"es\",\"potentialAction\":[{\"@type\":\"CommentAction\",\"name\":\"Comment\",\"target\":[\"https:\\\/\\\/elinformativotam.com\\\/index.php\\\/2025\\\/12\\\/10\\\/este-sabado-sera-el-ultimo-dia-de-registros-para-apoyos-gubernamentales\\\/#respond\"]}]},{\"@type\":\"WebPage\",\"@id\":\"https:\\\/\\\/elinformativotam.com\\\/index.php\\\/2025\\\/12\\\/10\\\/este-sabado-sera-el-ultimo-dia-de-registros-para-apoyos-gubernamentales\\\/\",\"url\":\"https:\\\/\\\/elinformativotam.com\\\/index.php\\\/2025\\\/12\\\/10\\\/este-sabado-sera-el-ultimo-dia-de-registros-para-apoyos-gubernamentales\\\/\",\"name\":\"Este S\u00e1bado Ser\u00e1 El \u00daltimo D\u00eda De Registros Para Apoyos Gubernamentales. - EL INFORMATIVO DE TAMAULIPAS\",\"isPartOf\":{\"@id\":\"https:\\\/\\\/elinformativotam.com\\\/#website\"},\"primaryImageOfPage\":{\"@id\":\"https:\\\/\\\/elinformativotam.com\\\/index.php\\\/2025\\\/12\\\/10\\\/este-sabado-sera-el-ultimo-dia-de-registros-para-apoyos-gubernamentales\\\/#primaryimage\"},\"image\":{\"@id\":\"https:\\\/\\\/elinformativotam.com\\\/index.php\\\/2025\\\/12\\\/10\\\/este-sabado-sera-el-ultimo-dia-de-registros-para-apoyos-gubernamentales\\\/#primaryimage\"},\"thumbnailUrl\":\"https:\\\/\\\/elinformativotam.com\\\/wp-content\\\/uploads\\\/2025\\\/12\\\/Sebien.jpg\",\"datePublished\":\"2025-12-10T14:27:45+00:00\",\"description\":\"El director regional de Programas del Bienestar, Rodolfo Rodr\u00edguez Boj\u00f3rquez, inform\u00f3 que ser\u00e1 este s\u00e1bado 13 de diciembre cuando concluya oficialmente el\",\"inLanguage\":\"es\",\"potentialAction\":[{\"@type\":\"ReadAction\",\"target\":[\"https:\\\/\\\/elinformativotam.com\\\/index.php\\\/2025\\\/12\\\/10\\\/este-sabado-sera-el-ultimo-dia-de-registros-para-apoyos-gubernamentales\\\/\"]}]},{\"@type\":\"ImageObject\",\"inLanguage\":\"es\",\"@id\":\"https:\\\/\\\/elinformativotam.com\\\/index.php\\\/2025\\\/12\\\/10\\\/este-sabado-sera-el-ultimo-dia-de-registros-para-apoyos-gubernamentales\\\/#primaryimage\",\"url\":\"https:\\\/\\\/elinformativotam.com\\\/wp-content\\\/uploads\\\/2025\\\/12\\\/Sebien.jpg\",\"contentUrl\":\"https:\\\/\\\/elinformativotam.com\\\/wp-content\\\/uploads\\\/2025\\\/12\\\/Sebien.jpg\",\"width\":326,\"height\":366},{\"@type\":\"WebSite\",\"@id\":\"https:\\\/\\\/elinformativotam.com\\\/#website\",\"url\":\"https:\\\/\\\/elinformativotam.com\\\/\",\"name\":\"EL INFORMATIVO DE TAMAULIPAS\",\"description\":\"Desde la Zona Metropolitana Para Todo M\u00e9xico\",\"publisher\":{\"@id\":\"https:\\\/\\\/elinformativotam.com\\\/#organization\"},\"potentialAction\":[{\"@type\":\"SearchAction\",\"target\":{\"@type\":\"EntryPoint\",\"urlTemplate\":\"https:\\\/\\\/elinformativotam.com\\\/?s={search_term_string}\"},\"query-input\":{\"@type\":\"PropertyValueSpecification\",\"valueRequired\":true,\"valueName\":\"search_term_string\"}}],\"inLanguage\":\"es\"},{\"@type\":\"Organization\",\"@id\":\"https:\\\/\\\/elinformativotam.com\\\/#organization\",\"name\":\"EL INFORMATIVO DE TAMAULIPAS\",\"url\":\"https:\\\/\\\/elinformativotam.com\\\/\",\"logo\":{\"@type\":\"ImageObject\",\"inLanguage\":\"es\",\"@id\":\"https:\\\/\\\/elinformativotam.com\\\/#\\\/schema\\\/logo\\\/image\\\/\",\"url\":\"https:\\\/\\\/elinformativotam.com\\\/wp-content\\\/uploads\\\/2026\\\/02\\\/Cabezal.png\",\"contentUrl\":\"https:\\\/\\\/elinformativotam.com\\\/wp-content\\\/uploads\\\/2026\\\/02\\\/Cabezal.png\",\"width\":960,\"height\":640,\"caption\":\"EL INFORMATIVO DE TAMAULIPAS\"},\"image\":{\"@id\":\"https:\\\/\\\/elinformativotam.com\\\/#\\\/schema\\\/logo\\\/image\\\/\"}},{\"@type\":\"Person\",\"@id\":\"https:\\\/\\\/elinformativotam.com\\\/#\\\/schema\\\/person\\\/78e08040eed0f6110f0c5f83b6153590\",\"name\":\"El Informativo Tam\",\"image\":{\"@type\":\"ImageObject\",\"inLanguage\":\"es\",\"@id\":\"https:\\\/\\\/secure.gravatar.com\\\/avatar\\\/f3b7ad3af540688955925ac610647be00b0cf41feea9c4978b73a707ee86bc53?s=96&d=mm&r=g\",\"url\":\"https:\\\/\\\/secure.gravatar.com\\\/avatar\\\/f3b7ad3af540688955925ac610647be00b0cf41feea9c4978b73a707ee86bc53?s=96&d=mm&r=g\",\"contentUrl\":\"https:\\\/\\\/secure.gravatar.com\\\/avatar\\\/f3b7ad3af540688955925ac610647be00b0cf41feea9c4978b73a707ee86bc53?s=96&d=mm&r=g\",\"caption\":\"El Informativo Tam\"}}]}<\/script>\n<!-- \/ Yoast SEO plugin. -->","yoast_head_json":{"title":"Este S\u00e1bado Ser\u00e1 El \u00daltimo D\u00eda De Registros Para Apoyos Gubernamentales. - EL INFORMATIVO DE TAMAULIPAS","description":"El director regional de Programas del Bienestar, Rodolfo Rodr\u00edguez Boj\u00f3rquez, inform\u00f3 que ser\u00e1 este s\u00e1bado 13 de diciembre cuando concluya oficialmente el","robots":{"index":"index","follow":"follow","max-snippet":"max-snippet:-1","max-image-preview":"max-image-preview:large","max-video-preview":"max-video-preview:-1"},"canonical":"https:\/\/elinformativotam.com\/index.php\/2025\/12\/10\/este-sabado-sera-el-ultimo-dia-de-registros-para-apoyos-gubernamentales\/","og_locale":"es_MX","og_type":"article","og_title":"Este S\u00e1bado Ser\u00e1 El \u00daltimo D\u00eda De Registros Para Apoyos Gubernamentales. - EL INFORMATIVO DE TAMAULIPAS","og_description":"El director regional de Programas del Bienestar, Rodolfo Rodr\u00edguez Boj\u00f3rquez, inform\u00f3 que ser\u00e1 este s\u00e1bado 13 de diciembre cuando concluya oficialmente el","og_url":"https:\/\/elinformativotam.com\/index.php\/2025\/12\/10\/este-sabado-sera-el-ultimo-dia-de-registros-para-apoyos-gubernamentales\/","og_site_name":"EL INFORMATIVO DE TAMAULIPAS","article_published_time":"2025-12-10T14:27:45+00:00","og_image":[{"width":326,"height":366,"url":"https:\/\/elinformativotam.com\/wp-content\/uploads\/2025\/12\/Sebien.jpg","type":"image\/jpeg"}],"author":"El Informativo Tam","twitter_card":"summary_large_image","twitter_misc":{"Escrito por":"El Informativo Tam","Tiempo de lectura":"1 minuto"},"schema":{"@context":"https:\/\/schema.org","@graph":[{"@type":"Article","@id":"https:\/\/elinformativotam.com\/index.php\/2025\/12\/10\/este-sabado-sera-el-ultimo-dia-de-registros-para-apoyos-gubernamentales\/#article","isPartOf":{"@id":"https:\/\/elinformativotam.com\/index.php\/2025\/12\/10\/este-sabado-sera-el-ultimo-dia-de-registros-para-apoyos-gubernamentales\/"},"author":{"name":"El Informativo Tam","@id":"https:\/\/elinformativotam.com\/#\/schema\/person\/78e08040eed0f6110f0c5f83b6153590"},"headline":"Este S\u00e1bado Ser\u00e1 El \u00daltimo D\u00eda De Registros Para Apoyos Gubernamentales.","datePublished":"2025-12-10T14:27:45+00:00","mainEntityOfPage":{"@id":"https:\/\/elinformativotam.com\/index.php\/2025\/12\/10\/este-sabado-sera-el-ultimo-dia-de-registros-para-apoyos-gubernamentales\/"},"wordCount":194,"commentCount":0,"publisher":{"@id":"https:\/\/elinformativotam.com\/#organization"},"image":{"@id":"https:\/\/elinformativotam.com\/index.php\/2025\/12\/10\/este-sabado-sera-el-ultimo-dia-de-registros-para-apoyos-gubernamentales\/#primaryimage"},"thumbnailUrl":"https:\/\/elinformativotam.com\/wp-content\/uploads\/2025\/12\/Sebien.jpg","articleSection":["Cd Madero"],"inLanguage":"es","potentialAction":[{"@type":"CommentAction","name":"Comment","target":["https:\/\/elinformativotam.com\/index.php\/2025\/12\/10\/este-sabado-sera-el-ultimo-dia-de-registros-para-apoyos-gubernamentales\/#respond"]}]},{"@type":"WebPage","@id":"https:\/\/elinformativotam.com\/index.php\/2025\/12\/10\/este-sabado-sera-el-ultimo-dia-de-registros-para-apoyos-gubernamentales\/","url":"https:\/\/elinformativotam.com\/index.php\/2025\/12\/10\/este-sabado-sera-el-ultimo-dia-de-registros-para-apoyos-gubernamentales\/","name":"Este S\u00e1bado Ser\u00e1 El \u00daltimo D\u00eda De Registros Para Apoyos Gubernamentales. - EL INFORMATIVO DE TAMAULIPAS","isPartOf":{"@id":"https:\/\/elinformativotam.com\/#website"},"primaryImageOfPage":{"@id":"https:\/\/elinformativotam.com\/index.php\/2025\/12\/10\/este-sabado-sera-el-ultimo-dia-de-registros-para-apoyos-gubernamentales\/#primaryimage"},"image":{"@id":"https:\/\/elinformativotam.com\/index.php\/2025\/12\/10\/este-sabado-sera-el-ultimo-dia-de-registros-para-apoyos-gubernamentales\/#primaryimage"},"thumbnailUrl":"https:\/\/elinformativotam.com\/wp-content\/uploads\/2025\/12\/Sebien.jpg","datePublished":"2025-12-10T14:27:45+00:00","description":"El director regional de Programas del Bienestar, Rodolfo Rodr\u00edguez Boj\u00f3rquez, inform\u00f3 que ser\u00e1 este s\u00e1bado 13 de diciembre cuando concluya oficialmente el","inLanguage":"es","potentialAction":[{"@type":"ReadAction","target":["https:\/\/elinformativotam.com\/index.php\/2025\/12\/10\/este-sabado-sera-el-ultimo-dia-de-registros-para-apoyos-gubernamentales\/"]}]},{"@type":"ImageObject","inLanguage":"es","@id":"https:\/\/elinformativotam.com\/index.php\/2025\/12\/10\/este-sabado-sera-el-ultimo-dia-de-registros-para-apoyos-gubernamentales\/#primaryimage","url":"https:\/\/elinformativotam.com\/wp-content\/uploads\/2025\/12\/Sebien.jpg","contentUrl":"https:\/\/elinformativotam.com\/wp-content\/uploads\/2025\/12\/Sebien.jpg","width":326,"height":366},{"@type":"WebSite","@id":"https:\/\/elinformativotam.com\/#website","url":"https:\/\/elinformativotam.com\/","name":"EL INFORMATIVO DE TAMAULIPAS","description":"Desde la Zona Metropolitana Para Todo M\u00e9xico","publisher":{"@id":"https:\/\/elinformativotam.com\/#organization"},"potentialAction":[{"@type":"SearchAction","target":{"@type":"EntryPoint","urlTemplate":"https:\/\/elinformativotam.com\/?s={search_term_string}"},"query-input":{"@type":"PropertyValueSpecification","valueRequired":true,"valueName":"search_term_string"}}],"inLanguage":"es"},{"@type":"Organization","@id":"https:\/\/elinformativotam.com\/#organization","name":"EL INFORMATIVO DE TAMAULIPAS","url":"https:\/\/elinformativotam.com\/","logo":{"@type":"ImageObject","inLanguage":"es","@id":"https:\/\/elinformativotam.com\/#\/schema\/logo\/image\/","url":"https:\/\/elinformativotam.com\/wp-content\/uploads\/2026\/02\/Cabezal.png","contentUrl":"https:\/\/elinformativotam.com\/wp-content\/uploads\/2026\/02\/Cabezal.png","width":960,"height":640,"caption":"EL INFORMATIVO DE TAMAULIPAS"},"image":{"@id":"https:\/\/elinformativotam.com\/#\/schema\/logo\/image\/"}},{"@type":"Person","@id":"https:\/\/elinformativotam.com\/#\/schema\/person\/78e08040eed0f6110f0c5f83b6153590","name":"El Informativo Tam","image":{"@type":"ImageObject","inLanguage":"es","@id":"https:\/\/secure.gravatar.com\/avatar\/f3b7ad3af540688955925ac610647be00b0cf41feea9c4978b73a707ee86bc53?s=96&d=mm&r=g","url":"https:\/\/secure.gravatar.com\/avatar\/f3b7ad3af540688955925ac610647be00b0cf41feea9c4978b73a707ee86bc53?s=96&d=mm&r=g","contentUrl":"https:\/\/secure.gravatar.com\/avatar\/f3b7ad3af540688955925ac610647be00b0cf41feea9c4978b73a707ee86bc53?s=96&d=mm&r=g","caption":"El Informativo Tam"}}]}},"_links":{"self":[{"href":"https:\/\/elinformativotam.com\/index.php\/wp-json\/wp\/v2\/posts\/56960","targetHints":{"allow":["GET"]}}],"collection":[{"href":"https:\/\/elinformativotam.com\/index.php\/wp-json\/wp\/v2\/posts"}],"about":[{"href":"https:\/\/elinformativotam.com\/index.php\/wp-json\/wp\/v2\/types\/post"}],"author":[{"embeddable":true,"href":"https:\/\/elinformativotam.com\/index.php\/wp-json\/wp\/v2\/users\/1"}],"replies":[{"embeddable":true,"href":"https:\/\/elinformativotam.com\/index.php\/wp-json\/wp\/v2\/comments?post=56960"}],"version-history":[{"count":1,"href":"https:\/\/elinformativotam.com\/index.php\/wp-json\/wp\/v2\/posts\/56960\/revisions"}],"predecessor-version":[{"id":56967,"href":"https:\/\/elinformativotam.com\/index.php\/wp-json\/wp\/v2\/posts\/56960\/revisions\/56967"}],"wp:featuredmedia":[{"embeddable":true,"href":"https:\/\/elinformativotam.com\/index.php\/wp-json\/wp\/v2\/media\/56966"}],"wp:attachment":[{"href":"https:\/\/elinformativotam.com\/index.php\/wp-json\/wp\/v2\/media?parent=56960"}],"wp:term":[{"taxonomy":"category","embeddable":true,"href":"https:\/\/elinformativotam.com\/index.php\/wp-json\/wp\/v2\/categories?post=56960"},{"taxonomy":"post_tag","embeddable":true,"href":"https:\/\/elinformativotam.com\/index.php\/wp-json\/wp\/v2\/tags?post=56960"}],"curies":[{"name":"wp","href":"https:\/\/api.w.org\/{rel}","templated":true}]}}