{"id":56772,"date":"2025-11-25T23:37:54","date_gmt":"2025-11-26T05:37:54","guid":{"rendered":"https:\/\/elinformativotam.com\/?p=56772"},"modified":"2025-11-25T23:37:54","modified_gmt":"2025-11-26T05:37:54","slug":"artesano-del-norte-de-veracruz-busca-mejores-oportunidades-laborales","status":"publish","type":"post","link":"https:\/\/elinformativotam.com\/index.php\/2025\/11\/25\/artesano-del-norte-de-veracruz-busca-mejores-oportunidades-laborales\/","title":{"rendered":"Artesano Del Norte De Veracruz, Busca Mejores Oportunidades Laborales"},"content":{"rendered":"<p>Buscando mejores oportunidades laborales, as\u00ed como m\u00e1s ingresos por el oficio que realiza, Jos\u00e9 Luis Mateos, un artesano originario del municipio de Cerro Azul Veracruz, lleg\u00f3 a Tampico, previo a una temporada decembrina donde considera existe mayor reactivaci\u00f3n econ\u00f3mica en esta parte del pa\u00eds.<\/p>\n<p>&nbsp;<\/p>\n<p>Utilizado una t\u00e9cnica manual con la hoja de palma, este hombre realiza adorno decorativo con la figura de un grillo, mismo que ante su experiencia, lo concluye en tan solo unos minutos, comercializando en tan solo 25 pesos, dinero que lo ocupa para su alimentaci\u00f3n y estancia en esta ciudad.<\/p>\n<p>&nbsp;<\/p>\n<p>Actualmente comenta se encuentra recorriendo las plazas p\u00fablicas, afuera de centros comerciales, donde \u00e9l considere pueda vender sus art\u00edculos, por fortuna con grana aceptaci\u00f3n por la ciudadan\u00eda en la zona sur de Tamaulipas.<\/p>\n<p>&nbsp;<\/p>\n<p>Platica que conoce de varios oficios, por lo que est\u00e1 dispuesto a buscar ofertas con ello, obtener otro ingreso econ\u00f3mico, sin embargo, no cuenta con alg\u00fan n\u00famero telef\u00f3nico, tampoco lugar exacto donde encontrar, ya que solo permanece unas horas en cada punto donde vende.<\/p>\n<p>&nbsp;<\/p>\n","protected":false},"excerpt":{"rendered":"<p>Buscando mejores oportunidades laborales, as\u00ed como m\u00e1s ingresos por el oficio que realiza, Jos\u00e9 Luis Mateos, un artesano originario del&hellip;<\/p>\n","protected":false},"author":1,"featured_media":56773,"comment_status":"open","ping_status":"open","sticky":false,"template":"","format":"standard","meta":{"footnotes":""},"categories":[3],"tags":[],"class_list":["post-56772","post","type-post","status-publish","format-standard","has-post-thumbnail","hentry","category-tampico"],"yoast_head":"<!-- This site is optimized with the Yoast SEO plugin v27.5 - https:\/\/yoast.com\/product\/yoast-seo-wordpress\/ -->\n<title>Artesano Del Norte De Veracruz, Busca Mejores Oportunidades Laborales - EL INFORMATIVO DE TAMAULIPAS<\/title>\n<meta name=\"description\" content=\"Buscando mejores oportunidades laborales, as\u00ed como m\u00e1s ingresos por el oficio que realiza, Jos\u00e9 Luis Mateos, un artesano originario del municipio de Cerro\" \/>\n<meta name=\"robots\" content=\"index, follow, max-snippet:-1, max-image-preview:large, max-video-preview:-1\" \/>\n<link rel=\"canonical\" href=\"https:\/\/elinformativotam.com\/index.php\/2025\/11\/25\/artesano-del-norte-de-veracruz-busca-mejores-oportunidades-laborales\/\" \/>\n<meta property=\"og:locale\" content=\"es_MX\" \/>\n<meta property=\"og:type\" content=\"article\" \/>\n<meta property=\"og:title\" content=\"Artesano Del Norte De Veracruz, Busca Mejores Oportunidades Laborales - EL INFORMATIVO DE TAMAULIPAS\" \/>\n<meta property=\"og:description\" content=\"Buscando mejores oportunidades laborales, as\u00ed como m\u00e1s ingresos por el oficio que realiza, Jos\u00e9 Luis Mateos, un artesano originario del municipio de Cerro\" \/>\n<meta property=\"og:url\" content=\"https:\/\/elinformativotam.com\/index.php\/2025\/11\/25\/artesano-del-norte-de-veracruz-busca-mejores-oportunidades-laborales\/\" \/>\n<meta property=\"og:site_name\" content=\"EL INFORMATIVO DE TAMAULIPAS\" \/>\n<meta property=\"article:published_time\" content=\"2025-11-26T05:37:54+00:00\" \/>\n<meta property=\"og:image\" content=\"https:\/\/elinformativotam.com\/wp-content\/uploads\/2025\/11\/Artesano.jpg\" \/>\n\t<meta property=\"og:image:width\" content=\"960\" \/>\n\t<meta property=\"og:image:height\" content=\"1280\" \/>\n\t<meta property=\"og:image:type\" content=\"image\/jpeg\" \/>\n<meta name=\"author\" content=\"El Informativo Tam\" \/>\n<meta name=\"twitter:card\" content=\"summary_large_image\" \/>\n<meta name=\"twitter:label1\" content=\"Escrito por\" \/>\n\t<meta name=\"twitter:data1\" content=\"El Informativo Tam\" \/>\n\t<meta name=\"twitter:label2\" content=\"Tiempo de lectura\" \/>\n\t<meta name=\"twitter:data2\" content=\"1 minuto\" \/>\n<script type=\"application\/ld+json\" class=\"yoast-schema-graph\">{\"@context\":\"https:\\\/\\\/schema.org\",\"@graph\":[{\"@type\":\"Article\",\"@id\":\"https:\\\/\\\/elinformativotam.com\\\/index.php\\\/2025\\\/11\\\/25\\\/artesano-del-norte-de-veracruz-busca-mejores-oportunidades-laborales\\\/#article\",\"isPartOf\":{\"@id\":\"https:\\\/\\\/elinformativotam.com\\\/index.php\\\/2025\\\/11\\\/25\\\/artesano-del-norte-de-veracruz-busca-mejores-oportunidades-laborales\\\/\"},\"author\":{\"name\":\"El Informativo Tam\",\"@id\":\"https:\\\/\\\/elinformativotam.com\\\/#\\\/schema\\\/person\\\/78e08040eed0f6110f0c5f83b6153590\"},\"headline\":\"Artesano Del Norte De Veracruz, Busca Mejores Oportunidades Laborales\",\"datePublished\":\"2025-11-26T05:37:54+00:00\",\"mainEntityOfPage\":{\"@id\":\"https:\\\/\\\/elinformativotam.com\\\/index.php\\\/2025\\\/11\\\/25\\\/artesano-del-norte-de-veracruz-busca-mejores-oportunidades-laborales\\\/\"},\"wordCount\":197,\"commentCount\":0,\"publisher\":{\"@id\":\"https:\\\/\\\/elinformativotam.com\\\/#organization\"},\"image\":{\"@id\":\"https:\\\/\\\/elinformativotam.com\\\/index.php\\\/2025\\\/11\\\/25\\\/artesano-del-norte-de-veracruz-busca-mejores-oportunidades-laborales\\\/#primaryimage\"},\"thumbnailUrl\":\"https:\\\/\\\/elinformativotam.com\\\/wp-content\\\/uploads\\\/2025\\\/11\\\/Artesano.jpg\",\"articleSection\":[\"Tampico\"],\"inLanguage\":\"es\",\"potentialAction\":[{\"@type\":\"CommentAction\",\"name\":\"Comment\",\"target\":[\"https:\\\/\\\/elinformativotam.com\\\/index.php\\\/2025\\\/11\\\/25\\\/artesano-del-norte-de-veracruz-busca-mejores-oportunidades-laborales\\\/#respond\"]}]},{\"@type\":\"WebPage\",\"@id\":\"https:\\\/\\\/elinformativotam.com\\\/index.php\\\/2025\\\/11\\\/25\\\/artesano-del-norte-de-veracruz-busca-mejores-oportunidades-laborales\\\/\",\"url\":\"https:\\\/\\\/elinformativotam.com\\\/index.php\\\/2025\\\/11\\\/25\\\/artesano-del-norte-de-veracruz-busca-mejores-oportunidades-laborales\\\/\",\"name\":\"Artesano Del Norte De Veracruz, Busca Mejores Oportunidades Laborales - EL INFORMATIVO DE TAMAULIPAS\",\"isPartOf\":{\"@id\":\"https:\\\/\\\/elinformativotam.com\\\/#website\"},\"primaryImageOfPage\":{\"@id\":\"https:\\\/\\\/elinformativotam.com\\\/index.php\\\/2025\\\/11\\\/25\\\/artesano-del-norte-de-veracruz-busca-mejores-oportunidades-laborales\\\/#primaryimage\"},\"image\":{\"@id\":\"https:\\\/\\\/elinformativotam.com\\\/index.php\\\/2025\\\/11\\\/25\\\/artesano-del-norte-de-veracruz-busca-mejores-oportunidades-laborales\\\/#primaryimage\"},\"thumbnailUrl\":\"https:\\\/\\\/elinformativotam.com\\\/wp-content\\\/uploads\\\/2025\\\/11\\\/Artesano.jpg\",\"datePublished\":\"2025-11-26T05:37:54+00:00\",\"description\":\"Buscando mejores oportunidades laborales, as\u00ed como m\u00e1s ingresos por el oficio que realiza, Jos\u00e9 Luis Mateos, un artesano originario del municipio de Cerro\",\"inLanguage\":\"es\",\"potentialAction\":[{\"@type\":\"ReadAction\",\"target\":[\"https:\\\/\\\/elinformativotam.com\\\/index.php\\\/2025\\\/11\\\/25\\\/artesano-del-norte-de-veracruz-busca-mejores-oportunidades-laborales\\\/\"]}]},{\"@type\":\"ImageObject\",\"inLanguage\":\"es\",\"@id\":\"https:\\\/\\\/elinformativotam.com\\\/index.php\\\/2025\\\/11\\\/25\\\/artesano-del-norte-de-veracruz-busca-mejores-oportunidades-laborales\\\/#primaryimage\",\"url\":\"https:\\\/\\\/elinformativotam.com\\\/wp-content\\\/uploads\\\/2025\\\/11\\\/Artesano.jpg\",\"contentUrl\":\"https:\\\/\\\/elinformativotam.com\\\/wp-content\\\/uploads\\\/2025\\\/11\\\/Artesano.jpg\",\"width\":960,\"height\":1280},{\"@type\":\"WebSite\",\"@id\":\"https:\\\/\\\/elinformativotam.com\\\/#website\",\"url\":\"https:\\\/\\\/elinformativotam.com\\\/\",\"name\":\"EL INFORMATIVO DE TAMAULIPAS\",\"description\":\"Desde la Zona Metropolitana Para Todo M\u00e9xico\",\"publisher\":{\"@id\":\"https:\\\/\\\/elinformativotam.com\\\/#organization\"},\"potentialAction\":[{\"@type\":\"SearchAction\",\"target\":{\"@type\":\"EntryPoint\",\"urlTemplate\":\"https:\\\/\\\/elinformativotam.com\\\/?s={search_term_string}\"},\"query-input\":{\"@type\":\"PropertyValueSpecification\",\"valueRequired\":true,\"valueName\":\"search_term_string\"}}],\"inLanguage\":\"es\"},{\"@type\":\"Organization\",\"@id\":\"https:\\\/\\\/elinformativotam.com\\\/#organization\",\"name\":\"EL INFORMATIVO DE TAMAULIPAS\",\"url\":\"https:\\\/\\\/elinformativotam.com\\\/\",\"logo\":{\"@type\":\"ImageObject\",\"inLanguage\":\"es\",\"@id\":\"https:\\\/\\\/elinformativotam.com\\\/#\\\/schema\\\/logo\\\/image\\\/\",\"url\":\"https:\\\/\\\/elinformativotam.com\\\/wp-content\\\/uploads\\\/2026\\\/02\\\/Cabezal.png\",\"contentUrl\":\"https:\\\/\\\/elinformativotam.com\\\/wp-content\\\/uploads\\\/2026\\\/02\\\/Cabezal.png\",\"width\":960,\"height\":640,\"caption\":\"EL INFORMATIVO DE TAMAULIPAS\"},\"image\":{\"@id\":\"https:\\\/\\\/elinformativotam.com\\\/#\\\/schema\\\/logo\\\/image\\\/\"}},{\"@type\":\"Person\",\"@id\":\"https:\\\/\\\/elinformativotam.com\\\/#\\\/schema\\\/person\\\/78e08040eed0f6110f0c5f83b6153590\",\"name\":\"El Informativo Tam\",\"image\":{\"@type\":\"ImageObject\",\"inLanguage\":\"es\",\"@id\":\"https:\\\/\\\/secure.gravatar.com\\\/avatar\\\/f3b7ad3af540688955925ac610647be00b0cf41feea9c4978b73a707ee86bc53?s=96&d=mm&r=g\",\"url\":\"https:\\\/\\\/secure.gravatar.com\\\/avatar\\\/f3b7ad3af540688955925ac610647be00b0cf41feea9c4978b73a707ee86bc53?s=96&d=mm&r=g\",\"contentUrl\":\"https:\\\/\\\/secure.gravatar.com\\\/avatar\\\/f3b7ad3af540688955925ac610647be00b0cf41feea9c4978b73a707ee86bc53?s=96&d=mm&r=g\",\"caption\":\"El Informativo Tam\"}}]}<\/script>\n<!-- \/ Yoast SEO plugin. -->","yoast_head_json":{"title":"Artesano Del Norte De Veracruz, Busca Mejores Oportunidades Laborales - EL INFORMATIVO DE TAMAULIPAS","description":"Buscando mejores oportunidades laborales, as\u00ed como m\u00e1s ingresos por el oficio que realiza, Jos\u00e9 Luis Mateos, un artesano originario del municipio de Cerro","robots":{"index":"index","follow":"follow","max-snippet":"max-snippet:-1","max-image-preview":"max-image-preview:large","max-video-preview":"max-video-preview:-1"},"canonical":"https:\/\/elinformativotam.com\/index.php\/2025\/11\/25\/artesano-del-norte-de-veracruz-busca-mejores-oportunidades-laborales\/","og_locale":"es_MX","og_type":"article","og_title":"Artesano Del Norte De Veracruz, Busca Mejores Oportunidades Laborales - EL INFORMATIVO DE TAMAULIPAS","og_description":"Buscando mejores oportunidades laborales, as\u00ed como m\u00e1s ingresos por el oficio que realiza, Jos\u00e9 Luis Mateos, un artesano originario del municipio de Cerro","og_url":"https:\/\/elinformativotam.com\/index.php\/2025\/11\/25\/artesano-del-norte-de-veracruz-busca-mejores-oportunidades-laborales\/","og_site_name":"EL INFORMATIVO DE TAMAULIPAS","article_published_time":"2025-11-26T05:37:54+00:00","og_image":[{"width":960,"height":1280,"url":"https:\/\/elinformativotam.com\/wp-content\/uploads\/2025\/11\/Artesano.jpg","type":"image\/jpeg"}],"author":"El Informativo Tam","twitter_card":"summary_large_image","twitter_misc":{"Escrito por":"El Informativo Tam","Tiempo de lectura":"1 minuto"},"schema":{"@context":"https:\/\/schema.org","@graph":[{"@type":"Article","@id":"https:\/\/elinformativotam.com\/index.php\/2025\/11\/25\/artesano-del-norte-de-veracruz-busca-mejores-oportunidades-laborales\/#article","isPartOf":{"@id":"https:\/\/elinformativotam.com\/index.php\/2025\/11\/25\/artesano-del-norte-de-veracruz-busca-mejores-oportunidades-laborales\/"},"author":{"name":"El Informativo Tam","@id":"https:\/\/elinformativotam.com\/#\/schema\/person\/78e08040eed0f6110f0c5f83b6153590"},"headline":"Artesano Del Norte De Veracruz, Busca Mejores Oportunidades Laborales","datePublished":"2025-11-26T05:37:54+00:00","mainEntityOfPage":{"@id":"https:\/\/elinformativotam.com\/index.php\/2025\/11\/25\/artesano-del-norte-de-veracruz-busca-mejores-oportunidades-laborales\/"},"wordCount":197,"commentCount":0,"publisher":{"@id":"https:\/\/elinformativotam.com\/#organization"},"image":{"@id":"https:\/\/elinformativotam.com\/index.php\/2025\/11\/25\/artesano-del-norte-de-veracruz-busca-mejores-oportunidades-laborales\/#primaryimage"},"thumbnailUrl":"https:\/\/elinformativotam.com\/wp-content\/uploads\/2025\/11\/Artesano.jpg","articleSection":["Tampico"],"inLanguage":"es","potentialAction":[{"@type":"CommentAction","name":"Comment","target":["https:\/\/elinformativotam.com\/index.php\/2025\/11\/25\/artesano-del-norte-de-veracruz-busca-mejores-oportunidades-laborales\/#respond"]}]},{"@type":"WebPage","@id":"https:\/\/elinformativotam.com\/index.php\/2025\/11\/25\/artesano-del-norte-de-veracruz-busca-mejores-oportunidades-laborales\/","url":"https:\/\/elinformativotam.com\/index.php\/2025\/11\/25\/artesano-del-norte-de-veracruz-busca-mejores-oportunidades-laborales\/","name":"Artesano Del Norte De Veracruz, Busca Mejores Oportunidades Laborales - EL INFORMATIVO DE TAMAULIPAS","isPartOf":{"@id":"https:\/\/elinformativotam.com\/#website"},"primaryImageOfPage":{"@id":"https:\/\/elinformativotam.com\/index.php\/2025\/11\/25\/artesano-del-norte-de-veracruz-busca-mejores-oportunidades-laborales\/#primaryimage"},"image":{"@id":"https:\/\/elinformativotam.com\/index.php\/2025\/11\/25\/artesano-del-norte-de-veracruz-busca-mejores-oportunidades-laborales\/#primaryimage"},"thumbnailUrl":"https:\/\/elinformativotam.com\/wp-content\/uploads\/2025\/11\/Artesano.jpg","datePublished":"2025-11-26T05:37:54+00:00","description":"Buscando mejores oportunidades laborales, as\u00ed como m\u00e1s ingresos por el oficio que realiza, Jos\u00e9 Luis Mateos, un artesano originario del municipio de Cerro","inLanguage":"es","potentialAction":[{"@type":"ReadAction","target":["https:\/\/elinformativotam.com\/index.php\/2025\/11\/25\/artesano-del-norte-de-veracruz-busca-mejores-oportunidades-laborales\/"]}]},{"@type":"ImageObject","inLanguage":"es","@id":"https:\/\/elinformativotam.com\/index.php\/2025\/11\/25\/artesano-del-norte-de-veracruz-busca-mejores-oportunidades-laborales\/#primaryimage","url":"https:\/\/elinformativotam.com\/wp-content\/uploads\/2025\/11\/Artesano.jpg","contentUrl":"https:\/\/elinformativotam.com\/wp-content\/uploads\/2025\/11\/Artesano.jpg","width":960,"height":1280},{"@type":"WebSite","@id":"https:\/\/elinformativotam.com\/#website","url":"https:\/\/elinformativotam.com\/","name":"EL INFORMATIVO DE TAMAULIPAS","description":"Desde la Zona Metropolitana Para Todo M\u00e9xico","publisher":{"@id":"https:\/\/elinformativotam.com\/#organization"},"potentialAction":[{"@type":"SearchAction","target":{"@type":"EntryPoint","urlTemplate":"https:\/\/elinformativotam.com\/?s={search_term_string}"},"query-input":{"@type":"PropertyValueSpecification","valueRequired":true,"valueName":"search_term_string"}}],"inLanguage":"es"},{"@type":"Organization","@id":"https:\/\/elinformativotam.com\/#organization","name":"EL INFORMATIVO DE TAMAULIPAS","url":"https:\/\/elinformativotam.com\/","logo":{"@type":"ImageObject","inLanguage":"es","@id":"https:\/\/elinformativotam.com\/#\/schema\/logo\/image\/","url":"https:\/\/elinformativotam.com\/wp-content\/uploads\/2026\/02\/Cabezal.png","contentUrl":"https:\/\/elinformativotam.com\/wp-content\/uploads\/2026\/02\/Cabezal.png","width":960,"height":640,"caption":"EL INFORMATIVO DE TAMAULIPAS"},"image":{"@id":"https:\/\/elinformativotam.com\/#\/schema\/logo\/image\/"}},{"@type":"Person","@id":"https:\/\/elinformativotam.com\/#\/schema\/person\/78e08040eed0f6110f0c5f83b6153590","name":"El Informativo Tam","image":{"@type":"ImageObject","inLanguage":"es","@id":"https:\/\/secure.gravatar.com\/avatar\/f3b7ad3af540688955925ac610647be00b0cf41feea9c4978b73a707ee86bc53?s=96&d=mm&r=g","url":"https:\/\/secure.gravatar.com\/avatar\/f3b7ad3af540688955925ac610647be00b0cf41feea9c4978b73a707ee86bc53?s=96&d=mm&r=g","contentUrl":"https:\/\/secure.gravatar.com\/avatar\/f3b7ad3af540688955925ac610647be00b0cf41feea9c4978b73a707ee86bc53?s=96&d=mm&r=g","caption":"El Informativo Tam"}}]}},"_links":{"self":[{"href":"https:\/\/elinformativotam.com\/index.php\/wp-json\/wp\/v2\/posts\/56772","targetHints":{"allow":["GET"]}}],"collection":[{"href":"https:\/\/elinformativotam.com\/index.php\/wp-json\/wp\/v2\/posts"}],"about":[{"href":"https:\/\/elinformativotam.com\/index.php\/wp-json\/wp\/v2\/types\/post"}],"author":[{"embeddable":true,"href":"https:\/\/elinformativotam.com\/index.php\/wp-json\/wp\/v2\/users\/1"}],"replies":[{"embeddable":true,"href":"https:\/\/elinformativotam.com\/index.php\/wp-json\/wp\/v2\/comments?post=56772"}],"version-history":[{"count":1,"href":"https:\/\/elinformativotam.com\/index.php\/wp-json\/wp\/v2\/posts\/56772\/revisions"}],"predecessor-version":[{"id":56774,"href":"https:\/\/elinformativotam.com\/index.php\/wp-json\/wp\/v2\/posts\/56772\/revisions\/56774"}],"wp:featuredmedia":[{"embeddable":true,"href":"https:\/\/elinformativotam.com\/index.php\/wp-json\/wp\/v2\/media\/56773"}],"wp:attachment":[{"href":"https:\/\/elinformativotam.com\/index.php\/wp-json\/wp\/v2\/media?parent=56772"}],"wp:term":[{"taxonomy":"category","embeddable":true,"href":"https:\/\/elinformativotam.com\/index.php\/wp-json\/wp\/v2\/categories?post=56772"},{"taxonomy":"post_tag","embeddable":true,"href":"https:\/\/elinformativotam.com\/index.php\/wp-json\/wp\/v2\/tags?post=56772"}],"curies":[{"name":"wp","href":"https:\/\/api.w.org\/{rel}","templated":true}]}}