{"id":56770,"date":"2025-11-25T23:36:13","date_gmt":"2025-11-26T05:36:13","guid":{"rendered":"https:\/\/elinformativotam.com\/?p=56770"},"modified":"2025-11-25T23:36:13","modified_gmt":"2025-11-26T05:36:13","slug":"cruz-roja-ciudad-madero-retoma-operaciones-y-llama-a-la-ciudadania-a-sumarse-a-su-fortalecimiento","status":"publish","type":"post","link":"https:\/\/elinformativotam.com\/index.php\/2025\/11\/25\/cruz-roja-ciudad-madero-retoma-operaciones-y-llama-a-la-ciudadania-a-sumarse-a-su-fortalecimiento\/","title":{"rendered":"Cruz Roja Ciudad Madero Retoma Operaciones Y Llama A La Ciudadan\u00eda A Sumarse A Su Fortalecimiento"},"content":{"rendered":"<p>Cd. Madero, Tamaulipas.- Tras un periodo de inactividad, la Cruz Roja en Madero retom\u00f3 formalmente sus operaciones gracias al trabajo de voluntarios y al apoyo de la delegaci\u00f3n estatal.<\/p>\n<p>&nbsp;<\/p>\n<p>Juan Antonio S\u00e1nchez Hern\u00e1ndez, consejero de la instituci\u00f3n, inform\u00f3 que desde hace dos meses realizan labores de rehabilitaci\u00f3n del edificio con el prop\u00f3sito de reactivar por completo los servicios de emergencia.<\/p>\n<p>&nbsp;<\/p>\n<p>Explic\u00f3 que actualmente la corporaci\u00f3n opera con una ambulancia prestada por la delegaci\u00f3n estatal, ya que por el momento no cuentan con unidades propias. Por ello, hizo un llamado a la ciudadan\u00eda y al sector empresarial para sumarse al fortalecimiento del equipamiento.<\/p>\n<p>&nbsp;<\/p>\n<p>\u201cEstamos invitando a la sociedad a que se sume para apoyar a su Cruz Roja. El esfuerzo de todos ser\u00e1 lo que nos permita resurgir en la parte del equipamiento\u201d.<\/p>\n<p>&nbsp;<\/p>\n<p>Detall\u00f3 que la instituci\u00f3n trabaja coordinadamente con Protecci\u00f3n Civil, dependencia que recientemente recibi\u00f3 equipamiento nuevo y con la que se busca consolidar una labor conjunta en atenci\u00f3n a emergencias.<\/p>\n<p>&nbsp;<\/p>\n<p>Actualmente, la Cruz Roja Ciudad Madero cuenta con entre 30 y 40 voluntarios, quienes han dedicado los fines de semana a tareas de mantenimiento y rehabilitaci\u00f3n del edificio.<\/p>\n<p>&nbsp;<\/p>\n<p>S\u00e1nchez Hern\u00e1ndez reiter\u00f3 la invitaci\u00f3n a integrarse como voluntarios para fortalecer el servicio y estar m\u00e1s cerca de la ciudadan\u00eda.<\/p>\n<p>&nbsp;<\/p>\n","protected":false},"excerpt":{"rendered":"<p>Cd. Madero, Tamaulipas.- Tras un periodo de inactividad, la Cruz Roja en Madero retom\u00f3 formalmente sus operaciones gracias al trabajo&hellip;<\/p>\n","protected":false},"author":1,"featured_media":56768,"comment_status":"open","ping_status":"open","sticky":false,"template":"","format":"standard","meta":{"footnotes":""},"categories":[4],"tags":[],"class_list":["post-56770","post","type-post","status-publish","format-standard","has-post-thumbnail","hentry","category-madero"],"yoast_head":"<!-- This site is optimized with the Yoast SEO plugin v27.5 - https:\/\/yoast.com\/product\/yoast-seo-wordpress\/ -->\n<title>Cruz Roja Ciudad Madero Retoma Operaciones Y Llama A La Ciudadan\u00eda A Sumarse A Su Fortalecimiento - EL INFORMATIVO DE TAMAULIPAS<\/title>\n<meta name=\"description\" content=\"Cd. Madero, Tamaulipas.- Tras un periodo de inactividad, la Cruz Roja en Madero retom\u00f3 formalmente sus operaciones gracias al trabajo de voluntarios y al\" \/>\n<meta name=\"robots\" content=\"index, follow, max-snippet:-1, max-image-preview:large, max-video-preview:-1\" \/>\n<link rel=\"canonical\" href=\"https:\/\/elinformativotam.com\/index.php\/2025\/11\/25\/cruz-roja-ciudad-madero-retoma-operaciones-y-llama-a-la-ciudadania-a-sumarse-a-su-fortalecimiento\/\" \/>\n<meta property=\"og:locale\" content=\"es_MX\" \/>\n<meta property=\"og:type\" content=\"article\" \/>\n<meta property=\"og:title\" content=\"Cruz Roja Ciudad Madero Retoma Operaciones Y Llama A La Ciudadan\u00eda A Sumarse A Su Fortalecimiento - EL INFORMATIVO DE TAMAULIPAS\" \/>\n<meta property=\"og:description\" content=\"Cd. Madero, Tamaulipas.- Tras un periodo de inactividad, la Cruz Roja en Madero retom\u00f3 formalmente sus operaciones gracias al trabajo de voluntarios y al\" \/>\n<meta property=\"og:url\" content=\"https:\/\/elinformativotam.com\/index.php\/2025\/11\/25\/cruz-roja-ciudad-madero-retoma-operaciones-y-llama-a-la-ciudadania-a-sumarse-a-su-fortalecimiento\/\" \/>\n<meta property=\"og:site_name\" content=\"EL INFORMATIVO DE TAMAULIPAS\" \/>\n<meta property=\"article:published_time\" content=\"2025-11-26T05:36:13+00:00\" \/>\n<meta property=\"og:image\" content=\"https:\/\/elinformativotam.com\/wp-content\/uploads\/2025\/11\/Cruz-Roja-1.jpg\" \/>\n\t<meta property=\"og:image:width\" content=\"1600\" \/>\n\t<meta property=\"og:image:height\" content=\"900\" \/>\n\t<meta property=\"og:image:type\" content=\"image\/jpeg\" \/>\n<meta name=\"author\" content=\"El Informativo Tam\" \/>\n<meta name=\"twitter:card\" content=\"summary_large_image\" \/>\n<meta name=\"twitter:label1\" content=\"Escrito por\" \/>\n\t<meta name=\"twitter:data1\" content=\"El Informativo Tam\" \/>\n\t<meta name=\"twitter:label2\" content=\"Tiempo de lectura\" \/>\n\t<meta name=\"twitter:data2\" content=\"1 minuto\" \/>\n<script type=\"application\/ld+json\" class=\"yoast-schema-graph\">{\"@context\":\"https:\\\/\\\/schema.org\",\"@graph\":[{\"@type\":\"Article\",\"@id\":\"https:\\\/\\\/elinformativotam.com\\\/index.php\\\/2025\\\/11\\\/25\\\/cruz-roja-ciudad-madero-retoma-operaciones-y-llama-a-la-ciudadania-a-sumarse-a-su-fortalecimiento\\\/#article\",\"isPartOf\":{\"@id\":\"https:\\\/\\\/elinformativotam.com\\\/index.php\\\/2025\\\/11\\\/25\\\/cruz-roja-ciudad-madero-retoma-operaciones-y-llama-a-la-ciudadania-a-sumarse-a-su-fortalecimiento\\\/\"},\"author\":{\"name\":\"El Informativo Tam\",\"@id\":\"https:\\\/\\\/elinformativotam.com\\\/#\\\/schema\\\/person\\\/78e08040eed0f6110f0c5f83b6153590\"},\"headline\":\"Cruz Roja Ciudad Madero Retoma Operaciones Y Llama A La Ciudadan\u00eda A Sumarse A Su Fortalecimiento\",\"datePublished\":\"2025-11-26T05:36:13+00:00\",\"mainEntityOfPage\":{\"@id\":\"https:\\\/\\\/elinformativotam.com\\\/index.php\\\/2025\\\/11\\\/25\\\/cruz-roja-ciudad-madero-retoma-operaciones-y-llama-a-la-ciudadania-a-sumarse-a-su-fortalecimiento\\\/\"},\"wordCount\":250,\"commentCount\":0,\"publisher\":{\"@id\":\"https:\\\/\\\/elinformativotam.com\\\/#organization\"},\"image\":{\"@id\":\"https:\\\/\\\/elinformativotam.com\\\/index.php\\\/2025\\\/11\\\/25\\\/cruz-roja-ciudad-madero-retoma-operaciones-y-llama-a-la-ciudadania-a-sumarse-a-su-fortalecimiento\\\/#primaryimage\"},\"thumbnailUrl\":\"https:\\\/\\\/elinformativotam.com\\\/wp-content\\\/uploads\\\/2025\\\/11\\\/Cruz-Roja-1.jpg\",\"articleSection\":[\"Cd Madero\"],\"inLanguage\":\"es\",\"potentialAction\":[{\"@type\":\"CommentAction\",\"name\":\"Comment\",\"target\":[\"https:\\\/\\\/elinformativotam.com\\\/index.php\\\/2025\\\/11\\\/25\\\/cruz-roja-ciudad-madero-retoma-operaciones-y-llama-a-la-ciudadania-a-sumarse-a-su-fortalecimiento\\\/#respond\"]}]},{\"@type\":\"WebPage\",\"@id\":\"https:\\\/\\\/elinformativotam.com\\\/index.php\\\/2025\\\/11\\\/25\\\/cruz-roja-ciudad-madero-retoma-operaciones-y-llama-a-la-ciudadania-a-sumarse-a-su-fortalecimiento\\\/\",\"url\":\"https:\\\/\\\/elinformativotam.com\\\/index.php\\\/2025\\\/11\\\/25\\\/cruz-roja-ciudad-madero-retoma-operaciones-y-llama-a-la-ciudadania-a-sumarse-a-su-fortalecimiento\\\/\",\"name\":\"Cruz Roja Ciudad Madero Retoma Operaciones Y Llama A La Ciudadan\u00eda A Sumarse A Su Fortalecimiento - EL INFORMATIVO DE TAMAULIPAS\",\"isPartOf\":{\"@id\":\"https:\\\/\\\/elinformativotam.com\\\/#website\"},\"primaryImageOfPage\":{\"@id\":\"https:\\\/\\\/elinformativotam.com\\\/index.php\\\/2025\\\/11\\\/25\\\/cruz-roja-ciudad-madero-retoma-operaciones-y-llama-a-la-ciudadania-a-sumarse-a-su-fortalecimiento\\\/#primaryimage\"},\"image\":{\"@id\":\"https:\\\/\\\/elinformativotam.com\\\/index.php\\\/2025\\\/11\\\/25\\\/cruz-roja-ciudad-madero-retoma-operaciones-y-llama-a-la-ciudadania-a-sumarse-a-su-fortalecimiento\\\/#primaryimage\"},\"thumbnailUrl\":\"https:\\\/\\\/elinformativotam.com\\\/wp-content\\\/uploads\\\/2025\\\/11\\\/Cruz-Roja-1.jpg\",\"datePublished\":\"2025-11-26T05:36:13+00:00\",\"description\":\"Cd. Madero, Tamaulipas.- Tras un periodo de inactividad, la Cruz Roja en Madero retom\u00f3 formalmente sus operaciones gracias al trabajo de voluntarios y al\",\"inLanguage\":\"es\",\"potentialAction\":[{\"@type\":\"ReadAction\",\"target\":[\"https:\\\/\\\/elinformativotam.com\\\/index.php\\\/2025\\\/11\\\/25\\\/cruz-roja-ciudad-madero-retoma-operaciones-y-llama-a-la-ciudadania-a-sumarse-a-su-fortalecimiento\\\/\"]}]},{\"@type\":\"ImageObject\",\"inLanguage\":\"es\",\"@id\":\"https:\\\/\\\/elinformativotam.com\\\/index.php\\\/2025\\\/11\\\/25\\\/cruz-roja-ciudad-madero-retoma-operaciones-y-llama-a-la-ciudadania-a-sumarse-a-su-fortalecimiento\\\/#primaryimage\",\"url\":\"https:\\\/\\\/elinformativotam.com\\\/wp-content\\\/uploads\\\/2025\\\/11\\\/Cruz-Roja-1.jpg\",\"contentUrl\":\"https:\\\/\\\/elinformativotam.com\\\/wp-content\\\/uploads\\\/2025\\\/11\\\/Cruz-Roja-1.jpg\",\"width\":1600,\"height\":900},{\"@type\":\"WebSite\",\"@id\":\"https:\\\/\\\/elinformativotam.com\\\/#website\",\"url\":\"https:\\\/\\\/elinformativotam.com\\\/\",\"name\":\"EL INFORMATIVO DE TAMAULIPAS\",\"description\":\"Desde la Zona Metropolitana Para Todo M\u00e9xico\",\"publisher\":{\"@id\":\"https:\\\/\\\/elinformativotam.com\\\/#organization\"},\"potentialAction\":[{\"@type\":\"SearchAction\",\"target\":{\"@type\":\"EntryPoint\",\"urlTemplate\":\"https:\\\/\\\/elinformativotam.com\\\/?s={search_term_string}\"},\"query-input\":{\"@type\":\"PropertyValueSpecification\",\"valueRequired\":true,\"valueName\":\"search_term_string\"}}],\"inLanguage\":\"es\"},{\"@type\":\"Organization\",\"@id\":\"https:\\\/\\\/elinformativotam.com\\\/#organization\",\"name\":\"EL INFORMATIVO DE TAMAULIPAS\",\"url\":\"https:\\\/\\\/elinformativotam.com\\\/\",\"logo\":{\"@type\":\"ImageObject\",\"inLanguage\":\"es\",\"@id\":\"https:\\\/\\\/elinformativotam.com\\\/#\\\/schema\\\/logo\\\/image\\\/\",\"url\":\"https:\\\/\\\/elinformativotam.com\\\/wp-content\\\/uploads\\\/2026\\\/02\\\/Cabezal.png\",\"contentUrl\":\"https:\\\/\\\/elinformativotam.com\\\/wp-content\\\/uploads\\\/2026\\\/02\\\/Cabezal.png\",\"width\":960,\"height\":640,\"caption\":\"EL INFORMATIVO DE TAMAULIPAS\"},\"image\":{\"@id\":\"https:\\\/\\\/elinformativotam.com\\\/#\\\/schema\\\/logo\\\/image\\\/\"}},{\"@type\":\"Person\",\"@id\":\"https:\\\/\\\/elinformativotam.com\\\/#\\\/schema\\\/person\\\/78e08040eed0f6110f0c5f83b6153590\",\"name\":\"El Informativo Tam\",\"image\":{\"@type\":\"ImageObject\",\"inLanguage\":\"es\",\"@id\":\"https:\\\/\\\/secure.gravatar.com\\\/avatar\\\/f3b7ad3af540688955925ac610647be00b0cf41feea9c4978b73a707ee86bc53?s=96&d=mm&r=g\",\"url\":\"https:\\\/\\\/secure.gravatar.com\\\/avatar\\\/f3b7ad3af540688955925ac610647be00b0cf41feea9c4978b73a707ee86bc53?s=96&d=mm&r=g\",\"contentUrl\":\"https:\\\/\\\/secure.gravatar.com\\\/avatar\\\/f3b7ad3af540688955925ac610647be00b0cf41feea9c4978b73a707ee86bc53?s=96&d=mm&r=g\",\"caption\":\"El Informativo Tam\"}}]}<\/script>\n<!-- \/ Yoast SEO plugin. -->","yoast_head_json":{"title":"Cruz Roja Ciudad Madero Retoma Operaciones Y Llama A La Ciudadan\u00eda A Sumarse A Su Fortalecimiento - EL INFORMATIVO DE TAMAULIPAS","description":"Cd. Madero, Tamaulipas.- Tras un periodo de inactividad, la Cruz Roja en Madero retom\u00f3 formalmente sus operaciones gracias al trabajo de voluntarios y al","robots":{"index":"index","follow":"follow","max-snippet":"max-snippet:-1","max-image-preview":"max-image-preview:large","max-video-preview":"max-video-preview:-1"},"canonical":"https:\/\/elinformativotam.com\/index.php\/2025\/11\/25\/cruz-roja-ciudad-madero-retoma-operaciones-y-llama-a-la-ciudadania-a-sumarse-a-su-fortalecimiento\/","og_locale":"es_MX","og_type":"article","og_title":"Cruz Roja Ciudad Madero Retoma Operaciones Y Llama A La Ciudadan\u00eda A Sumarse A Su Fortalecimiento - EL INFORMATIVO DE TAMAULIPAS","og_description":"Cd. Madero, Tamaulipas.- Tras un periodo de inactividad, la Cruz Roja en Madero retom\u00f3 formalmente sus operaciones gracias al trabajo de voluntarios y al","og_url":"https:\/\/elinformativotam.com\/index.php\/2025\/11\/25\/cruz-roja-ciudad-madero-retoma-operaciones-y-llama-a-la-ciudadania-a-sumarse-a-su-fortalecimiento\/","og_site_name":"EL INFORMATIVO DE TAMAULIPAS","article_published_time":"2025-11-26T05:36:13+00:00","og_image":[{"width":1600,"height":900,"url":"https:\/\/elinformativotam.com\/wp-content\/uploads\/2025\/11\/Cruz-Roja-1.jpg","type":"image\/jpeg"}],"author":"El Informativo Tam","twitter_card":"summary_large_image","twitter_misc":{"Escrito por":"El Informativo Tam","Tiempo de lectura":"1 minuto"},"schema":{"@context":"https:\/\/schema.org","@graph":[{"@type":"Article","@id":"https:\/\/elinformativotam.com\/index.php\/2025\/11\/25\/cruz-roja-ciudad-madero-retoma-operaciones-y-llama-a-la-ciudadania-a-sumarse-a-su-fortalecimiento\/#article","isPartOf":{"@id":"https:\/\/elinformativotam.com\/index.php\/2025\/11\/25\/cruz-roja-ciudad-madero-retoma-operaciones-y-llama-a-la-ciudadania-a-sumarse-a-su-fortalecimiento\/"},"author":{"name":"El Informativo Tam","@id":"https:\/\/elinformativotam.com\/#\/schema\/person\/78e08040eed0f6110f0c5f83b6153590"},"headline":"Cruz Roja Ciudad Madero Retoma Operaciones Y Llama A La Ciudadan\u00eda A Sumarse A Su Fortalecimiento","datePublished":"2025-11-26T05:36:13+00:00","mainEntityOfPage":{"@id":"https:\/\/elinformativotam.com\/index.php\/2025\/11\/25\/cruz-roja-ciudad-madero-retoma-operaciones-y-llama-a-la-ciudadania-a-sumarse-a-su-fortalecimiento\/"},"wordCount":250,"commentCount":0,"publisher":{"@id":"https:\/\/elinformativotam.com\/#organization"},"image":{"@id":"https:\/\/elinformativotam.com\/index.php\/2025\/11\/25\/cruz-roja-ciudad-madero-retoma-operaciones-y-llama-a-la-ciudadania-a-sumarse-a-su-fortalecimiento\/#primaryimage"},"thumbnailUrl":"https:\/\/elinformativotam.com\/wp-content\/uploads\/2025\/11\/Cruz-Roja-1.jpg","articleSection":["Cd Madero"],"inLanguage":"es","potentialAction":[{"@type":"CommentAction","name":"Comment","target":["https:\/\/elinformativotam.com\/index.php\/2025\/11\/25\/cruz-roja-ciudad-madero-retoma-operaciones-y-llama-a-la-ciudadania-a-sumarse-a-su-fortalecimiento\/#respond"]}]},{"@type":"WebPage","@id":"https:\/\/elinformativotam.com\/index.php\/2025\/11\/25\/cruz-roja-ciudad-madero-retoma-operaciones-y-llama-a-la-ciudadania-a-sumarse-a-su-fortalecimiento\/","url":"https:\/\/elinformativotam.com\/index.php\/2025\/11\/25\/cruz-roja-ciudad-madero-retoma-operaciones-y-llama-a-la-ciudadania-a-sumarse-a-su-fortalecimiento\/","name":"Cruz Roja Ciudad Madero Retoma Operaciones Y Llama A La Ciudadan\u00eda A Sumarse A Su Fortalecimiento - EL INFORMATIVO DE TAMAULIPAS","isPartOf":{"@id":"https:\/\/elinformativotam.com\/#website"},"primaryImageOfPage":{"@id":"https:\/\/elinformativotam.com\/index.php\/2025\/11\/25\/cruz-roja-ciudad-madero-retoma-operaciones-y-llama-a-la-ciudadania-a-sumarse-a-su-fortalecimiento\/#primaryimage"},"image":{"@id":"https:\/\/elinformativotam.com\/index.php\/2025\/11\/25\/cruz-roja-ciudad-madero-retoma-operaciones-y-llama-a-la-ciudadania-a-sumarse-a-su-fortalecimiento\/#primaryimage"},"thumbnailUrl":"https:\/\/elinformativotam.com\/wp-content\/uploads\/2025\/11\/Cruz-Roja-1.jpg","datePublished":"2025-11-26T05:36:13+00:00","description":"Cd. Madero, Tamaulipas.- Tras un periodo de inactividad, la Cruz Roja en Madero retom\u00f3 formalmente sus operaciones gracias al trabajo de voluntarios y al","inLanguage":"es","potentialAction":[{"@type":"ReadAction","target":["https:\/\/elinformativotam.com\/index.php\/2025\/11\/25\/cruz-roja-ciudad-madero-retoma-operaciones-y-llama-a-la-ciudadania-a-sumarse-a-su-fortalecimiento\/"]}]},{"@type":"ImageObject","inLanguage":"es","@id":"https:\/\/elinformativotam.com\/index.php\/2025\/11\/25\/cruz-roja-ciudad-madero-retoma-operaciones-y-llama-a-la-ciudadania-a-sumarse-a-su-fortalecimiento\/#primaryimage","url":"https:\/\/elinformativotam.com\/wp-content\/uploads\/2025\/11\/Cruz-Roja-1.jpg","contentUrl":"https:\/\/elinformativotam.com\/wp-content\/uploads\/2025\/11\/Cruz-Roja-1.jpg","width":1600,"height":900},{"@type":"WebSite","@id":"https:\/\/elinformativotam.com\/#website","url":"https:\/\/elinformativotam.com\/","name":"EL INFORMATIVO DE TAMAULIPAS","description":"Desde la Zona Metropolitana Para Todo M\u00e9xico","publisher":{"@id":"https:\/\/elinformativotam.com\/#organization"},"potentialAction":[{"@type":"SearchAction","target":{"@type":"EntryPoint","urlTemplate":"https:\/\/elinformativotam.com\/?s={search_term_string}"},"query-input":{"@type":"PropertyValueSpecification","valueRequired":true,"valueName":"search_term_string"}}],"inLanguage":"es"},{"@type":"Organization","@id":"https:\/\/elinformativotam.com\/#organization","name":"EL INFORMATIVO DE TAMAULIPAS","url":"https:\/\/elinformativotam.com\/","logo":{"@type":"ImageObject","inLanguage":"es","@id":"https:\/\/elinformativotam.com\/#\/schema\/logo\/image\/","url":"https:\/\/elinformativotam.com\/wp-content\/uploads\/2026\/02\/Cabezal.png","contentUrl":"https:\/\/elinformativotam.com\/wp-content\/uploads\/2026\/02\/Cabezal.png","width":960,"height":640,"caption":"EL INFORMATIVO DE TAMAULIPAS"},"image":{"@id":"https:\/\/elinformativotam.com\/#\/schema\/logo\/image\/"}},{"@type":"Person","@id":"https:\/\/elinformativotam.com\/#\/schema\/person\/78e08040eed0f6110f0c5f83b6153590","name":"El Informativo Tam","image":{"@type":"ImageObject","inLanguage":"es","@id":"https:\/\/secure.gravatar.com\/avatar\/f3b7ad3af540688955925ac610647be00b0cf41feea9c4978b73a707ee86bc53?s=96&d=mm&r=g","url":"https:\/\/secure.gravatar.com\/avatar\/f3b7ad3af540688955925ac610647be00b0cf41feea9c4978b73a707ee86bc53?s=96&d=mm&r=g","contentUrl":"https:\/\/secure.gravatar.com\/avatar\/f3b7ad3af540688955925ac610647be00b0cf41feea9c4978b73a707ee86bc53?s=96&d=mm&r=g","caption":"El Informativo Tam"}}]}},"_links":{"self":[{"href":"https:\/\/elinformativotam.com\/index.php\/wp-json\/wp\/v2\/posts\/56770","targetHints":{"allow":["GET"]}}],"collection":[{"href":"https:\/\/elinformativotam.com\/index.php\/wp-json\/wp\/v2\/posts"}],"about":[{"href":"https:\/\/elinformativotam.com\/index.php\/wp-json\/wp\/v2\/types\/post"}],"author":[{"embeddable":true,"href":"https:\/\/elinformativotam.com\/index.php\/wp-json\/wp\/v2\/users\/1"}],"replies":[{"embeddable":true,"href":"https:\/\/elinformativotam.com\/index.php\/wp-json\/wp\/v2\/comments?post=56770"}],"version-history":[{"count":1,"href":"https:\/\/elinformativotam.com\/index.php\/wp-json\/wp\/v2\/posts\/56770\/revisions"}],"predecessor-version":[{"id":56771,"href":"https:\/\/elinformativotam.com\/index.php\/wp-json\/wp\/v2\/posts\/56770\/revisions\/56771"}],"wp:featuredmedia":[{"embeddable":true,"href":"https:\/\/elinformativotam.com\/index.php\/wp-json\/wp\/v2\/media\/56768"}],"wp:attachment":[{"href":"https:\/\/elinformativotam.com\/index.php\/wp-json\/wp\/v2\/media?parent=56770"}],"wp:term":[{"taxonomy":"category","embeddable":true,"href":"https:\/\/elinformativotam.com\/index.php\/wp-json\/wp\/v2\/categories?post=56770"},{"taxonomy":"post_tag","embeddable":true,"href":"https:\/\/elinformativotam.com\/index.php\/wp-json\/wp\/v2\/tags?post=56770"}],"curies":[{"name":"wp","href":"https:\/\/api.w.org\/{rel}","templated":true}]}}