{"id":56759,"date":"2025-11-24T20:33:39","date_gmt":"2025-11-25T02:33:39","guid":{"rendered":"https:\/\/elinformativotam.com\/?p=56759"},"modified":"2025-11-24T20:33:39","modified_gmt":"2025-11-25T02:33:39","slug":"monica-villarreal-afirma-que-los-bloqueos-carreteros-no-afectaron-a-tampico","status":"publish","type":"post","link":"https:\/\/elinformativotam.com\/index.php\/2025\/11\/24\/monica-villarreal-afirma-que-los-bloqueos-carreteros-no-afectaron-a-tampico\/","title":{"rendered":"M\u00f3nica Villarreal Afirma Que Los Bloqueos Carreteros No Afectaron A Tampico."},"content":{"rendered":"<p>La alcaldesa de Tampico, M\u00f3nica Villarreal Anaya, confirm\u00f3 que los recientes bloqueos carreteros registrados en distintos puntos de la regi\u00f3n no generaron afectaciones directas en la actividad econ\u00f3mica ni en la movilidad dentro del municipio.<\/p>\n<p>&nbsp;<\/p>\n<p>Se\u00f1al\u00f3 que, aunque se trat\u00f3 de una situaci\u00f3n que mantuvo alerta a las autoridades estatales y federales, en Tampico no se reportaron incidentes que interrumpieran el flujo vehicular ni problemas en el abastecimiento de productos. \u201cLa ciudad se mantuvo en orden, con todos los servicios operando con normalidad\u201d, destac\u00f3.<\/p>\n<p>&nbsp;<\/p>\n<p>Villarreal Anaya mencion\u00f3 que se mantuvo comunicaci\u00f3n constante con las corporaciones de seguridad para dar seguimiento al desarrollo de los bloqueos, y asegur\u00f3 que se continuar\u00e1 trabajando en coordinaci\u00f3n para garantizar la tranquilidad de residentes y visitantes.<\/p>\n<p>&nbsp;<\/p>\n<p>Finalmente, la edil reiter\u00f3 que Tampico sigue siendo un destino seguro y funcional, y que las actividades comerciales y tur\u00edsticas se mantienen sin contratiempos pese a los hechos ocurridos en carreteras del estado.<\/p>\n","protected":false},"excerpt":{"rendered":"<p>La alcaldesa de Tampico, M\u00f3nica Villarreal Anaya, confirm\u00f3 que los recientes bloqueos carreteros registrados en distintos puntos de la regi\u00f3n&hellip;<\/p>\n","protected":false},"author":1,"featured_media":56756,"comment_status":"open","ping_status":"open","sticky":false,"template":"","format":"standard","meta":{"footnotes":""},"categories":[3],"tags":[],"class_list":["post-56759","post","type-post","status-publish","format-standard","has-post-thumbnail","hentry","category-tampico"],"yoast_head":"<!-- This site is optimized with the Yoast SEO plugin v27.5 - https:\/\/yoast.com\/product\/yoast-seo-wordpress\/ -->\n<title>M\u00f3nica Villarreal Afirma Que Los Bloqueos Carreteros No Afectaron A Tampico. - EL INFORMATIVO DE TAMAULIPAS<\/title>\n<meta name=\"description\" content=\"La alcaldesa de Tampico, M\u00f3nica Villarreal Anaya, confirm\u00f3 que los recientes bloqueos carreteros registrados en distintos puntos de la regi\u00f3n no generaron\" \/>\n<meta name=\"robots\" content=\"index, follow, max-snippet:-1, max-image-preview:large, max-video-preview:-1\" \/>\n<link rel=\"canonical\" href=\"https:\/\/elinformativotam.com\/index.php\/2025\/11\/24\/monica-villarreal-afirma-que-los-bloqueos-carreteros-no-afectaron-a-tampico\/\" \/>\n<meta property=\"og:locale\" content=\"es_MX\" \/>\n<meta property=\"og:type\" content=\"article\" \/>\n<meta property=\"og:title\" content=\"M\u00f3nica Villarreal Afirma Que Los Bloqueos Carreteros No Afectaron A Tampico. - EL INFORMATIVO DE TAMAULIPAS\" \/>\n<meta property=\"og:description\" content=\"La alcaldesa de Tampico, M\u00f3nica Villarreal Anaya, confirm\u00f3 que los recientes bloqueos carreteros registrados en distintos puntos de la regi\u00f3n no generaron\" \/>\n<meta property=\"og:url\" content=\"https:\/\/elinformativotam.com\/index.php\/2025\/11\/24\/monica-villarreal-afirma-que-los-bloqueos-carreteros-no-afectaron-a-tampico\/\" \/>\n<meta property=\"og:site_name\" content=\"EL INFORMATIVO DE TAMAULIPAS\" \/>\n<meta property=\"article:published_time\" content=\"2025-11-25T02:33:39+00:00\" \/>\n<meta property=\"og:image\" content=\"https:\/\/elinformativotam.com\/wp-content\/uploads\/2025\/11\/Monica-1.jpg\" \/>\n\t<meta property=\"og:image:width\" content=\"717\" \/>\n\t<meta property=\"og:image:height\" content=\"1065\" \/>\n\t<meta property=\"og:image:type\" content=\"image\/jpeg\" \/>\n<meta name=\"author\" content=\"El Informativo Tam\" \/>\n<meta name=\"twitter:card\" content=\"summary_large_image\" \/>\n<meta name=\"twitter:label1\" content=\"Escrito por\" \/>\n\t<meta name=\"twitter:data1\" content=\"El Informativo Tam\" \/>\n\t<meta name=\"twitter:label2\" content=\"Tiempo de lectura\" \/>\n\t<meta name=\"twitter:data2\" content=\"1 minuto\" \/>\n<script type=\"application\/ld+json\" class=\"yoast-schema-graph\">{\"@context\":\"https:\\\/\\\/schema.org\",\"@graph\":[{\"@type\":\"Article\",\"@id\":\"https:\\\/\\\/elinformativotam.com\\\/index.php\\\/2025\\\/11\\\/24\\\/monica-villarreal-afirma-que-los-bloqueos-carreteros-no-afectaron-a-tampico\\\/#article\",\"isPartOf\":{\"@id\":\"https:\\\/\\\/elinformativotam.com\\\/index.php\\\/2025\\\/11\\\/24\\\/monica-villarreal-afirma-que-los-bloqueos-carreteros-no-afectaron-a-tampico\\\/\"},\"author\":{\"name\":\"El Informativo Tam\",\"@id\":\"https:\\\/\\\/elinformativotam.com\\\/#\\\/schema\\\/person\\\/78e08040eed0f6110f0c5f83b6153590\"},\"headline\":\"M\u00f3nica Villarreal Afirma Que Los Bloqueos Carreteros No Afectaron A Tampico.\",\"datePublished\":\"2025-11-25T02:33:39+00:00\",\"mainEntityOfPage\":{\"@id\":\"https:\\\/\\\/elinformativotam.com\\\/index.php\\\/2025\\\/11\\\/24\\\/monica-villarreal-afirma-que-los-bloqueos-carreteros-no-afectaron-a-tampico\\\/\"},\"wordCount\":177,\"commentCount\":0,\"publisher\":{\"@id\":\"https:\\\/\\\/elinformativotam.com\\\/#organization\"},\"image\":{\"@id\":\"https:\\\/\\\/elinformativotam.com\\\/index.php\\\/2025\\\/11\\\/24\\\/monica-villarreal-afirma-que-los-bloqueos-carreteros-no-afectaron-a-tampico\\\/#primaryimage\"},\"thumbnailUrl\":\"https:\\\/\\\/elinformativotam.com\\\/wp-content\\\/uploads\\\/2025\\\/11\\\/Monica-1.jpg\",\"articleSection\":[\"Tampico\"],\"inLanguage\":\"es\",\"potentialAction\":[{\"@type\":\"CommentAction\",\"name\":\"Comment\",\"target\":[\"https:\\\/\\\/elinformativotam.com\\\/index.php\\\/2025\\\/11\\\/24\\\/monica-villarreal-afirma-que-los-bloqueos-carreteros-no-afectaron-a-tampico\\\/#respond\"]}]},{\"@type\":\"WebPage\",\"@id\":\"https:\\\/\\\/elinformativotam.com\\\/index.php\\\/2025\\\/11\\\/24\\\/monica-villarreal-afirma-que-los-bloqueos-carreteros-no-afectaron-a-tampico\\\/\",\"url\":\"https:\\\/\\\/elinformativotam.com\\\/index.php\\\/2025\\\/11\\\/24\\\/monica-villarreal-afirma-que-los-bloqueos-carreteros-no-afectaron-a-tampico\\\/\",\"name\":\"M\u00f3nica Villarreal Afirma Que Los Bloqueos Carreteros No Afectaron A Tampico. - EL INFORMATIVO DE TAMAULIPAS\",\"isPartOf\":{\"@id\":\"https:\\\/\\\/elinformativotam.com\\\/#website\"},\"primaryImageOfPage\":{\"@id\":\"https:\\\/\\\/elinformativotam.com\\\/index.php\\\/2025\\\/11\\\/24\\\/monica-villarreal-afirma-que-los-bloqueos-carreteros-no-afectaron-a-tampico\\\/#primaryimage\"},\"image\":{\"@id\":\"https:\\\/\\\/elinformativotam.com\\\/index.php\\\/2025\\\/11\\\/24\\\/monica-villarreal-afirma-que-los-bloqueos-carreteros-no-afectaron-a-tampico\\\/#primaryimage\"},\"thumbnailUrl\":\"https:\\\/\\\/elinformativotam.com\\\/wp-content\\\/uploads\\\/2025\\\/11\\\/Monica-1.jpg\",\"datePublished\":\"2025-11-25T02:33:39+00:00\",\"description\":\"La alcaldesa de Tampico, M\u00f3nica Villarreal Anaya, confirm\u00f3 que los recientes bloqueos carreteros registrados en distintos puntos de la regi\u00f3n no generaron\",\"inLanguage\":\"es\",\"potentialAction\":[{\"@type\":\"ReadAction\",\"target\":[\"https:\\\/\\\/elinformativotam.com\\\/index.php\\\/2025\\\/11\\\/24\\\/monica-villarreal-afirma-que-los-bloqueos-carreteros-no-afectaron-a-tampico\\\/\"]}]},{\"@type\":\"ImageObject\",\"inLanguage\":\"es\",\"@id\":\"https:\\\/\\\/elinformativotam.com\\\/index.php\\\/2025\\\/11\\\/24\\\/monica-villarreal-afirma-que-los-bloqueos-carreteros-no-afectaron-a-tampico\\\/#primaryimage\",\"url\":\"https:\\\/\\\/elinformativotam.com\\\/wp-content\\\/uploads\\\/2025\\\/11\\\/Monica-1.jpg\",\"contentUrl\":\"https:\\\/\\\/elinformativotam.com\\\/wp-content\\\/uploads\\\/2025\\\/11\\\/Monica-1.jpg\",\"width\":717,\"height\":1065},{\"@type\":\"WebSite\",\"@id\":\"https:\\\/\\\/elinformativotam.com\\\/#website\",\"url\":\"https:\\\/\\\/elinformativotam.com\\\/\",\"name\":\"EL INFORMATIVO DE TAMAULIPAS\",\"description\":\"Desde la Zona Metropolitana Para Todo M\u00e9xico\",\"publisher\":{\"@id\":\"https:\\\/\\\/elinformativotam.com\\\/#organization\"},\"potentialAction\":[{\"@type\":\"SearchAction\",\"target\":{\"@type\":\"EntryPoint\",\"urlTemplate\":\"https:\\\/\\\/elinformativotam.com\\\/?s={search_term_string}\"},\"query-input\":{\"@type\":\"PropertyValueSpecification\",\"valueRequired\":true,\"valueName\":\"search_term_string\"}}],\"inLanguage\":\"es\"},{\"@type\":\"Organization\",\"@id\":\"https:\\\/\\\/elinformativotam.com\\\/#organization\",\"name\":\"EL INFORMATIVO DE TAMAULIPAS\",\"url\":\"https:\\\/\\\/elinformativotam.com\\\/\",\"logo\":{\"@type\":\"ImageObject\",\"inLanguage\":\"es\",\"@id\":\"https:\\\/\\\/elinformativotam.com\\\/#\\\/schema\\\/logo\\\/image\\\/\",\"url\":\"https:\\\/\\\/elinformativotam.com\\\/wp-content\\\/uploads\\\/2026\\\/02\\\/Cabezal.png\",\"contentUrl\":\"https:\\\/\\\/elinformativotam.com\\\/wp-content\\\/uploads\\\/2026\\\/02\\\/Cabezal.png\",\"width\":960,\"height\":640,\"caption\":\"EL INFORMATIVO DE TAMAULIPAS\"},\"image\":{\"@id\":\"https:\\\/\\\/elinformativotam.com\\\/#\\\/schema\\\/logo\\\/image\\\/\"}},{\"@type\":\"Person\",\"@id\":\"https:\\\/\\\/elinformativotam.com\\\/#\\\/schema\\\/person\\\/78e08040eed0f6110f0c5f83b6153590\",\"name\":\"El Informativo Tam\",\"image\":{\"@type\":\"ImageObject\",\"inLanguage\":\"es\",\"@id\":\"https:\\\/\\\/secure.gravatar.com\\\/avatar\\\/f3b7ad3af540688955925ac610647be00b0cf41feea9c4978b73a707ee86bc53?s=96&d=mm&r=g\",\"url\":\"https:\\\/\\\/secure.gravatar.com\\\/avatar\\\/f3b7ad3af540688955925ac610647be00b0cf41feea9c4978b73a707ee86bc53?s=96&d=mm&r=g\",\"contentUrl\":\"https:\\\/\\\/secure.gravatar.com\\\/avatar\\\/f3b7ad3af540688955925ac610647be00b0cf41feea9c4978b73a707ee86bc53?s=96&d=mm&r=g\",\"caption\":\"El Informativo Tam\"}}]}<\/script>\n<!-- \/ Yoast SEO plugin. -->","yoast_head_json":{"title":"M\u00f3nica Villarreal Afirma Que Los Bloqueos Carreteros No Afectaron A Tampico. - EL INFORMATIVO DE TAMAULIPAS","description":"La alcaldesa de Tampico, M\u00f3nica Villarreal Anaya, confirm\u00f3 que los recientes bloqueos carreteros registrados en distintos puntos de la regi\u00f3n no generaron","robots":{"index":"index","follow":"follow","max-snippet":"max-snippet:-1","max-image-preview":"max-image-preview:large","max-video-preview":"max-video-preview:-1"},"canonical":"https:\/\/elinformativotam.com\/index.php\/2025\/11\/24\/monica-villarreal-afirma-que-los-bloqueos-carreteros-no-afectaron-a-tampico\/","og_locale":"es_MX","og_type":"article","og_title":"M\u00f3nica Villarreal Afirma Que Los Bloqueos Carreteros No Afectaron A Tampico. - EL INFORMATIVO DE TAMAULIPAS","og_description":"La alcaldesa de Tampico, M\u00f3nica Villarreal Anaya, confirm\u00f3 que los recientes bloqueos carreteros registrados en distintos puntos de la regi\u00f3n no generaron","og_url":"https:\/\/elinformativotam.com\/index.php\/2025\/11\/24\/monica-villarreal-afirma-que-los-bloqueos-carreteros-no-afectaron-a-tampico\/","og_site_name":"EL INFORMATIVO DE TAMAULIPAS","article_published_time":"2025-11-25T02:33:39+00:00","og_image":[{"width":717,"height":1065,"url":"https:\/\/elinformativotam.com\/wp-content\/uploads\/2025\/11\/Monica-1.jpg","type":"image\/jpeg"}],"author":"El Informativo Tam","twitter_card":"summary_large_image","twitter_misc":{"Escrito por":"El Informativo Tam","Tiempo de lectura":"1 minuto"},"schema":{"@context":"https:\/\/schema.org","@graph":[{"@type":"Article","@id":"https:\/\/elinformativotam.com\/index.php\/2025\/11\/24\/monica-villarreal-afirma-que-los-bloqueos-carreteros-no-afectaron-a-tampico\/#article","isPartOf":{"@id":"https:\/\/elinformativotam.com\/index.php\/2025\/11\/24\/monica-villarreal-afirma-que-los-bloqueos-carreteros-no-afectaron-a-tampico\/"},"author":{"name":"El Informativo Tam","@id":"https:\/\/elinformativotam.com\/#\/schema\/person\/78e08040eed0f6110f0c5f83b6153590"},"headline":"M\u00f3nica Villarreal Afirma Que Los Bloqueos Carreteros No Afectaron A Tampico.","datePublished":"2025-11-25T02:33:39+00:00","mainEntityOfPage":{"@id":"https:\/\/elinformativotam.com\/index.php\/2025\/11\/24\/monica-villarreal-afirma-que-los-bloqueos-carreteros-no-afectaron-a-tampico\/"},"wordCount":177,"commentCount":0,"publisher":{"@id":"https:\/\/elinformativotam.com\/#organization"},"image":{"@id":"https:\/\/elinformativotam.com\/index.php\/2025\/11\/24\/monica-villarreal-afirma-que-los-bloqueos-carreteros-no-afectaron-a-tampico\/#primaryimage"},"thumbnailUrl":"https:\/\/elinformativotam.com\/wp-content\/uploads\/2025\/11\/Monica-1.jpg","articleSection":["Tampico"],"inLanguage":"es","potentialAction":[{"@type":"CommentAction","name":"Comment","target":["https:\/\/elinformativotam.com\/index.php\/2025\/11\/24\/monica-villarreal-afirma-que-los-bloqueos-carreteros-no-afectaron-a-tampico\/#respond"]}]},{"@type":"WebPage","@id":"https:\/\/elinformativotam.com\/index.php\/2025\/11\/24\/monica-villarreal-afirma-que-los-bloqueos-carreteros-no-afectaron-a-tampico\/","url":"https:\/\/elinformativotam.com\/index.php\/2025\/11\/24\/monica-villarreal-afirma-que-los-bloqueos-carreteros-no-afectaron-a-tampico\/","name":"M\u00f3nica Villarreal Afirma Que Los Bloqueos Carreteros No Afectaron A Tampico. - EL INFORMATIVO DE TAMAULIPAS","isPartOf":{"@id":"https:\/\/elinformativotam.com\/#website"},"primaryImageOfPage":{"@id":"https:\/\/elinformativotam.com\/index.php\/2025\/11\/24\/monica-villarreal-afirma-que-los-bloqueos-carreteros-no-afectaron-a-tampico\/#primaryimage"},"image":{"@id":"https:\/\/elinformativotam.com\/index.php\/2025\/11\/24\/monica-villarreal-afirma-que-los-bloqueos-carreteros-no-afectaron-a-tampico\/#primaryimage"},"thumbnailUrl":"https:\/\/elinformativotam.com\/wp-content\/uploads\/2025\/11\/Monica-1.jpg","datePublished":"2025-11-25T02:33:39+00:00","description":"La alcaldesa de Tampico, M\u00f3nica Villarreal Anaya, confirm\u00f3 que los recientes bloqueos carreteros registrados en distintos puntos de la regi\u00f3n no generaron","inLanguage":"es","potentialAction":[{"@type":"ReadAction","target":["https:\/\/elinformativotam.com\/index.php\/2025\/11\/24\/monica-villarreal-afirma-que-los-bloqueos-carreteros-no-afectaron-a-tampico\/"]}]},{"@type":"ImageObject","inLanguage":"es","@id":"https:\/\/elinformativotam.com\/index.php\/2025\/11\/24\/monica-villarreal-afirma-que-los-bloqueos-carreteros-no-afectaron-a-tampico\/#primaryimage","url":"https:\/\/elinformativotam.com\/wp-content\/uploads\/2025\/11\/Monica-1.jpg","contentUrl":"https:\/\/elinformativotam.com\/wp-content\/uploads\/2025\/11\/Monica-1.jpg","width":717,"height":1065},{"@type":"WebSite","@id":"https:\/\/elinformativotam.com\/#website","url":"https:\/\/elinformativotam.com\/","name":"EL INFORMATIVO DE TAMAULIPAS","description":"Desde la Zona Metropolitana Para Todo M\u00e9xico","publisher":{"@id":"https:\/\/elinformativotam.com\/#organization"},"potentialAction":[{"@type":"SearchAction","target":{"@type":"EntryPoint","urlTemplate":"https:\/\/elinformativotam.com\/?s={search_term_string}"},"query-input":{"@type":"PropertyValueSpecification","valueRequired":true,"valueName":"search_term_string"}}],"inLanguage":"es"},{"@type":"Organization","@id":"https:\/\/elinformativotam.com\/#organization","name":"EL INFORMATIVO DE TAMAULIPAS","url":"https:\/\/elinformativotam.com\/","logo":{"@type":"ImageObject","inLanguage":"es","@id":"https:\/\/elinformativotam.com\/#\/schema\/logo\/image\/","url":"https:\/\/elinformativotam.com\/wp-content\/uploads\/2026\/02\/Cabezal.png","contentUrl":"https:\/\/elinformativotam.com\/wp-content\/uploads\/2026\/02\/Cabezal.png","width":960,"height":640,"caption":"EL INFORMATIVO DE TAMAULIPAS"},"image":{"@id":"https:\/\/elinformativotam.com\/#\/schema\/logo\/image\/"}},{"@type":"Person","@id":"https:\/\/elinformativotam.com\/#\/schema\/person\/78e08040eed0f6110f0c5f83b6153590","name":"El Informativo Tam","image":{"@type":"ImageObject","inLanguage":"es","@id":"https:\/\/secure.gravatar.com\/avatar\/f3b7ad3af540688955925ac610647be00b0cf41feea9c4978b73a707ee86bc53?s=96&d=mm&r=g","url":"https:\/\/secure.gravatar.com\/avatar\/f3b7ad3af540688955925ac610647be00b0cf41feea9c4978b73a707ee86bc53?s=96&d=mm&r=g","contentUrl":"https:\/\/secure.gravatar.com\/avatar\/f3b7ad3af540688955925ac610647be00b0cf41feea9c4978b73a707ee86bc53?s=96&d=mm&r=g","caption":"El Informativo Tam"}}]}},"_links":{"self":[{"href":"https:\/\/elinformativotam.com\/index.php\/wp-json\/wp\/v2\/posts\/56759","targetHints":{"allow":["GET"]}}],"collection":[{"href":"https:\/\/elinformativotam.com\/index.php\/wp-json\/wp\/v2\/posts"}],"about":[{"href":"https:\/\/elinformativotam.com\/index.php\/wp-json\/wp\/v2\/types\/post"}],"author":[{"embeddable":true,"href":"https:\/\/elinformativotam.com\/index.php\/wp-json\/wp\/v2\/users\/1"}],"replies":[{"embeddable":true,"href":"https:\/\/elinformativotam.com\/index.php\/wp-json\/wp\/v2\/comments?post=56759"}],"version-history":[{"count":1,"href":"https:\/\/elinformativotam.com\/index.php\/wp-json\/wp\/v2\/posts\/56759\/revisions"}],"predecessor-version":[{"id":56760,"href":"https:\/\/elinformativotam.com\/index.php\/wp-json\/wp\/v2\/posts\/56759\/revisions\/56760"}],"wp:featuredmedia":[{"embeddable":true,"href":"https:\/\/elinformativotam.com\/index.php\/wp-json\/wp\/v2\/media\/56756"}],"wp:attachment":[{"href":"https:\/\/elinformativotam.com\/index.php\/wp-json\/wp\/v2\/media?parent=56759"}],"wp:term":[{"taxonomy":"category","embeddable":true,"href":"https:\/\/elinformativotam.com\/index.php\/wp-json\/wp\/v2\/categories?post=56759"},{"taxonomy":"post_tag","embeddable":true,"href":"https:\/\/elinformativotam.com\/index.php\/wp-json\/wp\/v2\/tags?post=56759"}],"curies":[{"name":"wp","href":"https:\/\/api.w.org\/{rel}","templated":true}]}}