{"id":56752,"date":"2025-11-24T20:28:47","date_gmt":"2025-11-25T02:28:47","guid":{"rendered":"https:\/\/elinformativotam.com\/?p=56752"},"modified":"2025-11-24T20:28:47","modified_gmt":"2025-11-25T02:28:47","slug":"aprueban-en-cabildo-programa-de-estacionamientos-verdes","status":"publish","type":"post","link":"https:\/\/elinformativotam.com\/index.php\/2025\/11\/24\/aprueban-en-cabildo-programa-de-estacionamientos-verdes\/","title":{"rendered":"Aprueban En Cabildo Programa De \u201cEstacionamientos Verdes\u201d"},"content":{"rendered":"<p>Durante la sesi\u00f3n ordinaria de Cabildo n\u00famero 42, encabezada por la presidenta municipal M\u00f3nica Villarreal Anaya, se aprobaron acciones para un Tampico m\u00e1s ordenado, seguro y con visi\u00f3n de futuro.<\/p>\n<p>&nbsp;<\/p>\n<p>Entre los puntos de la orden del d\u00eda, se aprob\u00f3 la rectificaci\u00f3n de los l\u00edmites territoriales entre Tampico, Madero y Altamira, de esta manera brindar mayor claridad administrativa y fortalecer la coordinaci\u00f3n entre estas ciudades.<\/p>\n<p>&nbsp;<\/p>\n<p>De la misma forma se aprob\u00f3 el\u00a0 Programa de Estacionamientos Verdes, una propuesta que busca mejorar la movilidad urbana y avanzar en acciones amigables con el medio ambiente.<\/p>\n<p>&nbsp;<\/p>\n<p>Como \u00faltimo punto de la orden del d\u00eda, el cabildo recibi\u00f3 el Informe de Actividades del DIF Tampico, presentado por la Dra. Luz Adriana Villarreal Anaya, resaltando la labor para seguir impulsando acciones que protejan, acompa\u00f1en y fortalecen a las familias tampique\u00f1as.<\/p>\n","protected":false},"excerpt":{"rendered":"<p>Durante la sesi\u00f3n ordinaria de Cabildo n\u00famero 42, encabezada por la presidenta municipal M\u00f3nica Villarreal Anaya, se aprobaron acciones para&hellip;<\/p>\n","protected":false},"author":1,"featured_media":56753,"comment_status":"open","ping_status":"open","sticky":false,"template":"","format":"standard","meta":{"footnotes":""},"categories":[3],"tags":[],"class_list":["post-56752","post","type-post","status-publish","format-standard","has-post-thumbnail","hentry","category-tampico"],"yoast_head":"<!-- This site is optimized with the Yoast SEO plugin v27.5 - https:\/\/yoast.com\/product\/yoast-seo-wordpress\/ -->\n<title>Aprueban En Cabildo Programa De \u201cEstacionamientos Verdes\u201d - EL INFORMATIVO DE TAMAULIPAS<\/title>\n<meta name=\"description\" content=\"Durante la sesi\u00f3n ordinaria de Cabildo n\u00famero 42, encabezada por la presidenta municipal M\u00f3nica Villarreal Anaya, se aprobaron acciones para un Tampico\" \/>\n<meta name=\"robots\" content=\"index, follow, max-snippet:-1, max-image-preview:large, max-video-preview:-1\" \/>\n<link rel=\"canonical\" href=\"https:\/\/elinformativotam.com\/index.php\/2025\/11\/24\/aprueban-en-cabildo-programa-de-estacionamientos-verdes\/\" \/>\n<meta property=\"og:locale\" content=\"es_MX\" \/>\n<meta property=\"og:type\" content=\"article\" \/>\n<meta property=\"og:title\" content=\"Aprueban En Cabildo Programa De \u201cEstacionamientos Verdes\u201d - EL INFORMATIVO DE TAMAULIPAS\" \/>\n<meta property=\"og:description\" content=\"Durante la sesi\u00f3n ordinaria de Cabildo n\u00famero 42, encabezada por la presidenta municipal M\u00f3nica Villarreal Anaya, se aprobaron acciones para un Tampico\" \/>\n<meta property=\"og:url\" content=\"https:\/\/elinformativotam.com\/index.php\/2025\/11\/24\/aprueban-en-cabildo-programa-de-estacionamientos-verdes\/\" \/>\n<meta property=\"og:site_name\" content=\"EL INFORMATIVO DE TAMAULIPAS\" \/>\n<meta property=\"article:published_time\" content=\"2025-11-25T02:28:47+00:00\" \/>\n<meta property=\"og:image\" content=\"https:\/\/elinformativotam.com\/wp-content\/uploads\/2025\/11\/Cabildo-scaled.jpg\" \/>\n\t<meta property=\"og:image:width\" content=\"2560\" \/>\n\t<meta property=\"og:image:height\" content=\"1706\" \/>\n\t<meta property=\"og:image:type\" content=\"image\/jpeg\" \/>\n<meta name=\"author\" content=\"El Informativo Tam\" \/>\n<meta name=\"twitter:card\" content=\"summary_large_image\" \/>\n<meta name=\"twitter:label1\" content=\"Escrito por\" \/>\n\t<meta name=\"twitter:data1\" content=\"El Informativo Tam\" \/>\n\t<meta name=\"twitter:label2\" content=\"Tiempo de lectura\" \/>\n\t<meta name=\"twitter:data2\" content=\"1 minuto\" \/>\n<script type=\"application\/ld+json\" class=\"yoast-schema-graph\">{\"@context\":\"https:\\\/\\\/schema.org\",\"@graph\":[{\"@type\":\"Article\",\"@id\":\"https:\\\/\\\/elinformativotam.com\\\/index.php\\\/2025\\\/11\\\/24\\\/aprueban-en-cabildo-programa-de-estacionamientos-verdes\\\/#article\",\"isPartOf\":{\"@id\":\"https:\\\/\\\/elinformativotam.com\\\/index.php\\\/2025\\\/11\\\/24\\\/aprueban-en-cabildo-programa-de-estacionamientos-verdes\\\/\"},\"author\":{\"name\":\"El Informativo Tam\",\"@id\":\"https:\\\/\\\/elinformativotam.com\\\/#\\\/schema\\\/person\\\/78e08040eed0f6110f0c5f83b6153590\"},\"headline\":\"Aprueban En Cabildo Programa De \u201cEstacionamientos Verdes\u201d\",\"datePublished\":\"2025-11-25T02:28:47+00:00\",\"mainEntityOfPage\":{\"@id\":\"https:\\\/\\\/elinformativotam.com\\\/index.php\\\/2025\\\/11\\\/24\\\/aprueban-en-cabildo-programa-de-estacionamientos-verdes\\\/\"},\"wordCount\":156,\"commentCount\":0,\"publisher\":{\"@id\":\"https:\\\/\\\/elinformativotam.com\\\/#organization\"},\"image\":{\"@id\":\"https:\\\/\\\/elinformativotam.com\\\/index.php\\\/2025\\\/11\\\/24\\\/aprueban-en-cabildo-programa-de-estacionamientos-verdes\\\/#primaryimage\"},\"thumbnailUrl\":\"https:\\\/\\\/elinformativotam.com\\\/wp-content\\\/uploads\\\/2025\\\/11\\\/Cabildo-scaled.jpg\",\"articleSection\":[\"Tampico\"],\"inLanguage\":\"es\",\"potentialAction\":[{\"@type\":\"CommentAction\",\"name\":\"Comment\",\"target\":[\"https:\\\/\\\/elinformativotam.com\\\/index.php\\\/2025\\\/11\\\/24\\\/aprueban-en-cabildo-programa-de-estacionamientos-verdes\\\/#respond\"]}]},{\"@type\":\"WebPage\",\"@id\":\"https:\\\/\\\/elinformativotam.com\\\/index.php\\\/2025\\\/11\\\/24\\\/aprueban-en-cabildo-programa-de-estacionamientos-verdes\\\/\",\"url\":\"https:\\\/\\\/elinformativotam.com\\\/index.php\\\/2025\\\/11\\\/24\\\/aprueban-en-cabildo-programa-de-estacionamientos-verdes\\\/\",\"name\":\"Aprueban En Cabildo Programa De \u201cEstacionamientos Verdes\u201d - EL INFORMATIVO DE TAMAULIPAS\",\"isPartOf\":{\"@id\":\"https:\\\/\\\/elinformativotam.com\\\/#website\"},\"primaryImageOfPage\":{\"@id\":\"https:\\\/\\\/elinformativotam.com\\\/index.php\\\/2025\\\/11\\\/24\\\/aprueban-en-cabildo-programa-de-estacionamientos-verdes\\\/#primaryimage\"},\"image\":{\"@id\":\"https:\\\/\\\/elinformativotam.com\\\/index.php\\\/2025\\\/11\\\/24\\\/aprueban-en-cabildo-programa-de-estacionamientos-verdes\\\/#primaryimage\"},\"thumbnailUrl\":\"https:\\\/\\\/elinformativotam.com\\\/wp-content\\\/uploads\\\/2025\\\/11\\\/Cabildo-scaled.jpg\",\"datePublished\":\"2025-11-25T02:28:47+00:00\",\"description\":\"Durante la sesi\u00f3n ordinaria de Cabildo n\u00famero 42, encabezada por la presidenta municipal M\u00f3nica Villarreal Anaya, se aprobaron acciones para un Tampico\",\"inLanguage\":\"es\",\"potentialAction\":[{\"@type\":\"ReadAction\",\"target\":[\"https:\\\/\\\/elinformativotam.com\\\/index.php\\\/2025\\\/11\\\/24\\\/aprueban-en-cabildo-programa-de-estacionamientos-verdes\\\/\"]}]},{\"@type\":\"ImageObject\",\"inLanguage\":\"es\",\"@id\":\"https:\\\/\\\/elinformativotam.com\\\/index.php\\\/2025\\\/11\\\/24\\\/aprueban-en-cabildo-programa-de-estacionamientos-verdes\\\/#primaryimage\",\"url\":\"https:\\\/\\\/elinformativotam.com\\\/wp-content\\\/uploads\\\/2025\\\/11\\\/Cabildo-scaled.jpg\",\"contentUrl\":\"https:\\\/\\\/elinformativotam.com\\\/wp-content\\\/uploads\\\/2025\\\/11\\\/Cabildo-scaled.jpg\",\"width\":2560,\"height\":1706},{\"@type\":\"WebSite\",\"@id\":\"https:\\\/\\\/elinformativotam.com\\\/#website\",\"url\":\"https:\\\/\\\/elinformativotam.com\\\/\",\"name\":\"EL INFORMATIVO DE TAMAULIPAS\",\"description\":\"Desde la Zona Metropolitana Para Todo M\u00e9xico\",\"publisher\":{\"@id\":\"https:\\\/\\\/elinformativotam.com\\\/#organization\"},\"potentialAction\":[{\"@type\":\"SearchAction\",\"target\":{\"@type\":\"EntryPoint\",\"urlTemplate\":\"https:\\\/\\\/elinformativotam.com\\\/?s={search_term_string}\"},\"query-input\":{\"@type\":\"PropertyValueSpecification\",\"valueRequired\":true,\"valueName\":\"search_term_string\"}}],\"inLanguage\":\"es\"},{\"@type\":\"Organization\",\"@id\":\"https:\\\/\\\/elinformativotam.com\\\/#organization\",\"name\":\"EL INFORMATIVO DE TAMAULIPAS\",\"url\":\"https:\\\/\\\/elinformativotam.com\\\/\",\"logo\":{\"@type\":\"ImageObject\",\"inLanguage\":\"es\",\"@id\":\"https:\\\/\\\/elinformativotam.com\\\/#\\\/schema\\\/logo\\\/image\\\/\",\"url\":\"https:\\\/\\\/elinformativotam.com\\\/wp-content\\\/uploads\\\/2026\\\/02\\\/Cabezal.png\",\"contentUrl\":\"https:\\\/\\\/elinformativotam.com\\\/wp-content\\\/uploads\\\/2026\\\/02\\\/Cabezal.png\",\"width\":960,\"height\":640,\"caption\":\"EL INFORMATIVO DE TAMAULIPAS\"},\"image\":{\"@id\":\"https:\\\/\\\/elinformativotam.com\\\/#\\\/schema\\\/logo\\\/image\\\/\"}},{\"@type\":\"Person\",\"@id\":\"https:\\\/\\\/elinformativotam.com\\\/#\\\/schema\\\/person\\\/78e08040eed0f6110f0c5f83b6153590\",\"name\":\"El Informativo Tam\",\"image\":{\"@type\":\"ImageObject\",\"inLanguage\":\"es\",\"@id\":\"https:\\\/\\\/secure.gravatar.com\\\/avatar\\\/f3b7ad3af540688955925ac610647be00b0cf41feea9c4978b73a707ee86bc53?s=96&d=mm&r=g\",\"url\":\"https:\\\/\\\/secure.gravatar.com\\\/avatar\\\/f3b7ad3af540688955925ac610647be00b0cf41feea9c4978b73a707ee86bc53?s=96&d=mm&r=g\",\"contentUrl\":\"https:\\\/\\\/secure.gravatar.com\\\/avatar\\\/f3b7ad3af540688955925ac610647be00b0cf41feea9c4978b73a707ee86bc53?s=96&d=mm&r=g\",\"caption\":\"El Informativo Tam\"}}]}<\/script>\n<!-- \/ Yoast SEO plugin. -->","yoast_head_json":{"title":"Aprueban En Cabildo Programa De \u201cEstacionamientos Verdes\u201d - EL INFORMATIVO DE TAMAULIPAS","description":"Durante la sesi\u00f3n ordinaria de Cabildo n\u00famero 42, encabezada por la presidenta municipal M\u00f3nica Villarreal Anaya, se aprobaron acciones para un Tampico","robots":{"index":"index","follow":"follow","max-snippet":"max-snippet:-1","max-image-preview":"max-image-preview:large","max-video-preview":"max-video-preview:-1"},"canonical":"https:\/\/elinformativotam.com\/index.php\/2025\/11\/24\/aprueban-en-cabildo-programa-de-estacionamientos-verdes\/","og_locale":"es_MX","og_type":"article","og_title":"Aprueban En Cabildo Programa De \u201cEstacionamientos Verdes\u201d - EL INFORMATIVO DE TAMAULIPAS","og_description":"Durante la sesi\u00f3n ordinaria de Cabildo n\u00famero 42, encabezada por la presidenta municipal M\u00f3nica Villarreal Anaya, se aprobaron acciones para un Tampico","og_url":"https:\/\/elinformativotam.com\/index.php\/2025\/11\/24\/aprueban-en-cabildo-programa-de-estacionamientos-verdes\/","og_site_name":"EL INFORMATIVO DE TAMAULIPAS","article_published_time":"2025-11-25T02:28:47+00:00","og_image":[{"width":2560,"height":1706,"url":"https:\/\/elinformativotam.com\/wp-content\/uploads\/2025\/11\/Cabildo-scaled.jpg","type":"image\/jpeg"}],"author":"El Informativo Tam","twitter_card":"summary_large_image","twitter_misc":{"Escrito por":"El Informativo Tam","Tiempo de lectura":"1 minuto"},"schema":{"@context":"https:\/\/schema.org","@graph":[{"@type":"Article","@id":"https:\/\/elinformativotam.com\/index.php\/2025\/11\/24\/aprueban-en-cabildo-programa-de-estacionamientos-verdes\/#article","isPartOf":{"@id":"https:\/\/elinformativotam.com\/index.php\/2025\/11\/24\/aprueban-en-cabildo-programa-de-estacionamientos-verdes\/"},"author":{"name":"El Informativo Tam","@id":"https:\/\/elinformativotam.com\/#\/schema\/person\/78e08040eed0f6110f0c5f83b6153590"},"headline":"Aprueban En Cabildo Programa De \u201cEstacionamientos Verdes\u201d","datePublished":"2025-11-25T02:28:47+00:00","mainEntityOfPage":{"@id":"https:\/\/elinformativotam.com\/index.php\/2025\/11\/24\/aprueban-en-cabildo-programa-de-estacionamientos-verdes\/"},"wordCount":156,"commentCount":0,"publisher":{"@id":"https:\/\/elinformativotam.com\/#organization"},"image":{"@id":"https:\/\/elinformativotam.com\/index.php\/2025\/11\/24\/aprueban-en-cabildo-programa-de-estacionamientos-verdes\/#primaryimage"},"thumbnailUrl":"https:\/\/elinformativotam.com\/wp-content\/uploads\/2025\/11\/Cabildo-scaled.jpg","articleSection":["Tampico"],"inLanguage":"es","potentialAction":[{"@type":"CommentAction","name":"Comment","target":["https:\/\/elinformativotam.com\/index.php\/2025\/11\/24\/aprueban-en-cabildo-programa-de-estacionamientos-verdes\/#respond"]}]},{"@type":"WebPage","@id":"https:\/\/elinformativotam.com\/index.php\/2025\/11\/24\/aprueban-en-cabildo-programa-de-estacionamientos-verdes\/","url":"https:\/\/elinformativotam.com\/index.php\/2025\/11\/24\/aprueban-en-cabildo-programa-de-estacionamientos-verdes\/","name":"Aprueban En Cabildo Programa De \u201cEstacionamientos Verdes\u201d - EL INFORMATIVO DE TAMAULIPAS","isPartOf":{"@id":"https:\/\/elinformativotam.com\/#website"},"primaryImageOfPage":{"@id":"https:\/\/elinformativotam.com\/index.php\/2025\/11\/24\/aprueban-en-cabildo-programa-de-estacionamientos-verdes\/#primaryimage"},"image":{"@id":"https:\/\/elinformativotam.com\/index.php\/2025\/11\/24\/aprueban-en-cabildo-programa-de-estacionamientos-verdes\/#primaryimage"},"thumbnailUrl":"https:\/\/elinformativotam.com\/wp-content\/uploads\/2025\/11\/Cabildo-scaled.jpg","datePublished":"2025-11-25T02:28:47+00:00","description":"Durante la sesi\u00f3n ordinaria de Cabildo n\u00famero 42, encabezada por la presidenta municipal M\u00f3nica Villarreal Anaya, se aprobaron acciones para un Tampico","inLanguage":"es","potentialAction":[{"@type":"ReadAction","target":["https:\/\/elinformativotam.com\/index.php\/2025\/11\/24\/aprueban-en-cabildo-programa-de-estacionamientos-verdes\/"]}]},{"@type":"ImageObject","inLanguage":"es","@id":"https:\/\/elinformativotam.com\/index.php\/2025\/11\/24\/aprueban-en-cabildo-programa-de-estacionamientos-verdes\/#primaryimage","url":"https:\/\/elinformativotam.com\/wp-content\/uploads\/2025\/11\/Cabildo-scaled.jpg","contentUrl":"https:\/\/elinformativotam.com\/wp-content\/uploads\/2025\/11\/Cabildo-scaled.jpg","width":2560,"height":1706},{"@type":"WebSite","@id":"https:\/\/elinformativotam.com\/#website","url":"https:\/\/elinformativotam.com\/","name":"EL INFORMATIVO DE TAMAULIPAS","description":"Desde la Zona Metropolitana Para Todo M\u00e9xico","publisher":{"@id":"https:\/\/elinformativotam.com\/#organization"},"potentialAction":[{"@type":"SearchAction","target":{"@type":"EntryPoint","urlTemplate":"https:\/\/elinformativotam.com\/?s={search_term_string}"},"query-input":{"@type":"PropertyValueSpecification","valueRequired":true,"valueName":"search_term_string"}}],"inLanguage":"es"},{"@type":"Organization","@id":"https:\/\/elinformativotam.com\/#organization","name":"EL INFORMATIVO DE TAMAULIPAS","url":"https:\/\/elinformativotam.com\/","logo":{"@type":"ImageObject","inLanguage":"es","@id":"https:\/\/elinformativotam.com\/#\/schema\/logo\/image\/","url":"https:\/\/elinformativotam.com\/wp-content\/uploads\/2026\/02\/Cabezal.png","contentUrl":"https:\/\/elinformativotam.com\/wp-content\/uploads\/2026\/02\/Cabezal.png","width":960,"height":640,"caption":"EL INFORMATIVO DE TAMAULIPAS"},"image":{"@id":"https:\/\/elinformativotam.com\/#\/schema\/logo\/image\/"}},{"@type":"Person","@id":"https:\/\/elinformativotam.com\/#\/schema\/person\/78e08040eed0f6110f0c5f83b6153590","name":"El Informativo Tam","image":{"@type":"ImageObject","inLanguage":"es","@id":"https:\/\/secure.gravatar.com\/avatar\/f3b7ad3af540688955925ac610647be00b0cf41feea9c4978b73a707ee86bc53?s=96&d=mm&r=g","url":"https:\/\/secure.gravatar.com\/avatar\/f3b7ad3af540688955925ac610647be00b0cf41feea9c4978b73a707ee86bc53?s=96&d=mm&r=g","contentUrl":"https:\/\/secure.gravatar.com\/avatar\/f3b7ad3af540688955925ac610647be00b0cf41feea9c4978b73a707ee86bc53?s=96&d=mm&r=g","caption":"El Informativo Tam"}}]}},"_links":{"self":[{"href":"https:\/\/elinformativotam.com\/index.php\/wp-json\/wp\/v2\/posts\/56752","targetHints":{"allow":["GET"]}}],"collection":[{"href":"https:\/\/elinformativotam.com\/index.php\/wp-json\/wp\/v2\/posts"}],"about":[{"href":"https:\/\/elinformativotam.com\/index.php\/wp-json\/wp\/v2\/types\/post"}],"author":[{"embeddable":true,"href":"https:\/\/elinformativotam.com\/index.php\/wp-json\/wp\/v2\/users\/1"}],"replies":[{"embeddable":true,"href":"https:\/\/elinformativotam.com\/index.php\/wp-json\/wp\/v2\/comments?post=56752"}],"version-history":[{"count":1,"href":"https:\/\/elinformativotam.com\/index.php\/wp-json\/wp\/v2\/posts\/56752\/revisions"}],"predecessor-version":[{"id":56754,"href":"https:\/\/elinformativotam.com\/index.php\/wp-json\/wp\/v2\/posts\/56752\/revisions\/56754"}],"wp:featuredmedia":[{"embeddable":true,"href":"https:\/\/elinformativotam.com\/index.php\/wp-json\/wp\/v2\/media\/56753"}],"wp:attachment":[{"href":"https:\/\/elinformativotam.com\/index.php\/wp-json\/wp\/v2\/media?parent=56752"}],"wp:term":[{"taxonomy":"category","embeddable":true,"href":"https:\/\/elinformativotam.com\/index.php\/wp-json\/wp\/v2\/categories?post=56752"},{"taxonomy":"post_tag","embeddable":true,"href":"https:\/\/elinformativotam.com\/index.php\/wp-json\/wp\/v2\/tags?post=56752"}],"curies":[{"name":"wp","href":"https:\/\/api.w.org\/{rel}","templated":true}]}}