{"id":56749,"date":"2025-11-24T20:27:41","date_gmt":"2025-11-25T02:27:41","guid":{"rendered":"https:\/\/elinformativotam.com\/?p=56749"},"modified":"2025-11-24T20:27:41","modified_gmt":"2025-11-25T02:27:41","slug":"localizan-con-vida-a-tripulante-desaparecido-tras-naufragio-una-persona-murio-por-causa-medica","status":"publish","type":"post","link":"https:\/\/elinformativotam.com\/index.php\/2025\/11\/24\/localizan-con-vida-a-tripulante-desaparecido-tras-naufragio-una-persona-murio-por-causa-medica\/","title":{"rendered":"Localizan Con Vida A Tripulante Desaparecido Tras Naufragio; Una Persona Muri\u00f3 Por Causa M\u00e9dica."},"content":{"rendered":"<p>Cd. Madero, Tamaulipas.- Autoridades confirmaron que fue localizado con vida el hombre que permanec\u00eda desaparecido tras el naufragio de una embarcaci\u00f3n, hecho registrado la madrugada del jueves en la zona costera.<\/p>\n<p>&nbsp;<\/p>\n<p>El hallazgo de la \u00faltima persona ocurri\u00f3 en el muelle de pilotos, de acuerdo con el reporte preliminar de Protecci\u00f3n Civil Regional.<\/p>\n<p>&nbsp;<\/p>\n<p>Rafael Chirinos Aguilar, subdirector de la dependencia, explic\u00f3 que\u00a0 corresponde a la Fiscal\u00eda General de Justicia verificar plenamente la identidad del tripulante rescatado; sin embargo, de manera preliminar se sabe que la persona fue encontrada estable.<\/p>\n<p>&nbsp;<\/p>\n<p>Detall\u00f3 que la llamada de auxilio ingres\u00f3 a trav\u00e9s del 911, donde se inform\u00f3 que un grupo de personas regresaba de una actividad de pesca recreativa que realizaban de forma habitual, pero durante el retorno, la embarcaci\u00f3n sufri\u00f3 un percance que termin\u00f3 en su hundimiento.<\/p>\n<p>&nbsp;<\/p>\n<p>Ante la emergencia, el piloto decidi\u00f3 lanzarse al mar para buscar ayuda, momento en el que se perdi\u00f3 contacto con \u00e9l, mientras que el resto de los tripulantes logr\u00f3 mantenerse a flote gracias al uso de chalecos salvavidas, lo que evit\u00f3 una tragedia mayor.<\/p>\n<p>&nbsp;<\/p>\n<p>Chirinos Aguilar confirm\u00f3 el fallecimiento de un hombre de aproximadamente 76 a\u00f1os, quien contaba tambi\u00e9n con chaleco salvavidas, pero cuya muerte no estuvo relacionada con el accidente, sino con un padecimiento m\u00e9dico preexistente.<\/p>\n<p>&nbsp;<\/p>\n<p>Sobre las caracter\u00edsticas de la embarcaci\u00f3n, el subdirector se\u00f1al\u00f3 que no se tiene precisi\u00f3n del tipo, debido a que se hundi\u00f3, por lo que ser\u00e1 la Fiscal\u00eda quien determine tanto las causas del percance como el estatus y permisos de la nave.<\/p>\n<p>&nbsp;<\/p>\n<p>Seg\u00fan la informaci\u00f3n inicial, los tripulantes eran originarios de la zona conurbada, mientras que algunos familiares proven\u00edan de otros estados, como San Luis Potos\u00ed, ya que se reun\u00edan para realizar esta actividad como parte de su convivencia familiar.<\/p>\n<p>&nbsp;<\/p>\n<p>La Fiscal\u00eda mantiene abiertas las investigaciones para esclarecer los hechos y confirmar la situaci\u00f3n legal de la embarcaci\u00f3n.<\/p>\n","protected":false},"excerpt":{"rendered":"<p>Cd. Madero, Tamaulipas.- Autoridades confirmaron que fue localizado con vida el hombre que permanec\u00eda desaparecido tras el naufragio de una&hellip;<\/p>\n","protected":false},"author":1,"featured_media":56750,"comment_status":"open","ping_status":"open","sticky":false,"template":"","format":"standard","meta":{"footnotes":""},"categories":[4],"tags":[],"class_list":["post-56749","post","type-post","status-publish","format-standard","has-post-thumbnail","hentry","category-madero"],"yoast_head":"<!-- This site is optimized with the Yoast SEO plugin v27.5 - https:\/\/yoast.com\/product\/yoast-seo-wordpress\/ -->\n<title>Localizan Con Vida A Tripulante Desaparecido Tras Naufragio; Una Persona Muri\u00f3 Por Causa M\u00e9dica. - EL INFORMATIVO DE TAMAULIPAS<\/title>\n<meta name=\"description\" content=\"Cd. Madero, Tamaulipas.- Autoridades confirmaron que fue localizado con vida el hombre que permanec\u00eda desaparecido tras el naufragio de una embarcaci\u00f3n,\" \/>\n<meta name=\"robots\" content=\"index, follow, max-snippet:-1, max-image-preview:large, max-video-preview:-1\" \/>\n<link rel=\"canonical\" href=\"https:\/\/elinformativotam.com\/index.php\/2025\/11\/24\/localizan-con-vida-a-tripulante-desaparecido-tras-naufragio-una-persona-murio-por-causa-medica\/\" \/>\n<meta property=\"og:locale\" content=\"es_MX\" \/>\n<meta property=\"og:type\" content=\"article\" \/>\n<meta property=\"og:title\" content=\"Localizan Con Vida A Tripulante Desaparecido Tras Naufragio; Una Persona Muri\u00f3 Por Causa M\u00e9dica. - EL INFORMATIVO DE TAMAULIPAS\" \/>\n<meta property=\"og:description\" content=\"Cd. Madero, Tamaulipas.- Autoridades confirmaron que fue localizado con vida el hombre que permanec\u00eda desaparecido tras el naufragio de una embarcaci\u00f3n,\" \/>\n<meta property=\"og:url\" content=\"https:\/\/elinformativotam.com\/index.php\/2025\/11\/24\/localizan-con-vida-a-tripulante-desaparecido-tras-naufragio-una-persona-murio-por-causa-medica\/\" \/>\n<meta property=\"og:site_name\" content=\"EL INFORMATIVO DE TAMAULIPAS\" \/>\n<meta property=\"article:published_time\" content=\"2025-11-25T02:27:41+00:00\" \/>\n<meta property=\"og:image\" content=\"https:\/\/elinformativotam.com\/wp-content\/uploads\/2025\/11\/Proteccion-civil-1.jpg\" \/>\n\t<meta property=\"og:image:width\" content=\"1600\" \/>\n\t<meta property=\"og:image:height\" content=\"900\" \/>\n\t<meta property=\"og:image:type\" content=\"image\/jpeg\" \/>\n<meta name=\"author\" content=\"El Informativo Tam\" \/>\n<meta name=\"twitter:card\" content=\"summary_large_image\" \/>\n<meta name=\"twitter:label1\" content=\"Escrito por\" \/>\n\t<meta name=\"twitter:data1\" content=\"El Informativo Tam\" \/>\n\t<meta name=\"twitter:label2\" content=\"Tiempo de lectura\" \/>\n\t<meta name=\"twitter:data2\" content=\"2 minutos\" \/>\n<script type=\"application\/ld+json\" class=\"yoast-schema-graph\">{\"@context\":\"https:\\\/\\\/schema.org\",\"@graph\":[{\"@type\":\"Article\",\"@id\":\"https:\\\/\\\/elinformativotam.com\\\/index.php\\\/2025\\\/11\\\/24\\\/localizan-con-vida-a-tripulante-desaparecido-tras-naufragio-una-persona-murio-por-causa-medica\\\/#article\",\"isPartOf\":{\"@id\":\"https:\\\/\\\/elinformativotam.com\\\/index.php\\\/2025\\\/11\\\/24\\\/localizan-con-vida-a-tripulante-desaparecido-tras-naufragio-una-persona-murio-por-causa-medica\\\/\"},\"author\":{\"name\":\"El Informativo Tam\",\"@id\":\"https:\\\/\\\/elinformativotam.com\\\/#\\\/schema\\\/person\\\/78e08040eed0f6110f0c5f83b6153590\"},\"headline\":\"Localizan Con Vida A Tripulante Desaparecido Tras Naufragio; Una Persona Muri\u00f3 Por Causa M\u00e9dica.\",\"datePublished\":\"2025-11-25T02:27:41+00:00\",\"mainEntityOfPage\":{\"@id\":\"https:\\\/\\\/elinformativotam.com\\\/index.php\\\/2025\\\/11\\\/24\\\/localizan-con-vida-a-tripulante-desaparecido-tras-naufragio-una-persona-murio-por-causa-medica\\\/\"},\"wordCount\":352,\"commentCount\":0,\"publisher\":{\"@id\":\"https:\\\/\\\/elinformativotam.com\\\/#organization\"},\"image\":{\"@id\":\"https:\\\/\\\/elinformativotam.com\\\/index.php\\\/2025\\\/11\\\/24\\\/localizan-con-vida-a-tripulante-desaparecido-tras-naufragio-una-persona-murio-por-causa-medica\\\/#primaryimage\"},\"thumbnailUrl\":\"https:\\\/\\\/elinformativotam.com\\\/wp-content\\\/uploads\\\/2025\\\/11\\\/Proteccion-civil-1.jpg\",\"articleSection\":[\"Cd Madero\"],\"inLanguage\":\"es\",\"potentialAction\":[{\"@type\":\"CommentAction\",\"name\":\"Comment\",\"target\":[\"https:\\\/\\\/elinformativotam.com\\\/index.php\\\/2025\\\/11\\\/24\\\/localizan-con-vida-a-tripulante-desaparecido-tras-naufragio-una-persona-murio-por-causa-medica\\\/#respond\"]}]},{\"@type\":\"WebPage\",\"@id\":\"https:\\\/\\\/elinformativotam.com\\\/index.php\\\/2025\\\/11\\\/24\\\/localizan-con-vida-a-tripulante-desaparecido-tras-naufragio-una-persona-murio-por-causa-medica\\\/\",\"url\":\"https:\\\/\\\/elinformativotam.com\\\/index.php\\\/2025\\\/11\\\/24\\\/localizan-con-vida-a-tripulante-desaparecido-tras-naufragio-una-persona-murio-por-causa-medica\\\/\",\"name\":\"Localizan Con Vida A Tripulante Desaparecido Tras Naufragio; Una Persona Muri\u00f3 Por Causa M\u00e9dica. - EL INFORMATIVO DE TAMAULIPAS\",\"isPartOf\":{\"@id\":\"https:\\\/\\\/elinformativotam.com\\\/#website\"},\"primaryImageOfPage\":{\"@id\":\"https:\\\/\\\/elinformativotam.com\\\/index.php\\\/2025\\\/11\\\/24\\\/localizan-con-vida-a-tripulante-desaparecido-tras-naufragio-una-persona-murio-por-causa-medica\\\/#primaryimage\"},\"image\":{\"@id\":\"https:\\\/\\\/elinformativotam.com\\\/index.php\\\/2025\\\/11\\\/24\\\/localizan-con-vida-a-tripulante-desaparecido-tras-naufragio-una-persona-murio-por-causa-medica\\\/#primaryimage\"},\"thumbnailUrl\":\"https:\\\/\\\/elinformativotam.com\\\/wp-content\\\/uploads\\\/2025\\\/11\\\/Proteccion-civil-1.jpg\",\"datePublished\":\"2025-11-25T02:27:41+00:00\",\"description\":\"Cd. Madero, Tamaulipas.- Autoridades confirmaron que fue localizado con vida el hombre que permanec\u00eda desaparecido tras el naufragio de una embarcaci\u00f3n,\",\"inLanguage\":\"es\",\"potentialAction\":[{\"@type\":\"ReadAction\",\"target\":[\"https:\\\/\\\/elinformativotam.com\\\/index.php\\\/2025\\\/11\\\/24\\\/localizan-con-vida-a-tripulante-desaparecido-tras-naufragio-una-persona-murio-por-causa-medica\\\/\"]}]},{\"@type\":\"ImageObject\",\"inLanguage\":\"es\",\"@id\":\"https:\\\/\\\/elinformativotam.com\\\/index.php\\\/2025\\\/11\\\/24\\\/localizan-con-vida-a-tripulante-desaparecido-tras-naufragio-una-persona-murio-por-causa-medica\\\/#primaryimage\",\"url\":\"https:\\\/\\\/elinformativotam.com\\\/wp-content\\\/uploads\\\/2025\\\/11\\\/Proteccion-civil-1.jpg\",\"contentUrl\":\"https:\\\/\\\/elinformativotam.com\\\/wp-content\\\/uploads\\\/2025\\\/11\\\/Proteccion-civil-1.jpg\",\"width\":1600,\"height\":900},{\"@type\":\"WebSite\",\"@id\":\"https:\\\/\\\/elinformativotam.com\\\/#website\",\"url\":\"https:\\\/\\\/elinformativotam.com\\\/\",\"name\":\"EL INFORMATIVO DE TAMAULIPAS\",\"description\":\"Desde la Zona Metropolitana Para Todo M\u00e9xico\",\"publisher\":{\"@id\":\"https:\\\/\\\/elinformativotam.com\\\/#organization\"},\"potentialAction\":[{\"@type\":\"SearchAction\",\"target\":{\"@type\":\"EntryPoint\",\"urlTemplate\":\"https:\\\/\\\/elinformativotam.com\\\/?s={search_term_string}\"},\"query-input\":{\"@type\":\"PropertyValueSpecification\",\"valueRequired\":true,\"valueName\":\"search_term_string\"}}],\"inLanguage\":\"es\"},{\"@type\":\"Organization\",\"@id\":\"https:\\\/\\\/elinformativotam.com\\\/#organization\",\"name\":\"EL INFORMATIVO DE TAMAULIPAS\",\"url\":\"https:\\\/\\\/elinformativotam.com\\\/\",\"logo\":{\"@type\":\"ImageObject\",\"inLanguage\":\"es\",\"@id\":\"https:\\\/\\\/elinformativotam.com\\\/#\\\/schema\\\/logo\\\/image\\\/\",\"url\":\"https:\\\/\\\/elinformativotam.com\\\/wp-content\\\/uploads\\\/2026\\\/02\\\/Cabezal.png\",\"contentUrl\":\"https:\\\/\\\/elinformativotam.com\\\/wp-content\\\/uploads\\\/2026\\\/02\\\/Cabezal.png\",\"width\":960,\"height\":640,\"caption\":\"EL INFORMATIVO DE TAMAULIPAS\"},\"image\":{\"@id\":\"https:\\\/\\\/elinformativotam.com\\\/#\\\/schema\\\/logo\\\/image\\\/\"}},{\"@type\":\"Person\",\"@id\":\"https:\\\/\\\/elinformativotam.com\\\/#\\\/schema\\\/person\\\/78e08040eed0f6110f0c5f83b6153590\",\"name\":\"El Informativo Tam\",\"image\":{\"@type\":\"ImageObject\",\"inLanguage\":\"es\",\"@id\":\"https:\\\/\\\/secure.gravatar.com\\\/avatar\\\/f3b7ad3af540688955925ac610647be00b0cf41feea9c4978b73a707ee86bc53?s=96&d=mm&r=g\",\"url\":\"https:\\\/\\\/secure.gravatar.com\\\/avatar\\\/f3b7ad3af540688955925ac610647be00b0cf41feea9c4978b73a707ee86bc53?s=96&d=mm&r=g\",\"contentUrl\":\"https:\\\/\\\/secure.gravatar.com\\\/avatar\\\/f3b7ad3af540688955925ac610647be00b0cf41feea9c4978b73a707ee86bc53?s=96&d=mm&r=g\",\"caption\":\"El Informativo Tam\"}}]}<\/script>\n<!-- \/ Yoast SEO plugin. -->","yoast_head_json":{"title":"Localizan Con Vida A Tripulante Desaparecido Tras Naufragio; Una Persona Muri\u00f3 Por Causa M\u00e9dica. - EL INFORMATIVO DE TAMAULIPAS","description":"Cd. Madero, Tamaulipas.- Autoridades confirmaron que fue localizado con vida el hombre que permanec\u00eda desaparecido tras el naufragio de una embarcaci\u00f3n,","robots":{"index":"index","follow":"follow","max-snippet":"max-snippet:-1","max-image-preview":"max-image-preview:large","max-video-preview":"max-video-preview:-1"},"canonical":"https:\/\/elinformativotam.com\/index.php\/2025\/11\/24\/localizan-con-vida-a-tripulante-desaparecido-tras-naufragio-una-persona-murio-por-causa-medica\/","og_locale":"es_MX","og_type":"article","og_title":"Localizan Con Vida A Tripulante Desaparecido Tras Naufragio; Una Persona Muri\u00f3 Por Causa M\u00e9dica. - EL INFORMATIVO DE TAMAULIPAS","og_description":"Cd. Madero, Tamaulipas.- Autoridades confirmaron que fue localizado con vida el hombre que permanec\u00eda desaparecido tras el naufragio de una embarcaci\u00f3n,","og_url":"https:\/\/elinformativotam.com\/index.php\/2025\/11\/24\/localizan-con-vida-a-tripulante-desaparecido-tras-naufragio-una-persona-murio-por-causa-medica\/","og_site_name":"EL INFORMATIVO DE TAMAULIPAS","article_published_time":"2025-11-25T02:27:41+00:00","og_image":[{"width":1600,"height":900,"url":"https:\/\/elinformativotam.com\/wp-content\/uploads\/2025\/11\/Proteccion-civil-1.jpg","type":"image\/jpeg"}],"author":"El Informativo Tam","twitter_card":"summary_large_image","twitter_misc":{"Escrito por":"El Informativo Tam","Tiempo de lectura":"2 minutos"},"schema":{"@context":"https:\/\/schema.org","@graph":[{"@type":"Article","@id":"https:\/\/elinformativotam.com\/index.php\/2025\/11\/24\/localizan-con-vida-a-tripulante-desaparecido-tras-naufragio-una-persona-murio-por-causa-medica\/#article","isPartOf":{"@id":"https:\/\/elinformativotam.com\/index.php\/2025\/11\/24\/localizan-con-vida-a-tripulante-desaparecido-tras-naufragio-una-persona-murio-por-causa-medica\/"},"author":{"name":"El Informativo Tam","@id":"https:\/\/elinformativotam.com\/#\/schema\/person\/78e08040eed0f6110f0c5f83b6153590"},"headline":"Localizan Con Vida A Tripulante Desaparecido Tras Naufragio; Una Persona Muri\u00f3 Por Causa M\u00e9dica.","datePublished":"2025-11-25T02:27:41+00:00","mainEntityOfPage":{"@id":"https:\/\/elinformativotam.com\/index.php\/2025\/11\/24\/localizan-con-vida-a-tripulante-desaparecido-tras-naufragio-una-persona-murio-por-causa-medica\/"},"wordCount":352,"commentCount":0,"publisher":{"@id":"https:\/\/elinformativotam.com\/#organization"},"image":{"@id":"https:\/\/elinformativotam.com\/index.php\/2025\/11\/24\/localizan-con-vida-a-tripulante-desaparecido-tras-naufragio-una-persona-murio-por-causa-medica\/#primaryimage"},"thumbnailUrl":"https:\/\/elinformativotam.com\/wp-content\/uploads\/2025\/11\/Proteccion-civil-1.jpg","articleSection":["Cd Madero"],"inLanguage":"es","potentialAction":[{"@type":"CommentAction","name":"Comment","target":["https:\/\/elinformativotam.com\/index.php\/2025\/11\/24\/localizan-con-vida-a-tripulante-desaparecido-tras-naufragio-una-persona-murio-por-causa-medica\/#respond"]}]},{"@type":"WebPage","@id":"https:\/\/elinformativotam.com\/index.php\/2025\/11\/24\/localizan-con-vida-a-tripulante-desaparecido-tras-naufragio-una-persona-murio-por-causa-medica\/","url":"https:\/\/elinformativotam.com\/index.php\/2025\/11\/24\/localizan-con-vida-a-tripulante-desaparecido-tras-naufragio-una-persona-murio-por-causa-medica\/","name":"Localizan Con Vida A Tripulante Desaparecido Tras Naufragio; Una Persona Muri\u00f3 Por Causa M\u00e9dica. - EL INFORMATIVO DE TAMAULIPAS","isPartOf":{"@id":"https:\/\/elinformativotam.com\/#website"},"primaryImageOfPage":{"@id":"https:\/\/elinformativotam.com\/index.php\/2025\/11\/24\/localizan-con-vida-a-tripulante-desaparecido-tras-naufragio-una-persona-murio-por-causa-medica\/#primaryimage"},"image":{"@id":"https:\/\/elinformativotam.com\/index.php\/2025\/11\/24\/localizan-con-vida-a-tripulante-desaparecido-tras-naufragio-una-persona-murio-por-causa-medica\/#primaryimage"},"thumbnailUrl":"https:\/\/elinformativotam.com\/wp-content\/uploads\/2025\/11\/Proteccion-civil-1.jpg","datePublished":"2025-11-25T02:27:41+00:00","description":"Cd. Madero, Tamaulipas.- Autoridades confirmaron que fue localizado con vida el hombre que permanec\u00eda desaparecido tras el naufragio de una embarcaci\u00f3n,","inLanguage":"es","potentialAction":[{"@type":"ReadAction","target":["https:\/\/elinformativotam.com\/index.php\/2025\/11\/24\/localizan-con-vida-a-tripulante-desaparecido-tras-naufragio-una-persona-murio-por-causa-medica\/"]}]},{"@type":"ImageObject","inLanguage":"es","@id":"https:\/\/elinformativotam.com\/index.php\/2025\/11\/24\/localizan-con-vida-a-tripulante-desaparecido-tras-naufragio-una-persona-murio-por-causa-medica\/#primaryimage","url":"https:\/\/elinformativotam.com\/wp-content\/uploads\/2025\/11\/Proteccion-civil-1.jpg","contentUrl":"https:\/\/elinformativotam.com\/wp-content\/uploads\/2025\/11\/Proteccion-civil-1.jpg","width":1600,"height":900},{"@type":"WebSite","@id":"https:\/\/elinformativotam.com\/#website","url":"https:\/\/elinformativotam.com\/","name":"EL INFORMATIVO DE TAMAULIPAS","description":"Desde la Zona Metropolitana Para Todo M\u00e9xico","publisher":{"@id":"https:\/\/elinformativotam.com\/#organization"},"potentialAction":[{"@type":"SearchAction","target":{"@type":"EntryPoint","urlTemplate":"https:\/\/elinformativotam.com\/?s={search_term_string}"},"query-input":{"@type":"PropertyValueSpecification","valueRequired":true,"valueName":"search_term_string"}}],"inLanguage":"es"},{"@type":"Organization","@id":"https:\/\/elinformativotam.com\/#organization","name":"EL INFORMATIVO DE TAMAULIPAS","url":"https:\/\/elinformativotam.com\/","logo":{"@type":"ImageObject","inLanguage":"es","@id":"https:\/\/elinformativotam.com\/#\/schema\/logo\/image\/","url":"https:\/\/elinformativotam.com\/wp-content\/uploads\/2026\/02\/Cabezal.png","contentUrl":"https:\/\/elinformativotam.com\/wp-content\/uploads\/2026\/02\/Cabezal.png","width":960,"height":640,"caption":"EL INFORMATIVO DE TAMAULIPAS"},"image":{"@id":"https:\/\/elinformativotam.com\/#\/schema\/logo\/image\/"}},{"@type":"Person","@id":"https:\/\/elinformativotam.com\/#\/schema\/person\/78e08040eed0f6110f0c5f83b6153590","name":"El Informativo Tam","image":{"@type":"ImageObject","inLanguage":"es","@id":"https:\/\/secure.gravatar.com\/avatar\/f3b7ad3af540688955925ac610647be00b0cf41feea9c4978b73a707ee86bc53?s=96&d=mm&r=g","url":"https:\/\/secure.gravatar.com\/avatar\/f3b7ad3af540688955925ac610647be00b0cf41feea9c4978b73a707ee86bc53?s=96&d=mm&r=g","contentUrl":"https:\/\/secure.gravatar.com\/avatar\/f3b7ad3af540688955925ac610647be00b0cf41feea9c4978b73a707ee86bc53?s=96&d=mm&r=g","caption":"El Informativo Tam"}}]}},"_links":{"self":[{"href":"https:\/\/elinformativotam.com\/index.php\/wp-json\/wp\/v2\/posts\/56749","targetHints":{"allow":["GET"]}}],"collection":[{"href":"https:\/\/elinformativotam.com\/index.php\/wp-json\/wp\/v2\/posts"}],"about":[{"href":"https:\/\/elinformativotam.com\/index.php\/wp-json\/wp\/v2\/types\/post"}],"author":[{"embeddable":true,"href":"https:\/\/elinformativotam.com\/index.php\/wp-json\/wp\/v2\/users\/1"}],"replies":[{"embeddable":true,"href":"https:\/\/elinformativotam.com\/index.php\/wp-json\/wp\/v2\/comments?post=56749"}],"version-history":[{"count":1,"href":"https:\/\/elinformativotam.com\/index.php\/wp-json\/wp\/v2\/posts\/56749\/revisions"}],"predecessor-version":[{"id":56751,"href":"https:\/\/elinformativotam.com\/index.php\/wp-json\/wp\/v2\/posts\/56749\/revisions\/56751"}],"wp:featuredmedia":[{"embeddable":true,"href":"https:\/\/elinformativotam.com\/index.php\/wp-json\/wp\/v2\/media\/56750"}],"wp:attachment":[{"href":"https:\/\/elinformativotam.com\/index.php\/wp-json\/wp\/v2\/media?parent=56749"}],"wp:term":[{"taxonomy":"category","embeddable":true,"href":"https:\/\/elinformativotam.com\/index.php\/wp-json\/wp\/v2\/categories?post=56749"},{"taxonomy":"post_tag","embeddable":true,"href":"https:\/\/elinformativotam.com\/index.php\/wp-json\/wp\/v2\/tags?post=56749"}],"curies":[{"name":"wp","href":"https:\/\/api.w.org\/{rel}","templated":true}]}}