{"id":56721,"date":"2025-11-20T08:28:48","date_gmt":"2025-11-20T14:28:48","guid":{"rendered":"https:\/\/elinformativotam.com\/?p=56721"},"modified":"2025-11-20T08:28:48","modified_gmt":"2025-11-20T14:28:48","slug":"realizan-jornada-de-deteccion-de-diabetes-en-explanada-de-la-presidencia-de-madero","status":"publish","type":"post","link":"https:\/\/elinformativotam.com\/index.php\/2025\/11\/20\/realizan-jornada-de-deteccion-de-diabetes-en-explanada-de-la-presidencia-de-madero\/","title":{"rendered":"Realizan Jornada De Detecci\u00f3n De Diabetes En Explanada De La Presidencia De Madero"},"content":{"rendered":"<p>Cd. Madero, Tamaulipas.- Este mi\u00e9rcoles, integrantes del Club de Leones \u201cFortaleza de Tamaulipas\u201d llevaron a cabo una jornada de revisi\u00f3n de signos vitales y detecci\u00f3n de diabetes en la explanada de la Presidencia Municipal de Madero, con el objetivo de fomentar la prevenci\u00f3n y la atenci\u00f3n temprana de esta enfermedad.<\/p>\n<p>&nbsp;<\/p>\n<p>Edith Larraga Baranda, presidenta del club, dijo que esta actividad forma parte del plan de trabajo que cada a\u00f1o les asigna el Club Internacional, el cual contempla nueve causas prioritarias, entre ellas el c\u00e1ncer infantil, la visi\u00f3n, el medio ambiente, la mitigaci\u00f3n del hambre y, en particular durante noviembre, la concientizaci\u00f3n sobre la diabetes, cuya conmemoraci\u00f3n global es el 14 de noviembre.<\/p>\n<p>&nbsp;<\/p>\n<p>\u201cEs para hacer conciencia en la ciudadan\u00eda. Quienes ya somos diab\u00e9ticos debemos checarnos cuando m\u00e1s tengamos oportunidad, y quienes no lo son tambi\u00e9n, para saber en qu\u00e9 cifra se encuentran y si existe alg\u00fan riesgo\u201d, se\u00f1al\u00f3.<\/p>\n<p>&nbsp;<\/p>\n<p>La presidenta del Club de Leones inform\u00f3 que previamente realizaron esta misma jornada en el municipio de Tampico, y que decidieron no dejar fuera a Ciudad Madero, por lo que solicitaron permiso para instalarse en el palacio municipal, donde \u2014dijo\u2014 recibieron todas las facilidades.<\/p>\n<p>&nbsp;<\/p>\n<p>Hasta la ma\u00f1ana de este mi\u00e9rcoles, 31 personas hab\u00edan acudido al m\u00f3dulo para revisarse.<\/p>\n<p>&nbsp;<\/p>\n<p>Larraga Baranda destac\u00f3 que la respuesta ha sido positiva, principalmente de ciudadanos que refieren s\u00edntomas como cansancio, sensaci\u00f3n de calor excesivo o falta de aire, y que buscan conocer su estado de salud.<\/p>\n<p>&nbsp;<\/p>\n<p>\u201cHemos tenido desde personas j\u00f3venes hasta adultos mayores de 87 a\u00f1os. Gracias a Dios hay conciencia; los signos vitales son muy importantes para la vida y muchas veces la rutina diaria no nos permite acudir al doctor\u201d, expres\u00f3.<\/p>\n<p>&nbsp;<\/p>\n<p>Finalmente, subray\u00f3 que estos m\u00f3dulos representan un apoyo significativo para que la poblaci\u00f3n pueda detectar a tiempo cualquier alteraci\u00f3n y tomar medidas preventivas que contribuyan a mejorar su calidad de vida.<\/p>\n<p>&nbsp;<\/p>\n","protected":false},"excerpt":{"rendered":"<p>Cd. Madero, Tamaulipas.- Este mi\u00e9rcoles, integrantes del Club de Leones \u201cFortaleza de Tamaulipas\u201d llevaron a cabo una jornada de revisi\u00f3n&hellip;<\/p>\n","protected":false},"author":1,"featured_media":56716,"comment_status":"open","ping_status":"open","sticky":false,"template":"","format":"standard","meta":{"footnotes":""},"categories":[4],"tags":[],"class_list":["post-56721","post","type-post","status-publish","format-standard","has-post-thumbnail","hentry","category-madero"],"yoast_head":"<!-- This site is optimized with the Yoast SEO plugin v27.5 - https:\/\/yoast.com\/product\/yoast-seo-wordpress\/ -->\n<title>Realizan Jornada De Detecci\u00f3n De Diabetes En Explanada De La Presidencia De Madero - EL INFORMATIVO DE TAMAULIPAS<\/title>\n<meta name=\"description\" content=\"Cd. Madero, Tamaulipas.- Este mi\u00e9rcoles, integrantes del Club de Leones \u201cFortaleza de Tamaulipas\u201d llevaron a cabo una jornada de revisi\u00f3n de signos\" \/>\n<meta name=\"robots\" content=\"index, follow, max-snippet:-1, max-image-preview:large, max-video-preview:-1\" \/>\n<link rel=\"canonical\" href=\"https:\/\/elinformativotam.com\/index.php\/2025\/11\/20\/realizan-jornada-de-deteccion-de-diabetes-en-explanada-de-la-presidencia-de-madero\/\" \/>\n<meta property=\"og:locale\" content=\"es_MX\" \/>\n<meta property=\"og:type\" content=\"article\" \/>\n<meta property=\"og:title\" content=\"Realizan Jornada De Detecci\u00f3n De Diabetes En Explanada De La Presidencia De Madero - EL INFORMATIVO DE TAMAULIPAS\" \/>\n<meta property=\"og:description\" content=\"Cd. Madero, Tamaulipas.- Este mi\u00e9rcoles, integrantes del Club de Leones \u201cFortaleza de Tamaulipas\u201d llevaron a cabo una jornada de revisi\u00f3n de signos\" \/>\n<meta property=\"og:url\" content=\"https:\/\/elinformativotam.com\/index.php\/2025\/11\/20\/realizan-jornada-de-deteccion-de-diabetes-en-explanada-de-la-presidencia-de-madero\/\" \/>\n<meta property=\"og:site_name\" content=\"EL INFORMATIVO DE TAMAULIPAS\" \/>\n<meta property=\"article:published_time\" content=\"2025-11-20T14:28:48+00:00\" \/>\n<meta property=\"og:image\" content=\"https:\/\/elinformativotam.com\/wp-content\/uploads\/2025\/11\/Explanada.jpg\" \/>\n\t<meta property=\"og:image:width\" content=\"240\" \/>\n\t<meta property=\"og:image:height\" content=\"209\" \/>\n\t<meta property=\"og:image:type\" content=\"image\/jpeg\" \/>\n<meta name=\"author\" content=\"El Informativo Tam\" \/>\n<meta name=\"twitter:card\" content=\"summary_large_image\" \/>\n<meta name=\"twitter:label1\" content=\"Escrito por\" \/>\n\t<meta name=\"twitter:data1\" content=\"El Informativo Tam\" \/>\n\t<meta name=\"twitter:label2\" content=\"Tiempo de lectura\" \/>\n\t<meta name=\"twitter:data2\" content=\"2 minutos\" \/>\n<script type=\"application\/ld+json\" class=\"yoast-schema-graph\">{\"@context\":\"https:\\\/\\\/schema.org\",\"@graph\":[{\"@type\":\"Article\",\"@id\":\"https:\\\/\\\/elinformativotam.com\\\/index.php\\\/2025\\\/11\\\/20\\\/realizan-jornada-de-deteccion-de-diabetes-en-explanada-de-la-presidencia-de-madero\\\/#article\",\"isPartOf\":{\"@id\":\"https:\\\/\\\/elinformativotam.com\\\/index.php\\\/2025\\\/11\\\/20\\\/realizan-jornada-de-deteccion-de-diabetes-en-explanada-de-la-presidencia-de-madero\\\/\"},\"author\":{\"name\":\"El Informativo Tam\",\"@id\":\"https:\\\/\\\/elinformativotam.com\\\/#\\\/schema\\\/person\\\/78e08040eed0f6110f0c5f83b6153590\"},\"headline\":\"Realizan Jornada De Detecci\u00f3n De Diabetes En Explanada De La Presidencia De Madero\",\"datePublished\":\"2025-11-20T14:28:48+00:00\",\"mainEntityOfPage\":{\"@id\":\"https:\\\/\\\/elinformativotam.com\\\/index.php\\\/2025\\\/11\\\/20\\\/realizan-jornada-de-deteccion-de-diabetes-en-explanada-de-la-presidencia-de-madero\\\/\"},\"wordCount\":356,\"commentCount\":0,\"publisher\":{\"@id\":\"https:\\\/\\\/elinformativotam.com\\\/#organization\"},\"image\":{\"@id\":\"https:\\\/\\\/elinformativotam.com\\\/index.php\\\/2025\\\/11\\\/20\\\/realizan-jornada-de-deteccion-de-diabetes-en-explanada-de-la-presidencia-de-madero\\\/#primaryimage\"},\"thumbnailUrl\":\"https:\\\/\\\/elinformativotam.com\\\/wp-content\\\/uploads\\\/2025\\\/11\\\/Explanada.jpg\",\"articleSection\":[\"Cd Madero\"],\"inLanguage\":\"es\",\"potentialAction\":[{\"@type\":\"CommentAction\",\"name\":\"Comment\",\"target\":[\"https:\\\/\\\/elinformativotam.com\\\/index.php\\\/2025\\\/11\\\/20\\\/realizan-jornada-de-deteccion-de-diabetes-en-explanada-de-la-presidencia-de-madero\\\/#respond\"]}]},{\"@type\":\"WebPage\",\"@id\":\"https:\\\/\\\/elinformativotam.com\\\/index.php\\\/2025\\\/11\\\/20\\\/realizan-jornada-de-deteccion-de-diabetes-en-explanada-de-la-presidencia-de-madero\\\/\",\"url\":\"https:\\\/\\\/elinformativotam.com\\\/index.php\\\/2025\\\/11\\\/20\\\/realizan-jornada-de-deteccion-de-diabetes-en-explanada-de-la-presidencia-de-madero\\\/\",\"name\":\"Realizan Jornada De Detecci\u00f3n De Diabetes En Explanada De La Presidencia De Madero - EL INFORMATIVO DE TAMAULIPAS\",\"isPartOf\":{\"@id\":\"https:\\\/\\\/elinformativotam.com\\\/#website\"},\"primaryImageOfPage\":{\"@id\":\"https:\\\/\\\/elinformativotam.com\\\/index.php\\\/2025\\\/11\\\/20\\\/realizan-jornada-de-deteccion-de-diabetes-en-explanada-de-la-presidencia-de-madero\\\/#primaryimage\"},\"image\":{\"@id\":\"https:\\\/\\\/elinformativotam.com\\\/index.php\\\/2025\\\/11\\\/20\\\/realizan-jornada-de-deteccion-de-diabetes-en-explanada-de-la-presidencia-de-madero\\\/#primaryimage\"},\"thumbnailUrl\":\"https:\\\/\\\/elinformativotam.com\\\/wp-content\\\/uploads\\\/2025\\\/11\\\/Explanada.jpg\",\"datePublished\":\"2025-11-20T14:28:48+00:00\",\"description\":\"Cd. Madero, Tamaulipas.- Este mi\u00e9rcoles, integrantes del Club de Leones \u201cFortaleza de Tamaulipas\u201d llevaron a cabo una jornada de revisi\u00f3n de signos\",\"inLanguage\":\"es\",\"potentialAction\":[{\"@type\":\"ReadAction\",\"target\":[\"https:\\\/\\\/elinformativotam.com\\\/index.php\\\/2025\\\/11\\\/20\\\/realizan-jornada-de-deteccion-de-diabetes-en-explanada-de-la-presidencia-de-madero\\\/\"]}]},{\"@type\":\"ImageObject\",\"inLanguage\":\"es\",\"@id\":\"https:\\\/\\\/elinformativotam.com\\\/index.php\\\/2025\\\/11\\\/20\\\/realizan-jornada-de-deteccion-de-diabetes-en-explanada-de-la-presidencia-de-madero\\\/#primaryimage\",\"url\":\"https:\\\/\\\/elinformativotam.com\\\/wp-content\\\/uploads\\\/2025\\\/11\\\/Explanada.jpg\",\"contentUrl\":\"https:\\\/\\\/elinformativotam.com\\\/wp-content\\\/uploads\\\/2025\\\/11\\\/Explanada.jpg\",\"width\":240,\"height\":209},{\"@type\":\"WebSite\",\"@id\":\"https:\\\/\\\/elinformativotam.com\\\/#website\",\"url\":\"https:\\\/\\\/elinformativotam.com\\\/\",\"name\":\"EL INFORMATIVO DE TAMAULIPAS\",\"description\":\"Desde la Zona Metropolitana Para Todo M\u00e9xico\",\"publisher\":{\"@id\":\"https:\\\/\\\/elinformativotam.com\\\/#organization\"},\"potentialAction\":[{\"@type\":\"SearchAction\",\"target\":{\"@type\":\"EntryPoint\",\"urlTemplate\":\"https:\\\/\\\/elinformativotam.com\\\/?s={search_term_string}\"},\"query-input\":{\"@type\":\"PropertyValueSpecification\",\"valueRequired\":true,\"valueName\":\"search_term_string\"}}],\"inLanguage\":\"es\"},{\"@type\":\"Organization\",\"@id\":\"https:\\\/\\\/elinformativotam.com\\\/#organization\",\"name\":\"EL INFORMATIVO DE TAMAULIPAS\",\"url\":\"https:\\\/\\\/elinformativotam.com\\\/\",\"logo\":{\"@type\":\"ImageObject\",\"inLanguage\":\"es\",\"@id\":\"https:\\\/\\\/elinformativotam.com\\\/#\\\/schema\\\/logo\\\/image\\\/\",\"url\":\"https:\\\/\\\/elinformativotam.com\\\/wp-content\\\/uploads\\\/2026\\\/02\\\/Cabezal.png\",\"contentUrl\":\"https:\\\/\\\/elinformativotam.com\\\/wp-content\\\/uploads\\\/2026\\\/02\\\/Cabezal.png\",\"width\":960,\"height\":640,\"caption\":\"EL INFORMATIVO DE TAMAULIPAS\"},\"image\":{\"@id\":\"https:\\\/\\\/elinformativotam.com\\\/#\\\/schema\\\/logo\\\/image\\\/\"}},{\"@type\":\"Person\",\"@id\":\"https:\\\/\\\/elinformativotam.com\\\/#\\\/schema\\\/person\\\/78e08040eed0f6110f0c5f83b6153590\",\"name\":\"El Informativo Tam\",\"image\":{\"@type\":\"ImageObject\",\"inLanguage\":\"es\",\"@id\":\"https:\\\/\\\/secure.gravatar.com\\\/avatar\\\/f3b7ad3af540688955925ac610647be00b0cf41feea9c4978b73a707ee86bc53?s=96&d=mm&r=g\",\"url\":\"https:\\\/\\\/secure.gravatar.com\\\/avatar\\\/f3b7ad3af540688955925ac610647be00b0cf41feea9c4978b73a707ee86bc53?s=96&d=mm&r=g\",\"contentUrl\":\"https:\\\/\\\/secure.gravatar.com\\\/avatar\\\/f3b7ad3af540688955925ac610647be00b0cf41feea9c4978b73a707ee86bc53?s=96&d=mm&r=g\",\"caption\":\"El Informativo Tam\"}}]}<\/script>\n<!-- \/ Yoast SEO plugin. -->","yoast_head_json":{"title":"Realizan Jornada De Detecci\u00f3n De Diabetes En Explanada De La Presidencia De Madero - EL INFORMATIVO DE TAMAULIPAS","description":"Cd. Madero, Tamaulipas.- Este mi\u00e9rcoles, integrantes del Club de Leones \u201cFortaleza de Tamaulipas\u201d llevaron a cabo una jornada de revisi\u00f3n de signos","robots":{"index":"index","follow":"follow","max-snippet":"max-snippet:-1","max-image-preview":"max-image-preview:large","max-video-preview":"max-video-preview:-1"},"canonical":"https:\/\/elinformativotam.com\/index.php\/2025\/11\/20\/realizan-jornada-de-deteccion-de-diabetes-en-explanada-de-la-presidencia-de-madero\/","og_locale":"es_MX","og_type":"article","og_title":"Realizan Jornada De Detecci\u00f3n De Diabetes En Explanada De La Presidencia De Madero - EL INFORMATIVO DE TAMAULIPAS","og_description":"Cd. Madero, Tamaulipas.- Este mi\u00e9rcoles, integrantes del Club de Leones \u201cFortaleza de Tamaulipas\u201d llevaron a cabo una jornada de revisi\u00f3n de signos","og_url":"https:\/\/elinformativotam.com\/index.php\/2025\/11\/20\/realizan-jornada-de-deteccion-de-diabetes-en-explanada-de-la-presidencia-de-madero\/","og_site_name":"EL INFORMATIVO DE TAMAULIPAS","article_published_time":"2025-11-20T14:28:48+00:00","og_image":[{"width":240,"height":209,"url":"https:\/\/elinformativotam.com\/wp-content\/uploads\/2025\/11\/Explanada.jpg","type":"image\/jpeg"}],"author":"El Informativo Tam","twitter_card":"summary_large_image","twitter_misc":{"Escrito por":"El Informativo Tam","Tiempo de lectura":"2 minutos"},"schema":{"@context":"https:\/\/schema.org","@graph":[{"@type":"Article","@id":"https:\/\/elinformativotam.com\/index.php\/2025\/11\/20\/realizan-jornada-de-deteccion-de-diabetes-en-explanada-de-la-presidencia-de-madero\/#article","isPartOf":{"@id":"https:\/\/elinformativotam.com\/index.php\/2025\/11\/20\/realizan-jornada-de-deteccion-de-diabetes-en-explanada-de-la-presidencia-de-madero\/"},"author":{"name":"El Informativo Tam","@id":"https:\/\/elinformativotam.com\/#\/schema\/person\/78e08040eed0f6110f0c5f83b6153590"},"headline":"Realizan Jornada De Detecci\u00f3n De Diabetes En Explanada De La Presidencia De Madero","datePublished":"2025-11-20T14:28:48+00:00","mainEntityOfPage":{"@id":"https:\/\/elinformativotam.com\/index.php\/2025\/11\/20\/realizan-jornada-de-deteccion-de-diabetes-en-explanada-de-la-presidencia-de-madero\/"},"wordCount":356,"commentCount":0,"publisher":{"@id":"https:\/\/elinformativotam.com\/#organization"},"image":{"@id":"https:\/\/elinformativotam.com\/index.php\/2025\/11\/20\/realizan-jornada-de-deteccion-de-diabetes-en-explanada-de-la-presidencia-de-madero\/#primaryimage"},"thumbnailUrl":"https:\/\/elinformativotam.com\/wp-content\/uploads\/2025\/11\/Explanada.jpg","articleSection":["Cd Madero"],"inLanguage":"es","potentialAction":[{"@type":"CommentAction","name":"Comment","target":["https:\/\/elinformativotam.com\/index.php\/2025\/11\/20\/realizan-jornada-de-deteccion-de-diabetes-en-explanada-de-la-presidencia-de-madero\/#respond"]}]},{"@type":"WebPage","@id":"https:\/\/elinformativotam.com\/index.php\/2025\/11\/20\/realizan-jornada-de-deteccion-de-diabetes-en-explanada-de-la-presidencia-de-madero\/","url":"https:\/\/elinformativotam.com\/index.php\/2025\/11\/20\/realizan-jornada-de-deteccion-de-diabetes-en-explanada-de-la-presidencia-de-madero\/","name":"Realizan Jornada De Detecci\u00f3n De Diabetes En Explanada De La Presidencia De Madero - EL INFORMATIVO DE TAMAULIPAS","isPartOf":{"@id":"https:\/\/elinformativotam.com\/#website"},"primaryImageOfPage":{"@id":"https:\/\/elinformativotam.com\/index.php\/2025\/11\/20\/realizan-jornada-de-deteccion-de-diabetes-en-explanada-de-la-presidencia-de-madero\/#primaryimage"},"image":{"@id":"https:\/\/elinformativotam.com\/index.php\/2025\/11\/20\/realizan-jornada-de-deteccion-de-diabetes-en-explanada-de-la-presidencia-de-madero\/#primaryimage"},"thumbnailUrl":"https:\/\/elinformativotam.com\/wp-content\/uploads\/2025\/11\/Explanada.jpg","datePublished":"2025-11-20T14:28:48+00:00","description":"Cd. Madero, Tamaulipas.- Este mi\u00e9rcoles, integrantes del Club de Leones \u201cFortaleza de Tamaulipas\u201d llevaron a cabo una jornada de revisi\u00f3n de signos","inLanguage":"es","potentialAction":[{"@type":"ReadAction","target":["https:\/\/elinformativotam.com\/index.php\/2025\/11\/20\/realizan-jornada-de-deteccion-de-diabetes-en-explanada-de-la-presidencia-de-madero\/"]}]},{"@type":"ImageObject","inLanguage":"es","@id":"https:\/\/elinformativotam.com\/index.php\/2025\/11\/20\/realizan-jornada-de-deteccion-de-diabetes-en-explanada-de-la-presidencia-de-madero\/#primaryimage","url":"https:\/\/elinformativotam.com\/wp-content\/uploads\/2025\/11\/Explanada.jpg","contentUrl":"https:\/\/elinformativotam.com\/wp-content\/uploads\/2025\/11\/Explanada.jpg","width":240,"height":209},{"@type":"WebSite","@id":"https:\/\/elinformativotam.com\/#website","url":"https:\/\/elinformativotam.com\/","name":"EL INFORMATIVO DE TAMAULIPAS","description":"Desde la Zona Metropolitana Para Todo M\u00e9xico","publisher":{"@id":"https:\/\/elinformativotam.com\/#organization"},"potentialAction":[{"@type":"SearchAction","target":{"@type":"EntryPoint","urlTemplate":"https:\/\/elinformativotam.com\/?s={search_term_string}"},"query-input":{"@type":"PropertyValueSpecification","valueRequired":true,"valueName":"search_term_string"}}],"inLanguage":"es"},{"@type":"Organization","@id":"https:\/\/elinformativotam.com\/#organization","name":"EL INFORMATIVO DE TAMAULIPAS","url":"https:\/\/elinformativotam.com\/","logo":{"@type":"ImageObject","inLanguage":"es","@id":"https:\/\/elinformativotam.com\/#\/schema\/logo\/image\/","url":"https:\/\/elinformativotam.com\/wp-content\/uploads\/2026\/02\/Cabezal.png","contentUrl":"https:\/\/elinformativotam.com\/wp-content\/uploads\/2026\/02\/Cabezal.png","width":960,"height":640,"caption":"EL INFORMATIVO DE TAMAULIPAS"},"image":{"@id":"https:\/\/elinformativotam.com\/#\/schema\/logo\/image\/"}},{"@type":"Person","@id":"https:\/\/elinformativotam.com\/#\/schema\/person\/78e08040eed0f6110f0c5f83b6153590","name":"El Informativo Tam","image":{"@type":"ImageObject","inLanguage":"es","@id":"https:\/\/secure.gravatar.com\/avatar\/f3b7ad3af540688955925ac610647be00b0cf41feea9c4978b73a707ee86bc53?s=96&d=mm&r=g","url":"https:\/\/secure.gravatar.com\/avatar\/f3b7ad3af540688955925ac610647be00b0cf41feea9c4978b73a707ee86bc53?s=96&d=mm&r=g","contentUrl":"https:\/\/secure.gravatar.com\/avatar\/f3b7ad3af540688955925ac610647be00b0cf41feea9c4978b73a707ee86bc53?s=96&d=mm&r=g","caption":"El Informativo Tam"}}]}},"_links":{"self":[{"href":"https:\/\/elinformativotam.com\/index.php\/wp-json\/wp\/v2\/posts\/56721","targetHints":{"allow":["GET"]}}],"collection":[{"href":"https:\/\/elinformativotam.com\/index.php\/wp-json\/wp\/v2\/posts"}],"about":[{"href":"https:\/\/elinformativotam.com\/index.php\/wp-json\/wp\/v2\/types\/post"}],"author":[{"embeddable":true,"href":"https:\/\/elinformativotam.com\/index.php\/wp-json\/wp\/v2\/users\/1"}],"replies":[{"embeddable":true,"href":"https:\/\/elinformativotam.com\/index.php\/wp-json\/wp\/v2\/comments?post=56721"}],"version-history":[{"count":1,"href":"https:\/\/elinformativotam.com\/index.php\/wp-json\/wp\/v2\/posts\/56721\/revisions"}],"predecessor-version":[{"id":56722,"href":"https:\/\/elinformativotam.com\/index.php\/wp-json\/wp\/v2\/posts\/56721\/revisions\/56722"}],"wp:featuredmedia":[{"embeddable":true,"href":"https:\/\/elinformativotam.com\/index.php\/wp-json\/wp\/v2\/media\/56716"}],"wp:attachment":[{"href":"https:\/\/elinformativotam.com\/index.php\/wp-json\/wp\/v2\/media?parent=56721"}],"wp:term":[{"taxonomy":"category","embeddable":true,"href":"https:\/\/elinformativotam.com\/index.php\/wp-json\/wp\/v2\/categories?post=56721"},{"taxonomy":"post_tag","embeddable":true,"href":"https:\/\/elinformativotam.com\/index.php\/wp-json\/wp\/v2\/tags?post=56721"}],"curies":[{"name":"wp","href":"https:\/\/api.w.org\/{rel}","templated":true}]}}