{"id":56711,"date":"2025-11-18T19:44:35","date_gmt":"2025-11-19T01:44:35","guid":{"rendered":"https:\/\/elinformativotam.com\/?p=56711"},"modified":"2025-11-18T19:44:35","modified_gmt":"2025-11-19T01:44:35","slug":"madero-alista-operativo-de-seguridad-y-movilidad-para-el-desfile","status":"publish","type":"post","link":"https:\/\/elinformativotam.com\/index.php\/2025\/11\/18\/madero-alista-operativo-de-seguridad-y-movilidad-para-el-desfile\/","title":{"rendered":"Madero Alista Operativo De Seguridad Y Movilidad Para El Desfile."},"content":{"rendered":"<p>Cd. Madero, Tamaulipas.\u2014 Con motivo del pr\u00f3ximo desfile c\u00edvico, autoridades municipales y cuerpos de seguridad de los tres niveles de gobierno preparan un operativo especial que incluye cierres viales desde las 5:00 de la ma\u00f1ana, rutas alternas para el transporte p\u00fablico y medidas para garantizar el arribo seguro de estudiantes y asistentes.<\/p>\n<p>&nbsp;<\/p>\n<p>Mario Lara, director de Gobierno en Ciudad Madero, dijo que el cierre temprano de vialidades permitir\u00e1 organizar adecuadamente los contingentes, as\u00ed como asegurar que ni\u00f1os y j\u00f3venes lleguen a tiempo y regresen sin contratiempos a sus escuelas y hogares.<\/p>\n<p>&nbsp;<\/p>\n<p>\u201cLo estaremos cerrando alrededor de las 5 de la ma\u00f1ana para facilitar el acomodo y el arribo de j\u00f3venes y ni\u00f1os. Queremos garantizar que lleguen con bien al punto donde les corresponde y que su retorno sea igual de seguro\u201d.<\/p>\n<p>&nbsp;<\/p>\n<p>Durante una reuni\u00f3n de coordinaci\u00f3n realizada este martes, se defini\u00f3 la participaci\u00f3n de diversas dependencias. Por parte del Ayuntamiento intervendr\u00e1n Protecci\u00f3n Civil y Tr\u00e1nsito Municipal; por el Gobierno del Estado, la Guardia Estatal; y a nivel federal, la Guardia Nacional y la Secretar\u00eda de Marina, esta \u00faltima incorpor\u00e1ndose directamente al desfile.<\/p>\n<p>&nbsp;<\/p>\n<p>Adem\u00e1s, grupos de voluntarios de asociaciones de rescate se sumar\u00e1n al operativo para reforzar la atenci\u00f3n y vigilancia a lo largo del evento.<\/p>\n<p>&nbsp;<\/p>\n<p>&nbsp;<\/p>\n<p>&nbsp;<\/p>\n<p>&nbsp;<\/p>\n","protected":false},"excerpt":{"rendered":"<p>Cd. Madero, Tamaulipas.\u2014 Con motivo del pr\u00f3ximo desfile c\u00edvico, autoridades municipales y cuerpos de seguridad de los tres niveles de&hellip;<\/p>\n","protected":false},"author":1,"featured_media":56712,"comment_status":"open","ping_status":"open","sticky":false,"template":"","format":"standard","meta":{"footnotes":""},"categories":[4],"tags":[],"class_list":["post-56711","post","type-post","status-publish","format-standard","has-post-thumbnail","hentry","category-madero"],"yoast_head":"<!-- This site is optimized with the Yoast SEO plugin v27.5 - https:\/\/yoast.com\/product\/yoast-seo-wordpress\/ -->\n<title>Madero Alista Operativo De Seguridad Y Movilidad Para El Desfile. - EL INFORMATIVO DE TAMAULIPAS<\/title>\n<meta name=\"description\" content=\"Cd. Madero, Tamaulipas.\u2014 Con motivo del pr\u00f3ximo desfile c\u00edvico, autoridades municipales y cuerpos de seguridad de los tres niveles de gobierno preparan un\" \/>\n<meta name=\"robots\" content=\"index, follow, max-snippet:-1, max-image-preview:large, max-video-preview:-1\" \/>\n<link rel=\"canonical\" href=\"https:\/\/elinformativotam.com\/index.php\/2025\/11\/18\/madero-alista-operativo-de-seguridad-y-movilidad-para-el-desfile\/\" \/>\n<meta property=\"og:locale\" content=\"es_MX\" \/>\n<meta property=\"og:type\" content=\"article\" \/>\n<meta property=\"og:title\" content=\"Madero Alista Operativo De Seguridad Y Movilidad Para El Desfile. - EL INFORMATIVO DE TAMAULIPAS\" \/>\n<meta property=\"og:description\" content=\"Cd. Madero, Tamaulipas.\u2014 Con motivo del pr\u00f3ximo desfile c\u00edvico, autoridades municipales y cuerpos de seguridad de los tres niveles de gobierno preparan un\" \/>\n<meta property=\"og:url\" content=\"https:\/\/elinformativotam.com\/index.php\/2025\/11\/18\/madero-alista-operativo-de-seguridad-y-movilidad-para-el-desfile\/\" \/>\n<meta property=\"og:site_name\" content=\"EL INFORMATIVO DE TAMAULIPAS\" \/>\n<meta property=\"article:published_time\" content=\"2025-11-19T01:44:35+00:00\" \/>\n<meta property=\"og:image\" content=\"https:\/\/elinformativotam.com\/wp-content\/uploads\/2025\/11\/Seguridad.jpg\" \/>\n\t<meta property=\"og:image:width\" content=\"1037\" \/>\n\t<meta property=\"og:image:height\" content=\"691\" \/>\n\t<meta property=\"og:image:type\" content=\"image\/jpeg\" \/>\n<meta name=\"author\" content=\"El Informativo Tam\" \/>\n<meta name=\"twitter:card\" content=\"summary_large_image\" \/>\n<meta name=\"twitter:label1\" content=\"Escrito por\" \/>\n\t<meta name=\"twitter:data1\" content=\"El Informativo Tam\" \/>\n\t<meta name=\"twitter:label2\" content=\"Tiempo de lectura\" \/>\n\t<meta name=\"twitter:data2\" content=\"2 minutos\" \/>\n<script type=\"application\/ld+json\" class=\"yoast-schema-graph\">{\"@context\":\"https:\\\/\\\/schema.org\",\"@graph\":[{\"@type\":\"Article\",\"@id\":\"https:\\\/\\\/elinformativotam.com\\\/index.php\\\/2025\\\/11\\\/18\\\/madero-alista-operativo-de-seguridad-y-movilidad-para-el-desfile\\\/#article\",\"isPartOf\":{\"@id\":\"https:\\\/\\\/elinformativotam.com\\\/index.php\\\/2025\\\/11\\\/18\\\/madero-alista-operativo-de-seguridad-y-movilidad-para-el-desfile\\\/\"},\"author\":{\"name\":\"El Informativo Tam\",\"@id\":\"https:\\\/\\\/elinformativotam.com\\\/#\\\/schema\\\/person\\\/78e08040eed0f6110f0c5f83b6153590\"},\"headline\":\"Madero Alista Operativo De Seguridad Y Movilidad Para El Desfile.\",\"datePublished\":\"2025-11-19T01:44:35+00:00\",\"mainEntityOfPage\":{\"@id\":\"https:\\\/\\\/elinformativotam.com\\\/index.php\\\/2025\\\/11\\\/18\\\/madero-alista-operativo-de-seguridad-y-movilidad-para-el-desfile\\\/\"},\"wordCount\":241,\"commentCount\":0,\"publisher\":{\"@id\":\"https:\\\/\\\/elinformativotam.com\\\/#organization\"},\"image\":{\"@id\":\"https:\\\/\\\/elinformativotam.com\\\/index.php\\\/2025\\\/11\\\/18\\\/madero-alista-operativo-de-seguridad-y-movilidad-para-el-desfile\\\/#primaryimage\"},\"thumbnailUrl\":\"https:\\\/\\\/elinformativotam.com\\\/wp-content\\\/uploads\\\/2025\\\/11\\\/Seguridad.jpg\",\"articleSection\":[\"Cd Madero\"],\"inLanguage\":\"es\",\"potentialAction\":[{\"@type\":\"CommentAction\",\"name\":\"Comment\",\"target\":[\"https:\\\/\\\/elinformativotam.com\\\/index.php\\\/2025\\\/11\\\/18\\\/madero-alista-operativo-de-seguridad-y-movilidad-para-el-desfile\\\/#respond\"]}]},{\"@type\":\"WebPage\",\"@id\":\"https:\\\/\\\/elinformativotam.com\\\/index.php\\\/2025\\\/11\\\/18\\\/madero-alista-operativo-de-seguridad-y-movilidad-para-el-desfile\\\/\",\"url\":\"https:\\\/\\\/elinformativotam.com\\\/index.php\\\/2025\\\/11\\\/18\\\/madero-alista-operativo-de-seguridad-y-movilidad-para-el-desfile\\\/\",\"name\":\"Madero Alista Operativo De Seguridad Y Movilidad Para El Desfile. - EL INFORMATIVO DE TAMAULIPAS\",\"isPartOf\":{\"@id\":\"https:\\\/\\\/elinformativotam.com\\\/#website\"},\"primaryImageOfPage\":{\"@id\":\"https:\\\/\\\/elinformativotam.com\\\/index.php\\\/2025\\\/11\\\/18\\\/madero-alista-operativo-de-seguridad-y-movilidad-para-el-desfile\\\/#primaryimage\"},\"image\":{\"@id\":\"https:\\\/\\\/elinformativotam.com\\\/index.php\\\/2025\\\/11\\\/18\\\/madero-alista-operativo-de-seguridad-y-movilidad-para-el-desfile\\\/#primaryimage\"},\"thumbnailUrl\":\"https:\\\/\\\/elinformativotam.com\\\/wp-content\\\/uploads\\\/2025\\\/11\\\/Seguridad.jpg\",\"datePublished\":\"2025-11-19T01:44:35+00:00\",\"description\":\"Cd. Madero, Tamaulipas.\u2014 Con motivo del pr\u00f3ximo desfile c\u00edvico, autoridades municipales y cuerpos de seguridad de los tres niveles de gobierno preparan un\",\"inLanguage\":\"es\",\"potentialAction\":[{\"@type\":\"ReadAction\",\"target\":[\"https:\\\/\\\/elinformativotam.com\\\/index.php\\\/2025\\\/11\\\/18\\\/madero-alista-operativo-de-seguridad-y-movilidad-para-el-desfile\\\/\"]}]},{\"@type\":\"ImageObject\",\"inLanguage\":\"es\",\"@id\":\"https:\\\/\\\/elinformativotam.com\\\/index.php\\\/2025\\\/11\\\/18\\\/madero-alista-operativo-de-seguridad-y-movilidad-para-el-desfile\\\/#primaryimage\",\"url\":\"https:\\\/\\\/elinformativotam.com\\\/wp-content\\\/uploads\\\/2025\\\/11\\\/Seguridad.jpg\",\"contentUrl\":\"https:\\\/\\\/elinformativotam.com\\\/wp-content\\\/uploads\\\/2025\\\/11\\\/Seguridad.jpg\",\"width\":1037,\"height\":691},{\"@type\":\"WebSite\",\"@id\":\"https:\\\/\\\/elinformativotam.com\\\/#website\",\"url\":\"https:\\\/\\\/elinformativotam.com\\\/\",\"name\":\"EL INFORMATIVO DE TAMAULIPAS\",\"description\":\"Desde la Zona Metropolitana Para Todo M\u00e9xico\",\"publisher\":{\"@id\":\"https:\\\/\\\/elinformativotam.com\\\/#organization\"},\"potentialAction\":[{\"@type\":\"SearchAction\",\"target\":{\"@type\":\"EntryPoint\",\"urlTemplate\":\"https:\\\/\\\/elinformativotam.com\\\/?s={search_term_string}\"},\"query-input\":{\"@type\":\"PropertyValueSpecification\",\"valueRequired\":true,\"valueName\":\"search_term_string\"}}],\"inLanguage\":\"es\"},{\"@type\":\"Organization\",\"@id\":\"https:\\\/\\\/elinformativotam.com\\\/#organization\",\"name\":\"EL INFORMATIVO DE TAMAULIPAS\",\"url\":\"https:\\\/\\\/elinformativotam.com\\\/\",\"logo\":{\"@type\":\"ImageObject\",\"inLanguage\":\"es\",\"@id\":\"https:\\\/\\\/elinformativotam.com\\\/#\\\/schema\\\/logo\\\/image\\\/\",\"url\":\"https:\\\/\\\/elinformativotam.com\\\/wp-content\\\/uploads\\\/2026\\\/02\\\/Cabezal.png\",\"contentUrl\":\"https:\\\/\\\/elinformativotam.com\\\/wp-content\\\/uploads\\\/2026\\\/02\\\/Cabezal.png\",\"width\":960,\"height\":640,\"caption\":\"EL INFORMATIVO DE TAMAULIPAS\"},\"image\":{\"@id\":\"https:\\\/\\\/elinformativotam.com\\\/#\\\/schema\\\/logo\\\/image\\\/\"}},{\"@type\":\"Person\",\"@id\":\"https:\\\/\\\/elinformativotam.com\\\/#\\\/schema\\\/person\\\/78e08040eed0f6110f0c5f83b6153590\",\"name\":\"El Informativo Tam\",\"image\":{\"@type\":\"ImageObject\",\"inLanguage\":\"es\",\"@id\":\"https:\\\/\\\/secure.gravatar.com\\\/avatar\\\/f3b7ad3af540688955925ac610647be00b0cf41feea9c4978b73a707ee86bc53?s=96&d=mm&r=g\",\"url\":\"https:\\\/\\\/secure.gravatar.com\\\/avatar\\\/f3b7ad3af540688955925ac610647be00b0cf41feea9c4978b73a707ee86bc53?s=96&d=mm&r=g\",\"contentUrl\":\"https:\\\/\\\/secure.gravatar.com\\\/avatar\\\/f3b7ad3af540688955925ac610647be00b0cf41feea9c4978b73a707ee86bc53?s=96&d=mm&r=g\",\"caption\":\"El Informativo Tam\"}}]}<\/script>\n<!-- \/ Yoast SEO plugin. -->","yoast_head_json":{"title":"Madero Alista Operativo De Seguridad Y Movilidad Para El Desfile. - EL INFORMATIVO DE TAMAULIPAS","description":"Cd. Madero, Tamaulipas.\u2014 Con motivo del pr\u00f3ximo desfile c\u00edvico, autoridades municipales y cuerpos de seguridad de los tres niveles de gobierno preparan un","robots":{"index":"index","follow":"follow","max-snippet":"max-snippet:-1","max-image-preview":"max-image-preview:large","max-video-preview":"max-video-preview:-1"},"canonical":"https:\/\/elinformativotam.com\/index.php\/2025\/11\/18\/madero-alista-operativo-de-seguridad-y-movilidad-para-el-desfile\/","og_locale":"es_MX","og_type":"article","og_title":"Madero Alista Operativo De Seguridad Y Movilidad Para El Desfile. - EL INFORMATIVO DE TAMAULIPAS","og_description":"Cd. Madero, Tamaulipas.\u2014 Con motivo del pr\u00f3ximo desfile c\u00edvico, autoridades municipales y cuerpos de seguridad de los tres niveles de gobierno preparan un","og_url":"https:\/\/elinformativotam.com\/index.php\/2025\/11\/18\/madero-alista-operativo-de-seguridad-y-movilidad-para-el-desfile\/","og_site_name":"EL INFORMATIVO DE TAMAULIPAS","article_published_time":"2025-11-19T01:44:35+00:00","og_image":[{"width":1037,"height":691,"url":"https:\/\/elinformativotam.com\/wp-content\/uploads\/2025\/11\/Seguridad.jpg","type":"image\/jpeg"}],"author":"El Informativo Tam","twitter_card":"summary_large_image","twitter_misc":{"Escrito por":"El Informativo Tam","Tiempo de lectura":"2 minutos"},"schema":{"@context":"https:\/\/schema.org","@graph":[{"@type":"Article","@id":"https:\/\/elinformativotam.com\/index.php\/2025\/11\/18\/madero-alista-operativo-de-seguridad-y-movilidad-para-el-desfile\/#article","isPartOf":{"@id":"https:\/\/elinformativotam.com\/index.php\/2025\/11\/18\/madero-alista-operativo-de-seguridad-y-movilidad-para-el-desfile\/"},"author":{"name":"El Informativo Tam","@id":"https:\/\/elinformativotam.com\/#\/schema\/person\/78e08040eed0f6110f0c5f83b6153590"},"headline":"Madero Alista Operativo De Seguridad Y Movilidad Para El Desfile.","datePublished":"2025-11-19T01:44:35+00:00","mainEntityOfPage":{"@id":"https:\/\/elinformativotam.com\/index.php\/2025\/11\/18\/madero-alista-operativo-de-seguridad-y-movilidad-para-el-desfile\/"},"wordCount":241,"commentCount":0,"publisher":{"@id":"https:\/\/elinformativotam.com\/#organization"},"image":{"@id":"https:\/\/elinformativotam.com\/index.php\/2025\/11\/18\/madero-alista-operativo-de-seguridad-y-movilidad-para-el-desfile\/#primaryimage"},"thumbnailUrl":"https:\/\/elinformativotam.com\/wp-content\/uploads\/2025\/11\/Seguridad.jpg","articleSection":["Cd Madero"],"inLanguage":"es","potentialAction":[{"@type":"CommentAction","name":"Comment","target":["https:\/\/elinformativotam.com\/index.php\/2025\/11\/18\/madero-alista-operativo-de-seguridad-y-movilidad-para-el-desfile\/#respond"]}]},{"@type":"WebPage","@id":"https:\/\/elinformativotam.com\/index.php\/2025\/11\/18\/madero-alista-operativo-de-seguridad-y-movilidad-para-el-desfile\/","url":"https:\/\/elinformativotam.com\/index.php\/2025\/11\/18\/madero-alista-operativo-de-seguridad-y-movilidad-para-el-desfile\/","name":"Madero Alista Operativo De Seguridad Y Movilidad Para El Desfile. - EL INFORMATIVO DE TAMAULIPAS","isPartOf":{"@id":"https:\/\/elinformativotam.com\/#website"},"primaryImageOfPage":{"@id":"https:\/\/elinformativotam.com\/index.php\/2025\/11\/18\/madero-alista-operativo-de-seguridad-y-movilidad-para-el-desfile\/#primaryimage"},"image":{"@id":"https:\/\/elinformativotam.com\/index.php\/2025\/11\/18\/madero-alista-operativo-de-seguridad-y-movilidad-para-el-desfile\/#primaryimage"},"thumbnailUrl":"https:\/\/elinformativotam.com\/wp-content\/uploads\/2025\/11\/Seguridad.jpg","datePublished":"2025-11-19T01:44:35+00:00","description":"Cd. Madero, Tamaulipas.\u2014 Con motivo del pr\u00f3ximo desfile c\u00edvico, autoridades municipales y cuerpos de seguridad de los tres niveles de gobierno preparan un","inLanguage":"es","potentialAction":[{"@type":"ReadAction","target":["https:\/\/elinformativotam.com\/index.php\/2025\/11\/18\/madero-alista-operativo-de-seguridad-y-movilidad-para-el-desfile\/"]}]},{"@type":"ImageObject","inLanguage":"es","@id":"https:\/\/elinformativotam.com\/index.php\/2025\/11\/18\/madero-alista-operativo-de-seguridad-y-movilidad-para-el-desfile\/#primaryimage","url":"https:\/\/elinformativotam.com\/wp-content\/uploads\/2025\/11\/Seguridad.jpg","contentUrl":"https:\/\/elinformativotam.com\/wp-content\/uploads\/2025\/11\/Seguridad.jpg","width":1037,"height":691},{"@type":"WebSite","@id":"https:\/\/elinformativotam.com\/#website","url":"https:\/\/elinformativotam.com\/","name":"EL INFORMATIVO DE TAMAULIPAS","description":"Desde la Zona Metropolitana Para Todo M\u00e9xico","publisher":{"@id":"https:\/\/elinformativotam.com\/#organization"},"potentialAction":[{"@type":"SearchAction","target":{"@type":"EntryPoint","urlTemplate":"https:\/\/elinformativotam.com\/?s={search_term_string}"},"query-input":{"@type":"PropertyValueSpecification","valueRequired":true,"valueName":"search_term_string"}}],"inLanguage":"es"},{"@type":"Organization","@id":"https:\/\/elinformativotam.com\/#organization","name":"EL INFORMATIVO DE TAMAULIPAS","url":"https:\/\/elinformativotam.com\/","logo":{"@type":"ImageObject","inLanguage":"es","@id":"https:\/\/elinformativotam.com\/#\/schema\/logo\/image\/","url":"https:\/\/elinformativotam.com\/wp-content\/uploads\/2026\/02\/Cabezal.png","contentUrl":"https:\/\/elinformativotam.com\/wp-content\/uploads\/2026\/02\/Cabezal.png","width":960,"height":640,"caption":"EL INFORMATIVO DE TAMAULIPAS"},"image":{"@id":"https:\/\/elinformativotam.com\/#\/schema\/logo\/image\/"}},{"@type":"Person","@id":"https:\/\/elinformativotam.com\/#\/schema\/person\/78e08040eed0f6110f0c5f83b6153590","name":"El Informativo Tam","image":{"@type":"ImageObject","inLanguage":"es","@id":"https:\/\/secure.gravatar.com\/avatar\/f3b7ad3af540688955925ac610647be00b0cf41feea9c4978b73a707ee86bc53?s=96&d=mm&r=g","url":"https:\/\/secure.gravatar.com\/avatar\/f3b7ad3af540688955925ac610647be00b0cf41feea9c4978b73a707ee86bc53?s=96&d=mm&r=g","contentUrl":"https:\/\/secure.gravatar.com\/avatar\/f3b7ad3af540688955925ac610647be00b0cf41feea9c4978b73a707ee86bc53?s=96&d=mm&r=g","caption":"El Informativo Tam"}}]}},"_links":{"self":[{"href":"https:\/\/elinformativotam.com\/index.php\/wp-json\/wp\/v2\/posts\/56711","targetHints":{"allow":["GET"]}}],"collection":[{"href":"https:\/\/elinformativotam.com\/index.php\/wp-json\/wp\/v2\/posts"}],"about":[{"href":"https:\/\/elinformativotam.com\/index.php\/wp-json\/wp\/v2\/types\/post"}],"author":[{"embeddable":true,"href":"https:\/\/elinformativotam.com\/index.php\/wp-json\/wp\/v2\/users\/1"}],"replies":[{"embeddable":true,"href":"https:\/\/elinformativotam.com\/index.php\/wp-json\/wp\/v2\/comments?post=56711"}],"version-history":[{"count":1,"href":"https:\/\/elinformativotam.com\/index.php\/wp-json\/wp\/v2\/posts\/56711\/revisions"}],"predecessor-version":[{"id":56713,"href":"https:\/\/elinformativotam.com\/index.php\/wp-json\/wp\/v2\/posts\/56711\/revisions\/56713"}],"wp:featuredmedia":[{"embeddable":true,"href":"https:\/\/elinformativotam.com\/index.php\/wp-json\/wp\/v2\/media\/56712"}],"wp:attachment":[{"href":"https:\/\/elinformativotam.com\/index.php\/wp-json\/wp\/v2\/media?parent=56711"}],"wp:term":[{"taxonomy":"category","embeddable":true,"href":"https:\/\/elinformativotam.com\/index.php\/wp-json\/wp\/v2\/categories?post=56711"},{"taxonomy":"post_tag","embeddable":true,"href":"https:\/\/elinformativotam.com\/index.php\/wp-json\/wp\/v2\/tags?post=56711"}],"curies":[{"name":"wp","href":"https:\/\/api.w.org\/{rel}","templated":true}]}}