{"id":56708,"date":"2025-11-18T19:37:52","date_gmt":"2025-11-19T01:37:52","guid":{"rendered":"https:\/\/elinformativotam.com\/?p=56708"},"modified":"2025-11-18T19:37:52","modified_gmt":"2025-11-19T01:37:52","slug":"musica-y-atuendos-mexicanos-seran-obligatorios-para-participar-en-desfile","status":"publish","type":"post","link":"https:\/\/elinformativotam.com\/index.php\/2025\/11\/18\/musica-y-atuendos-mexicanos-seran-obligatorios-para-participar-en-desfile\/","title":{"rendered":"M\u00fasica Y Atuendos Mexicanos, Ser\u00e1n Obligatorios Para Participar En Desfile"},"content":{"rendered":"<p>En el marco del 115 aniversario de la revoluci\u00f3n mexicana, la secretar\u00eda de educaci\u00f3n del gobierno de Tampico, emiti\u00f3 la indicaci\u00f3n a las escuelas que participar\u00e1n en el pr\u00f3ximo desfile del 20 de noviembre, en utilizar m\u00fasica y atuendos mexicanos, los alumnos que desarrollar\u00e1n tablas r\u00edtmicas o bailables durante este importante evento.<\/p>\n<p>&nbsp;<\/p>\n<p>La maestra Alejandra S\u00e1nchez S\u00e1nchez, titular de educaci\u00f3n en esta ciudad, reconoci\u00f3 que para el desfile estar\u00e1n participando cerca de cinco mil estudiantes pertenecientes a 19 planteles educativos de diversos niveles, cuya convocatoria fue clara en este aspecto, no desviar la raz\u00f3n clave del aniversario de la revoluci\u00f3n mexicana.<\/p>\n<p>&nbsp;<\/p>\n<p>Dijo que la ceremonia c\u00edvica dar\u00e1 inicio a partir de la 09 de la ma\u00f1ana de este 20 de noviembre, para 30 minutos despu\u00e9s dar arranque al desfile c\u00edvico militar, por las calles de la zona centro de la ciudad, con de m\u00e1s de cinco mil participantes en los contingentes.<\/p>\n<p>&nbsp;<\/p>\n<p>El d\u00eda 20 de noviembre el resto de la poblaci\u00f3n educativa y maestros que no tengan participaci\u00f3n en la actividad del desfile, acudir\u00e1n a las aulas de manera habitual.<\/p>\n<p>&nbsp;<\/p>\n","protected":false},"excerpt":{"rendered":"<p>En el marco del 115 aniversario de la revoluci\u00f3n mexicana, la secretar\u00eda de educaci\u00f3n del gobierno de Tampico, emiti\u00f3 la&hellip;<\/p>\n","protected":false},"author":1,"featured_media":56709,"comment_status":"open","ping_status":"open","sticky":false,"template":"","format":"standard","meta":{"footnotes":""},"categories":[3],"tags":[],"class_list":["post-56708","post","type-post","status-publish","format-standard","has-post-thumbnail","hentry","category-tampico"],"yoast_head":"<!-- This site is optimized with the Yoast SEO plugin v27.5 - https:\/\/yoast.com\/product\/yoast-seo-wordpress\/ -->\n<title>M\u00fasica Y Atuendos Mexicanos, Ser\u00e1n Obligatorios Para Participar En Desfile - EL INFORMATIVO DE TAMAULIPAS<\/title>\n<meta name=\"description\" content=\"En el marco del 115 aniversario de la revoluci\u00f3n mexicana, la secretar\u00eda de educaci\u00f3n del gobierno de Tampico, emiti\u00f3 la indicaci\u00f3n a las escuelas que\" \/>\n<meta name=\"robots\" content=\"index, follow, max-snippet:-1, max-image-preview:large, max-video-preview:-1\" \/>\n<link rel=\"canonical\" href=\"https:\/\/elinformativotam.com\/index.php\/2025\/11\/18\/musica-y-atuendos-mexicanos-seran-obligatorios-para-participar-en-desfile\/\" \/>\n<meta property=\"og:locale\" content=\"es_MX\" \/>\n<meta property=\"og:type\" content=\"article\" \/>\n<meta property=\"og:title\" content=\"M\u00fasica Y Atuendos Mexicanos, Ser\u00e1n Obligatorios Para Participar En Desfile - EL INFORMATIVO DE TAMAULIPAS\" \/>\n<meta property=\"og:description\" content=\"En el marco del 115 aniversario de la revoluci\u00f3n mexicana, la secretar\u00eda de educaci\u00f3n del gobierno de Tampico, emiti\u00f3 la indicaci\u00f3n a las escuelas que\" \/>\n<meta property=\"og:url\" content=\"https:\/\/elinformativotam.com\/index.php\/2025\/11\/18\/musica-y-atuendos-mexicanos-seran-obligatorios-para-participar-en-desfile\/\" \/>\n<meta property=\"og:site_name\" content=\"EL INFORMATIVO DE TAMAULIPAS\" \/>\n<meta property=\"article:published_time\" content=\"2025-11-19T01:37:52+00:00\" \/>\n<meta property=\"og:image\" content=\"https:\/\/elinformativotam.com\/wp-content\/uploads\/2025\/11\/Desfile-Tampico.jpg\" \/>\n\t<meta property=\"og:image:width\" content=\"1600\" \/>\n\t<meta property=\"og:image:height\" content=\"900\" \/>\n\t<meta property=\"og:image:type\" content=\"image\/jpeg\" \/>\n<meta name=\"author\" content=\"El Informativo Tam\" \/>\n<meta name=\"twitter:card\" content=\"summary_large_image\" \/>\n<meta name=\"twitter:label1\" content=\"Escrito por\" \/>\n\t<meta name=\"twitter:data1\" content=\"El Informativo Tam\" \/>\n\t<meta name=\"twitter:label2\" content=\"Tiempo de lectura\" \/>\n\t<meta name=\"twitter:data2\" content=\"2 minutos\" \/>\n<script type=\"application\/ld+json\" class=\"yoast-schema-graph\">{\"@context\":\"https:\\\/\\\/schema.org\",\"@graph\":[{\"@type\":\"Article\",\"@id\":\"https:\\\/\\\/elinformativotam.com\\\/index.php\\\/2025\\\/11\\\/18\\\/musica-y-atuendos-mexicanos-seran-obligatorios-para-participar-en-desfile\\\/#article\",\"isPartOf\":{\"@id\":\"https:\\\/\\\/elinformativotam.com\\\/index.php\\\/2025\\\/11\\\/18\\\/musica-y-atuendos-mexicanos-seran-obligatorios-para-participar-en-desfile\\\/\"},\"author\":{\"name\":\"El Informativo Tam\",\"@id\":\"https:\\\/\\\/elinformativotam.com\\\/#\\\/schema\\\/person\\\/78e08040eed0f6110f0c5f83b6153590\"},\"headline\":\"M\u00fasica Y Atuendos Mexicanos, Ser\u00e1n Obligatorios Para Participar En Desfile\",\"datePublished\":\"2025-11-19T01:37:52+00:00\",\"mainEntityOfPage\":{\"@id\":\"https:\\\/\\\/elinformativotam.com\\\/index.php\\\/2025\\\/11\\\/18\\\/musica-y-atuendos-mexicanos-seran-obligatorios-para-participar-en-desfile\\\/\"},\"wordCount\":213,\"commentCount\":0,\"publisher\":{\"@id\":\"https:\\\/\\\/elinformativotam.com\\\/#organization\"},\"image\":{\"@id\":\"https:\\\/\\\/elinformativotam.com\\\/index.php\\\/2025\\\/11\\\/18\\\/musica-y-atuendos-mexicanos-seran-obligatorios-para-participar-en-desfile\\\/#primaryimage\"},\"thumbnailUrl\":\"https:\\\/\\\/elinformativotam.com\\\/wp-content\\\/uploads\\\/2025\\\/11\\\/Desfile-Tampico.jpg\",\"articleSection\":[\"Tampico\"],\"inLanguage\":\"es\",\"potentialAction\":[{\"@type\":\"CommentAction\",\"name\":\"Comment\",\"target\":[\"https:\\\/\\\/elinformativotam.com\\\/index.php\\\/2025\\\/11\\\/18\\\/musica-y-atuendos-mexicanos-seran-obligatorios-para-participar-en-desfile\\\/#respond\"]}]},{\"@type\":\"WebPage\",\"@id\":\"https:\\\/\\\/elinformativotam.com\\\/index.php\\\/2025\\\/11\\\/18\\\/musica-y-atuendos-mexicanos-seran-obligatorios-para-participar-en-desfile\\\/\",\"url\":\"https:\\\/\\\/elinformativotam.com\\\/index.php\\\/2025\\\/11\\\/18\\\/musica-y-atuendos-mexicanos-seran-obligatorios-para-participar-en-desfile\\\/\",\"name\":\"M\u00fasica Y Atuendos Mexicanos, Ser\u00e1n Obligatorios Para Participar En Desfile - EL INFORMATIVO DE TAMAULIPAS\",\"isPartOf\":{\"@id\":\"https:\\\/\\\/elinformativotam.com\\\/#website\"},\"primaryImageOfPage\":{\"@id\":\"https:\\\/\\\/elinformativotam.com\\\/index.php\\\/2025\\\/11\\\/18\\\/musica-y-atuendos-mexicanos-seran-obligatorios-para-participar-en-desfile\\\/#primaryimage\"},\"image\":{\"@id\":\"https:\\\/\\\/elinformativotam.com\\\/index.php\\\/2025\\\/11\\\/18\\\/musica-y-atuendos-mexicanos-seran-obligatorios-para-participar-en-desfile\\\/#primaryimage\"},\"thumbnailUrl\":\"https:\\\/\\\/elinformativotam.com\\\/wp-content\\\/uploads\\\/2025\\\/11\\\/Desfile-Tampico.jpg\",\"datePublished\":\"2025-11-19T01:37:52+00:00\",\"description\":\"En el marco del 115 aniversario de la revoluci\u00f3n mexicana, la secretar\u00eda de educaci\u00f3n del gobierno de Tampico, emiti\u00f3 la indicaci\u00f3n a las escuelas que\",\"inLanguage\":\"es\",\"potentialAction\":[{\"@type\":\"ReadAction\",\"target\":[\"https:\\\/\\\/elinformativotam.com\\\/index.php\\\/2025\\\/11\\\/18\\\/musica-y-atuendos-mexicanos-seran-obligatorios-para-participar-en-desfile\\\/\"]}]},{\"@type\":\"ImageObject\",\"inLanguage\":\"es\",\"@id\":\"https:\\\/\\\/elinformativotam.com\\\/index.php\\\/2025\\\/11\\\/18\\\/musica-y-atuendos-mexicanos-seran-obligatorios-para-participar-en-desfile\\\/#primaryimage\",\"url\":\"https:\\\/\\\/elinformativotam.com\\\/wp-content\\\/uploads\\\/2025\\\/11\\\/Desfile-Tampico.jpg\",\"contentUrl\":\"https:\\\/\\\/elinformativotam.com\\\/wp-content\\\/uploads\\\/2025\\\/11\\\/Desfile-Tampico.jpg\",\"width\":1600,\"height\":900},{\"@type\":\"WebSite\",\"@id\":\"https:\\\/\\\/elinformativotam.com\\\/#website\",\"url\":\"https:\\\/\\\/elinformativotam.com\\\/\",\"name\":\"EL INFORMATIVO DE TAMAULIPAS\",\"description\":\"Desde la Zona Metropolitana Para Todo M\u00e9xico\",\"publisher\":{\"@id\":\"https:\\\/\\\/elinformativotam.com\\\/#organization\"},\"potentialAction\":[{\"@type\":\"SearchAction\",\"target\":{\"@type\":\"EntryPoint\",\"urlTemplate\":\"https:\\\/\\\/elinformativotam.com\\\/?s={search_term_string}\"},\"query-input\":{\"@type\":\"PropertyValueSpecification\",\"valueRequired\":true,\"valueName\":\"search_term_string\"}}],\"inLanguage\":\"es\"},{\"@type\":\"Organization\",\"@id\":\"https:\\\/\\\/elinformativotam.com\\\/#organization\",\"name\":\"EL INFORMATIVO DE TAMAULIPAS\",\"url\":\"https:\\\/\\\/elinformativotam.com\\\/\",\"logo\":{\"@type\":\"ImageObject\",\"inLanguage\":\"es\",\"@id\":\"https:\\\/\\\/elinformativotam.com\\\/#\\\/schema\\\/logo\\\/image\\\/\",\"url\":\"https:\\\/\\\/elinformativotam.com\\\/wp-content\\\/uploads\\\/2026\\\/02\\\/Cabezal.png\",\"contentUrl\":\"https:\\\/\\\/elinformativotam.com\\\/wp-content\\\/uploads\\\/2026\\\/02\\\/Cabezal.png\",\"width\":960,\"height\":640,\"caption\":\"EL INFORMATIVO DE TAMAULIPAS\"},\"image\":{\"@id\":\"https:\\\/\\\/elinformativotam.com\\\/#\\\/schema\\\/logo\\\/image\\\/\"}},{\"@type\":\"Person\",\"@id\":\"https:\\\/\\\/elinformativotam.com\\\/#\\\/schema\\\/person\\\/78e08040eed0f6110f0c5f83b6153590\",\"name\":\"El Informativo Tam\",\"image\":{\"@type\":\"ImageObject\",\"inLanguage\":\"es\",\"@id\":\"https:\\\/\\\/secure.gravatar.com\\\/avatar\\\/f3b7ad3af540688955925ac610647be00b0cf41feea9c4978b73a707ee86bc53?s=96&d=mm&r=g\",\"url\":\"https:\\\/\\\/secure.gravatar.com\\\/avatar\\\/f3b7ad3af540688955925ac610647be00b0cf41feea9c4978b73a707ee86bc53?s=96&d=mm&r=g\",\"contentUrl\":\"https:\\\/\\\/secure.gravatar.com\\\/avatar\\\/f3b7ad3af540688955925ac610647be00b0cf41feea9c4978b73a707ee86bc53?s=96&d=mm&r=g\",\"caption\":\"El Informativo Tam\"}}]}<\/script>\n<!-- \/ Yoast SEO plugin. -->","yoast_head_json":{"title":"M\u00fasica Y Atuendos Mexicanos, Ser\u00e1n Obligatorios Para Participar En Desfile - EL INFORMATIVO DE TAMAULIPAS","description":"En el marco del 115 aniversario de la revoluci\u00f3n mexicana, la secretar\u00eda de educaci\u00f3n del gobierno de Tampico, emiti\u00f3 la indicaci\u00f3n a las escuelas que","robots":{"index":"index","follow":"follow","max-snippet":"max-snippet:-1","max-image-preview":"max-image-preview:large","max-video-preview":"max-video-preview:-1"},"canonical":"https:\/\/elinformativotam.com\/index.php\/2025\/11\/18\/musica-y-atuendos-mexicanos-seran-obligatorios-para-participar-en-desfile\/","og_locale":"es_MX","og_type":"article","og_title":"M\u00fasica Y Atuendos Mexicanos, Ser\u00e1n Obligatorios Para Participar En Desfile - EL INFORMATIVO DE TAMAULIPAS","og_description":"En el marco del 115 aniversario de la revoluci\u00f3n mexicana, la secretar\u00eda de educaci\u00f3n del gobierno de Tampico, emiti\u00f3 la indicaci\u00f3n a las escuelas que","og_url":"https:\/\/elinformativotam.com\/index.php\/2025\/11\/18\/musica-y-atuendos-mexicanos-seran-obligatorios-para-participar-en-desfile\/","og_site_name":"EL INFORMATIVO DE TAMAULIPAS","article_published_time":"2025-11-19T01:37:52+00:00","og_image":[{"width":1600,"height":900,"url":"https:\/\/elinformativotam.com\/wp-content\/uploads\/2025\/11\/Desfile-Tampico.jpg","type":"image\/jpeg"}],"author":"El Informativo Tam","twitter_card":"summary_large_image","twitter_misc":{"Escrito por":"El Informativo Tam","Tiempo de lectura":"2 minutos"},"schema":{"@context":"https:\/\/schema.org","@graph":[{"@type":"Article","@id":"https:\/\/elinformativotam.com\/index.php\/2025\/11\/18\/musica-y-atuendos-mexicanos-seran-obligatorios-para-participar-en-desfile\/#article","isPartOf":{"@id":"https:\/\/elinformativotam.com\/index.php\/2025\/11\/18\/musica-y-atuendos-mexicanos-seran-obligatorios-para-participar-en-desfile\/"},"author":{"name":"El Informativo Tam","@id":"https:\/\/elinformativotam.com\/#\/schema\/person\/78e08040eed0f6110f0c5f83b6153590"},"headline":"M\u00fasica Y Atuendos Mexicanos, Ser\u00e1n Obligatorios Para Participar En Desfile","datePublished":"2025-11-19T01:37:52+00:00","mainEntityOfPage":{"@id":"https:\/\/elinformativotam.com\/index.php\/2025\/11\/18\/musica-y-atuendos-mexicanos-seran-obligatorios-para-participar-en-desfile\/"},"wordCount":213,"commentCount":0,"publisher":{"@id":"https:\/\/elinformativotam.com\/#organization"},"image":{"@id":"https:\/\/elinformativotam.com\/index.php\/2025\/11\/18\/musica-y-atuendos-mexicanos-seran-obligatorios-para-participar-en-desfile\/#primaryimage"},"thumbnailUrl":"https:\/\/elinformativotam.com\/wp-content\/uploads\/2025\/11\/Desfile-Tampico.jpg","articleSection":["Tampico"],"inLanguage":"es","potentialAction":[{"@type":"CommentAction","name":"Comment","target":["https:\/\/elinformativotam.com\/index.php\/2025\/11\/18\/musica-y-atuendos-mexicanos-seran-obligatorios-para-participar-en-desfile\/#respond"]}]},{"@type":"WebPage","@id":"https:\/\/elinformativotam.com\/index.php\/2025\/11\/18\/musica-y-atuendos-mexicanos-seran-obligatorios-para-participar-en-desfile\/","url":"https:\/\/elinformativotam.com\/index.php\/2025\/11\/18\/musica-y-atuendos-mexicanos-seran-obligatorios-para-participar-en-desfile\/","name":"M\u00fasica Y Atuendos Mexicanos, Ser\u00e1n Obligatorios Para Participar En Desfile - EL INFORMATIVO DE TAMAULIPAS","isPartOf":{"@id":"https:\/\/elinformativotam.com\/#website"},"primaryImageOfPage":{"@id":"https:\/\/elinformativotam.com\/index.php\/2025\/11\/18\/musica-y-atuendos-mexicanos-seran-obligatorios-para-participar-en-desfile\/#primaryimage"},"image":{"@id":"https:\/\/elinformativotam.com\/index.php\/2025\/11\/18\/musica-y-atuendos-mexicanos-seran-obligatorios-para-participar-en-desfile\/#primaryimage"},"thumbnailUrl":"https:\/\/elinformativotam.com\/wp-content\/uploads\/2025\/11\/Desfile-Tampico.jpg","datePublished":"2025-11-19T01:37:52+00:00","description":"En el marco del 115 aniversario de la revoluci\u00f3n mexicana, la secretar\u00eda de educaci\u00f3n del gobierno de Tampico, emiti\u00f3 la indicaci\u00f3n a las escuelas que","inLanguage":"es","potentialAction":[{"@type":"ReadAction","target":["https:\/\/elinformativotam.com\/index.php\/2025\/11\/18\/musica-y-atuendos-mexicanos-seran-obligatorios-para-participar-en-desfile\/"]}]},{"@type":"ImageObject","inLanguage":"es","@id":"https:\/\/elinformativotam.com\/index.php\/2025\/11\/18\/musica-y-atuendos-mexicanos-seran-obligatorios-para-participar-en-desfile\/#primaryimage","url":"https:\/\/elinformativotam.com\/wp-content\/uploads\/2025\/11\/Desfile-Tampico.jpg","contentUrl":"https:\/\/elinformativotam.com\/wp-content\/uploads\/2025\/11\/Desfile-Tampico.jpg","width":1600,"height":900},{"@type":"WebSite","@id":"https:\/\/elinformativotam.com\/#website","url":"https:\/\/elinformativotam.com\/","name":"EL INFORMATIVO DE TAMAULIPAS","description":"Desde la Zona Metropolitana Para Todo M\u00e9xico","publisher":{"@id":"https:\/\/elinformativotam.com\/#organization"},"potentialAction":[{"@type":"SearchAction","target":{"@type":"EntryPoint","urlTemplate":"https:\/\/elinformativotam.com\/?s={search_term_string}"},"query-input":{"@type":"PropertyValueSpecification","valueRequired":true,"valueName":"search_term_string"}}],"inLanguage":"es"},{"@type":"Organization","@id":"https:\/\/elinformativotam.com\/#organization","name":"EL INFORMATIVO DE TAMAULIPAS","url":"https:\/\/elinformativotam.com\/","logo":{"@type":"ImageObject","inLanguage":"es","@id":"https:\/\/elinformativotam.com\/#\/schema\/logo\/image\/","url":"https:\/\/elinformativotam.com\/wp-content\/uploads\/2026\/02\/Cabezal.png","contentUrl":"https:\/\/elinformativotam.com\/wp-content\/uploads\/2026\/02\/Cabezal.png","width":960,"height":640,"caption":"EL INFORMATIVO DE TAMAULIPAS"},"image":{"@id":"https:\/\/elinformativotam.com\/#\/schema\/logo\/image\/"}},{"@type":"Person","@id":"https:\/\/elinformativotam.com\/#\/schema\/person\/78e08040eed0f6110f0c5f83b6153590","name":"El Informativo Tam","image":{"@type":"ImageObject","inLanguage":"es","@id":"https:\/\/secure.gravatar.com\/avatar\/f3b7ad3af540688955925ac610647be00b0cf41feea9c4978b73a707ee86bc53?s=96&d=mm&r=g","url":"https:\/\/secure.gravatar.com\/avatar\/f3b7ad3af540688955925ac610647be00b0cf41feea9c4978b73a707ee86bc53?s=96&d=mm&r=g","contentUrl":"https:\/\/secure.gravatar.com\/avatar\/f3b7ad3af540688955925ac610647be00b0cf41feea9c4978b73a707ee86bc53?s=96&d=mm&r=g","caption":"El Informativo Tam"}}]}},"_links":{"self":[{"href":"https:\/\/elinformativotam.com\/index.php\/wp-json\/wp\/v2\/posts\/56708","targetHints":{"allow":["GET"]}}],"collection":[{"href":"https:\/\/elinformativotam.com\/index.php\/wp-json\/wp\/v2\/posts"}],"about":[{"href":"https:\/\/elinformativotam.com\/index.php\/wp-json\/wp\/v2\/types\/post"}],"author":[{"embeddable":true,"href":"https:\/\/elinformativotam.com\/index.php\/wp-json\/wp\/v2\/users\/1"}],"replies":[{"embeddable":true,"href":"https:\/\/elinformativotam.com\/index.php\/wp-json\/wp\/v2\/comments?post=56708"}],"version-history":[{"count":1,"href":"https:\/\/elinformativotam.com\/index.php\/wp-json\/wp\/v2\/posts\/56708\/revisions"}],"predecessor-version":[{"id":56710,"href":"https:\/\/elinformativotam.com\/index.php\/wp-json\/wp\/v2\/posts\/56708\/revisions\/56710"}],"wp:featuredmedia":[{"embeddable":true,"href":"https:\/\/elinformativotam.com\/index.php\/wp-json\/wp\/v2\/media\/56709"}],"wp:attachment":[{"href":"https:\/\/elinformativotam.com\/index.php\/wp-json\/wp\/v2\/media?parent=56708"}],"wp:term":[{"taxonomy":"category","embeddable":true,"href":"https:\/\/elinformativotam.com\/index.php\/wp-json\/wp\/v2\/categories?post=56708"},{"taxonomy":"post_tag","embeddable":true,"href":"https:\/\/elinformativotam.com\/index.php\/wp-json\/wp\/v2\/tags?post=56708"}],"curies":[{"name":"wp","href":"https:\/\/api.w.org\/{rel}","templated":true}]}}