{"id":56705,"date":"2025-11-18T19:36:46","date_gmt":"2025-11-19T01:36:46","guid":{"rendered":"https:\/\/elinformativotam.com\/?p=56705"},"modified":"2025-11-18T19:36:46","modified_gmt":"2025-11-19T01:36:46","slug":"todo-listo-para-el-desfile-del-20-de-noviembre-en-ciudad-madero","status":"publish","type":"post","link":"https:\/\/elinformativotam.com\/index.php\/2025\/11\/18\/todo-listo-para-el-desfile-del-20-de-noviembre-en-ciudad-madero\/","title":{"rendered":"Todo Listo Para El Desfile Del 20 De Noviembre En Ciudad Madero."},"content":{"rendered":"<p>Ciudad Madero.\u2014 Con la participaci\u00f3n de 12 contingentes, autoridades municipales confirmaron que se encuentra todo listo para la realizaci\u00f3n del tradicional desfile del 20 de Noviembre, con motivo del aniversario de la Revoluci\u00f3n Mexicana.<\/p>\n<p>&nbsp;<\/p>\n<p>La directora de Educaci\u00f3n en Ciudad Madero, N\u00e9lida Ovalle Bautista, inform\u00f3 que en esta edici\u00f3n participar\u00e1n elementos de la Secretar\u00eda de Marina, as\u00ed como escuelas de nivel medio superior y la Asociaci\u00f3n de Charros, quienes ya realizaron los preparativos y ensayos necesarios para su presentaci\u00f3n.<\/p>\n<p>&nbsp;<\/p>\n<p>El recorrido se llevar\u00e1 a cabo sobre la avenida \u00c1lvaro Obreg\u00f3n, iniciando en la calle Rep\u00fablica de Cuba y avanzando hasta la calle Hait\u00ed, donde se instalar\u00e1n \u00e1reas de resguardo y puntos de supervisi\u00f3n para garantizar un evento ordenado y seguro.<\/p>\n<p>&nbsp;<\/p>\n<p>Ovalle Bautista destac\u00f3 que dependencias como Tr\u00e1nsito, Protecci\u00f3n Civil y Servicios P\u00fablicos trabajar\u00e1n de manera coordinada para dar atenci\u00f3n a los asistentes, aplicar cierres viales temporales y mantener despejada la ruta del desfile.<\/p>\n<p>&nbsp;<\/p>\n<p>El Ayuntamiento invit\u00f3 a la poblaci\u00f3n a disfrutar de este evento c\u00edvico, que forma parte de las tradiciones de la ciudad y busca fortalecer los valores hist\u00f3ricos entre las nuevas generaciones.<\/p>\n<p>&nbsp;<\/p>\n<p>&nbsp;<\/p>\n","protected":false},"excerpt":{"rendered":"<p>Ciudad Madero.\u2014 Con la participaci\u00f3n de 12 contingentes, autoridades municipales confirmaron que se encuentra todo listo para la realizaci\u00f3n del&hellip;<\/p>\n","protected":false},"author":1,"featured_media":56706,"comment_status":"open","ping_status":"open","sticky":false,"template":"","format":"standard","meta":{"footnotes":""},"categories":[4],"tags":[],"class_list":["post-56705","post","type-post","status-publish","format-standard","has-post-thumbnail","hentry","category-madero"],"yoast_head":"<!-- This site is optimized with the Yoast SEO plugin v27.5 - https:\/\/yoast.com\/product\/yoast-seo-wordpress\/ -->\n<title>Todo Listo Para El Desfile Del 20 De Noviembre En Ciudad Madero. - EL INFORMATIVO DE TAMAULIPAS<\/title>\n<meta name=\"description\" content=\"Ciudad Madero.\u2014 Con la participaci\u00f3n de 12 contingentes, autoridades municipales confirmaron que se encuentra todo listo para la realizaci\u00f3n del\" \/>\n<meta name=\"robots\" content=\"index, follow, max-snippet:-1, max-image-preview:large, max-video-preview:-1\" \/>\n<link rel=\"canonical\" href=\"https:\/\/elinformativotam.com\/index.php\/2025\/11\/18\/todo-listo-para-el-desfile-del-20-de-noviembre-en-ciudad-madero\/\" \/>\n<meta property=\"og:locale\" content=\"es_MX\" \/>\n<meta property=\"og:type\" content=\"article\" \/>\n<meta property=\"og:title\" content=\"Todo Listo Para El Desfile Del 20 De Noviembre En Ciudad Madero. - EL INFORMATIVO DE TAMAULIPAS\" \/>\n<meta property=\"og:description\" content=\"Ciudad Madero.\u2014 Con la participaci\u00f3n de 12 contingentes, autoridades municipales confirmaron que se encuentra todo listo para la realizaci\u00f3n del\" \/>\n<meta property=\"og:url\" content=\"https:\/\/elinformativotam.com\/index.php\/2025\/11\/18\/todo-listo-para-el-desfile-del-20-de-noviembre-en-ciudad-madero\/\" \/>\n<meta property=\"og:site_name\" content=\"EL INFORMATIVO DE TAMAULIPAS\" \/>\n<meta property=\"article:published_time\" content=\"2025-11-19T01:36:46+00:00\" \/>\n<meta property=\"og:image\" content=\"https:\/\/elinformativotam.com\/wp-content\/uploads\/2025\/11\/Desfile.jpg\" \/>\n\t<meta property=\"og:image:width\" content=\"763\" \/>\n\t<meta property=\"og:image:height\" content=\"842\" \/>\n\t<meta property=\"og:image:type\" content=\"image\/jpeg\" \/>\n<meta name=\"author\" content=\"El Informativo Tam\" \/>\n<meta name=\"twitter:card\" content=\"summary_large_image\" \/>\n<meta name=\"twitter:label1\" content=\"Escrito por\" \/>\n\t<meta name=\"twitter:data1\" content=\"El Informativo Tam\" \/>\n\t<meta name=\"twitter:label2\" content=\"Tiempo de lectura\" \/>\n\t<meta name=\"twitter:data2\" content=\"1 minuto\" \/>\n<script type=\"application\/ld+json\" class=\"yoast-schema-graph\">{\"@context\":\"https:\\\/\\\/schema.org\",\"@graph\":[{\"@type\":\"Article\",\"@id\":\"https:\\\/\\\/elinformativotam.com\\\/index.php\\\/2025\\\/11\\\/18\\\/todo-listo-para-el-desfile-del-20-de-noviembre-en-ciudad-madero\\\/#article\",\"isPartOf\":{\"@id\":\"https:\\\/\\\/elinformativotam.com\\\/index.php\\\/2025\\\/11\\\/18\\\/todo-listo-para-el-desfile-del-20-de-noviembre-en-ciudad-madero\\\/\"},\"author\":{\"name\":\"El Informativo Tam\",\"@id\":\"https:\\\/\\\/elinformativotam.com\\\/#\\\/schema\\\/person\\\/78e08040eed0f6110f0c5f83b6153590\"},\"headline\":\"Todo Listo Para El Desfile Del 20 De Noviembre En Ciudad Madero.\",\"datePublished\":\"2025-11-19T01:36:46+00:00\",\"mainEntityOfPage\":{\"@id\":\"https:\\\/\\\/elinformativotam.com\\\/index.php\\\/2025\\\/11\\\/18\\\/todo-listo-para-el-desfile-del-20-de-noviembre-en-ciudad-madero\\\/\"},\"wordCount\":221,\"commentCount\":0,\"publisher\":{\"@id\":\"https:\\\/\\\/elinformativotam.com\\\/#organization\"},\"image\":{\"@id\":\"https:\\\/\\\/elinformativotam.com\\\/index.php\\\/2025\\\/11\\\/18\\\/todo-listo-para-el-desfile-del-20-de-noviembre-en-ciudad-madero\\\/#primaryimage\"},\"thumbnailUrl\":\"https:\\\/\\\/elinformativotam.com\\\/wp-content\\\/uploads\\\/2025\\\/11\\\/Desfile.jpg\",\"articleSection\":[\"Cd Madero\"],\"inLanguage\":\"es\",\"potentialAction\":[{\"@type\":\"CommentAction\",\"name\":\"Comment\",\"target\":[\"https:\\\/\\\/elinformativotam.com\\\/index.php\\\/2025\\\/11\\\/18\\\/todo-listo-para-el-desfile-del-20-de-noviembre-en-ciudad-madero\\\/#respond\"]}]},{\"@type\":\"WebPage\",\"@id\":\"https:\\\/\\\/elinformativotam.com\\\/index.php\\\/2025\\\/11\\\/18\\\/todo-listo-para-el-desfile-del-20-de-noviembre-en-ciudad-madero\\\/\",\"url\":\"https:\\\/\\\/elinformativotam.com\\\/index.php\\\/2025\\\/11\\\/18\\\/todo-listo-para-el-desfile-del-20-de-noviembre-en-ciudad-madero\\\/\",\"name\":\"Todo Listo Para El Desfile Del 20 De Noviembre En Ciudad Madero. - EL INFORMATIVO DE TAMAULIPAS\",\"isPartOf\":{\"@id\":\"https:\\\/\\\/elinformativotam.com\\\/#website\"},\"primaryImageOfPage\":{\"@id\":\"https:\\\/\\\/elinformativotam.com\\\/index.php\\\/2025\\\/11\\\/18\\\/todo-listo-para-el-desfile-del-20-de-noviembre-en-ciudad-madero\\\/#primaryimage\"},\"image\":{\"@id\":\"https:\\\/\\\/elinformativotam.com\\\/index.php\\\/2025\\\/11\\\/18\\\/todo-listo-para-el-desfile-del-20-de-noviembre-en-ciudad-madero\\\/#primaryimage\"},\"thumbnailUrl\":\"https:\\\/\\\/elinformativotam.com\\\/wp-content\\\/uploads\\\/2025\\\/11\\\/Desfile.jpg\",\"datePublished\":\"2025-11-19T01:36:46+00:00\",\"description\":\"Ciudad Madero.\u2014 Con la participaci\u00f3n de 12 contingentes, autoridades municipales confirmaron que se encuentra todo listo para la realizaci\u00f3n del\",\"inLanguage\":\"es\",\"potentialAction\":[{\"@type\":\"ReadAction\",\"target\":[\"https:\\\/\\\/elinformativotam.com\\\/index.php\\\/2025\\\/11\\\/18\\\/todo-listo-para-el-desfile-del-20-de-noviembre-en-ciudad-madero\\\/\"]}]},{\"@type\":\"ImageObject\",\"inLanguage\":\"es\",\"@id\":\"https:\\\/\\\/elinformativotam.com\\\/index.php\\\/2025\\\/11\\\/18\\\/todo-listo-para-el-desfile-del-20-de-noviembre-en-ciudad-madero\\\/#primaryimage\",\"url\":\"https:\\\/\\\/elinformativotam.com\\\/wp-content\\\/uploads\\\/2025\\\/11\\\/Desfile.jpg\",\"contentUrl\":\"https:\\\/\\\/elinformativotam.com\\\/wp-content\\\/uploads\\\/2025\\\/11\\\/Desfile.jpg\",\"width\":763,\"height\":842},{\"@type\":\"WebSite\",\"@id\":\"https:\\\/\\\/elinformativotam.com\\\/#website\",\"url\":\"https:\\\/\\\/elinformativotam.com\\\/\",\"name\":\"EL INFORMATIVO DE TAMAULIPAS\",\"description\":\"Desde la Zona Metropolitana Para Todo M\u00e9xico\",\"publisher\":{\"@id\":\"https:\\\/\\\/elinformativotam.com\\\/#organization\"},\"potentialAction\":[{\"@type\":\"SearchAction\",\"target\":{\"@type\":\"EntryPoint\",\"urlTemplate\":\"https:\\\/\\\/elinformativotam.com\\\/?s={search_term_string}\"},\"query-input\":{\"@type\":\"PropertyValueSpecification\",\"valueRequired\":true,\"valueName\":\"search_term_string\"}}],\"inLanguage\":\"es\"},{\"@type\":\"Organization\",\"@id\":\"https:\\\/\\\/elinformativotam.com\\\/#organization\",\"name\":\"EL INFORMATIVO DE TAMAULIPAS\",\"url\":\"https:\\\/\\\/elinformativotam.com\\\/\",\"logo\":{\"@type\":\"ImageObject\",\"inLanguage\":\"es\",\"@id\":\"https:\\\/\\\/elinformativotam.com\\\/#\\\/schema\\\/logo\\\/image\\\/\",\"url\":\"https:\\\/\\\/elinformativotam.com\\\/wp-content\\\/uploads\\\/2026\\\/02\\\/Cabezal.png\",\"contentUrl\":\"https:\\\/\\\/elinformativotam.com\\\/wp-content\\\/uploads\\\/2026\\\/02\\\/Cabezal.png\",\"width\":960,\"height\":640,\"caption\":\"EL INFORMATIVO DE TAMAULIPAS\"},\"image\":{\"@id\":\"https:\\\/\\\/elinformativotam.com\\\/#\\\/schema\\\/logo\\\/image\\\/\"}},{\"@type\":\"Person\",\"@id\":\"https:\\\/\\\/elinformativotam.com\\\/#\\\/schema\\\/person\\\/78e08040eed0f6110f0c5f83b6153590\",\"name\":\"El Informativo Tam\",\"image\":{\"@type\":\"ImageObject\",\"inLanguage\":\"es\",\"@id\":\"https:\\\/\\\/secure.gravatar.com\\\/avatar\\\/f3b7ad3af540688955925ac610647be00b0cf41feea9c4978b73a707ee86bc53?s=96&d=mm&r=g\",\"url\":\"https:\\\/\\\/secure.gravatar.com\\\/avatar\\\/f3b7ad3af540688955925ac610647be00b0cf41feea9c4978b73a707ee86bc53?s=96&d=mm&r=g\",\"contentUrl\":\"https:\\\/\\\/secure.gravatar.com\\\/avatar\\\/f3b7ad3af540688955925ac610647be00b0cf41feea9c4978b73a707ee86bc53?s=96&d=mm&r=g\",\"caption\":\"El Informativo Tam\"}}]}<\/script>\n<!-- \/ Yoast SEO plugin. -->","yoast_head_json":{"title":"Todo Listo Para El Desfile Del 20 De Noviembre En Ciudad Madero. - EL INFORMATIVO DE TAMAULIPAS","description":"Ciudad Madero.\u2014 Con la participaci\u00f3n de 12 contingentes, autoridades municipales confirmaron que se encuentra todo listo para la realizaci\u00f3n del","robots":{"index":"index","follow":"follow","max-snippet":"max-snippet:-1","max-image-preview":"max-image-preview:large","max-video-preview":"max-video-preview:-1"},"canonical":"https:\/\/elinformativotam.com\/index.php\/2025\/11\/18\/todo-listo-para-el-desfile-del-20-de-noviembre-en-ciudad-madero\/","og_locale":"es_MX","og_type":"article","og_title":"Todo Listo Para El Desfile Del 20 De Noviembre En Ciudad Madero. - EL INFORMATIVO DE TAMAULIPAS","og_description":"Ciudad Madero.\u2014 Con la participaci\u00f3n de 12 contingentes, autoridades municipales confirmaron que se encuentra todo listo para la realizaci\u00f3n del","og_url":"https:\/\/elinformativotam.com\/index.php\/2025\/11\/18\/todo-listo-para-el-desfile-del-20-de-noviembre-en-ciudad-madero\/","og_site_name":"EL INFORMATIVO DE TAMAULIPAS","article_published_time":"2025-11-19T01:36:46+00:00","og_image":[{"width":763,"height":842,"url":"https:\/\/elinformativotam.com\/wp-content\/uploads\/2025\/11\/Desfile.jpg","type":"image\/jpeg"}],"author":"El Informativo Tam","twitter_card":"summary_large_image","twitter_misc":{"Escrito por":"El Informativo Tam","Tiempo de lectura":"1 minuto"},"schema":{"@context":"https:\/\/schema.org","@graph":[{"@type":"Article","@id":"https:\/\/elinformativotam.com\/index.php\/2025\/11\/18\/todo-listo-para-el-desfile-del-20-de-noviembre-en-ciudad-madero\/#article","isPartOf":{"@id":"https:\/\/elinformativotam.com\/index.php\/2025\/11\/18\/todo-listo-para-el-desfile-del-20-de-noviembre-en-ciudad-madero\/"},"author":{"name":"El Informativo Tam","@id":"https:\/\/elinformativotam.com\/#\/schema\/person\/78e08040eed0f6110f0c5f83b6153590"},"headline":"Todo Listo Para El Desfile Del 20 De Noviembre En Ciudad Madero.","datePublished":"2025-11-19T01:36:46+00:00","mainEntityOfPage":{"@id":"https:\/\/elinformativotam.com\/index.php\/2025\/11\/18\/todo-listo-para-el-desfile-del-20-de-noviembre-en-ciudad-madero\/"},"wordCount":221,"commentCount":0,"publisher":{"@id":"https:\/\/elinformativotam.com\/#organization"},"image":{"@id":"https:\/\/elinformativotam.com\/index.php\/2025\/11\/18\/todo-listo-para-el-desfile-del-20-de-noviembre-en-ciudad-madero\/#primaryimage"},"thumbnailUrl":"https:\/\/elinformativotam.com\/wp-content\/uploads\/2025\/11\/Desfile.jpg","articleSection":["Cd Madero"],"inLanguage":"es","potentialAction":[{"@type":"CommentAction","name":"Comment","target":["https:\/\/elinformativotam.com\/index.php\/2025\/11\/18\/todo-listo-para-el-desfile-del-20-de-noviembre-en-ciudad-madero\/#respond"]}]},{"@type":"WebPage","@id":"https:\/\/elinformativotam.com\/index.php\/2025\/11\/18\/todo-listo-para-el-desfile-del-20-de-noviembre-en-ciudad-madero\/","url":"https:\/\/elinformativotam.com\/index.php\/2025\/11\/18\/todo-listo-para-el-desfile-del-20-de-noviembre-en-ciudad-madero\/","name":"Todo Listo Para El Desfile Del 20 De Noviembre En Ciudad Madero. - EL INFORMATIVO DE TAMAULIPAS","isPartOf":{"@id":"https:\/\/elinformativotam.com\/#website"},"primaryImageOfPage":{"@id":"https:\/\/elinformativotam.com\/index.php\/2025\/11\/18\/todo-listo-para-el-desfile-del-20-de-noviembre-en-ciudad-madero\/#primaryimage"},"image":{"@id":"https:\/\/elinformativotam.com\/index.php\/2025\/11\/18\/todo-listo-para-el-desfile-del-20-de-noviembre-en-ciudad-madero\/#primaryimage"},"thumbnailUrl":"https:\/\/elinformativotam.com\/wp-content\/uploads\/2025\/11\/Desfile.jpg","datePublished":"2025-11-19T01:36:46+00:00","description":"Ciudad Madero.\u2014 Con la participaci\u00f3n de 12 contingentes, autoridades municipales confirmaron que se encuentra todo listo para la realizaci\u00f3n del","inLanguage":"es","potentialAction":[{"@type":"ReadAction","target":["https:\/\/elinformativotam.com\/index.php\/2025\/11\/18\/todo-listo-para-el-desfile-del-20-de-noviembre-en-ciudad-madero\/"]}]},{"@type":"ImageObject","inLanguage":"es","@id":"https:\/\/elinformativotam.com\/index.php\/2025\/11\/18\/todo-listo-para-el-desfile-del-20-de-noviembre-en-ciudad-madero\/#primaryimage","url":"https:\/\/elinformativotam.com\/wp-content\/uploads\/2025\/11\/Desfile.jpg","contentUrl":"https:\/\/elinformativotam.com\/wp-content\/uploads\/2025\/11\/Desfile.jpg","width":763,"height":842},{"@type":"WebSite","@id":"https:\/\/elinformativotam.com\/#website","url":"https:\/\/elinformativotam.com\/","name":"EL INFORMATIVO DE TAMAULIPAS","description":"Desde la Zona Metropolitana Para Todo M\u00e9xico","publisher":{"@id":"https:\/\/elinformativotam.com\/#organization"},"potentialAction":[{"@type":"SearchAction","target":{"@type":"EntryPoint","urlTemplate":"https:\/\/elinformativotam.com\/?s={search_term_string}"},"query-input":{"@type":"PropertyValueSpecification","valueRequired":true,"valueName":"search_term_string"}}],"inLanguage":"es"},{"@type":"Organization","@id":"https:\/\/elinformativotam.com\/#organization","name":"EL INFORMATIVO DE TAMAULIPAS","url":"https:\/\/elinformativotam.com\/","logo":{"@type":"ImageObject","inLanguage":"es","@id":"https:\/\/elinformativotam.com\/#\/schema\/logo\/image\/","url":"https:\/\/elinformativotam.com\/wp-content\/uploads\/2026\/02\/Cabezal.png","contentUrl":"https:\/\/elinformativotam.com\/wp-content\/uploads\/2026\/02\/Cabezal.png","width":960,"height":640,"caption":"EL INFORMATIVO DE TAMAULIPAS"},"image":{"@id":"https:\/\/elinformativotam.com\/#\/schema\/logo\/image\/"}},{"@type":"Person","@id":"https:\/\/elinformativotam.com\/#\/schema\/person\/78e08040eed0f6110f0c5f83b6153590","name":"El Informativo Tam","image":{"@type":"ImageObject","inLanguage":"es","@id":"https:\/\/secure.gravatar.com\/avatar\/f3b7ad3af540688955925ac610647be00b0cf41feea9c4978b73a707ee86bc53?s=96&d=mm&r=g","url":"https:\/\/secure.gravatar.com\/avatar\/f3b7ad3af540688955925ac610647be00b0cf41feea9c4978b73a707ee86bc53?s=96&d=mm&r=g","contentUrl":"https:\/\/secure.gravatar.com\/avatar\/f3b7ad3af540688955925ac610647be00b0cf41feea9c4978b73a707ee86bc53?s=96&d=mm&r=g","caption":"El Informativo Tam"}}]}},"_links":{"self":[{"href":"https:\/\/elinformativotam.com\/index.php\/wp-json\/wp\/v2\/posts\/56705","targetHints":{"allow":["GET"]}}],"collection":[{"href":"https:\/\/elinformativotam.com\/index.php\/wp-json\/wp\/v2\/posts"}],"about":[{"href":"https:\/\/elinformativotam.com\/index.php\/wp-json\/wp\/v2\/types\/post"}],"author":[{"embeddable":true,"href":"https:\/\/elinformativotam.com\/index.php\/wp-json\/wp\/v2\/users\/1"}],"replies":[{"embeddable":true,"href":"https:\/\/elinformativotam.com\/index.php\/wp-json\/wp\/v2\/comments?post=56705"}],"version-history":[{"count":1,"href":"https:\/\/elinformativotam.com\/index.php\/wp-json\/wp\/v2\/posts\/56705\/revisions"}],"predecessor-version":[{"id":56707,"href":"https:\/\/elinformativotam.com\/index.php\/wp-json\/wp\/v2\/posts\/56705\/revisions\/56707"}],"wp:featuredmedia":[{"embeddable":true,"href":"https:\/\/elinformativotam.com\/index.php\/wp-json\/wp\/v2\/media\/56706"}],"wp:attachment":[{"href":"https:\/\/elinformativotam.com\/index.php\/wp-json\/wp\/v2\/media?parent=56705"}],"wp:term":[{"taxonomy":"category","embeddable":true,"href":"https:\/\/elinformativotam.com\/index.php\/wp-json\/wp\/v2\/categories?post=56705"},{"taxonomy":"post_tag","embeddable":true,"href":"https:\/\/elinformativotam.com\/index.php\/wp-json\/wp\/v2\/tags?post=56705"}],"curies":[{"name":"wp","href":"https:\/\/api.w.org\/{rel}","templated":true}]}}