{"id":56696,"date":"2025-11-18T19:34:18","date_gmt":"2025-11-19T01:34:18","guid":{"rendered":"https:\/\/elinformativotam.com\/?p=56696"},"modified":"2025-11-18T19:34:18","modified_gmt":"2025-11-19T01:34:18","slug":"exhorta-mon-maron-a-la-poblacion-a-denunciar-las-problematicas-de-sus-colonias","status":"publish","type":"post","link":"https:\/\/elinformativotam.com\/index.php\/2025\/11\/18\/exhorta-mon-maron-a-la-poblacion-a-denunciar-las-problematicas-de-sus-colonias\/","title":{"rendered":"Exhorta Mon Mar\u00f3n A La Poblaci\u00f3n A Denunciar Las Problem\u00e1ticas De Sus Colonias."},"content":{"rendered":"<p>Tampico.\u2014 El regidor Mon Mar\u00f3n hizo un llamado a la ciudadan\u00eda para que contin\u00fae denunciando las problem\u00e1ticas que afectan a sus colonias, con el fin de agilizar su atenci\u00f3n y mantener una comunicaci\u00f3n directa con el Ayuntamiento.<\/p>\n<p>&nbsp;<\/p>\n<p>El edil se\u00f1al\u00f3 que diariamente recibe m\u00e1s de 90 quejas, las cuales abarcan diversas \u00e1reas del municipio, entre ellas Servicios P\u00fablicos, COMAPA y la CFE, principalmente por fallas en alumbrado, baches, fugas de agua y problemas en el suministro el\u00e9ctrico.<\/p>\n<p>&nbsp;<\/p>\n<p>Mar\u00f3n explic\u00f3 que todas estas denuncias se canalizan de inmediato a las direcciones correspondientes del Ayuntamiento para su seguimiento, y reiter\u00f3 que la participaci\u00f3n ciudadana es fundamental para identificar y resolver los puntos m\u00e1s cr\u00edticos en los diferentes sectores de Tampico.<\/p>\n<p>&nbsp;<\/p>\n<p>\u201cInvitamos a la poblaci\u00f3n a no quedarse callada y reportar cualquier situaci\u00f3n que afecte su calidad de vida; entre m\u00e1s informaci\u00f3n tengamos, m\u00e1s r\u00e1pido podemos actuar\u201d, expres\u00f3 el regidor.<\/p>\n<p>&nbsp;<\/p>\n<p>Finalmente, asegur\u00f3 que mantendr\u00e1 este canal de atenci\u00f3n abierto todos los d\u00edas, reforzando su compromiso de trabajar de la mano con los tampique\u00f1os para mejorar las condiciones de sus comunidades.<\/p>\n","protected":false},"excerpt":{"rendered":"<p>Tampico.\u2014 El regidor Mon Mar\u00f3n hizo un llamado a la ciudadan\u00eda para que contin\u00fae denunciando las problem\u00e1ticas que afectan a&hellip;<\/p>\n","protected":false},"author":1,"featured_media":56697,"comment_status":"open","ping_status":"open","sticky":false,"template":"","format":"standard","meta":{"footnotes":""},"categories":[3],"tags":[],"class_list":["post-56696","post","type-post","status-publish","format-standard","has-post-thumbnail","hentry","category-tampico"],"yoast_head":"<!-- This site is optimized with the Yoast SEO plugin v27.5 - https:\/\/yoast.com\/product\/yoast-seo-wordpress\/ -->\n<title>Exhorta Mon Mar\u00f3n A La Poblaci\u00f3n A Denunciar Las Problem\u00e1ticas De Sus Colonias. - EL INFORMATIVO DE TAMAULIPAS<\/title>\n<meta name=\"description\" content=\"Tampico.\u2014 El regidor Mon Mar\u00f3n hizo un llamado a la ciudadan\u00eda para que contin\u00fae denunciando las problem\u00e1ticas que afectan a sus colonias, con el fin de\" \/>\n<meta name=\"robots\" content=\"index, follow, max-snippet:-1, max-image-preview:large, max-video-preview:-1\" \/>\n<link rel=\"canonical\" href=\"https:\/\/elinformativotam.com\/index.php\/2025\/11\/18\/exhorta-mon-maron-a-la-poblacion-a-denunciar-las-problematicas-de-sus-colonias\/\" \/>\n<meta property=\"og:locale\" content=\"es_MX\" \/>\n<meta property=\"og:type\" content=\"article\" \/>\n<meta property=\"og:title\" content=\"Exhorta Mon Mar\u00f3n A La Poblaci\u00f3n A Denunciar Las Problem\u00e1ticas De Sus Colonias. - EL INFORMATIVO DE TAMAULIPAS\" \/>\n<meta property=\"og:description\" content=\"Tampico.\u2014 El regidor Mon Mar\u00f3n hizo un llamado a la ciudadan\u00eda para que contin\u00fae denunciando las problem\u00e1ticas que afectan a sus colonias, con el fin de\" \/>\n<meta property=\"og:url\" content=\"https:\/\/elinformativotam.com\/index.php\/2025\/11\/18\/exhorta-mon-maron-a-la-poblacion-a-denunciar-las-problematicas-de-sus-colonias\/\" \/>\n<meta property=\"og:site_name\" content=\"EL INFORMATIVO DE TAMAULIPAS\" \/>\n<meta property=\"article:published_time\" content=\"2025-11-19T01:34:18+00:00\" \/>\n<meta property=\"og:image\" content=\"https:\/\/elinformativotam.com\/wp-content\/uploads\/2025\/11\/Mon-1.jpg\" \/>\n\t<meta property=\"og:image:width\" content=\"720\" \/>\n\t<meta property=\"og:image:height\" content=\"758\" \/>\n\t<meta property=\"og:image:type\" content=\"image\/jpeg\" \/>\n<meta name=\"author\" content=\"El Informativo Tam\" \/>\n<meta name=\"twitter:card\" content=\"summary_large_image\" \/>\n<meta name=\"twitter:label1\" content=\"Escrito por\" \/>\n\t<meta name=\"twitter:data1\" content=\"El Informativo Tam\" \/>\n\t<meta name=\"twitter:label2\" content=\"Tiempo de lectura\" \/>\n\t<meta name=\"twitter:data2\" content=\"2 minutos\" \/>\n<script type=\"application\/ld+json\" class=\"yoast-schema-graph\">{\"@context\":\"https:\\\/\\\/schema.org\",\"@graph\":[{\"@type\":\"Article\",\"@id\":\"https:\\\/\\\/elinformativotam.com\\\/index.php\\\/2025\\\/11\\\/18\\\/exhorta-mon-maron-a-la-poblacion-a-denunciar-las-problematicas-de-sus-colonias\\\/#article\",\"isPartOf\":{\"@id\":\"https:\\\/\\\/elinformativotam.com\\\/index.php\\\/2025\\\/11\\\/18\\\/exhorta-mon-maron-a-la-poblacion-a-denunciar-las-problematicas-de-sus-colonias\\\/\"},\"author\":{\"name\":\"El Informativo Tam\",\"@id\":\"https:\\\/\\\/elinformativotam.com\\\/#\\\/schema\\\/person\\\/78e08040eed0f6110f0c5f83b6153590\"},\"headline\":\"Exhorta Mon Mar\u00f3n A La Poblaci\u00f3n A Denunciar Las Problem\u00e1ticas De Sus Colonias.\",\"datePublished\":\"2025-11-19T01:34:18+00:00\",\"mainEntityOfPage\":{\"@id\":\"https:\\\/\\\/elinformativotam.com\\\/index.php\\\/2025\\\/11\\\/18\\\/exhorta-mon-maron-a-la-poblacion-a-denunciar-las-problematicas-de-sus-colonias\\\/\"},\"wordCount\":219,\"commentCount\":0,\"publisher\":{\"@id\":\"https:\\\/\\\/elinformativotam.com\\\/#organization\"},\"image\":{\"@id\":\"https:\\\/\\\/elinformativotam.com\\\/index.php\\\/2025\\\/11\\\/18\\\/exhorta-mon-maron-a-la-poblacion-a-denunciar-las-problematicas-de-sus-colonias\\\/#primaryimage\"},\"thumbnailUrl\":\"https:\\\/\\\/elinformativotam.com\\\/wp-content\\\/uploads\\\/2025\\\/11\\\/Mon-1.jpg\",\"articleSection\":[\"Tampico\"],\"inLanguage\":\"es\",\"potentialAction\":[{\"@type\":\"CommentAction\",\"name\":\"Comment\",\"target\":[\"https:\\\/\\\/elinformativotam.com\\\/index.php\\\/2025\\\/11\\\/18\\\/exhorta-mon-maron-a-la-poblacion-a-denunciar-las-problematicas-de-sus-colonias\\\/#respond\"]}]},{\"@type\":\"WebPage\",\"@id\":\"https:\\\/\\\/elinformativotam.com\\\/index.php\\\/2025\\\/11\\\/18\\\/exhorta-mon-maron-a-la-poblacion-a-denunciar-las-problematicas-de-sus-colonias\\\/\",\"url\":\"https:\\\/\\\/elinformativotam.com\\\/index.php\\\/2025\\\/11\\\/18\\\/exhorta-mon-maron-a-la-poblacion-a-denunciar-las-problematicas-de-sus-colonias\\\/\",\"name\":\"Exhorta Mon Mar\u00f3n A La Poblaci\u00f3n A Denunciar Las Problem\u00e1ticas De Sus Colonias. - EL INFORMATIVO DE TAMAULIPAS\",\"isPartOf\":{\"@id\":\"https:\\\/\\\/elinformativotam.com\\\/#website\"},\"primaryImageOfPage\":{\"@id\":\"https:\\\/\\\/elinformativotam.com\\\/index.php\\\/2025\\\/11\\\/18\\\/exhorta-mon-maron-a-la-poblacion-a-denunciar-las-problematicas-de-sus-colonias\\\/#primaryimage\"},\"image\":{\"@id\":\"https:\\\/\\\/elinformativotam.com\\\/index.php\\\/2025\\\/11\\\/18\\\/exhorta-mon-maron-a-la-poblacion-a-denunciar-las-problematicas-de-sus-colonias\\\/#primaryimage\"},\"thumbnailUrl\":\"https:\\\/\\\/elinformativotam.com\\\/wp-content\\\/uploads\\\/2025\\\/11\\\/Mon-1.jpg\",\"datePublished\":\"2025-11-19T01:34:18+00:00\",\"description\":\"Tampico.\u2014 El regidor Mon Mar\u00f3n hizo un llamado a la ciudadan\u00eda para que contin\u00fae denunciando las problem\u00e1ticas que afectan a sus colonias, con el fin de\",\"inLanguage\":\"es\",\"potentialAction\":[{\"@type\":\"ReadAction\",\"target\":[\"https:\\\/\\\/elinformativotam.com\\\/index.php\\\/2025\\\/11\\\/18\\\/exhorta-mon-maron-a-la-poblacion-a-denunciar-las-problematicas-de-sus-colonias\\\/\"]}]},{\"@type\":\"ImageObject\",\"inLanguage\":\"es\",\"@id\":\"https:\\\/\\\/elinformativotam.com\\\/index.php\\\/2025\\\/11\\\/18\\\/exhorta-mon-maron-a-la-poblacion-a-denunciar-las-problematicas-de-sus-colonias\\\/#primaryimage\",\"url\":\"https:\\\/\\\/elinformativotam.com\\\/wp-content\\\/uploads\\\/2025\\\/11\\\/Mon-1.jpg\",\"contentUrl\":\"https:\\\/\\\/elinformativotam.com\\\/wp-content\\\/uploads\\\/2025\\\/11\\\/Mon-1.jpg\",\"width\":720,\"height\":758},{\"@type\":\"WebSite\",\"@id\":\"https:\\\/\\\/elinformativotam.com\\\/#website\",\"url\":\"https:\\\/\\\/elinformativotam.com\\\/\",\"name\":\"EL INFORMATIVO DE TAMAULIPAS\",\"description\":\"Desde la Zona Metropolitana Para Todo M\u00e9xico\",\"publisher\":{\"@id\":\"https:\\\/\\\/elinformativotam.com\\\/#organization\"},\"potentialAction\":[{\"@type\":\"SearchAction\",\"target\":{\"@type\":\"EntryPoint\",\"urlTemplate\":\"https:\\\/\\\/elinformativotam.com\\\/?s={search_term_string}\"},\"query-input\":{\"@type\":\"PropertyValueSpecification\",\"valueRequired\":true,\"valueName\":\"search_term_string\"}}],\"inLanguage\":\"es\"},{\"@type\":\"Organization\",\"@id\":\"https:\\\/\\\/elinformativotam.com\\\/#organization\",\"name\":\"EL INFORMATIVO DE TAMAULIPAS\",\"url\":\"https:\\\/\\\/elinformativotam.com\\\/\",\"logo\":{\"@type\":\"ImageObject\",\"inLanguage\":\"es\",\"@id\":\"https:\\\/\\\/elinformativotam.com\\\/#\\\/schema\\\/logo\\\/image\\\/\",\"url\":\"https:\\\/\\\/elinformativotam.com\\\/wp-content\\\/uploads\\\/2026\\\/02\\\/Cabezal.png\",\"contentUrl\":\"https:\\\/\\\/elinformativotam.com\\\/wp-content\\\/uploads\\\/2026\\\/02\\\/Cabezal.png\",\"width\":960,\"height\":640,\"caption\":\"EL INFORMATIVO DE TAMAULIPAS\"},\"image\":{\"@id\":\"https:\\\/\\\/elinformativotam.com\\\/#\\\/schema\\\/logo\\\/image\\\/\"}},{\"@type\":\"Person\",\"@id\":\"https:\\\/\\\/elinformativotam.com\\\/#\\\/schema\\\/person\\\/78e08040eed0f6110f0c5f83b6153590\",\"name\":\"El Informativo Tam\",\"image\":{\"@type\":\"ImageObject\",\"inLanguage\":\"es\",\"@id\":\"https:\\\/\\\/secure.gravatar.com\\\/avatar\\\/f3b7ad3af540688955925ac610647be00b0cf41feea9c4978b73a707ee86bc53?s=96&d=mm&r=g\",\"url\":\"https:\\\/\\\/secure.gravatar.com\\\/avatar\\\/f3b7ad3af540688955925ac610647be00b0cf41feea9c4978b73a707ee86bc53?s=96&d=mm&r=g\",\"contentUrl\":\"https:\\\/\\\/secure.gravatar.com\\\/avatar\\\/f3b7ad3af540688955925ac610647be00b0cf41feea9c4978b73a707ee86bc53?s=96&d=mm&r=g\",\"caption\":\"El Informativo Tam\"}}]}<\/script>\n<!-- \/ Yoast SEO plugin. -->","yoast_head_json":{"title":"Exhorta Mon Mar\u00f3n A La Poblaci\u00f3n A Denunciar Las Problem\u00e1ticas De Sus Colonias. - EL INFORMATIVO DE TAMAULIPAS","description":"Tampico.\u2014 El regidor Mon Mar\u00f3n hizo un llamado a la ciudadan\u00eda para que contin\u00fae denunciando las problem\u00e1ticas que afectan a sus colonias, con el fin de","robots":{"index":"index","follow":"follow","max-snippet":"max-snippet:-1","max-image-preview":"max-image-preview:large","max-video-preview":"max-video-preview:-1"},"canonical":"https:\/\/elinformativotam.com\/index.php\/2025\/11\/18\/exhorta-mon-maron-a-la-poblacion-a-denunciar-las-problematicas-de-sus-colonias\/","og_locale":"es_MX","og_type":"article","og_title":"Exhorta Mon Mar\u00f3n A La Poblaci\u00f3n A Denunciar Las Problem\u00e1ticas De Sus Colonias. - EL INFORMATIVO DE TAMAULIPAS","og_description":"Tampico.\u2014 El regidor Mon Mar\u00f3n hizo un llamado a la ciudadan\u00eda para que contin\u00fae denunciando las problem\u00e1ticas que afectan a sus colonias, con el fin de","og_url":"https:\/\/elinformativotam.com\/index.php\/2025\/11\/18\/exhorta-mon-maron-a-la-poblacion-a-denunciar-las-problematicas-de-sus-colonias\/","og_site_name":"EL INFORMATIVO DE TAMAULIPAS","article_published_time":"2025-11-19T01:34:18+00:00","og_image":[{"width":720,"height":758,"url":"https:\/\/elinformativotam.com\/wp-content\/uploads\/2025\/11\/Mon-1.jpg","type":"image\/jpeg"}],"author":"El Informativo Tam","twitter_card":"summary_large_image","twitter_misc":{"Escrito por":"El Informativo Tam","Tiempo de lectura":"2 minutos"},"schema":{"@context":"https:\/\/schema.org","@graph":[{"@type":"Article","@id":"https:\/\/elinformativotam.com\/index.php\/2025\/11\/18\/exhorta-mon-maron-a-la-poblacion-a-denunciar-las-problematicas-de-sus-colonias\/#article","isPartOf":{"@id":"https:\/\/elinformativotam.com\/index.php\/2025\/11\/18\/exhorta-mon-maron-a-la-poblacion-a-denunciar-las-problematicas-de-sus-colonias\/"},"author":{"name":"El Informativo Tam","@id":"https:\/\/elinformativotam.com\/#\/schema\/person\/78e08040eed0f6110f0c5f83b6153590"},"headline":"Exhorta Mon Mar\u00f3n A La Poblaci\u00f3n A Denunciar Las Problem\u00e1ticas De Sus Colonias.","datePublished":"2025-11-19T01:34:18+00:00","mainEntityOfPage":{"@id":"https:\/\/elinformativotam.com\/index.php\/2025\/11\/18\/exhorta-mon-maron-a-la-poblacion-a-denunciar-las-problematicas-de-sus-colonias\/"},"wordCount":219,"commentCount":0,"publisher":{"@id":"https:\/\/elinformativotam.com\/#organization"},"image":{"@id":"https:\/\/elinformativotam.com\/index.php\/2025\/11\/18\/exhorta-mon-maron-a-la-poblacion-a-denunciar-las-problematicas-de-sus-colonias\/#primaryimage"},"thumbnailUrl":"https:\/\/elinformativotam.com\/wp-content\/uploads\/2025\/11\/Mon-1.jpg","articleSection":["Tampico"],"inLanguage":"es","potentialAction":[{"@type":"CommentAction","name":"Comment","target":["https:\/\/elinformativotam.com\/index.php\/2025\/11\/18\/exhorta-mon-maron-a-la-poblacion-a-denunciar-las-problematicas-de-sus-colonias\/#respond"]}]},{"@type":"WebPage","@id":"https:\/\/elinformativotam.com\/index.php\/2025\/11\/18\/exhorta-mon-maron-a-la-poblacion-a-denunciar-las-problematicas-de-sus-colonias\/","url":"https:\/\/elinformativotam.com\/index.php\/2025\/11\/18\/exhorta-mon-maron-a-la-poblacion-a-denunciar-las-problematicas-de-sus-colonias\/","name":"Exhorta Mon Mar\u00f3n A La Poblaci\u00f3n A Denunciar Las Problem\u00e1ticas De Sus Colonias. - EL INFORMATIVO DE TAMAULIPAS","isPartOf":{"@id":"https:\/\/elinformativotam.com\/#website"},"primaryImageOfPage":{"@id":"https:\/\/elinformativotam.com\/index.php\/2025\/11\/18\/exhorta-mon-maron-a-la-poblacion-a-denunciar-las-problematicas-de-sus-colonias\/#primaryimage"},"image":{"@id":"https:\/\/elinformativotam.com\/index.php\/2025\/11\/18\/exhorta-mon-maron-a-la-poblacion-a-denunciar-las-problematicas-de-sus-colonias\/#primaryimage"},"thumbnailUrl":"https:\/\/elinformativotam.com\/wp-content\/uploads\/2025\/11\/Mon-1.jpg","datePublished":"2025-11-19T01:34:18+00:00","description":"Tampico.\u2014 El regidor Mon Mar\u00f3n hizo un llamado a la ciudadan\u00eda para que contin\u00fae denunciando las problem\u00e1ticas que afectan a sus colonias, con el fin de","inLanguage":"es","potentialAction":[{"@type":"ReadAction","target":["https:\/\/elinformativotam.com\/index.php\/2025\/11\/18\/exhorta-mon-maron-a-la-poblacion-a-denunciar-las-problematicas-de-sus-colonias\/"]}]},{"@type":"ImageObject","inLanguage":"es","@id":"https:\/\/elinformativotam.com\/index.php\/2025\/11\/18\/exhorta-mon-maron-a-la-poblacion-a-denunciar-las-problematicas-de-sus-colonias\/#primaryimage","url":"https:\/\/elinformativotam.com\/wp-content\/uploads\/2025\/11\/Mon-1.jpg","contentUrl":"https:\/\/elinformativotam.com\/wp-content\/uploads\/2025\/11\/Mon-1.jpg","width":720,"height":758},{"@type":"WebSite","@id":"https:\/\/elinformativotam.com\/#website","url":"https:\/\/elinformativotam.com\/","name":"EL INFORMATIVO DE TAMAULIPAS","description":"Desde la Zona Metropolitana Para Todo M\u00e9xico","publisher":{"@id":"https:\/\/elinformativotam.com\/#organization"},"potentialAction":[{"@type":"SearchAction","target":{"@type":"EntryPoint","urlTemplate":"https:\/\/elinformativotam.com\/?s={search_term_string}"},"query-input":{"@type":"PropertyValueSpecification","valueRequired":true,"valueName":"search_term_string"}}],"inLanguage":"es"},{"@type":"Organization","@id":"https:\/\/elinformativotam.com\/#organization","name":"EL INFORMATIVO DE TAMAULIPAS","url":"https:\/\/elinformativotam.com\/","logo":{"@type":"ImageObject","inLanguage":"es","@id":"https:\/\/elinformativotam.com\/#\/schema\/logo\/image\/","url":"https:\/\/elinformativotam.com\/wp-content\/uploads\/2026\/02\/Cabezal.png","contentUrl":"https:\/\/elinformativotam.com\/wp-content\/uploads\/2026\/02\/Cabezal.png","width":960,"height":640,"caption":"EL INFORMATIVO DE TAMAULIPAS"},"image":{"@id":"https:\/\/elinformativotam.com\/#\/schema\/logo\/image\/"}},{"@type":"Person","@id":"https:\/\/elinformativotam.com\/#\/schema\/person\/78e08040eed0f6110f0c5f83b6153590","name":"El Informativo Tam","image":{"@type":"ImageObject","inLanguage":"es","@id":"https:\/\/secure.gravatar.com\/avatar\/f3b7ad3af540688955925ac610647be00b0cf41feea9c4978b73a707ee86bc53?s=96&d=mm&r=g","url":"https:\/\/secure.gravatar.com\/avatar\/f3b7ad3af540688955925ac610647be00b0cf41feea9c4978b73a707ee86bc53?s=96&d=mm&r=g","contentUrl":"https:\/\/secure.gravatar.com\/avatar\/f3b7ad3af540688955925ac610647be00b0cf41feea9c4978b73a707ee86bc53?s=96&d=mm&r=g","caption":"El Informativo Tam"}}]}},"_links":{"self":[{"href":"https:\/\/elinformativotam.com\/index.php\/wp-json\/wp\/v2\/posts\/56696","targetHints":{"allow":["GET"]}}],"collection":[{"href":"https:\/\/elinformativotam.com\/index.php\/wp-json\/wp\/v2\/posts"}],"about":[{"href":"https:\/\/elinformativotam.com\/index.php\/wp-json\/wp\/v2\/types\/post"}],"author":[{"embeddable":true,"href":"https:\/\/elinformativotam.com\/index.php\/wp-json\/wp\/v2\/users\/1"}],"replies":[{"embeddable":true,"href":"https:\/\/elinformativotam.com\/index.php\/wp-json\/wp\/v2\/comments?post=56696"}],"version-history":[{"count":1,"href":"https:\/\/elinformativotam.com\/index.php\/wp-json\/wp\/v2\/posts\/56696\/revisions"}],"predecessor-version":[{"id":56698,"href":"https:\/\/elinformativotam.com\/index.php\/wp-json\/wp\/v2\/posts\/56696\/revisions\/56698"}],"wp:featuredmedia":[{"embeddable":true,"href":"https:\/\/elinformativotam.com\/index.php\/wp-json\/wp\/v2\/media\/56697"}],"wp:attachment":[{"href":"https:\/\/elinformativotam.com\/index.php\/wp-json\/wp\/v2\/media?parent=56696"}],"wp:term":[{"taxonomy":"category","embeddable":true,"href":"https:\/\/elinformativotam.com\/index.php\/wp-json\/wp\/v2\/categories?post=56696"},{"taxonomy":"post_tag","embeddable":true,"href":"https:\/\/elinformativotam.com\/index.php\/wp-json\/wp\/v2\/tags?post=56696"}],"curies":[{"name":"wp","href":"https:\/\/api.w.org\/{rel}","templated":true}]}}