{"id":566,"date":"2019-11-06T21:56:56","date_gmt":"2019-11-07T03:56:56","guid":{"rendered":"http:\/\/elinformativotam.com\/?p=566"},"modified":"2019-11-06T21:56:56","modified_gmt":"2019-11-07T03:56:56","slug":"rosa-muela-deja-de-coordinacion-de-becas","status":"publish","type":"post","link":"https:\/\/elinformativotam.com\/index.php\/2019\/11\/06\/rosa-muela-deja-de-coordinacion-de-becas\/","title":{"rendered":"ROSA MUELA DEJA DE COORDINACI\u00d3N  DE BECAS"},"content":{"rendered":"<p><em><strong>* A LA TAMPIQUE\u00d1A, SE LE ACAB\u00d3 LA BECA\u00a0<\/strong><\/em><\/p>\n<p>&nbsp;<\/p>\n<p>A casi un a\u00f1o de haber asumido la responsabilidad a trav\u00e9s de la coordinaci\u00f3n del programa de becas federales &#8220;Benito Ju\u00e1rez&#8221; en el estado, Rosa Mar\u00eda Muela Morales renunci\u00f3 a esa encomienda.<\/p>\n<p>&nbsp;<\/p>\n<p>La ahora ex funcionaria federal en Tamaulipas emiti\u00f3 un comunicado en el que manifest\u00f3: &#8220;con profundo agradecimiento, me permito dirigir este mensaje a todos y todas que me acompa\u00f1aron en este importante proyecto; el tener la oportunidad de estar al frente de la Oficina de representaci\u00f3n de la Coordinaci\u00f3n Nacional de Becas Benito Ju\u00e1rez en Tamaulipas, ha sido una experiencia altamente gratificante, en la que me fue posible conocer y reconocer el esfuerzo y la dedicaci\u00f3n de cada uno de los miembros de este gran equipo de trabajo&#8221;<\/p>\n<p><img loading=\"lazy\" decoding=\"async\" class=\" wp-image-567 aligncenter\" src=\"https:\/\/elinformativotam.com\/wp-content\/uploads\/2019\/11\/Maria-Muela-696x387-300x167.jpg\" alt=\"\" width=\"763\" height=\"425\" \/><\/p>\n<p>Agreg\u00f3 que: &#8220;la experiencia de trabajar juntos en pro de la educaci\u00f3n de nuestro Estado es la m\u00e1s valiosa de las ense\u00f1anzas, reconociendo que trabajar por la igualdad de oportunidades para la formaci\u00f3n acad\u00e9mica de ni\u00f1os y j\u00f3venes es el camino a seguir para lograr un desarrollo para nuestra sociedad y nuestro pa\u00eds&#8221;<\/p>\n<p>&nbsp;<\/p>\n<p>No especific\u00f3 si tendr\u00e1 otra encomienda, pero es actualmente un activo muy importante de MORENA en Tamaulipas.<\/p>\n","protected":false},"excerpt":{"rendered":"<p>* A LA TAMPIQUE\u00d1A, SE LE ACAB\u00d3 LA BECA\u00a0 &nbsp; A casi un a\u00f1o de haber asumido la responsabilidad a&hellip;<\/p>\n","protected":false},"author":1,"featured_media":0,"comment_status":"open","ping_status":"open","sticky":false,"template":"","format":"standard","meta":{"footnotes":""},"categories":[6],"tags":[],"class_list":["post-566","post","type-post","status-publish","format-standard","hentry","category-tamaulipas"],"yoast_head":"<!-- This site is optimized with the Yoast SEO plugin v27.5 - https:\/\/yoast.com\/product\/yoast-seo-wordpress\/ -->\n<title>ROSA MUELA DEJA DE COORDINACI\u00d3N DE BECAS - EL INFORMATIVO DE TAMAULIPAS<\/title>\n<meta name=\"description\" content=\"* A LA TAMPIQUE\u00d1A, SE LE ACAB\u00d3 LA BECA\u00a0 &nbsp; A casi un a\u00f1o de haber asumido la responsabilidad a trav\u00e9s de la coordinaci\u00f3n del programa de becas\" \/>\n<meta name=\"robots\" content=\"index, follow, max-snippet:-1, max-image-preview:large, max-video-preview:-1\" \/>\n<link rel=\"canonical\" href=\"https:\/\/elinformativotam.com\/index.php\/2019\/11\/06\/rosa-muela-deja-de-coordinacion-de-becas\/\" \/>\n<meta property=\"og:locale\" content=\"es_MX\" \/>\n<meta property=\"og:type\" content=\"article\" \/>\n<meta property=\"og:title\" content=\"ROSA MUELA DEJA DE COORDINACI\u00d3N DE BECAS - EL INFORMATIVO DE TAMAULIPAS\" \/>\n<meta property=\"og:description\" content=\"* A LA TAMPIQUE\u00d1A, SE LE ACAB\u00d3 LA BECA\u00a0 &nbsp; A casi un a\u00f1o de haber asumido la responsabilidad a trav\u00e9s de la coordinaci\u00f3n del programa de becas\" \/>\n<meta property=\"og:url\" content=\"https:\/\/elinformativotam.com\/index.php\/2019\/11\/06\/rosa-muela-deja-de-coordinacion-de-becas\/\" \/>\n<meta property=\"og:site_name\" content=\"EL INFORMATIVO DE TAMAULIPAS\" \/>\n<meta property=\"article:published_time\" content=\"2019-11-07T03:56:56+00:00\" \/>\n<meta property=\"og:image\" content=\"http:\/\/elinformativotam.com\/wp-content\/uploads\/2019\/11\/Maria-Muela-696x387-300x167.jpg\" \/>\n<meta name=\"author\" content=\"El Informativo Tam\" \/>\n<meta name=\"twitter:card\" content=\"summary_large_image\" \/>\n<meta name=\"twitter:label1\" content=\"Escrito por\" \/>\n\t<meta name=\"twitter:data1\" content=\"El Informativo Tam\" \/>\n\t<meta name=\"twitter:label2\" content=\"Tiempo de lectura\" \/>\n\t<meta name=\"twitter:data2\" content=\"1 minuto\" \/>\n<script type=\"application\/ld+json\" class=\"yoast-schema-graph\">{\"@context\":\"https:\\\/\\\/schema.org\",\"@graph\":[{\"@type\":\"Article\",\"@id\":\"https:\\\/\\\/elinformativotam.com\\\/index.php\\\/2019\\\/11\\\/06\\\/rosa-muela-deja-de-coordinacion-de-becas\\\/#article\",\"isPartOf\":{\"@id\":\"https:\\\/\\\/elinformativotam.com\\\/index.php\\\/2019\\\/11\\\/06\\\/rosa-muela-deja-de-coordinacion-de-becas\\\/\"},\"author\":{\"name\":\"El Informativo Tam\",\"@id\":\"https:\\\/\\\/elinformativotam.com\\\/#\\\/schema\\\/person\\\/78e08040eed0f6110f0c5f83b6153590\"},\"headline\":\"ROSA MUELA DEJA DE COORDINACI\u00d3N DE BECAS\",\"datePublished\":\"2019-11-07T03:56:56+00:00\",\"mainEntityOfPage\":{\"@id\":\"https:\\\/\\\/elinformativotam.com\\\/index.php\\\/2019\\\/11\\\/06\\\/rosa-muela-deja-de-coordinacion-de-becas\\\/\"},\"wordCount\":228,\"commentCount\":0,\"publisher\":{\"@id\":\"https:\\\/\\\/elinformativotam.com\\\/#organization\"},\"image\":{\"@id\":\"https:\\\/\\\/elinformativotam.com\\\/index.php\\\/2019\\\/11\\\/06\\\/rosa-muela-deja-de-coordinacion-de-becas\\\/#primaryimage\"},\"thumbnailUrl\":\"http:\\\/\\\/elinformativotam.com\\\/wp-content\\\/uploads\\\/2019\\\/11\\\/Maria-Muela-696x387-300x167.jpg\",\"articleSection\":[\"Tamaulipas\"],\"inLanguage\":\"es\",\"potentialAction\":[{\"@type\":\"CommentAction\",\"name\":\"Comment\",\"target\":[\"https:\\\/\\\/elinformativotam.com\\\/index.php\\\/2019\\\/11\\\/06\\\/rosa-muela-deja-de-coordinacion-de-becas\\\/#respond\"]}]},{\"@type\":\"WebPage\",\"@id\":\"https:\\\/\\\/elinformativotam.com\\\/index.php\\\/2019\\\/11\\\/06\\\/rosa-muela-deja-de-coordinacion-de-becas\\\/\",\"url\":\"https:\\\/\\\/elinformativotam.com\\\/index.php\\\/2019\\\/11\\\/06\\\/rosa-muela-deja-de-coordinacion-de-becas\\\/\",\"name\":\"ROSA MUELA DEJA DE COORDINACI\u00d3N DE BECAS - EL INFORMATIVO DE TAMAULIPAS\",\"isPartOf\":{\"@id\":\"https:\\\/\\\/elinformativotam.com\\\/#website\"},\"primaryImageOfPage\":{\"@id\":\"https:\\\/\\\/elinformativotam.com\\\/index.php\\\/2019\\\/11\\\/06\\\/rosa-muela-deja-de-coordinacion-de-becas\\\/#primaryimage\"},\"image\":{\"@id\":\"https:\\\/\\\/elinformativotam.com\\\/index.php\\\/2019\\\/11\\\/06\\\/rosa-muela-deja-de-coordinacion-de-becas\\\/#primaryimage\"},\"thumbnailUrl\":\"http:\\\/\\\/elinformativotam.com\\\/wp-content\\\/uploads\\\/2019\\\/11\\\/Maria-Muela-696x387-300x167.jpg\",\"datePublished\":\"2019-11-07T03:56:56+00:00\",\"description\":\"* A LA TAMPIQUE\u00d1A, SE LE ACAB\u00d3 LA BECA\u00a0 &nbsp; A casi un a\u00f1o de haber asumido la responsabilidad a trav\u00e9s de la coordinaci\u00f3n del programa de becas\",\"inLanguage\":\"es\",\"potentialAction\":[{\"@type\":\"ReadAction\",\"target\":[\"https:\\\/\\\/elinformativotam.com\\\/index.php\\\/2019\\\/11\\\/06\\\/rosa-muela-deja-de-coordinacion-de-becas\\\/\"]}]},{\"@type\":\"ImageObject\",\"inLanguage\":\"es\",\"@id\":\"https:\\\/\\\/elinformativotam.com\\\/index.php\\\/2019\\\/11\\\/06\\\/rosa-muela-deja-de-coordinacion-de-becas\\\/#primaryimage\",\"url\":\"http:\\\/\\\/elinformativotam.com\\\/wp-content\\\/uploads\\\/2019\\\/11\\\/Maria-Muela-696x387-300x167.jpg\",\"contentUrl\":\"http:\\\/\\\/elinformativotam.com\\\/wp-content\\\/uploads\\\/2019\\\/11\\\/Maria-Muela-696x387-300x167.jpg\"},{\"@type\":\"WebSite\",\"@id\":\"https:\\\/\\\/elinformativotam.com\\\/#website\",\"url\":\"https:\\\/\\\/elinformativotam.com\\\/\",\"name\":\"EL INFORMATIVO DE TAMAULIPAS\",\"description\":\"Desde la Zona Metropolitana Para Todo M\u00e9xico\",\"publisher\":{\"@id\":\"https:\\\/\\\/elinformativotam.com\\\/#organization\"},\"potentialAction\":[{\"@type\":\"SearchAction\",\"target\":{\"@type\":\"EntryPoint\",\"urlTemplate\":\"https:\\\/\\\/elinformativotam.com\\\/?s={search_term_string}\"},\"query-input\":{\"@type\":\"PropertyValueSpecification\",\"valueRequired\":true,\"valueName\":\"search_term_string\"}}],\"inLanguage\":\"es\"},{\"@type\":\"Organization\",\"@id\":\"https:\\\/\\\/elinformativotam.com\\\/#organization\",\"name\":\"EL INFORMATIVO DE TAMAULIPAS\",\"url\":\"https:\\\/\\\/elinformativotam.com\\\/\",\"logo\":{\"@type\":\"ImageObject\",\"inLanguage\":\"es\",\"@id\":\"https:\\\/\\\/elinformativotam.com\\\/#\\\/schema\\\/logo\\\/image\\\/\",\"url\":\"https:\\\/\\\/elinformativotam.com\\\/wp-content\\\/uploads\\\/2026\\\/02\\\/Cabezal.png\",\"contentUrl\":\"https:\\\/\\\/elinformativotam.com\\\/wp-content\\\/uploads\\\/2026\\\/02\\\/Cabezal.png\",\"width\":960,\"height\":640,\"caption\":\"EL INFORMATIVO DE TAMAULIPAS\"},\"image\":{\"@id\":\"https:\\\/\\\/elinformativotam.com\\\/#\\\/schema\\\/logo\\\/image\\\/\"}},{\"@type\":\"Person\",\"@id\":\"https:\\\/\\\/elinformativotam.com\\\/#\\\/schema\\\/person\\\/78e08040eed0f6110f0c5f83b6153590\",\"name\":\"El Informativo Tam\",\"image\":{\"@type\":\"ImageObject\",\"inLanguage\":\"es\",\"@id\":\"https:\\\/\\\/secure.gravatar.com\\\/avatar\\\/f3b7ad3af540688955925ac610647be00b0cf41feea9c4978b73a707ee86bc53?s=96&d=mm&r=g\",\"url\":\"https:\\\/\\\/secure.gravatar.com\\\/avatar\\\/f3b7ad3af540688955925ac610647be00b0cf41feea9c4978b73a707ee86bc53?s=96&d=mm&r=g\",\"contentUrl\":\"https:\\\/\\\/secure.gravatar.com\\\/avatar\\\/f3b7ad3af540688955925ac610647be00b0cf41feea9c4978b73a707ee86bc53?s=96&d=mm&r=g\",\"caption\":\"El Informativo Tam\"}}]}<\/script>\n<!-- \/ Yoast SEO plugin. -->","yoast_head_json":{"title":"ROSA MUELA DEJA DE COORDINACI\u00d3N DE BECAS - EL INFORMATIVO DE TAMAULIPAS","description":"* A LA TAMPIQUE\u00d1A, SE LE ACAB\u00d3 LA BECA\u00a0 &nbsp; A casi un a\u00f1o de haber asumido la responsabilidad a trav\u00e9s de la coordinaci\u00f3n del programa de becas","robots":{"index":"index","follow":"follow","max-snippet":"max-snippet:-1","max-image-preview":"max-image-preview:large","max-video-preview":"max-video-preview:-1"},"canonical":"https:\/\/elinformativotam.com\/index.php\/2019\/11\/06\/rosa-muela-deja-de-coordinacion-de-becas\/","og_locale":"es_MX","og_type":"article","og_title":"ROSA MUELA DEJA DE COORDINACI\u00d3N DE BECAS - EL INFORMATIVO DE TAMAULIPAS","og_description":"* A LA TAMPIQUE\u00d1A, SE LE ACAB\u00d3 LA BECA\u00a0 &nbsp; A casi un a\u00f1o de haber asumido la responsabilidad a trav\u00e9s de la coordinaci\u00f3n del programa de becas","og_url":"https:\/\/elinformativotam.com\/index.php\/2019\/11\/06\/rosa-muela-deja-de-coordinacion-de-becas\/","og_site_name":"EL INFORMATIVO DE TAMAULIPAS","article_published_time":"2019-11-07T03:56:56+00:00","og_image":[{"url":"http:\/\/elinformativotam.com\/wp-content\/uploads\/2019\/11\/Maria-Muela-696x387-300x167.jpg","type":"","width":"","height":""}],"author":"El Informativo Tam","twitter_card":"summary_large_image","twitter_misc":{"Escrito por":"El Informativo Tam","Tiempo de lectura":"1 minuto"},"schema":{"@context":"https:\/\/schema.org","@graph":[{"@type":"Article","@id":"https:\/\/elinformativotam.com\/index.php\/2019\/11\/06\/rosa-muela-deja-de-coordinacion-de-becas\/#article","isPartOf":{"@id":"https:\/\/elinformativotam.com\/index.php\/2019\/11\/06\/rosa-muela-deja-de-coordinacion-de-becas\/"},"author":{"name":"El Informativo Tam","@id":"https:\/\/elinformativotam.com\/#\/schema\/person\/78e08040eed0f6110f0c5f83b6153590"},"headline":"ROSA MUELA DEJA DE COORDINACI\u00d3N DE BECAS","datePublished":"2019-11-07T03:56:56+00:00","mainEntityOfPage":{"@id":"https:\/\/elinformativotam.com\/index.php\/2019\/11\/06\/rosa-muela-deja-de-coordinacion-de-becas\/"},"wordCount":228,"commentCount":0,"publisher":{"@id":"https:\/\/elinformativotam.com\/#organization"},"image":{"@id":"https:\/\/elinformativotam.com\/index.php\/2019\/11\/06\/rosa-muela-deja-de-coordinacion-de-becas\/#primaryimage"},"thumbnailUrl":"http:\/\/elinformativotam.com\/wp-content\/uploads\/2019\/11\/Maria-Muela-696x387-300x167.jpg","articleSection":["Tamaulipas"],"inLanguage":"es","potentialAction":[{"@type":"CommentAction","name":"Comment","target":["https:\/\/elinformativotam.com\/index.php\/2019\/11\/06\/rosa-muela-deja-de-coordinacion-de-becas\/#respond"]}]},{"@type":"WebPage","@id":"https:\/\/elinformativotam.com\/index.php\/2019\/11\/06\/rosa-muela-deja-de-coordinacion-de-becas\/","url":"https:\/\/elinformativotam.com\/index.php\/2019\/11\/06\/rosa-muela-deja-de-coordinacion-de-becas\/","name":"ROSA MUELA DEJA DE COORDINACI\u00d3N DE BECAS - EL INFORMATIVO DE TAMAULIPAS","isPartOf":{"@id":"https:\/\/elinformativotam.com\/#website"},"primaryImageOfPage":{"@id":"https:\/\/elinformativotam.com\/index.php\/2019\/11\/06\/rosa-muela-deja-de-coordinacion-de-becas\/#primaryimage"},"image":{"@id":"https:\/\/elinformativotam.com\/index.php\/2019\/11\/06\/rosa-muela-deja-de-coordinacion-de-becas\/#primaryimage"},"thumbnailUrl":"http:\/\/elinformativotam.com\/wp-content\/uploads\/2019\/11\/Maria-Muela-696x387-300x167.jpg","datePublished":"2019-11-07T03:56:56+00:00","description":"* A LA TAMPIQUE\u00d1A, SE LE ACAB\u00d3 LA BECA\u00a0 &nbsp; A casi un a\u00f1o de haber asumido la responsabilidad a trav\u00e9s de la coordinaci\u00f3n del programa de becas","inLanguage":"es","potentialAction":[{"@type":"ReadAction","target":["https:\/\/elinformativotam.com\/index.php\/2019\/11\/06\/rosa-muela-deja-de-coordinacion-de-becas\/"]}]},{"@type":"ImageObject","inLanguage":"es","@id":"https:\/\/elinformativotam.com\/index.php\/2019\/11\/06\/rosa-muela-deja-de-coordinacion-de-becas\/#primaryimage","url":"http:\/\/elinformativotam.com\/wp-content\/uploads\/2019\/11\/Maria-Muela-696x387-300x167.jpg","contentUrl":"http:\/\/elinformativotam.com\/wp-content\/uploads\/2019\/11\/Maria-Muela-696x387-300x167.jpg"},{"@type":"WebSite","@id":"https:\/\/elinformativotam.com\/#website","url":"https:\/\/elinformativotam.com\/","name":"EL INFORMATIVO DE TAMAULIPAS","description":"Desde la Zona Metropolitana Para Todo M\u00e9xico","publisher":{"@id":"https:\/\/elinformativotam.com\/#organization"},"potentialAction":[{"@type":"SearchAction","target":{"@type":"EntryPoint","urlTemplate":"https:\/\/elinformativotam.com\/?s={search_term_string}"},"query-input":{"@type":"PropertyValueSpecification","valueRequired":true,"valueName":"search_term_string"}}],"inLanguage":"es"},{"@type":"Organization","@id":"https:\/\/elinformativotam.com\/#organization","name":"EL INFORMATIVO DE TAMAULIPAS","url":"https:\/\/elinformativotam.com\/","logo":{"@type":"ImageObject","inLanguage":"es","@id":"https:\/\/elinformativotam.com\/#\/schema\/logo\/image\/","url":"https:\/\/elinformativotam.com\/wp-content\/uploads\/2026\/02\/Cabezal.png","contentUrl":"https:\/\/elinformativotam.com\/wp-content\/uploads\/2026\/02\/Cabezal.png","width":960,"height":640,"caption":"EL INFORMATIVO DE TAMAULIPAS"},"image":{"@id":"https:\/\/elinformativotam.com\/#\/schema\/logo\/image\/"}},{"@type":"Person","@id":"https:\/\/elinformativotam.com\/#\/schema\/person\/78e08040eed0f6110f0c5f83b6153590","name":"El Informativo Tam","image":{"@type":"ImageObject","inLanguage":"es","@id":"https:\/\/secure.gravatar.com\/avatar\/f3b7ad3af540688955925ac610647be00b0cf41feea9c4978b73a707ee86bc53?s=96&d=mm&r=g","url":"https:\/\/secure.gravatar.com\/avatar\/f3b7ad3af540688955925ac610647be00b0cf41feea9c4978b73a707ee86bc53?s=96&d=mm&r=g","contentUrl":"https:\/\/secure.gravatar.com\/avatar\/f3b7ad3af540688955925ac610647be00b0cf41feea9c4978b73a707ee86bc53?s=96&d=mm&r=g","caption":"El Informativo Tam"}}]}},"_links":{"self":[{"href":"https:\/\/elinformativotam.com\/index.php\/wp-json\/wp\/v2\/posts\/566","targetHints":{"allow":["GET"]}}],"collection":[{"href":"https:\/\/elinformativotam.com\/index.php\/wp-json\/wp\/v2\/posts"}],"about":[{"href":"https:\/\/elinformativotam.com\/index.php\/wp-json\/wp\/v2\/types\/post"}],"author":[{"embeddable":true,"href":"https:\/\/elinformativotam.com\/index.php\/wp-json\/wp\/v2\/users\/1"}],"replies":[{"embeddable":true,"href":"https:\/\/elinformativotam.com\/index.php\/wp-json\/wp\/v2\/comments?post=566"}],"version-history":[{"count":0,"href":"https:\/\/elinformativotam.com\/index.php\/wp-json\/wp\/v2\/posts\/566\/revisions"}],"wp:attachment":[{"href":"https:\/\/elinformativotam.com\/index.php\/wp-json\/wp\/v2\/media?parent=566"}],"wp:term":[{"taxonomy":"category","embeddable":true,"href":"https:\/\/elinformativotam.com\/index.php\/wp-json\/wp\/v2\/categories?post=566"},{"taxonomy":"post_tag","embeddable":true,"href":"https:\/\/elinformativotam.com\/index.php\/wp-json\/wp\/v2\/tags?post=566"}],"curies":[{"name":"wp","href":"https:\/\/api.w.org\/{rel}","templated":true}]}}