{"id":56066,"date":"2025-09-01T20:36:39","date_gmt":"2025-09-02T02:36:39","guid":{"rendered":"https:\/\/elinformativotam.com\/?p=56066"},"modified":"2025-09-01T20:36:39","modified_gmt":"2025-09-02T02:36:39","slug":"secundaria-isaac-newton-inicia-ciclo-escolar-sin-energia-electrica-desde-abril","status":"publish","type":"post","link":"https:\/\/elinformativotam.com\/index.php\/2025\/09\/01\/secundaria-isaac-newton-inicia-ciclo-escolar-sin-energia-electrica-desde-abril\/","title":{"rendered":"SECUNDARIA \u201cISAAC NEWTON\u201d INICIA CICLO ESCOLAR SIN ENERG\u00cdA EL\u00c9CTRICA DESDE ABRIL"},"content":{"rendered":"<p>Cd. Madero, Tamaulipas.\u2013 El ciclo escolar 2025-2026 comenz\u00f3 en medio de una crisis en la Secundaria General No. 7 \u201cIsaac Newton\u201d, donde m\u00e1s de 500 alumnos enfrentan la falta de energ\u00eda el\u00e9ctrica desde abril, tras un conato de\u2079 incendio que da\u00f1\u00f3 el transformador y el sistema de cableado del plantel.<\/p>\n<p>&nbsp;<\/p>\n<p>El director, Jos\u00e9 Mario Mar\u00edn Roque, indic\u00f3 que la situaci\u00f3n se ha vuelto insostenible para ambas partes.<\/p>\n<p>&nbsp;<\/p>\n<p>\u201cLa situaci\u00f3n es preocupante. Ya hemos platicado con los padres de familia para ver c\u00f3mo resolvemos, pero sin luz es muy dif\u00edcil trabajar. El calor es intenso y sin ventilaci\u00f3n los salones son pr\u00e1cticamente inhabitables\u201d.<\/p>\n<p>&nbsp;<\/p>\n<p>La escuela, que atiende entre 500 y 600 estudiantes distribuidos en 18 grupos, por lo que implement\u00f3 un esquema h\u00edbrido: dos d\u00edas de clases presenciales y dos en l\u00ednea. Sin embargo, la medida ha generado inconformidad entre docentes y padres de familia, quienes aseguran que la ense\u00f1anza virtual no sustituye la educaci\u00f3n presencial.<\/p>\n<p>&nbsp;<\/p>\n<p>Paola Figueroa, madre de una alumna de segundo grado, manifest\u00f3 su frustraci\u00f3n, ya que pensaron que al regresar a clases ya estar\u00eda solucionado, pero siguen igual, y no se puede tener a los ni\u00f1os con ese calor.<\/p>\n<p>&nbsp;<\/p>\n<p>&nbsp;<\/p>\n","protected":false},"excerpt":{"rendered":"<p>Cd. Madero, Tamaulipas.\u2013 El ciclo escolar 2025-2026 comenz\u00f3 en medio de una crisis en la Secundaria General No. 7 \u201cIsaac&hellip;<\/p>\n","protected":false},"author":1,"featured_media":56062,"comment_status":"open","ping_status":"open","sticky":false,"template":"","format":"standard","meta":{"footnotes":""},"categories":[4],"tags":[],"class_list":["post-56066","post","type-post","status-publish","format-standard","has-post-thumbnail","hentry","category-madero"],"yoast_head":"<!-- This site is optimized with the Yoast SEO plugin v27.5 - https:\/\/yoast.com\/product\/yoast-seo-wordpress\/ -->\n<title>SECUNDARIA \u201cISAAC NEWTON\u201d INICIA CICLO ESCOLAR SIN ENERG\u00cdA EL\u00c9CTRICA DESDE ABRIL - EL INFORMATIVO DE TAMAULIPAS<\/title>\n<meta name=\"description\" content=\"Cd. Madero, Tamaulipas.\u2013 El ciclo escolar 2025-2026 comenz\u00f3 en medio de una crisis en la Secundaria General No. 7 \u201cIsaac Newton\u201d, donde m\u00e1s de 500 alumnos\" \/>\n<meta name=\"robots\" content=\"index, follow, max-snippet:-1, max-image-preview:large, max-video-preview:-1\" \/>\n<link rel=\"canonical\" href=\"https:\/\/elinformativotam.com\/index.php\/2025\/09\/01\/secundaria-isaac-newton-inicia-ciclo-escolar-sin-energia-electrica-desde-abril\/\" \/>\n<meta property=\"og:locale\" content=\"es_MX\" \/>\n<meta property=\"og:type\" content=\"article\" \/>\n<meta property=\"og:title\" content=\"SECUNDARIA \u201cISAAC NEWTON\u201d INICIA CICLO ESCOLAR SIN ENERG\u00cdA EL\u00c9CTRICA DESDE ABRIL - EL INFORMATIVO DE TAMAULIPAS\" \/>\n<meta property=\"og:description\" content=\"Cd. Madero, Tamaulipas.\u2013 El ciclo escolar 2025-2026 comenz\u00f3 en medio de una crisis en la Secundaria General No. 7 \u201cIsaac Newton\u201d, donde m\u00e1s de 500 alumnos\" \/>\n<meta property=\"og:url\" content=\"https:\/\/elinformativotam.com\/index.php\/2025\/09\/01\/secundaria-isaac-newton-inicia-ciclo-escolar-sin-energia-electrica-desde-abril\/\" \/>\n<meta property=\"og:site_name\" content=\"EL INFORMATIVO DE TAMAULIPAS\" \/>\n<meta property=\"article:published_time\" content=\"2025-09-02T02:36:39+00:00\" \/>\n<meta property=\"og:image\" content=\"https:\/\/elinformativotam.com\/wp-content\/uploads\/2025\/09\/Secundaria.jpg\" \/>\n\t<meta property=\"og:image:width\" content=\"1600\" \/>\n\t<meta property=\"og:image:height\" content=\"1200\" \/>\n\t<meta property=\"og:image:type\" content=\"image\/jpeg\" \/>\n<meta name=\"author\" content=\"El Informativo Tam\" \/>\n<meta name=\"twitter:card\" content=\"summary_large_image\" \/>\n<meta name=\"twitter:label1\" content=\"Escrito por\" \/>\n\t<meta name=\"twitter:data1\" content=\"El Informativo Tam\" \/>\n\t<meta name=\"twitter:label2\" content=\"Tiempo de lectura\" \/>\n\t<meta name=\"twitter:data2\" content=\"1 minuto\" \/>\n<script type=\"application\/ld+json\" class=\"yoast-schema-graph\">{\"@context\":\"https:\\\/\\\/schema.org\",\"@graph\":[{\"@type\":\"Article\",\"@id\":\"https:\\\/\\\/elinformativotam.com\\\/index.php\\\/2025\\\/09\\\/01\\\/secundaria-isaac-newton-inicia-ciclo-escolar-sin-energia-electrica-desde-abril\\\/#article\",\"isPartOf\":{\"@id\":\"https:\\\/\\\/elinformativotam.com\\\/index.php\\\/2025\\\/09\\\/01\\\/secundaria-isaac-newton-inicia-ciclo-escolar-sin-energia-electrica-desde-abril\\\/\"},\"author\":{\"name\":\"El Informativo Tam\",\"@id\":\"https:\\\/\\\/elinformativotam.com\\\/#\\\/schema\\\/person\\\/78e08040eed0f6110f0c5f83b6153590\"},\"headline\":\"SECUNDARIA \u201cISAAC NEWTON\u201d INICIA CICLO ESCOLAR SIN ENERG\u00cdA EL\u00c9CTRICA DESDE ABRIL\",\"datePublished\":\"2025-09-02T02:36:39+00:00\",\"mainEntityOfPage\":{\"@id\":\"https:\\\/\\\/elinformativotam.com\\\/index.php\\\/2025\\\/09\\\/01\\\/secundaria-isaac-newton-inicia-ciclo-escolar-sin-energia-electrica-desde-abril\\\/\"},\"wordCount\":224,\"commentCount\":0,\"publisher\":{\"@id\":\"https:\\\/\\\/elinformativotam.com\\\/#organization\"},\"image\":{\"@id\":\"https:\\\/\\\/elinformativotam.com\\\/index.php\\\/2025\\\/09\\\/01\\\/secundaria-isaac-newton-inicia-ciclo-escolar-sin-energia-electrica-desde-abril\\\/#primaryimage\"},\"thumbnailUrl\":\"https:\\\/\\\/elinformativotam.com\\\/wp-content\\\/uploads\\\/2025\\\/09\\\/Secundaria.jpg\",\"articleSection\":[\"Cd Madero\"],\"inLanguage\":\"es\",\"potentialAction\":[{\"@type\":\"CommentAction\",\"name\":\"Comment\",\"target\":[\"https:\\\/\\\/elinformativotam.com\\\/index.php\\\/2025\\\/09\\\/01\\\/secundaria-isaac-newton-inicia-ciclo-escolar-sin-energia-electrica-desde-abril\\\/#respond\"]}]},{\"@type\":\"WebPage\",\"@id\":\"https:\\\/\\\/elinformativotam.com\\\/index.php\\\/2025\\\/09\\\/01\\\/secundaria-isaac-newton-inicia-ciclo-escolar-sin-energia-electrica-desde-abril\\\/\",\"url\":\"https:\\\/\\\/elinformativotam.com\\\/index.php\\\/2025\\\/09\\\/01\\\/secundaria-isaac-newton-inicia-ciclo-escolar-sin-energia-electrica-desde-abril\\\/\",\"name\":\"SECUNDARIA \u201cISAAC NEWTON\u201d INICIA CICLO ESCOLAR SIN ENERG\u00cdA EL\u00c9CTRICA DESDE ABRIL - EL INFORMATIVO DE TAMAULIPAS\",\"isPartOf\":{\"@id\":\"https:\\\/\\\/elinformativotam.com\\\/#website\"},\"primaryImageOfPage\":{\"@id\":\"https:\\\/\\\/elinformativotam.com\\\/index.php\\\/2025\\\/09\\\/01\\\/secundaria-isaac-newton-inicia-ciclo-escolar-sin-energia-electrica-desde-abril\\\/#primaryimage\"},\"image\":{\"@id\":\"https:\\\/\\\/elinformativotam.com\\\/index.php\\\/2025\\\/09\\\/01\\\/secundaria-isaac-newton-inicia-ciclo-escolar-sin-energia-electrica-desde-abril\\\/#primaryimage\"},\"thumbnailUrl\":\"https:\\\/\\\/elinformativotam.com\\\/wp-content\\\/uploads\\\/2025\\\/09\\\/Secundaria.jpg\",\"datePublished\":\"2025-09-02T02:36:39+00:00\",\"description\":\"Cd. Madero, Tamaulipas.\u2013 El ciclo escolar 2025-2026 comenz\u00f3 en medio de una crisis en la Secundaria General No. 7 \u201cIsaac Newton\u201d, donde m\u00e1s de 500 alumnos\",\"inLanguage\":\"es\",\"potentialAction\":[{\"@type\":\"ReadAction\",\"target\":[\"https:\\\/\\\/elinformativotam.com\\\/index.php\\\/2025\\\/09\\\/01\\\/secundaria-isaac-newton-inicia-ciclo-escolar-sin-energia-electrica-desde-abril\\\/\"]}]},{\"@type\":\"ImageObject\",\"inLanguage\":\"es\",\"@id\":\"https:\\\/\\\/elinformativotam.com\\\/index.php\\\/2025\\\/09\\\/01\\\/secundaria-isaac-newton-inicia-ciclo-escolar-sin-energia-electrica-desde-abril\\\/#primaryimage\",\"url\":\"https:\\\/\\\/elinformativotam.com\\\/wp-content\\\/uploads\\\/2025\\\/09\\\/Secundaria.jpg\",\"contentUrl\":\"https:\\\/\\\/elinformativotam.com\\\/wp-content\\\/uploads\\\/2025\\\/09\\\/Secundaria.jpg\",\"width\":1600,\"height\":1200},{\"@type\":\"WebSite\",\"@id\":\"https:\\\/\\\/elinformativotam.com\\\/#website\",\"url\":\"https:\\\/\\\/elinformativotam.com\\\/\",\"name\":\"EL INFORMATIVO DE TAMAULIPAS\",\"description\":\"Desde la Zona Metropolitana Para Todo M\u00e9xico\",\"publisher\":{\"@id\":\"https:\\\/\\\/elinformativotam.com\\\/#organization\"},\"potentialAction\":[{\"@type\":\"SearchAction\",\"target\":{\"@type\":\"EntryPoint\",\"urlTemplate\":\"https:\\\/\\\/elinformativotam.com\\\/?s={search_term_string}\"},\"query-input\":{\"@type\":\"PropertyValueSpecification\",\"valueRequired\":true,\"valueName\":\"search_term_string\"}}],\"inLanguage\":\"es\"},{\"@type\":\"Organization\",\"@id\":\"https:\\\/\\\/elinformativotam.com\\\/#organization\",\"name\":\"EL INFORMATIVO DE TAMAULIPAS\",\"url\":\"https:\\\/\\\/elinformativotam.com\\\/\",\"logo\":{\"@type\":\"ImageObject\",\"inLanguage\":\"es\",\"@id\":\"https:\\\/\\\/elinformativotam.com\\\/#\\\/schema\\\/logo\\\/image\\\/\",\"url\":\"https:\\\/\\\/elinformativotam.com\\\/wp-content\\\/uploads\\\/2026\\\/02\\\/Cabezal.png\",\"contentUrl\":\"https:\\\/\\\/elinformativotam.com\\\/wp-content\\\/uploads\\\/2026\\\/02\\\/Cabezal.png\",\"width\":960,\"height\":640,\"caption\":\"EL INFORMATIVO DE TAMAULIPAS\"},\"image\":{\"@id\":\"https:\\\/\\\/elinformativotam.com\\\/#\\\/schema\\\/logo\\\/image\\\/\"}},{\"@type\":\"Person\",\"@id\":\"https:\\\/\\\/elinformativotam.com\\\/#\\\/schema\\\/person\\\/78e08040eed0f6110f0c5f83b6153590\",\"name\":\"El Informativo Tam\",\"image\":{\"@type\":\"ImageObject\",\"inLanguage\":\"es\",\"@id\":\"https:\\\/\\\/secure.gravatar.com\\\/avatar\\\/f3b7ad3af540688955925ac610647be00b0cf41feea9c4978b73a707ee86bc53?s=96&d=mm&r=g\",\"url\":\"https:\\\/\\\/secure.gravatar.com\\\/avatar\\\/f3b7ad3af540688955925ac610647be00b0cf41feea9c4978b73a707ee86bc53?s=96&d=mm&r=g\",\"contentUrl\":\"https:\\\/\\\/secure.gravatar.com\\\/avatar\\\/f3b7ad3af540688955925ac610647be00b0cf41feea9c4978b73a707ee86bc53?s=96&d=mm&r=g\",\"caption\":\"El Informativo Tam\"}}]}<\/script>\n<!-- \/ Yoast SEO plugin. -->","yoast_head_json":{"title":"SECUNDARIA \u201cISAAC NEWTON\u201d INICIA CICLO ESCOLAR SIN ENERG\u00cdA EL\u00c9CTRICA DESDE ABRIL - EL INFORMATIVO DE TAMAULIPAS","description":"Cd. Madero, Tamaulipas.\u2013 El ciclo escolar 2025-2026 comenz\u00f3 en medio de una crisis en la Secundaria General No. 7 \u201cIsaac Newton\u201d, donde m\u00e1s de 500 alumnos","robots":{"index":"index","follow":"follow","max-snippet":"max-snippet:-1","max-image-preview":"max-image-preview:large","max-video-preview":"max-video-preview:-1"},"canonical":"https:\/\/elinformativotam.com\/index.php\/2025\/09\/01\/secundaria-isaac-newton-inicia-ciclo-escolar-sin-energia-electrica-desde-abril\/","og_locale":"es_MX","og_type":"article","og_title":"SECUNDARIA \u201cISAAC NEWTON\u201d INICIA CICLO ESCOLAR SIN ENERG\u00cdA EL\u00c9CTRICA DESDE ABRIL - EL INFORMATIVO DE TAMAULIPAS","og_description":"Cd. Madero, Tamaulipas.\u2013 El ciclo escolar 2025-2026 comenz\u00f3 en medio de una crisis en la Secundaria General No. 7 \u201cIsaac Newton\u201d, donde m\u00e1s de 500 alumnos","og_url":"https:\/\/elinformativotam.com\/index.php\/2025\/09\/01\/secundaria-isaac-newton-inicia-ciclo-escolar-sin-energia-electrica-desde-abril\/","og_site_name":"EL INFORMATIVO DE TAMAULIPAS","article_published_time":"2025-09-02T02:36:39+00:00","og_image":[{"width":1600,"height":1200,"url":"https:\/\/elinformativotam.com\/wp-content\/uploads\/2025\/09\/Secundaria.jpg","type":"image\/jpeg"}],"author":"El Informativo Tam","twitter_card":"summary_large_image","twitter_misc":{"Escrito por":"El Informativo Tam","Tiempo de lectura":"1 minuto"},"schema":{"@context":"https:\/\/schema.org","@graph":[{"@type":"Article","@id":"https:\/\/elinformativotam.com\/index.php\/2025\/09\/01\/secundaria-isaac-newton-inicia-ciclo-escolar-sin-energia-electrica-desde-abril\/#article","isPartOf":{"@id":"https:\/\/elinformativotam.com\/index.php\/2025\/09\/01\/secundaria-isaac-newton-inicia-ciclo-escolar-sin-energia-electrica-desde-abril\/"},"author":{"name":"El Informativo Tam","@id":"https:\/\/elinformativotam.com\/#\/schema\/person\/78e08040eed0f6110f0c5f83b6153590"},"headline":"SECUNDARIA \u201cISAAC NEWTON\u201d INICIA CICLO ESCOLAR SIN ENERG\u00cdA EL\u00c9CTRICA DESDE ABRIL","datePublished":"2025-09-02T02:36:39+00:00","mainEntityOfPage":{"@id":"https:\/\/elinformativotam.com\/index.php\/2025\/09\/01\/secundaria-isaac-newton-inicia-ciclo-escolar-sin-energia-electrica-desde-abril\/"},"wordCount":224,"commentCount":0,"publisher":{"@id":"https:\/\/elinformativotam.com\/#organization"},"image":{"@id":"https:\/\/elinformativotam.com\/index.php\/2025\/09\/01\/secundaria-isaac-newton-inicia-ciclo-escolar-sin-energia-electrica-desde-abril\/#primaryimage"},"thumbnailUrl":"https:\/\/elinformativotam.com\/wp-content\/uploads\/2025\/09\/Secundaria.jpg","articleSection":["Cd Madero"],"inLanguage":"es","potentialAction":[{"@type":"CommentAction","name":"Comment","target":["https:\/\/elinformativotam.com\/index.php\/2025\/09\/01\/secundaria-isaac-newton-inicia-ciclo-escolar-sin-energia-electrica-desde-abril\/#respond"]}]},{"@type":"WebPage","@id":"https:\/\/elinformativotam.com\/index.php\/2025\/09\/01\/secundaria-isaac-newton-inicia-ciclo-escolar-sin-energia-electrica-desde-abril\/","url":"https:\/\/elinformativotam.com\/index.php\/2025\/09\/01\/secundaria-isaac-newton-inicia-ciclo-escolar-sin-energia-electrica-desde-abril\/","name":"SECUNDARIA \u201cISAAC NEWTON\u201d INICIA CICLO ESCOLAR SIN ENERG\u00cdA EL\u00c9CTRICA DESDE ABRIL - EL INFORMATIVO DE TAMAULIPAS","isPartOf":{"@id":"https:\/\/elinformativotam.com\/#website"},"primaryImageOfPage":{"@id":"https:\/\/elinformativotam.com\/index.php\/2025\/09\/01\/secundaria-isaac-newton-inicia-ciclo-escolar-sin-energia-electrica-desde-abril\/#primaryimage"},"image":{"@id":"https:\/\/elinformativotam.com\/index.php\/2025\/09\/01\/secundaria-isaac-newton-inicia-ciclo-escolar-sin-energia-electrica-desde-abril\/#primaryimage"},"thumbnailUrl":"https:\/\/elinformativotam.com\/wp-content\/uploads\/2025\/09\/Secundaria.jpg","datePublished":"2025-09-02T02:36:39+00:00","description":"Cd. Madero, Tamaulipas.\u2013 El ciclo escolar 2025-2026 comenz\u00f3 en medio de una crisis en la Secundaria General No. 7 \u201cIsaac Newton\u201d, donde m\u00e1s de 500 alumnos","inLanguage":"es","potentialAction":[{"@type":"ReadAction","target":["https:\/\/elinformativotam.com\/index.php\/2025\/09\/01\/secundaria-isaac-newton-inicia-ciclo-escolar-sin-energia-electrica-desde-abril\/"]}]},{"@type":"ImageObject","inLanguage":"es","@id":"https:\/\/elinformativotam.com\/index.php\/2025\/09\/01\/secundaria-isaac-newton-inicia-ciclo-escolar-sin-energia-electrica-desde-abril\/#primaryimage","url":"https:\/\/elinformativotam.com\/wp-content\/uploads\/2025\/09\/Secundaria.jpg","contentUrl":"https:\/\/elinformativotam.com\/wp-content\/uploads\/2025\/09\/Secundaria.jpg","width":1600,"height":1200},{"@type":"WebSite","@id":"https:\/\/elinformativotam.com\/#website","url":"https:\/\/elinformativotam.com\/","name":"EL INFORMATIVO DE TAMAULIPAS","description":"Desde la Zona Metropolitana Para Todo M\u00e9xico","publisher":{"@id":"https:\/\/elinformativotam.com\/#organization"},"potentialAction":[{"@type":"SearchAction","target":{"@type":"EntryPoint","urlTemplate":"https:\/\/elinformativotam.com\/?s={search_term_string}"},"query-input":{"@type":"PropertyValueSpecification","valueRequired":true,"valueName":"search_term_string"}}],"inLanguage":"es"},{"@type":"Organization","@id":"https:\/\/elinformativotam.com\/#organization","name":"EL INFORMATIVO DE TAMAULIPAS","url":"https:\/\/elinformativotam.com\/","logo":{"@type":"ImageObject","inLanguage":"es","@id":"https:\/\/elinformativotam.com\/#\/schema\/logo\/image\/","url":"https:\/\/elinformativotam.com\/wp-content\/uploads\/2026\/02\/Cabezal.png","contentUrl":"https:\/\/elinformativotam.com\/wp-content\/uploads\/2026\/02\/Cabezal.png","width":960,"height":640,"caption":"EL INFORMATIVO DE TAMAULIPAS"},"image":{"@id":"https:\/\/elinformativotam.com\/#\/schema\/logo\/image\/"}},{"@type":"Person","@id":"https:\/\/elinformativotam.com\/#\/schema\/person\/78e08040eed0f6110f0c5f83b6153590","name":"El Informativo Tam","image":{"@type":"ImageObject","inLanguage":"es","@id":"https:\/\/secure.gravatar.com\/avatar\/f3b7ad3af540688955925ac610647be00b0cf41feea9c4978b73a707ee86bc53?s=96&d=mm&r=g","url":"https:\/\/secure.gravatar.com\/avatar\/f3b7ad3af540688955925ac610647be00b0cf41feea9c4978b73a707ee86bc53?s=96&d=mm&r=g","contentUrl":"https:\/\/secure.gravatar.com\/avatar\/f3b7ad3af540688955925ac610647be00b0cf41feea9c4978b73a707ee86bc53?s=96&d=mm&r=g","caption":"El Informativo Tam"}}]}},"_links":{"self":[{"href":"https:\/\/elinformativotam.com\/index.php\/wp-json\/wp\/v2\/posts\/56066","targetHints":{"allow":["GET"]}}],"collection":[{"href":"https:\/\/elinformativotam.com\/index.php\/wp-json\/wp\/v2\/posts"}],"about":[{"href":"https:\/\/elinformativotam.com\/index.php\/wp-json\/wp\/v2\/types\/post"}],"author":[{"embeddable":true,"href":"https:\/\/elinformativotam.com\/index.php\/wp-json\/wp\/v2\/users\/1"}],"replies":[{"embeddable":true,"href":"https:\/\/elinformativotam.com\/index.php\/wp-json\/wp\/v2\/comments?post=56066"}],"version-history":[{"count":1,"href":"https:\/\/elinformativotam.com\/index.php\/wp-json\/wp\/v2\/posts\/56066\/revisions"}],"predecessor-version":[{"id":56067,"href":"https:\/\/elinformativotam.com\/index.php\/wp-json\/wp\/v2\/posts\/56066\/revisions\/56067"}],"wp:featuredmedia":[{"embeddable":true,"href":"https:\/\/elinformativotam.com\/index.php\/wp-json\/wp\/v2\/media\/56062"}],"wp:attachment":[{"href":"https:\/\/elinformativotam.com\/index.php\/wp-json\/wp\/v2\/media?parent=56066"}],"wp:term":[{"taxonomy":"category","embeddable":true,"href":"https:\/\/elinformativotam.com\/index.php\/wp-json\/wp\/v2\/categories?post=56066"},{"taxonomy":"post_tag","embeddable":true,"href":"https:\/\/elinformativotam.com\/index.php\/wp-json\/wp\/v2\/tags?post=56066"}],"curies":[{"name":"wp","href":"https:\/\/api.w.org\/{rel}","templated":true}]}}