{"id":555,"date":"2019-11-06T10:34:51","date_gmt":"2019-11-06T16:34:51","guid":{"rendered":"http:\/\/elinformativotam.com\/?p=555"},"modified":"2019-11-06T10:35:57","modified_gmt":"2019-11-06T16:35:57","slug":"las-condiciones-climaticas-para-la-zona-conurbada-5","status":"publish","type":"post","link":"https:\/\/elinformativotam.com\/index.php\/2019\/11\/06\/las-condiciones-climaticas-para-la-zona-conurbada-5\/","title":{"rendered":"LAS CONDICIONES CLIM\u00c1TICAS PARA LA ZONA CONURBADA"},"content":{"rendered":"<p>&nbsp;<\/p>\n<p>TAMPICO, MADERO Y ALTAMIRA.- D\u00eda: Tormentas matinales. M\u00e1xima de 27\u00b0C. Vientos del NE de 10 a 15 Kms\/h. 80% de probabilidad de lluvias.<br \/>\nNoche: Tormentas a primera hora. M\u00ednima de 22\u00b0C. Vientos del NNE de 10 a 15 kms\/h. 40% de probabilidad de lluvias.<\/p>\n<p>Condiciones actuales:<br \/>\nTemp. actual: 24\u00b0C.<br \/>\nCielo Cubierto.<br \/>\nSensaci\u00f3n t\u00e9rmica: +28\u00b0C.<br \/>\nPresi\u00f3n barom\u00e9trica: 1020.9 mb<br \/>\nPunto de roc\u00edo: +24\u00b0C.<br \/>\nHumedad: 100%<br \/>\nVisibilidad: 6 km<br \/>\nSalida del sol: 06:38<br \/>\nPuesta del sol: 17:51<\/p>\n<p>PRESI\u00d3N BAROM\u00c9TRICA ALTA&#8230; VIGILE SU TENSI\u00d3N ARTERIAL.<\/p>\n<p>NOTA: CONDICIONES PARA LLUVIAS PUNTUALES INTENSAS EN PUEBLA, VERACRUZ Y OAXACA. Intervalos de chubascos con lluvias puntuales fuertes (25 a 50 litros por metro cuadrado): Tamaulipas, Quer\u00e9taro, Chiapas y Tabasco.<\/p>\n<p>NOTA2: Golfo de M\u00e9xico: Cielo parcialmente nublado durante el d\u00eda, por la tarde se incrementar\u00e1 la nubosidad y se prev\u00e9n lluvias puntuales intensas en Veracruz, as\u00ed como fuertes en Tabasco y Tamaulipas, las cuales se acompa\u00f1aran de descargas el\u00e9ctricas. Ambiente c\u00e1lido durante el d\u00eda. Nieblas en zonas serranas y viento del este y noreste de 10 a 25 km\/h con rachas en Tamaulipas.<\/p>\n<p>NOTA3: Para este d\u00eda, la onda tropical No. 50 al sur de la Pen\u00ednsula de Yucat\u00e1n; canales de baja presi\u00f3n, sobre el noroeste, occidente y centro del pa\u00eds, y otro sobre el suroeste del Golfo de M\u00e9xico, en interacci\u00f3n con la abundante entrada de humedad del Oc\u00e9ano Pac\u00edfico, originar\u00e1n las siguientes intensidades de lluvias con descargas el\u00e9ctricas y posible ca\u00edda de granizo.<\/p>\n<p>FUENTE: SERVICIO METEOROL\u00d3GICO NACIONAL Y ESTACI\u00d3N METEOROL\u00d3GICA AEROPUERTO INTERNACIONAL FCO. JAVIER MINA.<\/p>\n","protected":false},"excerpt":{"rendered":"<p>&nbsp; TAMPICO, MADERO Y ALTAMIRA.- D\u00eda: Tormentas matinales. M\u00e1xima de 27\u00b0C. Vientos del NE de 10 a 15 Kms\/h. 80%&hellip;<\/p>\n","protected":false},"author":1,"featured_media":0,"comment_status":"open","ping_status":"open","sticky":false,"template":"","format":"standard","meta":{"footnotes":""},"categories":[3],"tags":[],"class_list":["post-555","post","type-post","status-publish","format-standard","hentry","category-tampico"],"yoast_head":"<!-- This site is optimized with the Yoast SEO plugin v27.5 - https:\/\/yoast.com\/product\/yoast-seo-wordpress\/ -->\n<title>LAS CONDICIONES CLIM\u00c1TICAS PARA LA ZONA CONURBADA - EL INFORMATIVO DE TAMAULIPAS<\/title>\n<meta name=\"description\" content=\"&nbsp; TAMPICO, MADERO Y ALTAMIRA.- D\u00eda: Tormentas matinales. M\u00e1xima de 27\u00b0C. Vientos del NE de 10 a 15 Kms\/h. 80% de probabilidad de lluvias. Noche:\" \/>\n<meta name=\"robots\" content=\"index, follow, max-snippet:-1, max-image-preview:large, max-video-preview:-1\" \/>\n<link rel=\"canonical\" href=\"https:\/\/elinformativotam.com\/index.php\/2019\/11\/06\/las-condiciones-climaticas-para-la-zona-conurbada-5\/\" \/>\n<meta property=\"og:locale\" content=\"es_MX\" \/>\n<meta property=\"og:type\" content=\"article\" \/>\n<meta property=\"og:title\" content=\"LAS CONDICIONES CLIM\u00c1TICAS PARA LA ZONA CONURBADA - EL INFORMATIVO DE TAMAULIPAS\" \/>\n<meta property=\"og:description\" content=\"&nbsp; TAMPICO, MADERO Y ALTAMIRA.- D\u00eda: Tormentas matinales. M\u00e1xima de 27\u00b0C. Vientos del NE de 10 a 15 Kms\/h. 80% de probabilidad de lluvias. Noche:\" \/>\n<meta property=\"og:url\" content=\"https:\/\/elinformativotam.com\/index.php\/2019\/11\/06\/las-condiciones-climaticas-para-la-zona-conurbada-5\/\" \/>\n<meta property=\"og:site_name\" content=\"EL INFORMATIVO DE TAMAULIPAS\" \/>\n<meta property=\"article:published_time\" content=\"2019-11-06T16:34:51+00:00\" \/>\n<meta property=\"article:modified_time\" content=\"2019-11-06T16:35:57+00:00\" \/>\n<meta name=\"author\" content=\"El Informativo Tam\" \/>\n<meta name=\"twitter:card\" content=\"summary_large_image\" \/>\n<meta name=\"twitter:label1\" content=\"Escrito por\" \/>\n\t<meta name=\"twitter:data1\" content=\"El Informativo Tam\" \/>\n\t<meta name=\"twitter:label2\" content=\"Tiempo de lectura\" \/>\n\t<meta name=\"twitter:data2\" content=\"1 minuto\" \/>\n<script type=\"application\/ld+json\" class=\"yoast-schema-graph\">{\"@context\":\"https:\\\/\\\/schema.org\",\"@graph\":[{\"@type\":\"Article\",\"@id\":\"https:\\\/\\\/elinformativotam.com\\\/index.php\\\/2019\\\/11\\\/06\\\/las-condiciones-climaticas-para-la-zona-conurbada-5\\\/#article\",\"isPartOf\":{\"@id\":\"https:\\\/\\\/elinformativotam.com\\\/index.php\\\/2019\\\/11\\\/06\\\/las-condiciones-climaticas-para-la-zona-conurbada-5\\\/\"},\"author\":{\"name\":\"El Informativo Tam\",\"@id\":\"https:\\\/\\\/elinformativotam.com\\\/#\\\/schema\\\/person\\\/78e08040eed0f6110f0c5f83b6153590\"},\"headline\":\"LAS CONDICIONES CLIM\u00c1TICAS PARA LA ZONA CONURBADA\",\"datePublished\":\"2019-11-06T16:34:51+00:00\",\"dateModified\":\"2019-11-06T16:35:57+00:00\",\"mainEntityOfPage\":{\"@id\":\"https:\\\/\\\/elinformativotam.com\\\/index.php\\\/2019\\\/11\\\/06\\\/las-condiciones-climaticas-para-la-zona-conurbada-5\\\/\"},\"wordCount\":280,\"commentCount\":0,\"publisher\":{\"@id\":\"https:\\\/\\\/elinformativotam.com\\\/#organization\"},\"articleSection\":[\"Tampico\"],\"inLanguage\":\"es\",\"potentialAction\":[{\"@type\":\"CommentAction\",\"name\":\"Comment\",\"target\":[\"https:\\\/\\\/elinformativotam.com\\\/index.php\\\/2019\\\/11\\\/06\\\/las-condiciones-climaticas-para-la-zona-conurbada-5\\\/#respond\"]}]},{\"@type\":\"WebPage\",\"@id\":\"https:\\\/\\\/elinformativotam.com\\\/index.php\\\/2019\\\/11\\\/06\\\/las-condiciones-climaticas-para-la-zona-conurbada-5\\\/\",\"url\":\"https:\\\/\\\/elinformativotam.com\\\/index.php\\\/2019\\\/11\\\/06\\\/las-condiciones-climaticas-para-la-zona-conurbada-5\\\/\",\"name\":\"LAS CONDICIONES CLIM\u00c1TICAS PARA LA ZONA CONURBADA - EL INFORMATIVO DE TAMAULIPAS\",\"isPartOf\":{\"@id\":\"https:\\\/\\\/elinformativotam.com\\\/#website\"},\"datePublished\":\"2019-11-06T16:34:51+00:00\",\"dateModified\":\"2019-11-06T16:35:57+00:00\",\"description\":\"&nbsp; TAMPICO, MADERO Y ALTAMIRA.- D\u00eda: Tormentas matinales. M\u00e1xima de 27\u00b0C. Vientos del NE de 10 a 15 Kms\\\/h. 80% de probabilidad de lluvias. Noche:\",\"inLanguage\":\"es\",\"potentialAction\":[{\"@type\":\"ReadAction\",\"target\":[\"https:\\\/\\\/elinformativotam.com\\\/index.php\\\/2019\\\/11\\\/06\\\/las-condiciones-climaticas-para-la-zona-conurbada-5\\\/\"]}]},{\"@type\":\"WebSite\",\"@id\":\"https:\\\/\\\/elinformativotam.com\\\/#website\",\"url\":\"https:\\\/\\\/elinformativotam.com\\\/\",\"name\":\"EL INFORMATIVO DE TAMAULIPAS\",\"description\":\"Desde la Zona Metropolitana Para Todo M\u00e9xico\",\"publisher\":{\"@id\":\"https:\\\/\\\/elinformativotam.com\\\/#organization\"},\"potentialAction\":[{\"@type\":\"SearchAction\",\"target\":{\"@type\":\"EntryPoint\",\"urlTemplate\":\"https:\\\/\\\/elinformativotam.com\\\/?s={search_term_string}\"},\"query-input\":{\"@type\":\"PropertyValueSpecification\",\"valueRequired\":true,\"valueName\":\"search_term_string\"}}],\"inLanguage\":\"es\"},{\"@type\":\"Organization\",\"@id\":\"https:\\\/\\\/elinformativotam.com\\\/#organization\",\"name\":\"EL INFORMATIVO DE TAMAULIPAS\",\"url\":\"https:\\\/\\\/elinformativotam.com\\\/\",\"logo\":{\"@type\":\"ImageObject\",\"inLanguage\":\"es\",\"@id\":\"https:\\\/\\\/elinformativotam.com\\\/#\\\/schema\\\/logo\\\/image\\\/\",\"url\":\"https:\\\/\\\/elinformativotam.com\\\/wp-content\\\/uploads\\\/2026\\\/02\\\/Cabezal.png\",\"contentUrl\":\"https:\\\/\\\/elinformativotam.com\\\/wp-content\\\/uploads\\\/2026\\\/02\\\/Cabezal.png\",\"width\":960,\"height\":640,\"caption\":\"EL INFORMATIVO DE TAMAULIPAS\"},\"image\":{\"@id\":\"https:\\\/\\\/elinformativotam.com\\\/#\\\/schema\\\/logo\\\/image\\\/\"}},{\"@type\":\"Person\",\"@id\":\"https:\\\/\\\/elinformativotam.com\\\/#\\\/schema\\\/person\\\/78e08040eed0f6110f0c5f83b6153590\",\"name\":\"El Informativo Tam\",\"image\":{\"@type\":\"ImageObject\",\"inLanguage\":\"es\",\"@id\":\"https:\\\/\\\/secure.gravatar.com\\\/avatar\\\/f3b7ad3af540688955925ac610647be00b0cf41feea9c4978b73a707ee86bc53?s=96&d=mm&r=g\",\"url\":\"https:\\\/\\\/secure.gravatar.com\\\/avatar\\\/f3b7ad3af540688955925ac610647be00b0cf41feea9c4978b73a707ee86bc53?s=96&d=mm&r=g\",\"contentUrl\":\"https:\\\/\\\/secure.gravatar.com\\\/avatar\\\/f3b7ad3af540688955925ac610647be00b0cf41feea9c4978b73a707ee86bc53?s=96&d=mm&r=g\",\"caption\":\"El Informativo Tam\"}}]}<\/script>\n<!-- \/ Yoast SEO plugin. -->","yoast_head_json":{"title":"LAS CONDICIONES CLIM\u00c1TICAS PARA LA ZONA CONURBADA - EL INFORMATIVO DE TAMAULIPAS","description":"&nbsp; TAMPICO, MADERO Y ALTAMIRA.- D\u00eda: Tormentas matinales. M\u00e1xima de 27\u00b0C. Vientos del NE de 10 a 15 Kms\/h. 80% de probabilidad de lluvias. Noche:","robots":{"index":"index","follow":"follow","max-snippet":"max-snippet:-1","max-image-preview":"max-image-preview:large","max-video-preview":"max-video-preview:-1"},"canonical":"https:\/\/elinformativotam.com\/index.php\/2019\/11\/06\/las-condiciones-climaticas-para-la-zona-conurbada-5\/","og_locale":"es_MX","og_type":"article","og_title":"LAS CONDICIONES CLIM\u00c1TICAS PARA LA ZONA CONURBADA - EL INFORMATIVO DE TAMAULIPAS","og_description":"&nbsp; TAMPICO, MADERO Y ALTAMIRA.- D\u00eda: Tormentas matinales. M\u00e1xima de 27\u00b0C. Vientos del NE de 10 a 15 Kms\/h. 80% de probabilidad de lluvias. Noche:","og_url":"https:\/\/elinformativotam.com\/index.php\/2019\/11\/06\/las-condiciones-climaticas-para-la-zona-conurbada-5\/","og_site_name":"EL INFORMATIVO DE TAMAULIPAS","article_published_time":"2019-11-06T16:34:51+00:00","article_modified_time":"2019-11-06T16:35:57+00:00","author":"El Informativo Tam","twitter_card":"summary_large_image","twitter_misc":{"Escrito por":"El Informativo Tam","Tiempo de lectura":"1 minuto"},"schema":{"@context":"https:\/\/schema.org","@graph":[{"@type":"Article","@id":"https:\/\/elinformativotam.com\/index.php\/2019\/11\/06\/las-condiciones-climaticas-para-la-zona-conurbada-5\/#article","isPartOf":{"@id":"https:\/\/elinformativotam.com\/index.php\/2019\/11\/06\/las-condiciones-climaticas-para-la-zona-conurbada-5\/"},"author":{"name":"El Informativo Tam","@id":"https:\/\/elinformativotam.com\/#\/schema\/person\/78e08040eed0f6110f0c5f83b6153590"},"headline":"LAS CONDICIONES CLIM\u00c1TICAS PARA LA ZONA CONURBADA","datePublished":"2019-11-06T16:34:51+00:00","dateModified":"2019-11-06T16:35:57+00:00","mainEntityOfPage":{"@id":"https:\/\/elinformativotam.com\/index.php\/2019\/11\/06\/las-condiciones-climaticas-para-la-zona-conurbada-5\/"},"wordCount":280,"commentCount":0,"publisher":{"@id":"https:\/\/elinformativotam.com\/#organization"},"articleSection":["Tampico"],"inLanguage":"es","potentialAction":[{"@type":"CommentAction","name":"Comment","target":["https:\/\/elinformativotam.com\/index.php\/2019\/11\/06\/las-condiciones-climaticas-para-la-zona-conurbada-5\/#respond"]}]},{"@type":"WebPage","@id":"https:\/\/elinformativotam.com\/index.php\/2019\/11\/06\/las-condiciones-climaticas-para-la-zona-conurbada-5\/","url":"https:\/\/elinformativotam.com\/index.php\/2019\/11\/06\/las-condiciones-climaticas-para-la-zona-conurbada-5\/","name":"LAS CONDICIONES CLIM\u00c1TICAS PARA LA ZONA CONURBADA - EL INFORMATIVO DE TAMAULIPAS","isPartOf":{"@id":"https:\/\/elinformativotam.com\/#website"},"datePublished":"2019-11-06T16:34:51+00:00","dateModified":"2019-11-06T16:35:57+00:00","description":"&nbsp; TAMPICO, MADERO Y ALTAMIRA.- D\u00eda: Tormentas matinales. M\u00e1xima de 27\u00b0C. Vientos del NE de 10 a 15 Kms\/h. 80% de probabilidad de lluvias. Noche:","inLanguage":"es","potentialAction":[{"@type":"ReadAction","target":["https:\/\/elinformativotam.com\/index.php\/2019\/11\/06\/las-condiciones-climaticas-para-la-zona-conurbada-5\/"]}]},{"@type":"WebSite","@id":"https:\/\/elinformativotam.com\/#website","url":"https:\/\/elinformativotam.com\/","name":"EL INFORMATIVO DE TAMAULIPAS","description":"Desde la Zona Metropolitana Para Todo M\u00e9xico","publisher":{"@id":"https:\/\/elinformativotam.com\/#organization"},"potentialAction":[{"@type":"SearchAction","target":{"@type":"EntryPoint","urlTemplate":"https:\/\/elinformativotam.com\/?s={search_term_string}"},"query-input":{"@type":"PropertyValueSpecification","valueRequired":true,"valueName":"search_term_string"}}],"inLanguage":"es"},{"@type":"Organization","@id":"https:\/\/elinformativotam.com\/#organization","name":"EL INFORMATIVO DE TAMAULIPAS","url":"https:\/\/elinformativotam.com\/","logo":{"@type":"ImageObject","inLanguage":"es","@id":"https:\/\/elinformativotam.com\/#\/schema\/logo\/image\/","url":"https:\/\/elinformativotam.com\/wp-content\/uploads\/2026\/02\/Cabezal.png","contentUrl":"https:\/\/elinformativotam.com\/wp-content\/uploads\/2026\/02\/Cabezal.png","width":960,"height":640,"caption":"EL INFORMATIVO DE TAMAULIPAS"},"image":{"@id":"https:\/\/elinformativotam.com\/#\/schema\/logo\/image\/"}},{"@type":"Person","@id":"https:\/\/elinformativotam.com\/#\/schema\/person\/78e08040eed0f6110f0c5f83b6153590","name":"El Informativo Tam","image":{"@type":"ImageObject","inLanguage":"es","@id":"https:\/\/secure.gravatar.com\/avatar\/f3b7ad3af540688955925ac610647be00b0cf41feea9c4978b73a707ee86bc53?s=96&d=mm&r=g","url":"https:\/\/secure.gravatar.com\/avatar\/f3b7ad3af540688955925ac610647be00b0cf41feea9c4978b73a707ee86bc53?s=96&d=mm&r=g","contentUrl":"https:\/\/secure.gravatar.com\/avatar\/f3b7ad3af540688955925ac610647be00b0cf41feea9c4978b73a707ee86bc53?s=96&d=mm&r=g","caption":"El Informativo Tam"}}]}},"_links":{"self":[{"href":"https:\/\/elinformativotam.com\/index.php\/wp-json\/wp\/v2\/posts\/555","targetHints":{"allow":["GET"]}}],"collection":[{"href":"https:\/\/elinformativotam.com\/index.php\/wp-json\/wp\/v2\/posts"}],"about":[{"href":"https:\/\/elinformativotam.com\/index.php\/wp-json\/wp\/v2\/types\/post"}],"author":[{"embeddable":true,"href":"https:\/\/elinformativotam.com\/index.php\/wp-json\/wp\/v2\/users\/1"}],"replies":[{"embeddable":true,"href":"https:\/\/elinformativotam.com\/index.php\/wp-json\/wp\/v2\/comments?post=555"}],"version-history":[{"count":0,"href":"https:\/\/elinformativotam.com\/index.php\/wp-json\/wp\/v2\/posts\/555\/revisions"}],"wp:attachment":[{"href":"https:\/\/elinformativotam.com\/index.php\/wp-json\/wp\/v2\/media?parent=555"}],"wp:term":[{"taxonomy":"category","embeddable":true,"href":"https:\/\/elinformativotam.com\/index.php\/wp-json\/wp\/v2\/categories?post=555"},{"taxonomy":"post_tag","embeddable":true,"href":"https:\/\/elinformativotam.com\/index.php\/wp-json\/wp\/v2\/tags?post=555"}],"curies":[{"name":"wp","href":"https:\/\/api.w.org\/{rel}","templated":true}]}}