{"id":55210,"date":"2025-06-06T09:02:07","date_gmt":"2025-06-06T15:02:07","guid":{"rendered":"https:\/\/elinformativotam.com\/?p=55210"},"modified":"2025-06-06T09:02:07","modified_gmt":"2025-06-06T15:02:07","slug":"abejas-atacan-a-perro-en-la-zona-norte-de-tampico","status":"publish","type":"post","link":"https:\/\/elinformativotam.com\/index.php\/2025\/06\/06\/abejas-atacan-a-perro-en-la-zona-norte-de-tampico\/","title":{"rendered":"ABEJAS ATACAN A PERRO EN LA ZONA NORTE DE TAMPICO"},"content":{"rendered":"<p>Ayer por la ma\u00f1ana se registro un ataque de abejas hacia un canino en la zona norte de tampico, mismo que provoco el fallecimiento de canino, dentro de un taller mec\u00e1nico.<\/p>\n<p>&nbsp;<\/p>\n<p>As\u00ed lo informo H\u00e9ctor Guzm\u00e1n comandante del H. Cuerpo De Bomberos De Tampico, menciono que dado el caso y por el peligro que presentaba la colmena dentro del taller mec\u00e1nico, fue eliminada la colmena del lugar.<\/p>\n<p>&nbsp;<\/p>\n<p>As\u00ed mismo exhorto a la ciudadan\u00eda a no correr riesgos ya que las personas por curiosidad de acercan a lanzar piedras al panal, esto altera a los insectos y sobrevienen los ataques<\/p>\n","protected":false},"excerpt":{"rendered":"<p>Ayer por la ma\u00f1ana se registro un ataque de abejas hacia un canino en la zona norte de tampico, mismo&hellip;<\/p>\n","protected":false},"author":1,"featured_media":55211,"comment_status":"open","ping_status":"open","sticky":false,"template":"","format":"standard","meta":{"footnotes":""},"categories":[3],"tags":[],"class_list":["post-55210","post","type-post","status-publish","format-standard","has-post-thumbnail","hentry","category-tampico"],"yoast_head":"<!-- This site is optimized with the Yoast SEO plugin v27.5 - https:\/\/yoast.com\/product\/yoast-seo-wordpress\/ -->\n<title>ABEJAS ATACAN A PERRO EN LA ZONA NORTE DE TAMPICO - EL INFORMATIVO DE TAMAULIPAS<\/title>\n<meta name=\"description\" content=\"Ayer por la ma\u00f1ana se registro un ataque de abejas hacia un canino en la zona norte de tampico, mismo que provoco el fallecimiento de canino, dentro de un\" \/>\n<meta name=\"robots\" content=\"index, follow, max-snippet:-1, max-image-preview:large, max-video-preview:-1\" \/>\n<link rel=\"canonical\" href=\"https:\/\/elinformativotam.com\/index.php\/2025\/06\/06\/abejas-atacan-a-perro-en-la-zona-norte-de-tampico\/\" \/>\n<meta property=\"og:locale\" content=\"es_MX\" \/>\n<meta property=\"og:type\" content=\"article\" \/>\n<meta property=\"og:title\" content=\"ABEJAS ATACAN A PERRO EN LA ZONA NORTE DE TAMPICO - EL INFORMATIVO DE TAMAULIPAS\" \/>\n<meta property=\"og:description\" content=\"Ayer por la ma\u00f1ana se registro un ataque de abejas hacia un canino en la zona norte de tampico, mismo que provoco el fallecimiento de canino, dentro de un\" \/>\n<meta property=\"og:url\" content=\"https:\/\/elinformativotam.com\/index.php\/2025\/06\/06\/abejas-atacan-a-perro-en-la-zona-norte-de-tampico\/\" \/>\n<meta property=\"og:site_name\" content=\"EL INFORMATIVO DE TAMAULIPAS\" \/>\n<meta property=\"article:published_time\" content=\"2025-06-06T15:02:07+00:00\" \/>\n<meta property=\"og:image\" content=\"https:\/\/elinformativotam.com\/wp-content\/uploads\/2025\/06\/Hector-Guzman.jpg\" \/>\n\t<meta property=\"og:image:width\" content=\"809\" \/>\n\t<meta property=\"og:image:height\" content=\"720\" \/>\n\t<meta property=\"og:image:type\" content=\"image\/jpeg\" \/>\n<meta name=\"author\" content=\"El Informativo Tam\" \/>\n<meta name=\"twitter:card\" content=\"summary_large_image\" \/>\n<meta name=\"twitter:label1\" content=\"Escrito por\" \/>\n\t<meta name=\"twitter:data1\" content=\"El Informativo Tam\" \/>\n\t<meta name=\"twitter:label2\" content=\"Tiempo de lectura\" \/>\n\t<meta name=\"twitter:data2\" content=\"1 minuto\" \/>\n<script type=\"application\/ld+json\" class=\"yoast-schema-graph\">{\"@context\":\"https:\\\/\\\/schema.org\",\"@graph\":[{\"@type\":\"Article\",\"@id\":\"https:\\\/\\\/elinformativotam.com\\\/index.php\\\/2025\\\/06\\\/06\\\/abejas-atacan-a-perro-en-la-zona-norte-de-tampico\\\/#article\",\"isPartOf\":{\"@id\":\"https:\\\/\\\/elinformativotam.com\\\/index.php\\\/2025\\\/06\\\/06\\\/abejas-atacan-a-perro-en-la-zona-norte-de-tampico\\\/\"},\"author\":{\"name\":\"El Informativo Tam\",\"@id\":\"https:\\\/\\\/elinformativotam.com\\\/#\\\/schema\\\/person\\\/78e08040eed0f6110f0c5f83b6153590\"},\"headline\":\"ABEJAS ATACAN A PERRO EN LA ZONA NORTE DE TAMPICO\",\"datePublished\":\"2025-06-06T15:02:07+00:00\",\"mainEntityOfPage\":{\"@id\":\"https:\\\/\\\/elinformativotam.com\\\/index.php\\\/2025\\\/06\\\/06\\\/abejas-atacan-a-perro-en-la-zona-norte-de-tampico\\\/\"},\"wordCount\":117,\"commentCount\":0,\"publisher\":{\"@id\":\"https:\\\/\\\/elinformativotam.com\\\/#organization\"},\"image\":{\"@id\":\"https:\\\/\\\/elinformativotam.com\\\/index.php\\\/2025\\\/06\\\/06\\\/abejas-atacan-a-perro-en-la-zona-norte-de-tampico\\\/#primaryimage\"},\"thumbnailUrl\":\"https:\\\/\\\/elinformativotam.com\\\/wp-content\\\/uploads\\\/2025\\\/06\\\/Hector-Guzman.jpg\",\"articleSection\":[\"Tampico\"],\"inLanguage\":\"es\",\"potentialAction\":[{\"@type\":\"CommentAction\",\"name\":\"Comment\",\"target\":[\"https:\\\/\\\/elinformativotam.com\\\/index.php\\\/2025\\\/06\\\/06\\\/abejas-atacan-a-perro-en-la-zona-norte-de-tampico\\\/#respond\"]}]},{\"@type\":\"WebPage\",\"@id\":\"https:\\\/\\\/elinformativotam.com\\\/index.php\\\/2025\\\/06\\\/06\\\/abejas-atacan-a-perro-en-la-zona-norte-de-tampico\\\/\",\"url\":\"https:\\\/\\\/elinformativotam.com\\\/index.php\\\/2025\\\/06\\\/06\\\/abejas-atacan-a-perro-en-la-zona-norte-de-tampico\\\/\",\"name\":\"ABEJAS ATACAN A PERRO EN LA ZONA NORTE DE TAMPICO - EL INFORMATIVO DE TAMAULIPAS\",\"isPartOf\":{\"@id\":\"https:\\\/\\\/elinformativotam.com\\\/#website\"},\"primaryImageOfPage\":{\"@id\":\"https:\\\/\\\/elinformativotam.com\\\/index.php\\\/2025\\\/06\\\/06\\\/abejas-atacan-a-perro-en-la-zona-norte-de-tampico\\\/#primaryimage\"},\"image\":{\"@id\":\"https:\\\/\\\/elinformativotam.com\\\/index.php\\\/2025\\\/06\\\/06\\\/abejas-atacan-a-perro-en-la-zona-norte-de-tampico\\\/#primaryimage\"},\"thumbnailUrl\":\"https:\\\/\\\/elinformativotam.com\\\/wp-content\\\/uploads\\\/2025\\\/06\\\/Hector-Guzman.jpg\",\"datePublished\":\"2025-06-06T15:02:07+00:00\",\"description\":\"Ayer por la ma\u00f1ana se registro un ataque de abejas hacia un canino en la zona norte de tampico, mismo que provoco el fallecimiento de canino, dentro de un\",\"inLanguage\":\"es\",\"potentialAction\":[{\"@type\":\"ReadAction\",\"target\":[\"https:\\\/\\\/elinformativotam.com\\\/index.php\\\/2025\\\/06\\\/06\\\/abejas-atacan-a-perro-en-la-zona-norte-de-tampico\\\/\"]}]},{\"@type\":\"ImageObject\",\"inLanguage\":\"es\",\"@id\":\"https:\\\/\\\/elinformativotam.com\\\/index.php\\\/2025\\\/06\\\/06\\\/abejas-atacan-a-perro-en-la-zona-norte-de-tampico\\\/#primaryimage\",\"url\":\"https:\\\/\\\/elinformativotam.com\\\/wp-content\\\/uploads\\\/2025\\\/06\\\/Hector-Guzman.jpg\",\"contentUrl\":\"https:\\\/\\\/elinformativotam.com\\\/wp-content\\\/uploads\\\/2025\\\/06\\\/Hector-Guzman.jpg\",\"width\":809,\"height\":720},{\"@type\":\"WebSite\",\"@id\":\"https:\\\/\\\/elinformativotam.com\\\/#website\",\"url\":\"https:\\\/\\\/elinformativotam.com\\\/\",\"name\":\"EL INFORMATIVO DE TAMAULIPAS\",\"description\":\"Desde la Zona Metropolitana Para Todo M\u00e9xico\",\"publisher\":{\"@id\":\"https:\\\/\\\/elinformativotam.com\\\/#organization\"},\"potentialAction\":[{\"@type\":\"SearchAction\",\"target\":{\"@type\":\"EntryPoint\",\"urlTemplate\":\"https:\\\/\\\/elinformativotam.com\\\/?s={search_term_string}\"},\"query-input\":{\"@type\":\"PropertyValueSpecification\",\"valueRequired\":true,\"valueName\":\"search_term_string\"}}],\"inLanguage\":\"es\"},{\"@type\":\"Organization\",\"@id\":\"https:\\\/\\\/elinformativotam.com\\\/#organization\",\"name\":\"EL INFORMATIVO DE TAMAULIPAS\",\"url\":\"https:\\\/\\\/elinformativotam.com\\\/\",\"logo\":{\"@type\":\"ImageObject\",\"inLanguage\":\"es\",\"@id\":\"https:\\\/\\\/elinformativotam.com\\\/#\\\/schema\\\/logo\\\/image\\\/\",\"url\":\"https:\\\/\\\/elinformativotam.com\\\/wp-content\\\/uploads\\\/2026\\\/02\\\/Cabezal.png\",\"contentUrl\":\"https:\\\/\\\/elinformativotam.com\\\/wp-content\\\/uploads\\\/2026\\\/02\\\/Cabezal.png\",\"width\":960,\"height\":640,\"caption\":\"EL INFORMATIVO DE TAMAULIPAS\"},\"image\":{\"@id\":\"https:\\\/\\\/elinformativotam.com\\\/#\\\/schema\\\/logo\\\/image\\\/\"}},{\"@type\":\"Person\",\"@id\":\"https:\\\/\\\/elinformativotam.com\\\/#\\\/schema\\\/person\\\/78e08040eed0f6110f0c5f83b6153590\",\"name\":\"El Informativo Tam\",\"image\":{\"@type\":\"ImageObject\",\"inLanguage\":\"es\",\"@id\":\"https:\\\/\\\/secure.gravatar.com\\\/avatar\\\/f3b7ad3af540688955925ac610647be00b0cf41feea9c4978b73a707ee86bc53?s=96&d=mm&r=g\",\"url\":\"https:\\\/\\\/secure.gravatar.com\\\/avatar\\\/f3b7ad3af540688955925ac610647be00b0cf41feea9c4978b73a707ee86bc53?s=96&d=mm&r=g\",\"contentUrl\":\"https:\\\/\\\/secure.gravatar.com\\\/avatar\\\/f3b7ad3af540688955925ac610647be00b0cf41feea9c4978b73a707ee86bc53?s=96&d=mm&r=g\",\"caption\":\"El Informativo Tam\"}}]}<\/script>\n<!-- \/ Yoast SEO plugin. -->","yoast_head_json":{"title":"ABEJAS ATACAN A PERRO EN LA ZONA NORTE DE TAMPICO - EL INFORMATIVO DE TAMAULIPAS","description":"Ayer por la ma\u00f1ana se registro un ataque de abejas hacia un canino en la zona norte de tampico, mismo que provoco el fallecimiento de canino, dentro de un","robots":{"index":"index","follow":"follow","max-snippet":"max-snippet:-1","max-image-preview":"max-image-preview:large","max-video-preview":"max-video-preview:-1"},"canonical":"https:\/\/elinformativotam.com\/index.php\/2025\/06\/06\/abejas-atacan-a-perro-en-la-zona-norte-de-tampico\/","og_locale":"es_MX","og_type":"article","og_title":"ABEJAS ATACAN A PERRO EN LA ZONA NORTE DE TAMPICO - EL INFORMATIVO DE TAMAULIPAS","og_description":"Ayer por la ma\u00f1ana se registro un ataque de abejas hacia un canino en la zona norte de tampico, mismo que provoco el fallecimiento de canino, dentro de un","og_url":"https:\/\/elinformativotam.com\/index.php\/2025\/06\/06\/abejas-atacan-a-perro-en-la-zona-norte-de-tampico\/","og_site_name":"EL INFORMATIVO DE TAMAULIPAS","article_published_time":"2025-06-06T15:02:07+00:00","og_image":[{"width":809,"height":720,"url":"https:\/\/elinformativotam.com\/wp-content\/uploads\/2025\/06\/Hector-Guzman.jpg","type":"image\/jpeg"}],"author":"El Informativo Tam","twitter_card":"summary_large_image","twitter_misc":{"Escrito por":"El Informativo Tam","Tiempo de lectura":"1 minuto"},"schema":{"@context":"https:\/\/schema.org","@graph":[{"@type":"Article","@id":"https:\/\/elinformativotam.com\/index.php\/2025\/06\/06\/abejas-atacan-a-perro-en-la-zona-norte-de-tampico\/#article","isPartOf":{"@id":"https:\/\/elinformativotam.com\/index.php\/2025\/06\/06\/abejas-atacan-a-perro-en-la-zona-norte-de-tampico\/"},"author":{"name":"El Informativo Tam","@id":"https:\/\/elinformativotam.com\/#\/schema\/person\/78e08040eed0f6110f0c5f83b6153590"},"headline":"ABEJAS ATACAN A PERRO EN LA ZONA NORTE DE TAMPICO","datePublished":"2025-06-06T15:02:07+00:00","mainEntityOfPage":{"@id":"https:\/\/elinformativotam.com\/index.php\/2025\/06\/06\/abejas-atacan-a-perro-en-la-zona-norte-de-tampico\/"},"wordCount":117,"commentCount":0,"publisher":{"@id":"https:\/\/elinformativotam.com\/#organization"},"image":{"@id":"https:\/\/elinformativotam.com\/index.php\/2025\/06\/06\/abejas-atacan-a-perro-en-la-zona-norte-de-tampico\/#primaryimage"},"thumbnailUrl":"https:\/\/elinformativotam.com\/wp-content\/uploads\/2025\/06\/Hector-Guzman.jpg","articleSection":["Tampico"],"inLanguage":"es","potentialAction":[{"@type":"CommentAction","name":"Comment","target":["https:\/\/elinformativotam.com\/index.php\/2025\/06\/06\/abejas-atacan-a-perro-en-la-zona-norte-de-tampico\/#respond"]}]},{"@type":"WebPage","@id":"https:\/\/elinformativotam.com\/index.php\/2025\/06\/06\/abejas-atacan-a-perro-en-la-zona-norte-de-tampico\/","url":"https:\/\/elinformativotam.com\/index.php\/2025\/06\/06\/abejas-atacan-a-perro-en-la-zona-norte-de-tampico\/","name":"ABEJAS ATACAN A PERRO EN LA ZONA NORTE DE TAMPICO - EL INFORMATIVO DE TAMAULIPAS","isPartOf":{"@id":"https:\/\/elinformativotam.com\/#website"},"primaryImageOfPage":{"@id":"https:\/\/elinformativotam.com\/index.php\/2025\/06\/06\/abejas-atacan-a-perro-en-la-zona-norte-de-tampico\/#primaryimage"},"image":{"@id":"https:\/\/elinformativotam.com\/index.php\/2025\/06\/06\/abejas-atacan-a-perro-en-la-zona-norte-de-tampico\/#primaryimage"},"thumbnailUrl":"https:\/\/elinformativotam.com\/wp-content\/uploads\/2025\/06\/Hector-Guzman.jpg","datePublished":"2025-06-06T15:02:07+00:00","description":"Ayer por la ma\u00f1ana se registro un ataque de abejas hacia un canino en la zona norte de tampico, mismo que provoco el fallecimiento de canino, dentro de un","inLanguage":"es","potentialAction":[{"@type":"ReadAction","target":["https:\/\/elinformativotam.com\/index.php\/2025\/06\/06\/abejas-atacan-a-perro-en-la-zona-norte-de-tampico\/"]}]},{"@type":"ImageObject","inLanguage":"es","@id":"https:\/\/elinformativotam.com\/index.php\/2025\/06\/06\/abejas-atacan-a-perro-en-la-zona-norte-de-tampico\/#primaryimage","url":"https:\/\/elinformativotam.com\/wp-content\/uploads\/2025\/06\/Hector-Guzman.jpg","contentUrl":"https:\/\/elinformativotam.com\/wp-content\/uploads\/2025\/06\/Hector-Guzman.jpg","width":809,"height":720},{"@type":"WebSite","@id":"https:\/\/elinformativotam.com\/#website","url":"https:\/\/elinformativotam.com\/","name":"EL INFORMATIVO DE TAMAULIPAS","description":"Desde la Zona Metropolitana Para Todo M\u00e9xico","publisher":{"@id":"https:\/\/elinformativotam.com\/#organization"},"potentialAction":[{"@type":"SearchAction","target":{"@type":"EntryPoint","urlTemplate":"https:\/\/elinformativotam.com\/?s={search_term_string}"},"query-input":{"@type":"PropertyValueSpecification","valueRequired":true,"valueName":"search_term_string"}}],"inLanguage":"es"},{"@type":"Organization","@id":"https:\/\/elinformativotam.com\/#organization","name":"EL INFORMATIVO DE TAMAULIPAS","url":"https:\/\/elinformativotam.com\/","logo":{"@type":"ImageObject","inLanguage":"es","@id":"https:\/\/elinformativotam.com\/#\/schema\/logo\/image\/","url":"https:\/\/elinformativotam.com\/wp-content\/uploads\/2026\/02\/Cabezal.png","contentUrl":"https:\/\/elinformativotam.com\/wp-content\/uploads\/2026\/02\/Cabezal.png","width":960,"height":640,"caption":"EL INFORMATIVO DE TAMAULIPAS"},"image":{"@id":"https:\/\/elinformativotam.com\/#\/schema\/logo\/image\/"}},{"@type":"Person","@id":"https:\/\/elinformativotam.com\/#\/schema\/person\/78e08040eed0f6110f0c5f83b6153590","name":"El Informativo Tam","image":{"@type":"ImageObject","inLanguage":"es","@id":"https:\/\/secure.gravatar.com\/avatar\/f3b7ad3af540688955925ac610647be00b0cf41feea9c4978b73a707ee86bc53?s=96&d=mm&r=g","url":"https:\/\/secure.gravatar.com\/avatar\/f3b7ad3af540688955925ac610647be00b0cf41feea9c4978b73a707ee86bc53?s=96&d=mm&r=g","contentUrl":"https:\/\/secure.gravatar.com\/avatar\/f3b7ad3af540688955925ac610647be00b0cf41feea9c4978b73a707ee86bc53?s=96&d=mm&r=g","caption":"El Informativo Tam"}}]}},"_links":{"self":[{"href":"https:\/\/elinformativotam.com\/index.php\/wp-json\/wp\/v2\/posts\/55210","targetHints":{"allow":["GET"]}}],"collection":[{"href":"https:\/\/elinformativotam.com\/index.php\/wp-json\/wp\/v2\/posts"}],"about":[{"href":"https:\/\/elinformativotam.com\/index.php\/wp-json\/wp\/v2\/types\/post"}],"author":[{"embeddable":true,"href":"https:\/\/elinformativotam.com\/index.php\/wp-json\/wp\/v2\/users\/1"}],"replies":[{"embeddable":true,"href":"https:\/\/elinformativotam.com\/index.php\/wp-json\/wp\/v2\/comments?post=55210"}],"version-history":[{"count":1,"href":"https:\/\/elinformativotam.com\/index.php\/wp-json\/wp\/v2\/posts\/55210\/revisions"}],"predecessor-version":[{"id":55212,"href":"https:\/\/elinformativotam.com\/index.php\/wp-json\/wp\/v2\/posts\/55210\/revisions\/55212"}],"wp:featuredmedia":[{"embeddable":true,"href":"https:\/\/elinformativotam.com\/index.php\/wp-json\/wp\/v2\/media\/55211"}],"wp:attachment":[{"href":"https:\/\/elinformativotam.com\/index.php\/wp-json\/wp\/v2\/media?parent=55210"}],"wp:term":[{"taxonomy":"category","embeddable":true,"href":"https:\/\/elinformativotam.com\/index.php\/wp-json\/wp\/v2\/categories?post=55210"},{"taxonomy":"post_tag","embeddable":true,"href":"https:\/\/elinformativotam.com\/index.php\/wp-json\/wp\/v2\/tags?post=55210"}],"curies":[{"name":"wp","href":"https:\/\/api.w.org\/{rel}","templated":true}]}}