{"id":5284,"date":"2020-04-23T20:12:56","date_gmt":"2020-04-24T02:12:56","guid":{"rendered":"http:\/\/elinformativotam.com\/?p=5284"},"modified":"2020-04-23T20:12:56","modified_gmt":"2020-04-24T02:12:56","slug":"en-tampico-ayuda-de-arteli-se-duplicara-chucho-nader","status":"publish","type":"post","link":"https:\/\/elinformativotam.com\/index.php\/2020\/04\/23\/en-tampico-ayuda-de-arteli-se-duplicara-chucho-nader\/","title":{"rendered":"EN TAMPICO AYUDA DE ARTELI SE DUPLICAR\u00c1: CHUCHO NADER"},"content":{"rendered":"<h2><em><strong>*Son Seis Toneladas Para Cada Municipio, Con El Compromiso Del Presidente Municipal Se Entregar\u00e1n 12 Toneladas De Insumos A Familias M\u00e1s Necesitadas<\/strong><\/em><\/h2>\n<p>&nbsp;<\/p>\n<p>Un total de 18 toneladas de ayuda alimentaria entregaron este viernes, el empresario tampique\u00f1o Arturo Elizondo Naranjo y su esposa, Concepci\u00f3n Fern\u00e1ndez de Elizondo a los Sistemas DIF de Tampico, Ciudad Madero y Altamira, en una ceremonia efectuada en el Centro de Distribuci\u00f3n de las tiendas Arteli.<\/p>\n<p>&nbsp;<\/p>\n<p>El Presidente Municipal Chucho Nader, acompa\u00f1ado de su esposa, A\u00edda F\u00e9res de Nader, Presidenta del Sistema DIF Tampico, agradeci\u00f3 el gesto solidario del empresario porte\u00f1o, a quien reconoci\u00f3 su esp\u00edritu altruista y su exitosa labor empresarial que por m\u00e1s de cuatro d\u00e9cadas, ha contribuido al desarrollo y crecimiento econ\u00f3mico del municipio.<\/p>\n<p>&nbsp;<\/p>\n<p>&#8220;Mi eterno agradecimiento a Arturo Elizondo y a su apreciable esposa, Concepci\u00f3n Fern\u00e1ndez de Elizondo, por esta suma de beneficios orientadas a las clases m\u00e1s necesitadas de Tampico, que en estos momentos est\u00e1n pareciendo muchas carencias debido a la contingencia sanitaria, y sin duda este donativo contribuye a brindarles bienestar, certidumbre y seguridad alimentaria&#8221;, expres\u00f3.<\/p>\n<p>&nbsp;<\/p>\n<p>Por su parte Naranjo Elizondo expuso que las 18 toneladas de alimentos ser\u00e1n distribuidas a cada organismo municipal, para que sean los propios Sistemas DIF, quienes se encarguen de entregarlas a los grupos prioritarias y a los sectores m\u00e1s desprotegidos.<\/p>\n<p>&nbsp;<\/p>\n<p>Destac\u00f3 que cumpliendo su responsabilidad social Arteli, contribuye con la donaci\u00f3n de alimentos b\u00e1sicos para respaldar el bienestar de las familias que atraviesan por condiciones econ\u00f3micas adversas, derivadas de la pandemia.<\/p>\n<p>&nbsp;<\/p>\n<p>&#8220;Estamos viviendo tiempos in\u00e9ditos que jam\u00e1s nadie hab\u00eda pensado; estamos atravesando por circunstancias totalmente adversas que han hecho que todos tengamos que cambiar nuestros h\u00e1bitos, costumbres y manera de vivir, trabajar y transitar; pero tambi\u00e9n esta situaci\u00f3n est\u00e1 generando efectos econ\u00f3micos secundarios como el desempleo, falta de ingresos y carencias b\u00e1sicas como la alimentaci\u00f3n en muchas familias de la zona conurbada&#8221;, se\u00f1al\u00f3.<\/p>\n<p>&nbsp;<\/p>\n<p>Por \u00faltimo el Presidente de Tampico dio a conocer que las seis toneladas de alimentos recibidas por parte de Arteli, ser\u00e1n duplicadas en cumplimiento al compromiso de su administraci\u00f3n de incrementar al doble toda la ayuda que se reciba por parte de la sociedad civil y sectores productivos de la localidad.<\/p>\n<p>&nbsp;<\/p>\n<p>A la entrega de este importante apoyo alimentario asistieron tambi\u00e9n; los Alcaldes de Altamira y Ciudad Madero, Alma Laura Ampar\u00e1n Cruz y Adri\u00e1n Oseguera Kernion, acompa\u00f1ados, respectivamente por las Presidentas de los Sistemas DIF, Alma Laura Hern\u00e1ndez Ampar\u00e1n y Ana Cristina Organista de Oseguera.<\/p>\n","protected":false},"excerpt":{"rendered":"<p>*Son Seis Toneladas Para Cada Municipio, Con El Compromiso Del Presidente Municipal Se Entregar\u00e1n 12 Toneladas De Insumos A Familias&hellip;<\/p>\n","protected":false},"author":1,"featured_media":0,"comment_status":"open","ping_status":"open","sticky":false,"template":"","format":"standard","meta":{"footnotes":""},"categories":[3],"tags":[],"class_list":["post-5284","post","type-post","status-publish","format-standard","hentry","category-tampico"],"yoast_head":"<!-- This site is optimized with the Yoast SEO plugin v27.5 - https:\/\/yoast.com\/product\/yoast-seo-wordpress\/ -->\n<title>EN TAMPICO AYUDA DE ARTELI SE DUPLICAR\u00c1: CHUCHO NADER - EL INFORMATIVO DE TAMAULIPAS<\/title>\n<meta name=\"description\" content=\"*Son Seis Toneladas Para Cada Municipio, Con El Compromiso Del Presidente Municipal Se Entregar\u00e1n 12 Toneladas De Insumos A Familias M\u00e1s Necesitadas\" \/>\n<meta name=\"robots\" content=\"index, follow, max-snippet:-1, max-image-preview:large, max-video-preview:-1\" \/>\n<link rel=\"canonical\" href=\"https:\/\/elinformativotam.com\/index.php\/2020\/04\/23\/en-tampico-ayuda-de-arteli-se-duplicara-chucho-nader\/\" \/>\n<meta property=\"og:locale\" content=\"es_MX\" \/>\n<meta property=\"og:type\" content=\"article\" \/>\n<meta property=\"og:title\" content=\"EN TAMPICO AYUDA DE ARTELI SE DUPLICAR\u00c1: CHUCHO NADER - EL INFORMATIVO DE TAMAULIPAS\" \/>\n<meta property=\"og:description\" content=\"*Son Seis Toneladas Para Cada Municipio, Con El Compromiso Del Presidente Municipal Se Entregar\u00e1n 12 Toneladas De Insumos A Familias M\u00e1s Necesitadas\" \/>\n<meta property=\"og:url\" content=\"https:\/\/elinformativotam.com\/index.php\/2020\/04\/23\/en-tampico-ayuda-de-arteli-se-duplicara-chucho-nader\/\" \/>\n<meta property=\"og:site_name\" content=\"EL INFORMATIVO DE TAMAULIPAS\" \/>\n<meta property=\"article:published_time\" content=\"2020-04-24T02:12:56+00:00\" \/>\n<meta name=\"author\" content=\"El Informativo Tam\" \/>\n<meta name=\"twitter:card\" content=\"summary_large_image\" \/>\n<meta name=\"twitter:label1\" content=\"Escrito por\" \/>\n\t<meta name=\"twitter:data1\" content=\"El Informativo Tam\" \/>\n\t<meta name=\"twitter:label2\" content=\"Tiempo de lectura\" \/>\n\t<meta name=\"twitter:data2\" content=\"2 minutos\" \/>\n<script type=\"application\/ld+json\" class=\"yoast-schema-graph\">{\"@context\":\"https:\\\/\\\/schema.org\",\"@graph\":[{\"@type\":\"Article\",\"@id\":\"https:\\\/\\\/elinformativotam.com\\\/index.php\\\/2020\\\/04\\\/23\\\/en-tampico-ayuda-de-arteli-se-duplicara-chucho-nader\\\/#article\",\"isPartOf\":{\"@id\":\"https:\\\/\\\/elinformativotam.com\\\/index.php\\\/2020\\\/04\\\/23\\\/en-tampico-ayuda-de-arteli-se-duplicara-chucho-nader\\\/\"},\"author\":{\"name\":\"El Informativo Tam\",\"@id\":\"https:\\\/\\\/elinformativotam.com\\\/#\\\/schema\\\/person\\\/78e08040eed0f6110f0c5f83b6153590\"},\"headline\":\"EN TAMPICO AYUDA DE ARTELI SE DUPLICAR\u00c1: CHUCHO NADER\",\"datePublished\":\"2020-04-24T02:12:56+00:00\",\"mainEntityOfPage\":{\"@id\":\"https:\\\/\\\/elinformativotam.com\\\/index.php\\\/2020\\\/04\\\/23\\\/en-tampico-ayuda-de-arteli-se-duplicara-chucho-nader\\\/\"},\"wordCount\":458,\"commentCount\":0,\"publisher\":{\"@id\":\"https:\\\/\\\/elinformativotam.com\\\/#organization\"},\"articleSection\":[\"Tampico\"],\"inLanguage\":\"es\",\"potentialAction\":[{\"@type\":\"CommentAction\",\"name\":\"Comment\",\"target\":[\"https:\\\/\\\/elinformativotam.com\\\/index.php\\\/2020\\\/04\\\/23\\\/en-tampico-ayuda-de-arteli-se-duplicara-chucho-nader\\\/#respond\"]}]},{\"@type\":\"WebPage\",\"@id\":\"https:\\\/\\\/elinformativotam.com\\\/index.php\\\/2020\\\/04\\\/23\\\/en-tampico-ayuda-de-arteli-se-duplicara-chucho-nader\\\/\",\"url\":\"https:\\\/\\\/elinformativotam.com\\\/index.php\\\/2020\\\/04\\\/23\\\/en-tampico-ayuda-de-arteli-se-duplicara-chucho-nader\\\/\",\"name\":\"EN TAMPICO AYUDA DE ARTELI SE DUPLICAR\u00c1: CHUCHO NADER - EL INFORMATIVO DE TAMAULIPAS\",\"isPartOf\":{\"@id\":\"https:\\\/\\\/elinformativotam.com\\\/#website\"},\"datePublished\":\"2020-04-24T02:12:56+00:00\",\"description\":\"*Son Seis Toneladas Para Cada Municipio, Con El Compromiso Del Presidente Municipal Se Entregar\u00e1n 12 Toneladas De Insumos A Familias M\u00e1s Necesitadas\",\"inLanguage\":\"es\",\"potentialAction\":[{\"@type\":\"ReadAction\",\"target\":[\"https:\\\/\\\/elinformativotam.com\\\/index.php\\\/2020\\\/04\\\/23\\\/en-tampico-ayuda-de-arteli-se-duplicara-chucho-nader\\\/\"]}]},{\"@type\":\"WebSite\",\"@id\":\"https:\\\/\\\/elinformativotam.com\\\/#website\",\"url\":\"https:\\\/\\\/elinformativotam.com\\\/\",\"name\":\"EL INFORMATIVO DE TAMAULIPAS\",\"description\":\"Desde la Zona Metropolitana Para Todo M\u00e9xico\",\"publisher\":{\"@id\":\"https:\\\/\\\/elinformativotam.com\\\/#organization\"},\"potentialAction\":[{\"@type\":\"SearchAction\",\"target\":{\"@type\":\"EntryPoint\",\"urlTemplate\":\"https:\\\/\\\/elinformativotam.com\\\/?s={search_term_string}\"},\"query-input\":{\"@type\":\"PropertyValueSpecification\",\"valueRequired\":true,\"valueName\":\"search_term_string\"}}],\"inLanguage\":\"es\"},{\"@type\":\"Organization\",\"@id\":\"https:\\\/\\\/elinformativotam.com\\\/#organization\",\"name\":\"EL INFORMATIVO DE TAMAULIPAS\",\"url\":\"https:\\\/\\\/elinformativotam.com\\\/\",\"logo\":{\"@type\":\"ImageObject\",\"inLanguage\":\"es\",\"@id\":\"https:\\\/\\\/elinformativotam.com\\\/#\\\/schema\\\/logo\\\/image\\\/\",\"url\":\"https:\\\/\\\/elinformativotam.com\\\/wp-content\\\/uploads\\\/2026\\\/02\\\/Cabezal.png\",\"contentUrl\":\"https:\\\/\\\/elinformativotam.com\\\/wp-content\\\/uploads\\\/2026\\\/02\\\/Cabezal.png\",\"width\":960,\"height\":640,\"caption\":\"EL INFORMATIVO DE TAMAULIPAS\"},\"image\":{\"@id\":\"https:\\\/\\\/elinformativotam.com\\\/#\\\/schema\\\/logo\\\/image\\\/\"}},{\"@type\":\"Person\",\"@id\":\"https:\\\/\\\/elinformativotam.com\\\/#\\\/schema\\\/person\\\/78e08040eed0f6110f0c5f83b6153590\",\"name\":\"El Informativo Tam\",\"image\":{\"@type\":\"ImageObject\",\"inLanguage\":\"es\",\"@id\":\"https:\\\/\\\/secure.gravatar.com\\\/avatar\\\/f3b7ad3af540688955925ac610647be00b0cf41feea9c4978b73a707ee86bc53?s=96&d=mm&r=g\",\"url\":\"https:\\\/\\\/secure.gravatar.com\\\/avatar\\\/f3b7ad3af540688955925ac610647be00b0cf41feea9c4978b73a707ee86bc53?s=96&d=mm&r=g\",\"contentUrl\":\"https:\\\/\\\/secure.gravatar.com\\\/avatar\\\/f3b7ad3af540688955925ac610647be00b0cf41feea9c4978b73a707ee86bc53?s=96&d=mm&r=g\",\"caption\":\"El Informativo Tam\"}}]}<\/script>\n<!-- \/ Yoast SEO plugin. -->","yoast_head_json":{"title":"EN TAMPICO AYUDA DE ARTELI SE DUPLICAR\u00c1: CHUCHO NADER - EL INFORMATIVO DE TAMAULIPAS","description":"*Son Seis Toneladas Para Cada Municipio, Con El Compromiso Del Presidente Municipal Se Entregar\u00e1n 12 Toneladas De Insumos A Familias M\u00e1s Necesitadas","robots":{"index":"index","follow":"follow","max-snippet":"max-snippet:-1","max-image-preview":"max-image-preview:large","max-video-preview":"max-video-preview:-1"},"canonical":"https:\/\/elinformativotam.com\/index.php\/2020\/04\/23\/en-tampico-ayuda-de-arteli-se-duplicara-chucho-nader\/","og_locale":"es_MX","og_type":"article","og_title":"EN TAMPICO AYUDA DE ARTELI SE DUPLICAR\u00c1: CHUCHO NADER - EL INFORMATIVO DE TAMAULIPAS","og_description":"*Son Seis Toneladas Para Cada Municipio, Con El Compromiso Del Presidente Municipal Se Entregar\u00e1n 12 Toneladas De Insumos A Familias M\u00e1s Necesitadas","og_url":"https:\/\/elinformativotam.com\/index.php\/2020\/04\/23\/en-tampico-ayuda-de-arteli-se-duplicara-chucho-nader\/","og_site_name":"EL INFORMATIVO DE TAMAULIPAS","article_published_time":"2020-04-24T02:12:56+00:00","author":"El Informativo Tam","twitter_card":"summary_large_image","twitter_misc":{"Escrito por":"El Informativo Tam","Tiempo de lectura":"2 minutos"},"schema":{"@context":"https:\/\/schema.org","@graph":[{"@type":"Article","@id":"https:\/\/elinformativotam.com\/index.php\/2020\/04\/23\/en-tampico-ayuda-de-arteli-se-duplicara-chucho-nader\/#article","isPartOf":{"@id":"https:\/\/elinformativotam.com\/index.php\/2020\/04\/23\/en-tampico-ayuda-de-arteli-se-duplicara-chucho-nader\/"},"author":{"name":"El Informativo Tam","@id":"https:\/\/elinformativotam.com\/#\/schema\/person\/78e08040eed0f6110f0c5f83b6153590"},"headline":"EN TAMPICO AYUDA DE ARTELI SE DUPLICAR\u00c1: CHUCHO NADER","datePublished":"2020-04-24T02:12:56+00:00","mainEntityOfPage":{"@id":"https:\/\/elinformativotam.com\/index.php\/2020\/04\/23\/en-tampico-ayuda-de-arteli-se-duplicara-chucho-nader\/"},"wordCount":458,"commentCount":0,"publisher":{"@id":"https:\/\/elinformativotam.com\/#organization"},"articleSection":["Tampico"],"inLanguage":"es","potentialAction":[{"@type":"CommentAction","name":"Comment","target":["https:\/\/elinformativotam.com\/index.php\/2020\/04\/23\/en-tampico-ayuda-de-arteli-se-duplicara-chucho-nader\/#respond"]}]},{"@type":"WebPage","@id":"https:\/\/elinformativotam.com\/index.php\/2020\/04\/23\/en-tampico-ayuda-de-arteli-se-duplicara-chucho-nader\/","url":"https:\/\/elinformativotam.com\/index.php\/2020\/04\/23\/en-tampico-ayuda-de-arteli-se-duplicara-chucho-nader\/","name":"EN TAMPICO AYUDA DE ARTELI SE DUPLICAR\u00c1: CHUCHO NADER - EL INFORMATIVO DE TAMAULIPAS","isPartOf":{"@id":"https:\/\/elinformativotam.com\/#website"},"datePublished":"2020-04-24T02:12:56+00:00","description":"*Son Seis Toneladas Para Cada Municipio, Con El Compromiso Del Presidente Municipal Se Entregar\u00e1n 12 Toneladas De Insumos A Familias M\u00e1s Necesitadas","inLanguage":"es","potentialAction":[{"@type":"ReadAction","target":["https:\/\/elinformativotam.com\/index.php\/2020\/04\/23\/en-tampico-ayuda-de-arteli-se-duplicara-chucho-nader\/"]}]},{"@type":"WebSite","@id":"https:\/\/elinformativotam.com\/#website","url":"https:\/\/elinformativotam.com\/","name":"EL INFORMATIVO DE TAMAULIPAS","description":"Desde la Zona Metropolitana Para Todo M\u00e9xico","publisher":{"@id":"https:\/\/elinformativotam.com\/#organization"},"potentialAction":[{"@type":"SearchAction","target":{"@type":"EntryPoint","urlTemplate":"https:\/\/elinformativotam.com\/?s={search_term_string}"},"query-input":{"@type":"PropertyValueSpecification","valueRequired":true,"valueName":"search_term_string"}}],"inLanguage":"es"},{"@type":"Organization","@id":"https:\/\/elinformativotam.com\/#organization","name":"EL INFORMATIVO DE TAMAULIPAS","url":"https:\/\/elinformativotam.com\/","logo":{"@type":"ImageObject","inLanguage":"es","@id":"https:\/\/elinformativotam.com\/#\/schema\/logo\/image\/","url":"https:\/\/elinformativotam.com\/wp-content\/uploads\/2026\/02\/Cabezal.png","contentUrl":"https:\/\/elinformativotam.com\/wp-content\/uploads\/2026\/02\/Cabezal.png","width":960,"height":640,"caption":"EL INFORMATIVO DE TAMAULIPAS"},"image":{"@id":"https:\/\/elinformativotam.com\/#\/schema\/logo\/image\/"}},{"@type":"Person","@id":"https:\/\/elinformativotam.com\/#\/schema\/person\/78e08040eed0f6110f0c5f83b6153590","name":"El Informativo Tam","image":{"@type":"ImageObject","inLanguage":"es","@id":"https:\/\/secure.gravatar.com\/avatar\/f3b7ad3af540688955925ac610647be00b0cf41feea9c4978b73a707ee86bc53?s=96&d=mm&r=g","url":"https:\/\/secure.gravatar.com\/avatar\/f3b7ad3af540688955925ac610647be00b0cf41feea9c4978b73a707ee86bc53?s=96&d=mm&r=g","contentUrl":"https:\/\/secure.gravatar.com\/avatar\/f3b7ad3af540688955925ac610647be00b0cf41feea9c4978b73a707ee86bc53?s=96&d=mm&r=g","caption":"El Informativo Tam"}}]}},"_links":{"self":[{"href":"https:\/\/elinformativotam.com\/index.php\/wp-json\/wp\/v2\/posts\/5284","targetHints":{"allow":["GET"]}}],"collection":[{"href":"https:\/\/elinformativotam.com\/index.php\/wp-json\/wp\/v2\/posts"}],"about":[{"href":"https:\/\/elinformativotam.com\/index.php\/wp-json\/wp\/v2\/types\/post"}],"author":[{"embeddable":true,"href":"https:\/\/elinformativotam.com\/index.php\/wp-json\/wp\/v2\/users\/1"}],"replies":[{"embeddable":true,"href":"https:\/\/elinformativotam.com\/index.php\/wp-json\/wp\/v2\/comments?post=5284"}],"version-history":[{"count":0,"href":"https:\/\/elinformativotam.com\/index.php\/wp-json\/wp\/v2\/posts\/5284\/revisions"}],"wp:attachment":[{"href":"https:\/\/elinformativotam.com\/index.php\/wp-json\/wp\/v2\/media?parent=5284"}],"wp:term":[{"taxonomy":"category","embeddable":true,"href":"https:\/\/elinformativotam.com\/index.php\/wp-json\/wp\/v2\/categories?post=5284"},{"taxonomy":"post_tag","embeddable":true,"href":"https:\/\/elinformativotam.com\/index.php\/wp-json\/wp\/v2\/tags?post=5284"}],"curies":[{"name":"wp","href":"https:\/\/api.w.org\/{rel}","templated":true}]}}