{"id":5282,"date":"2020-04-23T20:08:55","date_gmt":"2020-04-24T02:08:55","guid":{"rendered":"http:\/\/elinformativotam.com\/?p=5282"},"modified":"2020-04-23T20:08:55","modified_gmt":"2020-04-24T02:08:55","slug":"la-bajada-olmos-sera-punto-de-desarrollo-turistico-asegura-chucho-nader","status":"publish","type":"post","link":"https:\/\/elinformativotam.com\/index.php\/2020\/04\/23\/la-bajada-olmos-sera-punto-de-desarrollo-turistico-asegura-chucho-nader\/","title":{"rendered":"LA BAJADA OLMOS SER\u00c1 PUNTO DE DESARROLLO TUR\u00cdSTICO ASEGURA CHUCHO NADER"},"content":{"rendered":"<h2><em><strong>*Luego De M\u00e1s De Seis D\u00e9cadas, Retiran A Comerciantes Informales Instalados En El Sitio<\/strong><\/em><\/h2>\n<p>&nbsp;<\/p>\n<p>Tras 60 a\u00f1os de estar ocupada por comerciantes informales, este d\u00eda qued\u00f3 despejada la calle Fray Andr\u00e9s de Olmos entre H\u00e9roes del Ca\u00f1onero y Pedro Jos\u00e9 M\u00e9ndez de la zona de los mercados, la cual ser\u00e1 convertida en un sitio tur\u00edstico y zona peatonal a fin de brindar un atractivo paisaje urbano este sector de la ciudad.<\/p>\n<p>&nbsp;<\/p>\n<p>Lo anterior lo dio a conocer el Presidente Municipal Chucho Nader al efectuar la supervisi\u00f3n del retiro de los oferentes que dijo, ser\u00e1n reubicados en el interior del nuevo mercado municipal, con el prop\u00f3sito de garantizar su espacio comercial y brindarles certidumbre econ\u00f3mica.<\/p>\n<p>&nbsp;<\/p>\n<p>&#8220;Estamos creando las condiciones para mejorar la imagen de nuestra zona centro, y este retiro de los comerciantes, es una oportunidad para que contin\u00faen desarrollando su actividad en un espacio m\u00e1s seguro, amplio y limpio; y sobretodo que nos permite recuperar una importante vialidad que formar\u00e1 parte del nuevo atractivo tur\u00edstico que estamos desarrollando en beneficio de las familias tampique\u00f1as&#8221;, expres\u00f3.<\/p>\n<p>&nbsp;<\/p>\n<p>Chucho Nader agradeci\u00f3 la disponibilidad y respaldo de los comerciantes por acatar esta medida y asegur\u00f3 que su actividad comercial, estar\u00e1 garantizada en el nuevo Mercado.<\/p>\n<p>&nbsp;<\/p>\n<p>&#8220;Durante m\u00e1s de seis d\u00e9cadas esta bajada de la calle Olmos signific\u00f3 un punto comercial que permiti\u00f3 el desarrollo de muchas generaciones de familias tampique\u00f1as, sin embargo hoy da paso a una nueva historia que le dar\u00e1 mayor dinamismo comercial y tur\u00edstico a la zona centro y lo m\u00e1s importante es que los comerciantes no quedan en el desamparo, sino que ahora ocupar\u00e1n un mejor espacio para que sigan consolidando el desarrollo de nuestra ciudad&#8221;, puntualiz\u00f3.<\/p>\n","protected":false},"excerpt":{"rendered":"<p>*Luego De M\u00e1s De Seis D\u00e9cadas, Retiran A Comerciantes Informales Instalados En El Sitio &nbsp; Tras 60 a\u00f1os de estar&hellip;<\/p>\n","protected":false},"author":1,"featured_media":0,"comment_status":"open","ping_status":"open","sticky":false,"template":"","format":"standard","meta":{"footnotes":""},"categories":[3],"tags":[],"class_list":["post-5282","post","type-post","status-publish","format-standard","hentry","category-tampico"],"yoast_head":"<!-- This site is optimized with the Yoast SEO plugin v27.5 - https:\/\/yoast.com\/product\/yoast-seo-wordpress\/ -->\n<title>LA BAJADA OLMOS SER\u00c1 PUNTO DE DESARROLLO TUR\u00cdSTICO ASEGURA CHUCHO NADER - EL INFORMATIVO DE TAMAULIPAS<\/title>\n<meta name=\"description\" content=\"*Luego De M\u00e1s De Seis D\u00e9cadas, Retiran A Comerciantes Informales Instalados En El Sitio &nbsp; Tras 60 a\u00f1os de estar ocupada por comerciantes informales,\" \/>\n<meta name=\"robots\" content=\"index, follow, max-snippet:-1, max-image-preview:large, max-video-preview:-1\" \/>\n<link rel=\"canonical\" href=\"https:\/\/elinformativotam.com\/index.php\/2020\/04\/23\/la-bajada-olmos-sera-punto-de-desarrollo-turistico-asegura-chucho-nader\/\" \/>\n<meta property=\"og:locale\" content=\"es_MX\" \/>\n<meta property=\"og:type\" content=\"article\" \/>\n<meta property=\"og:title\" content=\"LA BAJADA OLMOS SER\u00c1 PUNTO DE DESARROLLO TUR\u00cdSTICO ASEGURA CHUCHO NADER - EL INFORMATIVO DE TAMAULIPAS\" \/>\n<meta property=\"og:description\" content=\"*Luego De M\u00e1s De Seis D\u00e9cadas, Retiran A Comerciantes Informales Instalados En El Sitio &nbsp; Tras 60 a\u00f1os de estar ocupada por comerciantes informales,\" \/>\n<meta property=\"og:url\" content=\"https:\/\/elinformativotam.com\/index.php\/2020\/04\/23\/la-bajada-olmos-sera-punto-de-desarrollo-turistico-asegura-chucho-nader\/\" \/>\n<meta property=\"og:site_name\" content=\"EL INFORMATIVO DE TAMAULIPAS\" \/>\n<meta property=\"article:published_time\" content=\"2020-04-24T02:08:55+00:00\" \/>\n<meta name=\"author\" content=\"El Informativo Tam\" \/>\n<meta name=\"twitter:card\" content=\"summary_large_image\" \/>\n<meta name=\"twitter:label1\" content=\"Escrito por\" \/>\n\t<meta name=\"twitter:data1\" content=\"El Informativo Tam\" \/>\n\t<meta name=\"twitter:label2\" content=\"Tiempo de lectura\" \/>\n\t<meta name=\"twitter:data2\" content=\"2 minutos\" \/>\n<script type=\"application\/ld+json\" class=\"yoast-schema-graph\">{\"@context\":\"https:\\\/\\\/schema.org\",\"@graph\":[{\"@type\":\"Article\",\"@id\":\"https:\\\/\\\/elinformativotam.com\\\/index.php\\\/2020\\\/04\\\/23\\\/la-bajada-olmos-sera-punto-de-desarrollo-turistico-asegura-chucho-nader\\\/#article\",\"isPartOf\":{\"@id\":\"https:\\\/\\\/elinformativotam.com\\\/index.php\\\/2020\\\/04\\\/23\\\/la-bajada-olmos-sera-punto-de-desarrollo-turistico-asegura-chucho-nader\\\/\"},\"author\":{\"name\":\"El Informativo Tam\",\"@id\":\"https:\\\/\\\/elinformativotam.com\\\/#\\\/schema\\\/person\\\/78e08040eed0f6110f0c5f83b6153590\"},\"headline\":\"LA BAJADA OLMOS SER\u00c1 PUNTO DE DESARROLLO TUR\u00cdSTICO ASEGURA CHUCHO NADER\",\"datePublished\":\"2020-04-24T02:08:55+00:00\",\"mainEntityOfPage\":{\"@id\":\"https:\\\/\\\/elinformativotam.com\\\/index.php\\\/2020\\\/04\\\/23\\\/la-bajada-olmos-sera-punto-de-desarrollo-turistico-asegura-chucho-nader\\\/\"},\"wordCount\":316,\"commentCount\":0,\"publisher\":{\"@id\":\"https:\\\/\\\/elinformativotam.com\\\/#organization\"},\"articleSection\":[\"Tampico\"],\"inLanguage\":\"es\",\"potentialAction\":[{\"@type\":\"CommentAction\",\"name\":\"Comment\",\"target\":[\"https:\\\/\\\/elinformativotam.com\\\/index.php\\\/2020\\\/04\\\/23\\\/la-bajada-olmos-sera-punto-de-desarrollo-turistico-asegura-chucho-nader\\\/#respond\"]}]},{\"@type\":\"WebPage\",\"@id\":\"https:\\\/\\\/elinformativotam.com\\\/index.php\\\/2020\\\/04\\\/23\\\/la-bajada-olmos-sera-punto-de-desarrollo-turistico-asegura-chucho-nader\\\/\",\"url\":\"https:\\\/\\\/elinformativotam.com\\\/index.php\\\/2020\\\/04\\\/23\\\/la-bajada-olmos-sera-punto-de-desarrollo-turistico-asegura-chucho-nader\\\/\",\"name\":\"LA BAJADA OLMOS SER\u00c1 PUNTO DE DESARROLLO TUR\u00cdSTICO ASEGURA CHUCHO NADER - EL INFORMATIVO DE TAMAULIPAS\",\"isPartOf\":{\"@id\":\"https:\\\/\\\/elinformativotam.com\\\/#website\"},\"datePublished\":\"2020-04-24T02:08:55+00:00\",\"description\":\"*Luego De M\u00e1s De Seis D\u00e9cadas, Retiran A Comerciantes Informales Instalados En El Sitio &nbsp; Tras 60 a\u00f1os de estar ocupada por comerciantes informales,\",\"inLanguage\":\"es\",\"potentialAction\":[{\"@type\":\"ReadAction\",\"target\":[\"https:\\\/\\\/elinformativotam.com\\\/index.php\\\/2020\\\/04\\\/23\\\/la-bajada-olmos-sera-punto-de-desarrollo-turistico-asegura-chucho-nader\\\/\"]}]},{\"@type\":\"WebSite\",\"@id\":\"https:\\\/\\\/elinformativotam.com\\\/#website\",\"url\":\"https:\\\/\\\/elinformativotam.com\\\/\",\"name\":\"EL INFORMATIVO DE TAMAULIPAS\",\"description\":\"Desde la Zona Metropolitana Para Todo M\u00e9xico\",\"publisher\":{\"@id\":\"https:\\\/\\\/elinformativotam.com\\\/#organization\"},\"potentialAction\":[{\"@type\":\"SearchAction\",\"target\":{\"@type\":\"EntryPoint\",\"urlTemplate\":\"https:\\\/\\\/elinformativotam.com\\\/?s={search_term_string}\"},\"query-input\":{\"@type\":\"PropertyValueSpecification\",\"valueRequired\":true,\"valueName\":\"search_term_string\"}}],\"inLanguage\":\"es\"},{\"@type\":\"Organization\",\"@id\":\"https:\\\/\\\/elinformativotam.com\\\/#organization\",\"name\":\"EL INFORMATIVO DE TAMAULIPAS\",\"url\":\"https:\\\/\\\/elinformativotam.com\\\/\",\"logo\":{\"@type\":\"ImageObject\",\"inLanguage\":\"es\",\"@id\":\"https:\\\/\\\/elinformativotam.com\\\/#\\\/schema\\\/logo\\\/image\\\/\",\"url\":\"https:\\\/\\\/elinformativotam.com\\\/wp-content\\\/uploads\\\/2026\\\/02\\\/Cabezal.png\",\"contentUrl\":\"https:\\\/\\\/elinformativotam.com\\\/wp-content\\\/uploads\\\/2026\\\/02\\\/Cabezal.png\",\"width\":960,\"height\":640,\"caption\":\"EL INFORMATIVO DE TAMAULIPAS\"},\"image\":{\"@id\":\"https:\\\/\\\/elinformativotam.com\\\/#\\\/schema\\\/logo\\\/image\\\/\"}},{\"@type\":\"Person\",\"@id\":\"https:\\\/\\\/elinformativotam.com\\\/#\\\/schema\\\/person\\\/78e08040eed0f6110f0c5f83b6153590\",\"name\":\"El Informativo Tam\",\"image\":{\"@type\":\"ImageObject\",\"inLanguage\":\"es\",\"@id\":\"https:\\\/\\\/secure.gravatar.com\\\/avatar\\\/f3b7ad3af540688955925ac610647be00b0cf41feea9c4978b73a707ee86bc53?s=96&d=mm&r=g\",\"url\":\"https:\\\/\\\/secure.gravatar.com\\\/avatar\\\/f3b7ad3af540688955925ac610647be00b0cf41feea9c4978b73a707ee86bc53?s=96&d=mm&r=g\",\"contentUrl\":\"https:\\\/\\\/secure.gravatar.com\\\/avatar\\\/f3b7ad3af540688955925ac610647be00b0cf41feea9c4978b73a707ee86bc53?s=96&d=mm&r=g\",\"caption\":\"El Informativo Tam\"}}]}<\/script>\n<!-- \/ Yoast SEO plugin. -->","yoast_head_json":{"title":"LA BAJADA OLMOS SER\u00c1 PUNTO DE DESARROLLO TUR\u00cdSTICO ASEGURA CHUCHO NADER - EL INFORMATIVO DE TAMAULIPAS","description":"*Luego De M\u00e1s De Seis D\u00e9cadas, Retiran A Comerciantes Informales Instalados En El Sitio &nbsp; Tras 60 a\u00f1os de estar ocupada por comerciantes informales,","robots":{"index":"index","follow":"follow","max-snippet":"max-snippet:-1","max-image-preview":"max-image-preview:large","max-video-preview":"max-video-preview:-1"},"canonical":"https:\/\/elinformativotam.com\/index.php\/2020\/04\/23\/la-bajada-olmos-sera-punto-de-desarrollo-turistico-asegura-chucho-nader\/","og_locale":"es_MX","og_type":"article","og_title":"LA BAJADA OLMOS SER\u00c1 PUNTO DE DESARROLLO TUR\u00cdSTICO ASEGURA CHUCHO NADER - EL INFORMATIVO DE TAMAULIPAS","og_description":"*Luego De M\u00e1s De Seis D\u00e9cadas, Retiran A Comerciantes Informales Instalados En El Sitio &nbsp; Tras 60 a\u00f1os de estar ocupada por comerciantes informales,","og_url":"https:\/\/elinformativotam.com\/index.php\/2020\/04\/23\/la-bajada-olmos-sera-punto-de-desarrollo-turistico-asegura-chucho-nader\/","og_site_name":"EL INFORMATIVO DE TAMAULIPAS","article_published_time":"2020-04-24T02:08:55+00:00","author":"El Informativo Tam","twitter_card":"summary_large_image","twitter_misc":{"Escrito por":"El Informativo Tam","Tiempo de lectura":"2 minutos"},"schema":{"@context":"https:\/\/schema.org","@graph":[{"@type":"Article","@id":"https:\/\/elinformativotam.com\/index.php\/2020\/04\/23\/la-bajada-olmos-sera-punto-de-desarrollo-turistico-asegura-chucho-nader\/#article","isPartOf":{"@id":"https:\/\/elinformativotam.com\/index.php\/2020\/04\/23\/la-bajada-olmos-sera-punto-de-desarrollo-turistico-asegura-chucho-nader\/"},"author":{"name":"El Informativo Tam","@id":"https:\/\/elinformativotam.com\/#\/schema\/person\/78e08040eed0f6110f0c5f83b6153590"},"headline":"LA BAJADA OLMOS SER\u00c1 PUNTO DE DESARROLLO TUR\u00cdSTICO ASEGURA CHUCHO NADER","datePublished":"2020-04-24T02:08:55+00:00","mainEntityOfPage":{"@id":"https:\/\/elinformativotam.com\/index.php\/2020\/04\/23\/la-bajada-olmos-sera-punto-de-desarrollo-turistico-asegura-chucho-nader\/"},"wordCount":316,"commentCount":0,"publisher":{"@id":"https:\/\/elinformativotam.com\/#organization"},"articleSection":["Tampico"],"inLanguage":"es","potentialAction":[{"@type":"CommentAction","name":"Comment","target":["https:\/\/elinformativotam.com\/index.php\/2020\/04\/23\/la-bajada-olmos-sera-punto-de-desarrollo-turistico-asegura-chucho-nader\/#respond"]}]},{"@type":"WebPage","@id":"https:\/\/elinformativotam.com\/index.php\/2020\/04\/23\/la-bajada-olmos-sera-punto-de-desarrollo-turistico-asegura-chucho-nader\/","url":"https:\/\/elinformativotam.com\/index.php\/2020\/04\/23\/la-bajada-olmos-sera-punto-de-desarrollo-turistico-asegura-chucho-nader\/","name":"LA BAJADA OLMOS SER\u00c1 PUNTO DE DESARROLLO TUR\u00cdSTICO ASEGURA CHUCHO NADER - EL INFORMATIVO DE TAMAULIPAS","isPartOf":{"@id":"https:\/\/elinformativotam.com\/#website"},"datePublished":"2020-04-24T02:08:55+00:00","description":"*Luego De M\u00e1s De Seis D\u00e9cadas, Retiran A Comerciantes Informales Instalados En El Sitio &nbsp; Tras 60 a\u00f1os de estar ocupada por comerciantes informales,","inLanguage":"es","potentialAction":[{"@type":"ReadAction","target":["https:\/\/elinformativotam.com\/index.php\/2020\/04\/23\/la-bajada-olmos-sera-punto-de-desarrollo-turistico-asegura-chucho-nader\/"]}]},{"@type":"WebSite","@id":"https:\/\/elinformativotam.com\/#website","url":"https:\/\/elinformativotam.com\/","name":"EL INFORMATIVO DE TAMAULIPAS","description":"Desde la Zona Metropolitana Para Todo M\u00e9xico","publisher":{"@id":"https:\/\/elinformativotam.com\/#organization"},"potentialAction":[{"@type":"SearchAction","target":{"@type":"EntryPoint","urlTemplate":"https:\/\/elinformativotam.com\/?s={search_term_string}"},"query-input":{"@type":"PropertyValueSpecification","valueRequired":true,"valueName":"search_term_string"}}],"inLanguage":"es"},{"@type":"Organization","@id":"https:\/\/elinformativotam.com\/#organization","name":"EL INFORMATIVO DE TAMAULIPAS","url":"https:\/\/elinformativotam.com\/","logo":{"@type":"ImageObject","inLanguage":"es","@id":"https:\/\/elinformativotam.com\/#\/schema\/logo\/image\/","url":"https:\/\/elinformativotam.com\/wp-content\/uploads\/2026\/02\/Cabezal.png","contentUrl":"https:\/\/elinformativotam.com\/wp-content\/uploads\/2026\/02\/Cabezal.png","width":960,"height":640,"caption":"EL INFORMATIVO DE TAMAULIPAS"},"image":{"@id":"https:\/\/elinformativotam.com\/#\/schema\/logo\/image\/"}},{"@type":"Person","@id":"https:\/\/elinformativotam.com\/#\/schema\/person\/78e08040eed0f6110f0c5f83b6153590","name":"El Informativo Tam","image":{"@type":"ImageObject","inLanguage":"es","@id":"https:\/\/secure.gravatar.com\/avatar\/f3b7ad3af540688955925ac610647be00b0cf41feea9c4978b73a707ee86bc53?s=96&d=mm&r=g","url":"https:\/\/secure.gravatar.com\/avatar\/f3b7ad3af540688955925ac610647be00b0cf41feea9c4978b73a707ee86bc53?s=96&d=mm&r=g","contentUrl":"https:\/\/secure.gravatar.com\/avatar\/f3b7ad3af540688955925ac610647be00b0cf41feea9c4978b73a707ee86bc53?s=96&d=mm&r=g","caption":"El Informativo Tam"}}]}},"_links":{"self":[{"href":"https:\/\/elinformativotam.com\/index.php\/wp-json\/wp\/v2\/posts\/5282","targetHints":{"allow":["GET"]}}],"collection":[{"href":"https:\/\/elinformativotam.com\/index.php\/wp-json\/wp\/v2\/posts"}],"about":[{"href":"https:\/\/elinformativotam.com\/index.php\/wp-json\/wp\/v2\/types\/post"}],"author":[{"embeddable":true,"href":"https:\/\/elinformativotam.com\/index.php\/wp-json\/wp\/v2\/users\/1"}],"replies":[{"embeddable":true,"href":"https:\/\/elinformativotam.com\/index.php\/wp-json\/wp\/v2\/comments?post=5282"}],"version-history":[{"count":0,"href":"https:\/\/elinformativotam.com\/index.php\/wp-json\/wp\/v2\/posts\/5282\/revisions"}],"wp:attachment":[{"href":"https:\/\/elinformativotam.com\/index.php\/wp-json\/wp\/v2\/media?parent=5282"}],"wp:term":[{"taxonomy":"category","embeddable":true,"href":"https:\/\/elinformativotam.com\/index.php\/wp-json\/wp\/v2\/categories?post=5282"},{"taxonomy":"post_tag","embeddable":true,"href":"https:\/\/elinformativotam.com\/index.php\/wp-json\/wp\/v2\/tags?post=5282"}],"curies":[{"name":"wp","href":"https:\/\/api.w.org\/{rel}","templated":true}]}}