{"id":5269,"date":"2020-04-23T19:49:27","date_gmt":"2020-04-24T01:49:27","guid":{"rendered":"http:\/\/elinformativotam.com\/?p=5269"},"modified":"2020-04-23T19:49:27","modified_gmt":"2020-04-24T01:49:27","slug":"entrega-alcalde-de-madero-unidades-a-guardia-nacional","status":"publish","type":"post","link":"https:\/\/elinformativotam.com\/index.php\/2020\/04\/23\/entrega-alcalde-de-madero-unidades-a-guardia-nacional\/","title":{"rendered":"ENTREGA ALCALDE DE MADERO UNIDADES A GUARDIA NACIONAL."},"content":{"rendered":"<p>Cd. Madero, Tamaulipas.- El alcalde de Ciudad Madero, Adri\u00e1n Oseguera Kernion, realiz\u00f3 la entrega en comodato de 2 unidades tipo &#8220;Racers&#8221; a la Guardia Nacional, esto para que tengan mayor movilidad,\u00a0 principalmente en las colonias de la urbe petrolera.<\/p>\n<p>&nbsp;<\/p>\n<p>Acompa\u00f1ado del comandante de la corporaci\u00f3n, Ra\u00fal Meneses Ram\u00edrez y del secretario del ayuntamiento, Juan Antonio Ortega Ju\u00e1rez, se hizo la entrega de las llaves a quienes se encargar\u00e1n de la seguridad de la ciudad.<\/p>\n<p>&nbsp;<\/p>\n<p>Fue el comandante en jefe de la GN, Ra\u00fal Meneses, quien agradeci\u00f3 el apoyo que se les brinda por parte de la autoridad municipal, ya que se\u00f1al\u00f3 que a\u00fan tienen carencias a pesar que ya les fueron entregadas camionetas para los recorridos que hacen.<\/p>\n<p><img loading=\"lazy\" decoding=\"async\" class=\"wp-image-5270 alignleft\" src=\"https:\/\/elinformativotam.com\/wp-content\/uploads\/2020\/04\/ENTREGA1-300x144.jpg\" alt=\"\" width=\"454\" height=\"218\" \/><\/p>\n<p>Al respecto, el alcalde Adri\u00e1n Oseguera, se comprometi\u00f3 con ellos para darles en comodato otras 8 unidades m\u00e1s en el mes de mayo, con lo cual se reforzar\u00eda su parque vehicular.<\/p>\n<p>&nbsp;<\/p>\n<p>Finalmente, dio a conocer Oseguera Kernion, que continuar\u00e1 apoyando a la Guardia Nacional, pues existe una estrecha coordinaci\u00f3n con ellos.<\/p>\n<p>&nbsp;<\/p>\n<p>Cabe se\u00f1alar que las unidades fueron adquiridas a trav\u00e9s de un proceso de licitaci\u00f3n, sin darse a conocer el monto de cada unidad, aunque en el mercado, dichos veh\u00edculos tienen un costo aproximado a los 200 mil pesos cada uno.<\/p>\n","protected":false},"excerpt":{"rendered":"<p>Cd. Madero, Tamaulipas.- El alcalde de Ciudad Madero, Adri\u00e1n Oseguera Kernion, realiz\u00f3 la entrega en comodato de 2 unidades tipo&hellip;<\/p>\n","protected":false},"author":1,"featured_media":0,"comment_status":"open","ping_status":"open","sticky":false,"template":"","format":"standard","meta":{"footnotes":""},"categories":[4],"tags":[],"class_list":["post-5269","post","type-post","status-publish","format-standard","hentry","category-madero"],"yoast_head":"<!-- This site is optimized with the Yoast SEO plugin v27.5 - https:\/\/yoast.com\/product\/yoast-seo-wordpress\/ -->\n<title>ENTREGA ALCALDE DE MADERO UNIDADES A GUARDIA NACIONAL. - EL INFORMATIVO DE TAMAULIPAS<\/title>\n<meta name=\"description\" content=\"Cd. Madero, Tamaulipas.- El alcalde de Ciudad Madero, Adri\u00e1n Oseguera Kernion, realiz\u00f3 la entrega en comodato de 2 unidades tipo &quot;Racers&quot; a la Guardia\" \/>\n<meta name=\"robots\" content=\"index, follow, max-snippet:-1, max-image-preview:large, max-video-preview:-1\" \/>\n<link rel=\"canonical\" href=\"https:\/\/elinformativotam.com\/index.php\/2020\/04\/23\/entrega-alcalde-de-madero-unidades-a-guardia-nacional\/\" \/>\n<meta property=\"og:locale\" content=\"es_MX\" \/>\n<meta property=\"og:type\" content=\"article\" \/>\n<meta property=\"og:title\" content=\"ENTREGA ALCALDE DE MADERO UNIDADES A GUARDIA NACIONAL. - EL INFORMATIVO DE TAMAULIPAS\" \/>\n<meta property=\"og:description\" content=\"Cd. Madero, Tamaulipas.- El alcalde de Ciudad Madero, Adri\u00e1n Oseguera Kernion, realiz\u00f3 la entrega en comodato de 2 unidades tipo &quot;Racers&quot; a la Guardia\" \/>\n<meta property=\"og:url\" content=\"https:\/\/elinformativotam.com\/index.php\/2020\/04\/23\/entrega-alcalde-de-madero-unidades-a-guardia-nacional\/\" \/>\n<meta property=\"og:site_name\" content=\"EL INFORMATIVO DE TAMAULIPAS\" \/>\n<meta property=\"article:published_time\" content=\"2020-04-24T01:49:27+00:00\" \/>\n<meta property=\"og:image\" content=\"http:\/\/elinformativotam.com\/wp-content\/uploads\/2020\/04\/ENTREGA1-300x144.jpg\" \/>\n<meta name=\"author\" content=\"El Informativo Tam\" \/>\n<meta name=\"twitter:card\" content=\"summary_large_image\" \/>\n<meta name=\"twitter:label1\" content=\"Escrito por\" \/>\n\t<meta name=\"twitter:data1\" content=\"El Informativo Tam\" \/>\n\t<meta name=\"twitter:label2\" content=\"Tiempo de lectura\" \/>\n\t<meta name=\"twitter:data2\" content=\"1 minuto\" \/>\n<script type=\"application\/ld+json\" class=\"yoast-schema-graph\">{\"@context\":\"https:\\\/\\\/schema.org\",\"@graph\":[{\"@type\":\"Article\",\"@id\":\"https:\\\/\\\/elinformativotam.com\\\/index.php\\\/2020\\\/04\\\/23\\\/entrega-alcalde-de-madero-unidades-a-guardia-nacional\\\/#article\",\"isPartOf\":{\"@id\":\"https:\\\/\\\/elinformativotam.com\\\/index.php\\\/2020\\\/04\\\/23\\\/entrega-alcalde-de-madero-unidades-a-guardia-nacional\\\/\"},\"author\":{\"name\":\"El Informativo Tam\",\"@id\":\"https:\\\/\\\/elinformativotam.com\\\/#\\\/schema\\\/person\\\/78e08040eed0f6110f0c5f83b6153590\"},\"headline\":\"ENTREGA ALCALDE DE MADERO UNIDADES A GUARDIA NACIONAL.\",\"datePublished\":\"2020-04-24T01:49:27+00:00\",\"mainEntityOfPage\":{\"@id\":\"https:\\\/\\\/elinformativotam.com\\\/index.php\\\/2020\\\/04\\\/23\\\/entrega-alcalde-de-madero-unidades-a-guardia-nacional\\\/\"},\"wordCount\":237,\"commentCount\":0,\"publisher\":{\"@id\":\"https:\\\/\\\/elinformativotam.com\\\/#organization\"},\"image\":{\"@id\":\"https:\\\/\\\/elinformativotam.com\\\/index.php\\\/2020\\\/04\\\/23\\\/entrega-alcalde-de-madero-unidades-a-guardia-nacional\\\/#primaryimage\"},\"thumbnailUrl\":\"http:\\\/\\\/elinformativotam.com\\\/wp-content\\\/uploads\\\/2020\\\/04\\\/ENTREGA1-300x144.jpg\",\"articleSection\":[\"Cd Madero\"],\"inLanguage\":\"es\",\"potentialAction\":[{\"@type\":\"CommentAction\",\"name\":\"Comment\",\"target\":[\"https:\\\/\\\/elinformativotam.com\\\/index.php\\\/2020\\\/04\\\/23\\\/entrega-alcalde-de-madero-unidades-a-guardia-nacional\\\/#respond\"]}]},{\"@type\":\"WebPage\",\"@id\":\"https:\\\/\\\/elinformativotam.com\\\/index.php\\\/2020\\\/04\\\/23\\\/entrega-alcalde-de-madero-unidades-a-guardia-nacional\\\/\",\"url\":\"https:\\\/\\\/elinformativotam.com\\\/index.php\\\/2020\\\/04\\\/23\\\/entrega-alcalde-de-madero-unidades-a-guardia-nacional\\\/\",\"name\":\"ENTREGA ALCALDE DE MADERO UNIDADES A GUARDIA NACIONAL. - EL INFORMATIVO DE TAMAULIPAS\",\"isPartOf\":{\"@id\":\"https:\\\/\\\/elinformativotam.com\\\/#website\"},\"primaryImageOfPage\":{\"@id\":\"https:\\\/\\\/elinformativotam.com\\\/index.php\\\/2020\\\/04\\\/23\\\/entrega-alcalde-de-madero-unidades-a-guardia-nacional\\\/#primaryimage\"},\"image\":{\"@id\":\"https:\\\/\\\/elinformativotam.com\\\/index.php\\\/2020\\\/04\\\/23\\\/entrega-alcalde-de-madero-unidades-a-guardia-nacional\\\/#primaryimage\"},\"thumbnailUrl\":\"http:\\\/\\\/elinformativotam.com\\\/wp-content\\\/uploads\\\/2020\\\/04\\\/ENTREGA1-300x144.jpg\",\"datePublished\":\"2020-04-24T01:49:27+00:00\",\"description\":\"Cd. Madero, Tamaulipas.- El alcalde de Ciudad Madero, Adri\u00e1n Oseguera Kernion, realiz\u00f3 la entrega en comodato de 2 unidades tipo \\\"Racers\\\" a la Guardia\",\"inLanguage\":\"es\",\"potentialAction\":[{\"@type\":\"ReadAction\",\"target\":[\"https:\\\/\\\/elinformativotam.com\\\/index.php\\\/2020\\\/04\\\/23\\\/entrega-alcalde-de-madero-unidades-a-guardia-nacional\\\/\"]}]},{\"@type\":\"ImageObject\",\"inLanguage\":\"es\",\"@id\":\"https:\\\/\\\/elinformativotam.com\\\/index.php\\\/2020\\\/04\\\/23\\\/entrega-alcalde-de-madero-unidades-a-guardia-nacional\\\/#primaryimage\",\"url\":\"http:\\\/\\\/elinformativotam.com\\\/wp-content\\\/uploads\\\/2020\\\/04\\\/ENTREGA1-300x144.jpg\",\"contentUrl\":\"http:\\\/\\\/elinformativotam.com\\\/wp-content\\\/uploads\\\/2020\\\/04\\\/ENTREGA1-300x144.jpg\"},{\"@type\":\"WebSite\",\"@id\":\"https:\\\/\\\/elinformativotam.com\\\/#website\",\"url\":\"https:\\\/\\\/elinformativotam.com\\\/\",\"name\":\"EL INFORMATIVO DE TAMAULIPAS\",\"description\":\"Desde la Zona Metropolitana Para Todo M\u00e9xico\",\"publisher\":{\"@id\":\"https:\\\/\\\/elinformativotam.com\\\/#organization\"},\"potentialAction\":[{\"@type\":\"SearchAction\",\"target\":{\"@type\":\"EntryPoint\",\"urlTemplate\":\"https:\\\/\\\/elinformativotam.com\\\/?s={search_term_string}\"},\"query-input\":{\"@type\":\"PropertyValueSpecification\",\"valueRequired\":true,\"valueName\":\"search_term_string\"}}],\"inLanguage\":\"es\"},{\"@type\":\"Organization\",\"@id\":\"https:\\\/\\\/elinformativotam.com\\\/#organization\",\"name\":\"EL INFORMATIVO DE TAMAULIPAS\",\"url\":\"https:\\\/\\\/elinformativotam.com\\\/\",\"logo\":{\"@type\":\"ImageObject\",\"inLanguage\":\"es\",\"@id\":\"https:\\\/\\\/elinformativotam.com\\\/#\\\/schema\\\/logo\\\/image\\\/\",\"url\":\"https:\\\/\\\/elinformativotam.com\\\/wp-content\\\/uploads\\\/2026\\\/02\\\/Cabezal.png\",\"contentUrl\":\"https:\\\/\\\/elinformativotam.com\\\/wp-content\\\/uploads\\\/2026\\\/02\\\/Cabezal.png\",\"width\":960,\"height\":640,\"caption\":\"EL INFORMATIVO DE TAMAULIPAS\"},\"image\":{\"@id\":\"https:\\\/\\\/elinformativotam.com\\\/#\\\/schema\\\/logo\\\/image\\\/\"}},{\"@type\":\"Person\",\"@id\":\"https:\\\/\\\/elinformativotam.com\\\/#\\\/schema\\\/person\\\/78e08040eed0f6110f0c5f83b6153590\",\"name\":\"El Informativo Tam\",\"image\":{\"@type\":\"ImageObject\",\"inLanguage\":\"es\",\"@id\":\"https:\\\/\\\/secure.gravatar.com\\\/avatar\\\/f3b7ad3af540688955925ac610647be00b0cf41feea9c4978b73a707ee86bc53?s=96&d=mm&r=g\",\"url\":\"https:\\\/\\\/secure.gravatar.com\\\/avatar\\\/f3b7ad3af540688955925ac610647be00b0cf41feea9c4978b73a707ee86bc53?s=96&d=mm&r=g\",\"contentUrl\":\"https:\\\/\\\/secure.gravatar.com\\\/avatar\\\/f3b7ad3af540688955925ac610647be00b0cf41feea9c4978b73a707ee86bc53?s=96&d=mm&r=g\",\"caption\":\"El Informativo Tam\"}}]}<\/script>\n<!-- \/ Yoast SEO plugin. -->","yoast_head_json":{"title":"ENTREGA ALCALDE DE MADERO UNIDADES A GUARDIA NACIONAL. - EL INFORMATIVO DE TAMAULIPAS","description":"Cd. Madero, Tamaulipas.- El alcalde de Ciudad Madero, Adri\u00e1n Oseguera Kernion, realiz\u00f3 la entrega en comodato de 2 unidades tipo \"Racers\" a la Guardia","robots":{"index":"index","follow":"follow","max-snippet":"max-snippet:-1","max-image-preview":"max-image-preview:large","max-video-preview":"max-video-preview:-1"},"canonical":"https:\/\/elinformativotam.com\/index.php\/2020\/04\/23\/entrega-alcalde-de-madero-unidades-a-guardia-nacional\/","og_locale":"es_MX","og_type":"article","og_title":"ENTREGA ALCALDE DE MADERO UNIDADES A GUARDIA NACIONAL. - EL INFORMATIVO DE TAMAULIPAS","og_description":"Cd. Madero, Tamaulipas.- El alcalde de Ciudad Madero, Adri\u00e1n Oseguera Kernion, realiz\u00f3 la entrega en comodato de 2 unidades tipo \"Racers\" a la Guardia","og_url":"https:\/\/elinformativotam.com\/index.php\/2020\/04\/23\/entrega-alcalde-de-madero-unidades-a-guardia-nacional\/","og_site_name":"EL INFORMATIVO DE TAMAULIPAS","article_published_time":"2020-04-24T01:49:27+00:00","og_image":[{"url":"http:\/\/elinformativotam.com\/wp-content\/uploads\/2020\/04\/ENTREGA1-300x144.jpg","type":"","width":"","height":""}],"author":"El Informativo Tam","twitter_card":"summary_large_image","twitter_misc":{"Escrito por":"El Informativo Tam","Tiempo de lectura":"1 minuto"},"schema":{"@context":"https:\/\/schema.org","@graph":[{"@type":"Article","@id":"https:\/\/elinformativotam.com\/index.php\/2020\/04\/23\/entrega-alcalde-de-madero-unidades-a-guardia-nacional\/#article","isPartOf":{"@id":"https:\/\/elinformativotam.com\/index.php\/2020\/04\/23\/entrega-alcalde-de-madero-unidades-a-guardia-nacional\/"},"author":{"name":"El Informativo Tam","@id":"https:\/\/elinformativotam.com\/#\/schema\/person\/78e08040eed0f6110f0c5f83b6153590"},"headline":"ENTREGA ALCALDE DE MADERO UNIDADES A GUARDIA NACIONAL.","datePublished":"2020-04-24T01:49:27+00:00","mainEntityOfPage":{"@id":"https:\/\/elinformativotam.com\/index.php\/2020\/04\/23\/entrega-alcalde-de-madero-unidades-a-guardia-nacional\/"},"wordCount":237,"commentCount":0,"publisher":{"@id":"https:\/\/elinformativotam.com\/#organization"},"image":{"@id":"https:\/\/elinformativotam.com\/index.php\/2020\/04\/23\/entrega-alcalde-de-madero-unidades-a-guardia-nacional\/#primaryimage"},"thumbnailUrl":"http:\/\/elinformativotam.com\/wp-content\/uploads\/2020\/04\/ENTREGA1-300x144.jpg","articleSection":["Cd Madero"],"inLanguage":"es","potentialAction":[{"@type":"CommentAction","name":"Comment","target":["https:\/\/elinformativotam.com\/index.php\/2020\/04\/23\/entrega-alcalde-de-madero-unidades-a-guardia-nacional\/#respond"]}]},{"@type":"WebPage","@id":"https:\/\/elinformativotam.com\/index.php\/2020\/04\/23\/entrega-alcalde-de-madero-unidades-a-guardia-nacional\/","url":"https:\/\/elinformativotam.com\/index.php\/2020\/04\/23\/entrega-alcalde-de-madero-unidades-a-guardia-nacional\/","name":"ENTREGA ALCALDE DE MADERO UNIDADES A GUARDIA NACIONAL. - EL INFORMATIVO DE TAMAULIPAS","isPartOf":{"@id":"https:\/\/elinformativotam.com\/#website"},"primaryImageOfPage":{"@id":"https:\/\/elinformativotam.com\/index.php\/2020\/04\/23\/entrega-alcalde-de-madero-unidades-a-guardia-nacional\/#primaryimage"},"image":{"@id":"https:\/\/elinformativotam.com\/index.php\/2020\/04\/23\/entrega-alcalde-de-madero-unidades-a-guardia-nacional\/#primaryimage"},"thumbnailUrl":"http:\/\/elinformativotam.com\/wp-content\/uploads\/2020\/04\/ENTREGA1-300x144.jpg","datePublished":"2020-04-24T01:49:27+00:00","description":"Cd. Madero, Tamaulipas.- El alcalde de Ciudad Madero, Adri\u00e1n Oseguera Kernion, realiz\u00f3 la entrega en comodato de 2 unidades tipo \"Racers\" a la Guardia","inLanguage":"es","potentialAction":[{"@type":"ReadAction","target":["https:\/\/elinformativotam.com\/index.php\/2020\/04\/23\/entrega-alcalde-de-madero-unidades-a-guardia-nacional\/"]}]},{"@type":"ImageObject","inLanguage":"es","@id":"https:\/\/elinformativotam.com\/index.php\/2020\/04\/23\/entrega-alcalde-de-madero-unidades-a-guardia-nacional\/#primaryimage","url":"http:\/\/elinformativotam.com\/wp-content\/uploads\/2020\/04\/ENTREGA1-300x144.jpg","contentUrl":"http:\/\/elinformativotam.com\/wp-content\/uploads\/2020\/04\/ENTREGA1-300x144.jpg"},{"@type":"WebSite","@id":"https:\/\/elinformativotam.com\/#website","url":"https:\/\/elinformativotam.com\/","name":"EL INFORMATIVO DE TAMAULIPAS","description":"Desde la Zona Metropolitana Para Todo M\u00e9xico","publisher":{"@id":"https:\/\/elinformativotam.com\/#organization"},"potentialAction":[{"@type":"SearchAction","target":{"@type":"EntryPoint","urlTemplate":"https:\/\/elinformativotam.com\/?s={search_term_string}"},"query-input":{"@type":"PropertyValueSpecification","valueRequired":true,"valueName":"search_term_string"}}],"inLanguage":"es"},{"@type":"Organization","@id":"https:\/\/elinformativotam.com\/#organization","name":"EL INFORMATIVO DE TAMAULIPAS","url":"https:\/\/elinformativotam.com\/","logo":{"@type":"ImageObject","inLanguage":"es","@id":"https:\/\/elinformativotam.com\/#\/schema\/logo\/image\/","url":"https:\/\/elinformativotam.com\/wp-content\/uploads\/2026\/02\/Cabezal.png","contentUrl":"https:\/\/elinformativotam.com\/wp-content\/uploads\/2026\/02\/Cabezal.png","width":960,"height":640,"caption":"EL INFORMATIVO DE TAMAULIPAS"},"image":{"@id":"https:\/\/elinformativotam.com\/#\/schema\/logo\/image\/"}},{"@type":"Person","@id":"https:\/\/elinformativotam.com\/#\/schema\/person\/78e08040eed0f6110f0c5f83b6153590","name":"El Informativo Tam","image":{"@type":"ImageObject","inLanguage":"es","@id":"https:\/\/secure.gravatar.com\/avatar\/f3b7ad3af540688955925ac610647be00b0cf41feea9c4978b73a707ee86bc53?s=96&d=mm&r=g","url":"https:\/\/secure.gravatar.com\/avatar\/f3b7ad3af540688955925ac610647be00b0cf41feea9c4978b73a707ee86bc53?s=96&d=mm&r=g","contentUrl":"https:\/\/secure.gravatar.com\/avatar\/f3b7ad3af540688955925ac610647be00b0cf41feea9c4978b73a707ee86bc53?s=96&d=mm&r=g","caption":"El Informativo Tam"}}]}},"_links":{"self":[{"href":"https:\/\/elinformativotam.com\/index.php\/wp-json\/wp\/v2\/posts\/5269","targetHints":{"allow":["GET"]}}],"collection":[{"href":"https:\/\/elinformativotam.com\/index.php\/wp-json\/wp\/v2\/posts"}],"about":[{"href":"https:\/\/elinformativotam.com\/index.php\/wp-json\/wp\/v2\/types\/post"}],"author":[{"embeddable":true,"href":"https:\/\/elinformativotam.com\/index.php\/wp-json\/wp\/v2\/users\/1"}],"replies":[{"embeddable":true,"href":"https:\/\/elinformativotam.com\/index.php\/wp-json\/wp\/v2\/comments?post=5269"}],"version-history":[{"count":0,"href":"https:\/\/elinformativotam.com\/index.php\/wp-json\/wp\/v2\/posts\/5269\/revisions"}],"wp:attachment":[{"href":"https:\/\/elinformativotam.com\/index.php\/wp-json\/wp\/v2\/media?parent=5269"}],"wp:term":[{"taxonomy":"category","embeddable":true,"href":"https:\/\/elinformativotam.com\/index.php\/wp-json\/wp\/v2\/categories?post=5269"},{"taxonomy":"post_tag","embeddable":true,"href":"https:\/\/elinformativotam.com\/index.php\/wp-json\/wp\/v2\/tags?post=5269"}],"curies":[{"name":"wp","href":"https:\/\/api.w.org\/{rel}","templated":true}]}}