{"id":5266,"date":"2020-04-23T19:35:32","date_gmt":"2020-04-24T01:35:32","guid":{"rendered":"http:\/\/elinformativotam.com\/?p=5266"},"modified":"2020-04-23T19:35:32","modified_gmt":"2020-04-24T01:35:32","slug":"entrega-adrian-oseguera-kernion-despensas-a-lustradores-de-calzado","status":"publish","type":"post","link":"https:\/\/elinformativotam.com\/index.php\/2020\/04\/23\/entrega-adrian-oseguera-kernion-despensas-a-lustradores-de-calzado\/","title":{"rendered":"ENTREGA ADRI\u00c1N OSEGUERA KERNION DESPENSAS A LUSTRADORES DE CALZADO"},"content":{"rendered":"<p>Con el prop\u00f3sito de seguir contribuyendo en la econom\u00eda de los sectores m\u00e1s afectados por Covid-19, el alcalde de Ciudad Madero, Adri\u00e1n Oseguera Kernion, entreg\u00f3 despensas a los 15 aseadores de calzado a quienes les reiter\u00f3 su respaldo ante la dif\u00edcil situaci\u00f3n que atraviesan por la contingencia sanitaria.<\/p>\n<p>&nbsp;<\/p>\n<p>En este sentido, el Presidente Municipal, al dirigirse con los aseadores de calzado que prestan sus servicios en los alrededores del Ayuntamiento, les manifest\u00f3 su apoyo ante la contingencia sanitaria que afecta a todos los maderenses, y de la que conf\u00eda pronto termine con el respaldo de la sociedad acatando las recomendaciones de la Secretar\u00eda de Salud Federal y Estatal.<\/p>\n<p>&nbsp;<\/p>\n<p>\u201cQu\u00e9dense con la tranquilidad que jam\u00e1s los dejar\u00e9 solos, siempre contar\u00e1n con mi respaldo, les asegur\u00f3 que el alimento no les va a faltar y por esa raz\u00f3n les entregamos esta despensa completa. Adem\u00e1s, cuando termine esta contingencia podr\u00e1n ejercer su loable labor en la plaza Isauro Alfaro, cuando concluyan los trabajos de la segunda etapa de remodelaci\u00f3n, y sus permisos ser\u00e1n gratis\u201d, expres\u00f3 Oseguera Kernion.<\/p>\n<p>&nbsp;<\/p>\n<p>Con estas acciones, el Gobierno Municipal refrenda su compromiso con la poblaci\u00f3n que se ha visto m\u00e1s afectada por la contingencia sanitaria, ya que tambi\u00e9n est\u00e1 entregando despensas casa por casa, adem\u00e1s del apoyo a comerciantes y vendedores de playa que recientemente recibieron un recurso de 3 mil pesos, as\u00ed como acciones de lavado y sanitizaci\u00f3n en calles y colonias para reducir la propagaci\u00f3n de contagios.<\/p>\n","protected":false},"excerpt":{"rendered":"<p>Con el prop\u00f3sito de seguir contribuyendo en la econom\u00eda de los sectores m\u00e1s afectados por Covid-19, el alcalde de Ciudad&hellip;<\/p>\n","protected":false},"author":1,"featured_media":0,"comment_status":"open","ping_status":"open","sticky":false,"template":"","format":"standard","meta":{"footnotes":""},"categories":[4],"tags":[],"class_list":["post-5266","post","type-post","status-publish","format-standard","hentry","category-madero"],"yoast_head":"<!-- This site is optimized with the Yoast SEO plugin v27.5 - https:\/\/yoast.com\/product\/yoast-seo-wordpress\/ -->\n<title>ENTREGA ADRI\u00c1N OSEGUERA KERNION DESPENSAS A LUSTRADORES DE CALZADO - EL INFORMATIVO DE TAMAULIPAS<\/title>\n<meta name=\"description\" content=\"Con el prop\u00f3sito de seguir contribuyendo en la econom\u00eda de los sectores m\u00e1s afectados por Covid-19, el alcalde de Ciudad Madero, Adri\u00e1n Oseguera Kernion,\" \/>\n<meta name=\"robots\" content=\"index, follow, max-snippet:-1, max-image-preview:large, max-video-preview:-1\" \/>\n<link rel=\"canonical\" href=\"https:\/\/elinformativotam.com\/index.php\/2020\/04\/23\/entrega-adrian-oseguera-kernion-despensas-a-lustradores-de-calzado\/\" \/>\n<meta property=\"og:locale\" content=\"es_MX\" \/>\n<meta property=\"og:type\" content=\"article\" \/>\n<meta property=\"og:title\" content=\"ENTREGA ADRI\u00c1N OSEGUERA KERNION DESPENSAS A LUSTRADORES DE CALZADO - EL INFORMATIVO DE TAMAULIPAS\" \/>\n<meta property=\"og:description\" content=\"Con el prop\u00f3sito de seguir contribuyendo en la econom\u00eda de los sectores m\u00e1s afectados por Covid-19, el alcalde de Ciudad Madero, Adri\u00e1n Oseguera Kernion,\" \/>\n<meta property=\"og:url\" content=\"https:\/\/elinformativotam.com\/index.php\/2020\/04\/23\/entrega-adrian-oseguera-kernion-despensas-a-lustradores-de-calzado\/\" \/>\n<meta property=\"og:site_name\" content=\"EL INFORMATIVO DE TAMAULIPAS\" \/>\n<meta property=\"article:published_time\" content=\"2020-04-24T01:35:32+00:00\" \/>\n<meta name=\"author\" content=\"El Informativo Tam\" \/>\n<meta name=\"twitter:card\" content=\"summary_large_image\" \/>\n<meta name=\"twitter:label1\" content=\"Escrito por\" \/>\n\t<meta name=\"twitter:data1\" content=\"El Informativo Tam\" \/>\n\t<meta name=\"twitter:label2\" content=\"Tiempo de lectura\" \/>\n\t<meta name=\"twitter:data2\" content=\"1 minuto\" \/>\n<script type=\"application\/ld+json\" class=\"yoast-schema-graph\">{\"@context\":\"https:\\\/\\\/schema.org\",\"@graph\":[{\"@type\":\"Article\",\"@id\":\"https:\\\/\\\/elinformativotam.com\\\/index.php\\\/2020\\\/04\\\/23\\\/entrega-adrian-oseguera-kernion-despensas-a-lustradores-de-calzado\\\/#article\",\"isPartOf\":{\"@id\":\"https:\\\/\\\/elinformativotam.com\\\/index.php\\\/2020\\\/04\\\/23\\\/entrega-adrian-oseguera-kernion-despensas-a-lustradores-de-calzado\\\/\"},\"author\":{\"name\":\"El Informativo Tam\",\"@id\":\"https:\\\/\\\/elinformativotam.com\\\/#\\\/schema\\\/person\\\/78e08040eed0f6110f0c5f83b6153590\"},\"headline\":\"ENTREGA ADRI\u00c1N OSEGUERA KERNION DESPENSAS A LUSTRADORES DE CALZADO\",\"datePublished\":\"2020-04-24T01:35:32+00:00\",\"mainEntityOfPage\":{\"@id\":\"https:\\\/\\\/elinformativotam.com\\\/index.php\\\/2020\\\/04\\\/23\\\/entrega-adrian-oseguera-kernion-despensas-a-lustradores-de-calzado\\\/\"},\"wordCount\":273,\"commentCount\":0,\"publisher\":{\"@id\":\"https:\\\/\\\/elinformativotam.com\\\/#organization\"},\"articleSection\":[\"Cd Madero\"],\"inLanguage\":\"es\",\"potentialAction\":[{\"@type\":\"CommentAction\",\"name\":\"Comment\",\"target\":[\"https:\\\/\\\/elinformativotam.com\\\/index.php\\\/2020\\\/04\\\/23\\\/entrega-adrian-oseguera-kernion-despensas-a-lustradores-de-calzado\\\/#respond\"]}]},{\"@type\":\"WebPage\",\"@id\":\"https:\\\/\\\/elinformativotam.com\\\/index.php\\\/2020\\\/04\\\/23\\\/entrega-adrian-oseguera-kernion-despensas-a-lustradores-de-calzado\\\/\",\"url\":\"https:\\\/\\\/elinformativotam.com\\\/index.php\\\/2020\\\/04\\\/23\\\/entrega-adrian-oseguera-kernion-despensas-a-lustradores-de-calzado\\\/\",\"name\":\"ENTREGA ADRI\u00c1N OSEGUERA KERNION DESPENSAS A LUSTRADORES DE CALZADO - EL INFORMATIVO DE TAMAULIPAS\",\"isPartOf\":{\"@id\":\"https:\\\/\\\/elinformativotam.com\\\/#website\"},\"datePublished\":\"2020-04-24T01:35:32+00:00\",\"description\":\"Con el prop\u00f3sito de seguir contribuyendo en la econom\u00eda de los sectores m\u00e1s afectados por Covid-19, el alcalde de Ciudad Madero, Adri\u00e1n Oseguera Kernion,\",\"inLanguage\":\"es\",\"potentialAction\":[{\"@type\":\"ReadAction\",\"target\":[\"https:\\\/\\\/elinformativotam.com\\\/index.php\\\/2020\\\/04\\\/23\\\/entrega-adrian-oseguera-kernion-despensas-a-lustradores-de-calzado\\\/\"]}]},{\"@type\":\"WebSite\",\"@id\":\"https:\\\/\\\/elinformativotam.com\\\/#website\",\"url\":\"https:\\\/\\\/elinformativotam.com\\\/\",\"name\":\"EL INFORMATIVO DE TAMAULIPAS\",\"description\":\"Desde la Zona Metropolitana Para Todo M\u00e9xico\",\"publisher\":{\"@id\":\"https:\\\/\\\/elinformativotam.com\\\/#organization\"},\"potentialAction\":[{\"@type\":\"SearchAction\",\"target\":{\"@type\":\"EntryPoint\",\"urlTemplate\":\"https:\\\/\\\/elinformativotam.com\\\/?s={search_term_string}\"},\"query-input\":{\"@type\":\"PropertyValueSpecification\",\"valueRequired\":true,\"valueName\":\"search_term_string\"}}],\"inLanguage\":\"es\"},{\"@type\":\"Organization\",\"@id\":\"https:\\\/\\\/elinformativotam.com\\\/#organization\",\"name\":\"EL INFORMATIVO DE TAMAULIPAS\",\"url\":\"https:\\\/\\\/elinformativotam.com\\\/\",\"logo\":{\"@type\":\"ImageObject\",\"inLanguage\":\"es\",\"@id\":\"https:\\\/\\\/elinformativotam.com\\\/#\\\/schema\\\/logo\\\/image\\\/\",\"url\":\"https:\\\/\\\/elinformativotam.com\\\/wp-content\\\/uploads\\\/2026\\\/02\\\/Cabezal.png\",\"contentUrl\":\"https:\\\/\\\/elinformativotam.com\\\/wp-content\\\/uploads\\\/2026\\\/02\\\/Cabezal.png\",\"width\":960,\"height\":640,\"caption\":\"EL INFORMATIVO DE TAMAULIPAS\"},\"image\":{\"@id\":\"https:\\\/\\\/elinformativotam.com\\\/#\\\/schema\\\/logo\\\/image\\\/\"}},{\"@type\":\"Person\",\"@id\":\"https:\\\/\\\/elinformativotam.com\\\/#\\\/schema\\\/person\\\/78e08040eed0f6110f0c5f83b6153590\",\"name\":\"El Informativo Tam\",\"image\":{\"@type\":\"ImageObject\",\"inLanguage\":\"es\",\"@id\":\"https:\\\/\\\/secure.gravatar.com\\\/avatar\\\/f3b7ad3af540688955925ac610647be00b0cf41feea9c4978b73a707ee86bc53?s=96&d=mm&r=g\",\"url\":\"https:\\\/\\\/secure.gravatar.com\\\/avatar\\\/f3b7ad3af540688955925ac610647be00b0cf41feea9c4978b73a707ee86bc53?s=96&d=mm&r=g\",\"contentUrl\":\"https:\\\/\\\/secure.gravatar.com\\\/avatar\\\/f3b7ad3af540688955925ac610647be00b0cf41feea9c4978b73a707ee86bc53?s=96&d=mm&r=g\",\"caption\":\"El Informativo Tam\"}}]}<\/script>\n<!-- \/ Yoast SEO plugin. -->","yoast_head_json":{"title":"ENTREGA ADRI\u00c1N OSEGUERA KERNION DESPENSAS A LUSTRADORES DE CALZADO - EL INFORMATIVO DE TAMAULIPAS","description":"Con el prop\u00f3sito de seguir contribuyendo en la econom\u00eda de los sectores m\u00e1s afectados por Covid-19, el alcalde de Ciudad Madero, Adri\u00e1n Oseguera Kernion,","robots":{"index":"index","follow":"follow","max-snippet":"max-snippet:-1","max-image-preview":"max-image-preview:large","max-video-preview":"max-video-preview:-1"},"canonical":"https:\/\/elinformativotam.com\/index.php\/2020\/04\/23\/entrega-adrian-oseguera-kernion-despensas-a-lustradores-de-calzado\/","og_locale":"es_MX","og_type":"article","og_title":"ENTREGA ADRI\u00c1N OSEGUERA KERNION DESPENSAS A LUSTRADORES DE CALZADO - EL INFORMATIVO DE TAMAULIPAS","og_description":"Con el prop\u00f3sito de seguir contribuyendo en la econom\u00eda de los sectores m\u00e1s afectados por Covid-19, el alcalde de Ciudad Madero, Adri\u00e1n Oseguera Kernion,","og_url":"https:\/\/elinformativotam.com\/index.php\/2020\/04\/23\/entrega-adrian-oseguera-kernion-despensas-a-lustradores-de-calzado\/","og_site_name":"EL INFORMATIVO DE TAMAULIPAS","article_published_time":"2020-04-24T01:35:32+00:00","author":"El Informativo Tam","twitter_card":"summary_large_image","twitter_misc":{"Escrito por":"El Informativo Tam","Tiempo de lectura":"1 minuto"},"schema":{"@context":"https:\/\/schema.org","@graph":[{"@type":"Article","@id":"https:\/\/elinformativotam.com\/index.php\/2020\/04\/23\/entrega-adrian-oseguera-kernion-despensas-a-lustradores-de-calzado\/#article","isPartOf":{"@id":"https:\/\/elinformativotam.com\/index.php\/2020\/04\/23\/entrega-adrian-oseguera-kernion-despensas-a-lustradores-de-calzado\/"},"author":{"name":"El Informativo Tam","@id":"https:\/\/elinformativotam.com\/#\/schema\/person\/78e08040eed0f6110f0c5f83b6153590"},"headline":"ENTREGA ADRI\u00c1N OSEGUERA KERNION DESPENSAS A LUSTRADORES DE CALZADO","datePublished":"2020-04-24T01:35:32+00:00","mainEntityOfPage":{"@id":"https:\/\/elinformativotam.com\/index.php\/2020\/04\/23\/entrega-adrian-oseguera-kernion-despensas-a-lustradores-de-calzado\/"},"wordCount":273,"commentCount":0,"publisher":{"@id":"https:\/\/elinformativotam.com\/#organization"},"articleSection":["Cd Madero"],"inLanguage":"es","potentialAction":[{"@type":"CommentAction","name":"Comment","target":["https:\/\/elinformativotam.com\/index.php\/2020\/04\/23\/entrega-adrian-oseguera-kernion-despensas-a-lustradores-de-calzado\/#respond"]}]},{"@type":"WebPage","@id":"https:\/\/elinformativotam.com\/index.php\/2020\/04\/23\/entrega-adrian-oseguera-kernion-despensas-a-lustradores-de-calzado\/","url":"https:\/\/elinformativotam.com\/index.php\/2020\/04\/23\/entrega-adrian-oseguera-kernion-despensas-a-lustradores-de-calzado\/","name":"ENTREGA ADRI\u00c1N OSEGUERA KERNION DESPENSAS A LUSTRADORES DE CALZADO - EL INFORMATIVO DE TAMAULIPAS","isPartOf":{"@id":"https:\/\/elinformativotam.com\/#website"},"datePublished":"2020-04-24T01:35:32+00:00","description":"Con el prop\u00f3sito de seguir contribuyendo en la econom\u00eda de los sectores m\u00e1s afectados por Covid-19, el alcalde de Ciudad Madero, Adri\u00e1n Oseguera Kernion,","inLanguage":"es","potentialAction":[{"@type":"ReadAction","target":["https:\/\/elinformativotam.com\/index.php\/2020\/04\/23\/entrega-adrian-oseguera-kernion-despensas-a-lustradores-de-calzado\/"]}]},{"@type":"WebSite","@id":"https:\/\/elinformativotam.com\/#website","url":"https:\/\/elinformativotam.com\/","name":"EL INFORMATIVO DE TAMAULIPAS","description":"Desde la Zona Metropolitana Para Todo M\u00e9xico","publisher":{"@id":"https:\/\/elinformativotam.com\/#organization"},"potentialAction":[{"@type":"SearchAction","target":{"@type":"EntryPoint","urlTemplate":"https:\/\/elinformativotam.com\/?s={search_term_string}"},"query-input":{"@type":"PropertyValueSpecification","valueRequired":true,"valueName":"search_term_string"}}],"inLanguage":"es"},{"@type":"Organization","@id":"https:\/\/elinformativotam.com\/#organization","name":"EL INFORMATIVO DE TAMAULIPAS","url":"https:\/\/elinformativotam.com\/","logo":{"@type":"ImageObject","inLanguage":"es","@id":"https:\/\/elinformativotam.com\/#\/schema\/logo\/image\/","url":"https:\/\/elinformativotam.com\/wp-content\/uploads\/2026\/02\/Cabezal.png","contentUrl":"https:\/\/elinformativotam.com\/wp-content\/uploads\/2026\/02\/Cabezal.png","width":960,"height":640,"caption":"EL INFORMATIVO DE TAMAULIPAS"},"image":{"@id":"https:\/\/elinformativotam.com\/#\/schema\/logo\/image\/"}},{"@type":"Person","@id":"https:\/\/elinformativotam.com\/#\/schema\/person\/78e08040eed0f6110f0c5f83b6153590","name":"El Informativo Tam","image":{"@type":"ImageObject","inLanguage":"es","@id":"https:\/\/secure.gravatar.com\/avatar\/f3b7ad3af540688955925ac610647be00b0cf41feea9c4978b73a707ee86bc53?s=96&d=mm&r=g","url":"https:\/\/secure.gravatar.com\/avatar\/f3b7ad3af540688955925ac610647be00b0cf41feea9c4978b73a707ee86bc53?s=96&d=mm&r=g","contentUrl":"https:\/\/secure.gravatar.com\/avatar\/f3b7ad3af540688955925ac610647be00b0cf41feea9c4978b73a707ee86bc53?s=96&d=mm&r=g","caption":"El Informativo Tam"}}]}},"_links":{"self":[{"href":"https:\/\/elinformativotam.com\/index.php\/wp-json\/wp\/v2\/posts\/5266","targetHints":{"allow":["GET"]}}],"collection":[{"href":"https:\/\/elinformativotam.com\/index.php\/wp-json\/wp\/v2\/posts"}],"about":[{"href":"https:\/\/elinformativotam.com\/index.php\/wp-json\/wp\/v2\/types\/post"}],"author":[{"embeddable":true,"href":"https:\/\/elinformativotam.com\/index.php\/wp-json\/wp\/v2\/users\/1"}],"replies":[{"embeddable":true,"href":"https:\/\/elinformativotam.com\/index.php\/wp-json\/wp\/v2\/comments?post=5266"}],"version-history":[{"count":0,"href":"https:\/\/elinformativotam.com\/index.php\/wp-json\/wp\/v2\/posts\/5266\/revisions"}],"wp:attachment":[{"href":"https:\/\/elinformativotam.com\/index.php\/wp-json\/wp\/v2\/media?parent=5266"}],"wp:term":[{"taxonomy":"category","embeddable":true,"href":"https:\/\/elinformativotam.com\/index.php\/wp-json\/wp\/v2\/categories?post=5266"},{"taxonomy":"post_tag","embeddable":true,"href":"https:\/\/elinformativotam.com\/index.php\/wp-json\/wp\/v2\/tags?post=5266"}],"curies":[{"name":"wp","href":"https:\/\/api.w.org\/{rel}","templated":true}]}}