{"id":525,"date":"2019-11-05T06:47:33","date_gmt":"2019-11-05T12:47:33","guid":{"rendered":"http:\/\/elinformativotam.com\/?p=525"},"modified":"2019-11-05T06:47:33","modified_gmt":"2019-11-05T12:47:33","slug":"realiza-gerente-de-comapa-zona-conurbada-supervision-de-obras-hidraulicas","status":"publish","type":"post","link":"https:\/\/elinformativotam.com\/index.php\/2019\/11\/05\/realiza-gerente-de-comapa-zona-conurbada-supervision-de-obras-hidraulicas\/","title":{"rendered":"REALIZA GERENTE DE COMAPA ZONA CONURBADA SUPERVISI\u00d3N DE OBRAS HIDR\u00c1ULICAS"},"content":{"rendered":"<p>El Gerente General del Organismo Operador del Agua, Jorge Federico Rivera Schotte efectu\u00f3 un recorrido de supervisi\u00f3n de trabajos de rehabilitaci\u00f3n que actualmente est\u00e1n en proceso en la Ave. Ej\u00e9rcito Mexicano entre Boulevard Adolfo L\u00f3pez Mateos y Segunda Avenida de la Colonia Loma del Gallo en donde se realizan trabajos que consisten en la reposici\u00f3n de 110 metros de tuber\u00eda de 30 cm la cual presentaba desgaste y por lo tanto azolvamiento continuo por lo que est\u00e1 siendo sustituida con tuber\u00eda de PVC corrugado de alta densidad.<\/p>\n<p>&nbsp;<\/p>\n<p>Los trabajos presentan un avance del 90 % , en tanto el gerente general Jorge Federico Rivera Schotte di\u00f3 la instrucci\u00f3n para que se agilicen los trabajos de pavimento y banqueta que fueron demolidos para realizar esta obra.<\/p>\n<p>&nbsp;<\/p>\n<p>&nbsp;<\/p>\n<p><img loading=\"lazy\" decoding=\"async\" class=\" wp-image-526 aligncenter\" src=\"https:\/\/elinformativotam.com\/wp-content\/uploads\/2019\/11\/comapa1-300x200.jpg\" alt=\"\" width=\"664\" height=\"442\" \/><\/p>\n<p>&nbsp;<\/p>\n<p>&nbsp;<\/p>\n<p>Posteriormente acudi\u00f3 a la calle Morelia esquina con Guatemala de la Colonia Vicente Guerrero de Cd. Madero donde supervis\u00f3 el avance de los trabajos de interconexi\u00f3n del colector de aguas residuales que ser\u00e1n conducidas a la Planta de Tratamiento de Tierra Negra, ah\u00ed di\u00f3 instrucciones para que a la brevedad se concluyan los detalles pendientes para liberar la vialidad de la calle Guatemala.<\/p>\n<p>&nbsp;<\/p>\n<p>En la Colonia Hip\u00f3dromo hizo una visita al sitio donde se presenta el colapso de la tuber\u00eda general de drenaje y verific\u00f3 las acciones que se llevan a cabo.<\/p>\n<p>&nbsp;<\/p>\n<p>El Gerente General de Comapa Zona Conurbada estableci\u00f3 con el personal del \u00e1rea t\u00e9cnica el compromiso de mejorar la velocidad de respuesta y la calidad del desarrollo de los trabajos dando prioridad a la seguridad y bienestar de los usuarios.<\/p>\n","protected":false},"excerpt":{"rendered":"<p>El Gerente General del Organismo Operador del Agua, Jorge Federico Rivera Schotte efectu\u00f3 un recorrido de supervisi\u00f3n de trabajos de&hellip;<\/p>\n","protected":false},"author":1,"featured_media":0,"comment_status":"open","ping_status":"open","sticky":false,"template":"","format":"standard","meta":{"footnotes":""},"categories":[3],"tags":[],"class_list":["post-525","post","type-post","status-publish","format-standard","hentry","category-tampico"],"yoast_head":"<!-- This site is optimized with the Yoast SEO plugin v27.5 - https:\/\/yoast.com\/product\/yoast-seo-wordpress\/ -->\n<title>REALIZA GERENTE DE COMAPA ZONA CONURBADA SUPERVISI\u00d3N DE OBRAS HIDR\u00c1ULICAS - EL INFORMATIVO DE TAMAULIPAS<\/title>\n<meta name=\"description\" content=\"El Gerente General del Organismo Operador del Agua, Jorge Federico Rivera Schotte efectu\u00f3 un recorrido de supervisi\u00f3n de trabajos de rehabilitaci\u00f3n que\" \/>\n<meta name=\"robots\" content=\"index, follow, max-snippet:-1, max-image-preview:large, max-video-preview:-1\" \/>\n<link rel=\"canonical\" href=\"https:\/\/elinformativotam.com\/index.php\/2019\/11\/05\/realiza-gerente-de-comapa-zona-conurbada-supervision-de-obras-hidraulicas\/\" \/>\n<meta property=\"og:locale\" content=\"es_MX\" \/>\n<meta property=\"og:type\" content=\"article\" \/>\n<meta property=\"og:title\" content=\"REALIZA GERENTE DE COMAPA ZONA CONURBADA SUPERVISI\u00d3N DE OBRAS HIDR\u00c1ULICAS - EL INFORMATIVO DE TAMAULIPAS\" \/>\n<meta property=\"og:description\" content=\"El Gerente General del Organismo Operador del Agua, Jorge Federico Rivera Schotte efectu\u00f3 un recorrido de supervisi\u00f3n de trabajos de rehabilitaci\u00f3n que\" \/>\n<meta property=\"og:url\" content=\"https:\/\/elinformativotam.com\/index.php\/2019\/11\/05\/realiza-gerente-de-comapa-zona-conurbada-supervision-de-obras-hidraulicas\/\" \/>\n<meta property=\"og:site_name\" content=\"EL INFORMATIVO DE TAMAULIPAS\" \/>\n<meta property=\"article:published_time\" content=\"2019-11-05T12:47:33+00:00\" \/>\n<meta property=\"og:image\" content=\"http:\/\/elinformativotam.com\/wp-content\/uploads\/2019\/11\/comapa1-300x200.jpg\" \/>\n<meta name=\"author\" content=\"El Informativo Tam\" \/>\n<meta name=\"twitter:card\" content=\"summary_large_image\" \/>\n<meta name=\"twitter:label1\" content=\"Escrito por\" \/>\n\t<meta name=\"twitter:data1\" content=\"El Informativo Tam\" \/>\n\t<meta name=\"twitter:label2\" content=\"Tiempo de lectura\" \/>\n\t<meta name=\"twitter:data2\" content=\"1 minuto\" \/>\n<script type=\"application\/ld+json\" class=\"yoast-schema-graph\">{\"@context\":\"https:\\\/\\\/schema.org\",\"@graph\":[{\"@type\":\"Article\",\"@id\":\"https:\\\/\\\/elinformativotam.com\\\/index.php\\\/2019\\\/11\\\/05\\\/realiza-gerente-de-comapa-zona-conurbada-supervision-de-obras-hidraulicas\\\/#article\",\"isPartOf\":{\"@id\":\"https:\\\/\\\/elinformativotam.com\\\/index.php\\\/2019\\\/11\\\/05\\\/realiza-gerente-de-comapa-zona-conurbada-supervision-de-obras-hidraulicas\\\/\"},\"author\":{\"name\":\"El Informativo Tam\",\"@id\":\"https:\\\/\\\/elinformativotam.com\\\/#\\\/schema\\\/person\\\/78e08040eed0f6110f0c5f83b6153590\"},\"headline\":\"REALIZA GERENTE DE COMAPA ZONA CONURBADA SUPERVISI\u00d3N DE OBRAS HIDR\u00c1ULICAS\",\"datePublished\":\"2019-11-05T12:47:33+00:00\",\"mainEntityOfPage\":{\"@id\":\"https:\\\/\\\/elinformativotam.com\\\/index.php\\\/2019\\\/11\\\/05\\\/realiza-gerente-de-comapa-zona-conurbada-supervision-de-obras-hidraulicas\\\/\"},\"wordCount\":285,\"commentCount\":0,\"publisher\":{\"@id\":\"https:\\\/\\\/elinformativotam.com\\\/#organization\"},\"image\":{\"@id\":\"https:\\\/\\\/elinformativotam.com\\\/index.php\\\/2019\\\/11\\\/05\\\/realiza-gerente-de-comapa-zona-conurbada-supervision-de-obras-hidraulicas\\\/#primaryimage\"},\"thumbnailUrl\":\"http:\\\/\\\/elinformativotam.com\\\/wp-content\\\/uploads\\\/2019\\\/11\\\/comapa1-300x200.jpg\",\"articleSection\":[\"Tampico\"],\"inLanguage\":\"es\",\"potentialAction\":[{\"@type\":\"CommentAction\",\"name\":\"Comment\",\"target\":[\"https:\\\/\\\/elinformativotam.com\\\/index.php\\\/2019\\\/11\\\/05\\\/realiza-gerente-de-comapa-zona-conurbada-supervision-de-obras-hidraulicas\\\/#respond\"]}]},{\"@type\":\"WebPage\",\"@id\":\"https:\\\/\\\/elinformativotam.com\\\/index.php\\\/2019\\\/11\\\/05\\\/realiza-gerente-de-comapa-zona-conurbada-supervision-de-obras-hidraulicas\\\/\",\"url\":\"https:\\\/\\\/elinformativotam.com\\\/index.php\\\/2019\\\/11\\\/05\\\/realiza-gerente-de-comapa-zona-conurbada-supervision-de-obras-hidraulicas\\\/\",\"name\":\"REALIZA GERENTE DE COMAPA ZONA CONURBADA SUPERVISI\u00d3N DE OBRAS HIDR\u00c1ULICAS - EL INFORMATIVO DE TAMAULIPAS\",\"isPartOf\":{\"@id\":\"https:\\\/\\\/elinformativotam.com\\\/#website\"},\"primaryImageOfPage\":{\"@id\":\"https:\\\/\\\/elinformativotam.com\\\/index.php\\\/2019\\\/11\\\/05\\\/realiza-gerente-de-comapa-zona-conurbada-supervision-de-obras-hidraulicas\\\/#primaryimage\"},\"image\":{\"@id\":\"https:\\\/\\\/elinformativotam.com\\\/index.php\\\/2019\\\/11\\\/05\\\/realiza-gerente-de-comapa-zona-conurbada-supervision-de-obras-hidraulicas\\\/#primaryimage\"},\"thumbnailUrl\":\"http:\\\/\\\/elinformativotam.com\\\/wp-content\\\/uploads\\\/2019\\\/11\\\/comapa1-300x200.jpg\",\"datePublished\":\"2019-11-05T12:47:33+00:00\",\"description\":\"El Gerente General del Organismo Operador del Agua, Jorge Federico Rivera Schotte efectu\u00f3 un recorrido de supervisi\u00f3n de trabajos de rehabilitaci\u00f3n que\",\"inLanguage\":\"es\",\"potentialAction\":[{\"@type\":\"ReadAction\",\"target\":[\"https:\\\/\\\/elinformativotam.com\\\/index.php\\\/2019\\\/11\\\/05\\\/realiza-gerente-de-comapa-zona-conurbada-supervision-de-obras-hidraulicas\\\/\"]}]},{\"@type\":\"ImageObject\",\"inLanguage\":\"es\",\"@id\":\"https:\\\/\\\/elinformativotam.com\\\/index.php\\\/2019\\\/11\\\/05\\\/realiza-gerente-de-comapa-zona-conurbada-supervision-de-obras-hidraulicas\\\/#primaryimage\",\"url\":\"http:\\\/\\\/elinformativotam.com\\\/wp-content\\\/uploads\\\/2019\\\/11\\\/comapa1-300x200.jpg\",\"contentUrl\":\"http:\\\/\\\/elinformativotam.com\\\/wp-content\\\/uploads\\\/2019\\\/11\\\/comapa1-300x200.jpg\"},{\"@type\":\"WebSite\",\"@id\":\"https:\\\/\\\/elinformativotam.com\\\/#website\",\"url\":\"https:\\\/\\\/elinformativotam.com\\\/\",\"name\":\"EL INFORMATIVO DE TAMAULIPAS\",\"description\":\"Desde la Zona Metropolitana Para Todo M\u00e9xico\",\"publisher\":{\"@id\":\"https:\\\/\\\/elinformativotam.com\\\/#organization\"},\"potentialAction\":[{\"@type\":\"SearchAction\",\"target\":{\"@type\":\"EntryPoint\",\"urlTemplate\":\"https:\\\/\\\/elinformativotam.com\\\/?s={search_term_string}\"},\"query-input\":{\"@type\":\"PropertyValueSpecification\",\"valueRequired\":true,\"valueName\":\"search_term_string\"}}],\"inLanguage\":\"es\"},{\"@type\":\"Organization\",\"@id\":\"https:\\\/\\\/elinformativotam.com\\\/#organization\",\"name\":\"EL INFORMATIVO DE TAMAULIPAS\",\"url\":\"https:\\\/\\\/elinformativotam.com\\\/\",\"logo\":{\"@type\":\"ImageObject\",\"inLanguage\":\"es\",\"@id\":\"https:\\\/\\\/elinformativotam.com\\\/#\\\/schema\\\/logo\\\/image\\\/\",\"url\":\"https:\\\/\\\/elinformativotam.com\\\/wp-content\\\/uploads\\\/2026\\\/02\\\/Cabezal.png\",\"contentUrl\":\"https:\\\/\\\/elinformativotam.com\\\/wp-content\\\/uploads\\\/2026\\\/02\\\/Cabezal.png\",\"width\":960,\"height\":640,\"caption\":\"EL INFORMATIVO DE TAMAULIPAS\"},\"image\":{\"@id\":\"https:\\\/\\\/elinformativotam.com\\\/#\\\/schema\\\/logo\\\/image\\\/\"}},{\"@type\":\"Person\",\"@id\":\"https:\\\/\\\/elinformativotam.com\\\/#\\\/schema\\\/person\\\/78e08040eed0f6110f0c5f83b6153590\",\"name\":\"El Informativo Tam\",\"image\":{\"@type\":\"ImageObject\",\"inLanguage\":\"es\",\"@id\":\"https:\\\/\\\/secure.gravatar.com\\\/avatar\\\/f3b7ad3af540688955925ac610647be00b0cf41feea9c4978b73a707ee86bc53?s=96&d=mm&r=g\",\"url\":\"https:\\\/\\\/secure.gravatar.com\\\/avatar\\\/f3b7ad3af540688955925ac610647be00b0cf41feea9c4978b73a707ee86bc53?s=96&d=mm&r=g\",\"contentUrl\":\"https:\\\/\\\/secure.gravatar.com\\\/avatar\\\/f3b7ad3af540688955925ac610647be00b0cf41feea9c4978b73a707ee86bc53?s=96&d=mm&r=g\",\"caption\":\"El Informativo Tam\"}}]}<\/script>\n<!-- \/ Yoast SEO plugin. -->","yoast_head_json":{"title":"REALIZA GERENTE DE COMAPA ZONA CONURBADA SUPERVISI\u00d3N DE OBRAS HIDR\u00c1ULICAS - EL INFORMATIVO DE TAMAULIPAS","description":"El Gerente General del Organismo Operador del Agua, Jorge Federico Rivera Schotte efectu\u00f3 un recorrido de supervisi\u00f3n de trabajos de rehabilitaci\u00f3n que","robots":{"index":"index","follow":"follow","max-snippet":"max-snippet:-1","max-image-preview":"max-image-preview:large","max-video-preview":"max-video-preview:-1"},"canonical":"https:\/\/elinformativotam.com\/index.php\/2019\/11\/05\/realiza-gerente-de-comapa-zona-conurbada-supervision-de-obras-hidraulicas\/","og_locale":"es_MX","og_type":"article","og_title":"REALIZA GERENTE DE COMAPA ZONA CONURBADA SUPERVISI\u00d3N DE OBRAS HIDR\u00c1ULICAS - EL INFORMATIVO DE TAMAULIPAS","og_description":"El Gerente General del Organismo Operador del Agua, Jorge Federico Rivera Schotte efectu\u00f3 un recorrido de supervisi\u00f3n de trabajos de rehabilitaci\u00f3n que","og_url":"https:\/\/elinformativotam.com\/index.php\/2019\/11\/05\/realiza-gerente-de-comapa-zona-conurbada-supervision-de-obras-hidraulicas\/","og_site_name":"EL INFORMATIVO DE TAMAULIPAS","article_published_time":"2019-11-05T12:47:33+00:00","og_image":[{"url":"http:\/\/elinformativotam.com\/wp-content\/uploads\/2019\/11\/comapa1-300x200.jpg","type":"","width":"","height":""}],"author":"El Informativo Tam","twitter_card":"summary_large_image","twitter_misc":{"Escrito por":"El Informativo Tam","Tiempo de lectura":"1 minuto"},"schema":{"@context":"https:\/\/schema.org","@graph":[{"@type":"Article","@id":"https:\/\/elinformativotam.com\/index.php\/2019\/11\/05\/realiza-gerente-de-comapa-zona-conurbada-supervision-de-obras-hidraulicas\/#article","isPartOf":{"@id":"https:\/\/elinformativotam.com\/index.php\/2019\/11\/05\/realiza-gerente-de-comapa-zona-conurbada-supervision-de-obras-hidraulicas\/"},"author":{"name":"El Informativo Tam","@id":"https:\/\/elinformativotam.com\/#\/schema\/person\/78e08040eed0f6110f0c5f83b6153590"},"headline":"REALIZA GERENTE DE COMAPA ZONA CONURBADA SUPERVISI\u00d3N DE OBRAS HIDR\u00c1ULICAS","datePublished":"2019-11-05T12:47:33+00:00","mainEntityOfPage":{"@id":"https:\/\/elinformativotam.com\/index.php\/2019\/11\/05\/realiza-gerente-de-comapa-zona-conurbada-supervision-de-obras-hidraulicas\/"},"wordCount":285,"commentCount":0,"publisher":{"@id":"https:\/\/elinformativotam.com\/#organization"},"image":{"@id":"https:\/\/elinformativotam.com\/index.php\/2019\/11\/05\/realiza-gerente-de-comapa-zona-conurbada-supervision-de-obras-hidraulicas\/#primaryimage"},"thumbnailUrl":"http:\/\/elinformativotam.com\/wp-content\/uploads\/2019\/11\/comapa1-300x200.jpg","articleSection":["Tampico"],"inLanguage":"es","potentialAction":[{"@type":"CommentAction","name":"Comment","target":["https:\/\/elinformativotam.com\/index.php\/2019\/11\/05\/realiza-gerente-de-comapa-zona-conurbada-supervision-de-obras-hidraulicas\/#respond"]}]},{"@type":"WebPage","@id":"https:\/\/elinformativotam.com\/index.php\/2019\/11\/05\/realiza-gerente-de-comapa-zona-conurbada-supervision-de-obras-hidraulicas\/","url":"https:\/\/elinformativotam.com\/index.php\/2019\/11\/05\/realiza-gerente-de-comapa-zona-conurbada-supervision-de-obras-hidraulicas\/","name":"REALIZA GERENTE DE COMAPA ZONA CONURBADA SUPERVISI\u00d3N DE OBRAS HIDR\u00c1ULICAS - EL INFORMATIVO DE TAMAULIPAS","isPartOf":{"@id":"https:\/\/elinformativotam.com\/#website"},"primaryImageOfPage":{"@id":"https:\/\/elinformativotam.com\/index.php\/2019\/11\/05\/realiza-gerente-de-comapa-zona-conurbada-supervision-de-obras-hidraulicas\/#primaryimage"},"image":{"@id":"https:\/\/elinformativotam.com\/index.php\/2019\/11\/05\/realiza-gerente-de-comapa-zona-conurbada-supervision-de-obras-hidraulicas\/#primaryimage"},"thumbnailUrl":"http:\/\/elinformativotam.com\/wp-content\/uploads\/2019\/11\/comapa1-300x200.jpg","datePublished":"2019-11-05T12:47:33+00:00","description":"El Gerente General del Organismo Operador del Agua, Jorge Federico Rivera Schotte efectu\u00f3 un recorrido de supervisi\u00f3n de trabajos de rehabilitaci\u00f3n que","inLanguage":"es","potentialAction":[{"@type":"ReadAction","target":["https:\/\/elinformativotam.com\/index.php\/2019\/11\/05\/realiza-gerente-de-comapa-zona-conurbada-supervision-de-obras-hidraulicas\/"]}]},{"@type":"ImageObject","inLanguage":"es","@id":"https:\/\/elinformativotam.com\/index.php\/2019\/11\/05\/realiza-gerente-de-comapa-zona-conurbada-supervision-de-obras-hidraulicas\/#primaryimage","url":"http:\/\/elinformativotam.com\/wp-content\/uploads\/2019\/11\/comapa1-300x200.jpg","contentUrl":"http:\/\/elinformativotam.com\/wp-content\/uploads\/2019\/11\/comapa1-300x200.jpg"},{"@type":"WebSite","@id":"https:\/\/elinformativotam.com\/#website","url":"https:\/\/elinformativotam.com\/","name":"EL INFORMATIVO DE TAMAULIPAS","description":"Desde la Zona Metropolitana Para Todo M\u00e9xico","publisher":{"@id":"https:\/\/elinformativotam.com\/#organization"},"potentialAction":[{"@type":"SearchAction","target":{"@type":"EntryPoint","urlTemplate":"https:\/\/elinformativotam.com\/?s={search_term_string}"},"query-input":{"@type":"PropertyValueSpecification","valueRequired":true,"valueName":"search_term_string"}}],"inLanguage":"es"},{"@type":"Organization","@id":"https:\/\/elinformativotam.com\/#organization","name":"EL INFORMATIVO DE TAMAULIPAS","url":"https:\/\/elinformativotam.com\/","logo":{"@type":"ImageObject","inLanguage":"es","@id":"https:\/\/elinformativotam.com\/#\/schema\/logo\/image\/","url":"https:\/\/elinformativotam.com\/wp-content\/uploads\/2026\/02\/Cabezal.png","contentUrl":"https:\/\/elinformativotam.com\/wp-content\/uploads\/2026\/02\/Cabezal.png","width":960,"height":640,"caption":"EL INFORMATIVO DE TAMAULIPAS"},"image":{"@id":"https:\/\/elinformativotam.com\/#\/schema\/logo\/image\/"}},{"@type":"Person","@id":"https:\/\/elinformativotam.com\/#\/schema\/person\/78e08040eed0f6110f0c5f83b6153590","name":"El Informativo Tam","image":{"@type":"ImageObject","inLanguage":"es","@id":"https:\/\/secure.gravatar.com\/avatar\/f3b7ad3af540688955925ac610647be00b0cf41feea9c4978b73a707ee86bc53?s=96&d=mm&r=g","url":"https:\/\/secure.gravatar.com\/avatar\/f3b7ad3af540688955925ac610647be00b0cf41feea9c4978b73a707ee86bc53?s=96&d=mm&r=g","contentUrl":"https:\/\/secure.gravatar.com\/avatar\/f3b7ad3af540688955925ac610647be00b0cf41feea9c4978b73a707ee86bc53?s=96&d=mm&r=g","caption":"El Informativo Tam"}}]}},"_links":{"self":[{"href":"https:\/\/elinformativotam.com\/index.php\/wp-json\/wp\/v2\/posts\/525","targetHints":{"allow":["GET"]}}],"collection":[{"href":"https:\/\/elinformativotam.com\/index.php\/wp-json\/wp\/v2\/posts"}],"about":[{"href":"https:\/\/elinformativotam.com\/index.php\/wp-json\/wp\/v2\/types\/post"}],"author":[{"embeddable":true,"href":"https:\/\/elinformativotam.com\/index.php\/wp-json\/wp\/v2\/users\/1"}],"replies":[{"embeddable":true,"href":"https:\/\/elinformativotam.com\/index.php\/wp-json\/wp\/v2\/comments?post=525"}],"version-history":[{"count":0,"href":"https:\/\/elinformativotam.com\/index.php\/wp-json\/wp\/v2\/posts\/525\/revisions"}],"wp:attachment":[{"href":"https:\/\/elinformativotam.com\/index.php\/wp-json\/wp\/v2\/media?parent=525"}],"wp:term":[{"taxonomy":"category","embeddable":true,"href":"https:\/\/elinformativotam.com\/index.php\/wp-json\/wp\/v2\/categories?post=525"},{"taxonomy":"post_tag","embeddable":true,"href":"https:\/\/elinformativotam.com\/index.php\/wp-json\/wp\/v2\/tags?post=525"}],"curies":[{"name":"wp","href":"https:\/\/api.w.org\/{rel}","templated":true}]}}