{"id":52078,"date":"2024-08-14T19:12:25","date_gmt":"2024-08-15T01:12:25","guid":{"rendered":"https:\/\/elinformativotam.com\/?p=52078"},"modified":"2024-08-14T19:12:25","modified_gmt":"2024-08-15T01:12:25","slug":"solicitara-comercio-de-tampico-mejor-seguridad-agua-y-carreteras-aledanas-a-proximos-funcionarios-de-sheinbaum","status":"publish","type":"post","link":"https:\/\/elinformativotam.com\/index.php\/2024\/08\/14\/solicitara-comercio-de-tampico-mejor-seguridad-agua-y-carreteras-aledanas-a-proximos-funcionarios-de-sheinbaum\/","title":{"rendered":"SOLICITAR\u00c1 COMERCIO DE TAMPICO MEJOR SEGURIDAD, AGUA Y CARRETERAS ALEDA\u00d1AS A PR\u00d3XIMOS FUNCIONARIOS DE SHEINBAUM"},"content":{"rendered":"<h2 style=\"text-align: center;\"><em><span style=\"font-family: 'times new roman', times;\">*Debe Zona Sur Lograr Un Mejor Crecimiento En Los Pr\u00f3ximos Seis A\u00f1os<\/span><\/em><\/h2>\n<p>&nbsp;<\/p>\n<p>El comercio organizado de Tampico pedir\u00e1 al pr\u00f3ximo gobierno federal que invierta mayores recursos en la prevenci\u00f3n a la seguridad, en la certidumbre en el abasto del agua y la rehabilitaci\u00f3n de las carreteras aleda\u00f1as a Tamaulipas, se\u00f1al\u00f3 Carlos Mu\u00f1oz Gonz\u00e1lez<\/p>\n<p>&nbsp;<\/p>\n<p>El Presidente de Canaco-Tampico, detall\u00f3 que ser\u00e1 \u00e9ste pr\u00f3ximo 20 de Agosto cuando se lleve a cabo, en la Ciudad de M\u00e9xico, la reuni\u00f3n regional de presidentes de c\u00e1maras de San Lu\u00eds Potos\u00ed, Veracruz y Tamaulipas, donde estar\u00e1 presente el representante de la Confederaci\u00f3n Nacional de C\u00e1maras de Comercio, para abordar temas de inter\u00e9s nacional y regional.<\/p>\n<p>&nbsp;<\/p>\n<p>Expres\u00f3, que la prioridad en esa reuni\u00f3n ser\u00e1 dar a conocer a los futuros funcionarios del gobierno de la continuidad en la transformaci\u00f3n, la necesidad de fortalecer la seguridad p\u00fablica en las tres entidades.<\/p>\n<p>&nbsp;<\/p>\n<p>Remarc\u00f3, que despu\u00e9s del tema toral se abordar\u00e1n t\u00f3picos como la necesidad de que en la regi\u00f3n no vuelva a escasear el vital l\u00edquido y para ello es necesario aterrizar los proyectos h\u00eddricos que tanto se mencionan en los tres \u00f3rdenes de gobierno<\/p>\n<p>&nbsp;<\/p>\n<p>Destac\u00f3, que otro de los temas no menos importantes es que las carreteras aleda\u00f1as a Tamaulipas sean rehabilitadas, pues en la manera de que haya mejores vialidades entre las tres entidades, m\u00e1s econom\u00eda y turismo llegar\u00e1 en los pr\u00f3ximos seis a\u00f1os<\/p>\n<p>&nbsp;<\/p>\n<p>Dijo que en el caso de la regi\u00f3n sur, ayudar\u00eda en demas\u00eda que la federaci\u00f3n invirtiera en la conservaci\u00f3n de las carreteras de Veracruz y San Lu\u00eds Potos\u00ed que comunican con Tamaulipas, pues es precisamente de esas entidades vecinas y de la parte central y baj\u00edo del pa\u00eds, de d\u00f3nde proviene una cantidad importante de visitantes en cada \u00e9poca de asueto<\/p>\n<p>&nbsp;<\/p>\n<p>El Presidente de Canaco puntualiz\u00f3 que la zona dorada de la ciudad sigue generando importante movimiento econ\u00f3mico, con el arribo de m\u00e1s comercios, restaurantes, agencias automotrices, que poco a poco colocar\u00e1n a Tampico como uno de los cinco primeros destinos financieros importantes del pa\u00eds en materia de inversi\u00f3n y crecimiento.<\/p>\n<p>&nbsp;<\/p>\n","protected":false},"excerpt":{"rendered":"<p>*Debe Zona Sur Lograr Un Mejor Crecimiento En Los Pr\u00f3ximos Seis A\u00f1os &nbsp; El comercio organizado de Tampico pedir\u00e1 al&hellip;<\/p>\n","protected":false},"author":1,"featured_media":52079,"comment_status":"open","ping_status":"open","sticky":false,"template":"","format":"standard","meta":{"footnotes":""},"categories":[3],"tags":[],"class_list":["post-52078","post","type-post","status-publish","format-standard","has-post-thumbnail","hentry","category-tampico"],"yoast_head":"<!-- This site is optimized with the Yoast SEO plugin v27.4 - https:\/\/yoast.com\/product\/yoast-seo-wordpress\/ -->\n<title>SOLICITAR\u00c1 COMERCIO DE TAMPICO MEJOR SEGURIDAD, AGUA Y CARRETERAS ALEDA\u00d1AS A PR\u00d3XIMOS FUNCIONARIOS DE SHEINBAUM - EL INFORMATIVO DE TAMAULIPAS<\/title>\n<meta name=\"description\" content=\"*Debe Zona Sur Lograr Un Mejor Crecimiento En Los Pr\u00f3ximos Seis A\u00f1os &nbsp; El comercio organizado de Tampico pedir\u00e1 al pr\u00f3ximo gobierno federal que\" \/>\n<meta name=\"robots\" content=\"index, follow, max-snippet:-1, max-image-preview:large, max-video-preview:-1\" \/>\n<link rel=\"canonical\" href=\"https:\/\/elinformativotam.com\/index.php\/2024\/08\/14\/solicitara-comercio-de-tampico-mejor-seguridad-agua-y-carreteras-aledanas-a-proximos-funcionarios-de-sheinbaum\/\" \/>\n<meta property=\"og:locale\" content=\"es_MX\" \/>\n<meta property=\"og:type\" content=\"article\" \/>\n<meta property=\"og:title\" content=\"SOLICITAR\u00c1 COMERCIO DE TAMPICO MEJOR SEGURIDAD, AGUA Y CARRETERAS ALEDA\u00d1AS A PR\u00d3XIMOS FUNCIONARIOS DE SHEINBAUM - EL INFORMATIVO DE TAMAULIPAS\" \/>\n<meta property=\"og:description\" content=\"*Debe Zona Sur Lograr Un Mejor Crecimiento En Los Pr\u00f3ximos Seis A\u00f1os &nbsp; El comercio organizado de Tampico pedir\u00e1 al pr\u00f3ximo gobierno federal que\" \/>\n<meta property=\"og:url\" content=\"https:\/\/elinformativotam.com\/index.php\/2024\/08\/14\/solicitara-comercio-de-tampico-mejor-seguridad-agua-y-carreteras-aledanas-a-proximos-funcionarios-de-sheinbaum\/\" \/>\n<meta property=\"og:site_name\" content=\"EL INFORMATIVO DE TAMAULIPAS\" \/>\n<meta property=\"article:published_time\" content=\"2024-08-15T01:12:25+00:00\" \/>\n<meta property=\"og:image\" content=\"https:\/\/elinformativotam.com\/wp-content\/uploads\/2024\/08\/Carlos.jpeg\" \/>\n\t<meta property=\"og:image:width\" content=\"1600\" \/>\n\t<meta property=\"og:image:height\" content=\"1204\" \/>\n\t<meta property=\"og:image:type\" content=\"image\/jpeg\" \/>\n<meta name=\"author\" content=\"El Informativo Tam\" \/>\n<meta name=\"twitter:card\" content=\"summary_large_image\" \/>\n<meta name=\"twitter:label1\" content=\"Escrito por\" \/>\n\t<meta name=\"twitter:data1\" content=\"El Informativo Tam\" \/>\n\t<meta name=\"twitter:label2\" content=\"Tiempo de lectura\" \/>\n\t<meta name=\"twitter:data2\" content=\"2 minutos\" \/>\n<script type=\"application\/ld+json\" class=\"yoast-schema-graph\">{\"@context\":\"https:\\\/\\\/schema.org\",\"@graph\":[{\"@type\":\"Article\",\"@id\":\"https:\\\/\\\/elinformativotam.com\\\/index.php\\\/2024\\\/08\\\/14\\\/solicitara-comercio-de-tampico-mejor-seguridad-agua-y-carreteras-aledanas-a-proximos-funcionarios-de-sheinbaum\\\/#article\",\"isPartOf\":{\"@id\":\"https:\\\/\\\/elinformativotam.com\\\/index.php\\\/2024\\\/08\\\/14\\\/solicitara-comercio-de-tampico-mejor-seguridad-agua-y-carreteras-aledanas-a-proximos-funcionarios-de-sheinbaum\\\/\"},\"author\":{\"name\":\"El Informativo Tam\",\"@id\":\"https:\\\/\\\/elinformativotam.com\\\/#\\\/schema\\\/person\\\/78e08040eed0f6110f0c5f83b6153590\"},\"headline\":\"SOLICITAR\u00c1 COMERCIO DE TAMPICO MEJOR SEGURIDAD, AGUA Y CARRETERAS ALEDA\u00d1AS A PR\u00d3XIMOS FUNCIONARIOS DE SHEINBAUM\",\"datePublished\":\"2024-08-15T01:12:25+00:00\",\"mainEntityOfPage\":{\"@id\":\"https:\\\/\\\/elinformativotam.com\\\/index.php\\\/2024\\\/08\\\/14\\\/solicitara-comercio-de-tampico-mejor-seguridad-agua-y-carreteras-aledanas-a-proximos-funcionarios-de-sheinbaum\\\/\"},\"wordCount\":408,\"commentCount\":0,\"publisher\":{\"@id\":\"https:\\\/\\\/elinformativotam.com\\\/#organization\"},\"image\":{\"@id\":\"https:\\\/\\\/elinformativotam.com\\\/index.php\\\/2024\\\/08\\\/14\\\/solicitara-comercio-de-tampico-mejor-seguridad-agua-y-carreteras-aledanas-a-proximos-funcionarios-de-sheinbaum\\\/#primaryimage\"},\"thumbnailUrl\":\"https:\\\/\\\/elinformativotam.com\\\/wp-content\\\/uploads\\\/2024\\\/08\\\/Carlos.jpeg\",\"articleSection\":[\"Tampico\"],\"inLanguage\":\"es\",\"potentialAction\":[{\"@type\":\"CommentAction\",\"name\":\"Comment\",\"target\":[\"https:\\\/\\\/elinformativotam.com\\\/index.php\\\/2024\\\/08\\\/14\\\/solicitara-comercio-de-tampico-mejor-seguridad-agua-y-carreteras-aledanas-a-proximos-funcionarios-de-sheinbaum\\\/#respond\"]}]},{\"@type\":\"WebPage\",\"@id\":\"https:\\\/\\\/elinformativotam.com\\\/index.php\\\/2024\\\/08\\\/14\\\/solicitara-comercio-de-tampico-mejor-seguridad-agua-y-carreteras-aledanas-a-proximos-funcionarios-de-sheinbaum\\\/\",\"url\":\"https:\\\/\\\/elinformativotam.com\\\/index.php\\\/2024\\\/08\\\/14\\\/solicitara-comercio-de-tampico-mejor-seguridad-agua-y-carreteras-aledanas-a-proximos-funcionarios-de-sheinbaum\\\/\",\"name\":\"SOLICITAR\u00c1 COMERCIO DE TAMPICO MEJOR SEGURIDAD, AGUA Y CARRETERAS ALEDA\u00d1AS A PR\u00d3XIMOS FUNCIONARIOS DE SHEINBAUM - EL INFORMATIVO DE TAMAULIPAS\",\"isPartOf\":{\"@id\":\"https:\\\/\\\/elinformativotam.com\\\/#website\"},\"primaryImageOfPage\":{\"@id\":\"https:\\\/\\\/elinformativotam.com\\\/index.php\\\/2024\\\/08\\\/14\\\/solicitara-comercio-de-tampico-mejor-seguridad-agua-y-carreteras-aledanas-a-proximos-funcionarios-de-sheinbaum\\\/#primaryimage\"},\"image\":{\"@id\":\"https:\\\/\\\/elinformativotam.com\\\/index.php\\\/2024\\\/08\\\/14\\\/solicitara-comercio-de-tampico-mejor-seguridad-agua-y-carreteras-aledanas-a-proximos-funcionarios-de-sheinbaum\\\/#primaryimage\"},\"thumbnailUrl\":\"https:\\\/\\\/elinformativotam.com\\\/wp-content\\\/uploads\\\/2024\\\/08\\\/Carlos.jpeg\",\"datePublished\":\"2024-08-15T01:12:25+00:00\",\"description\":\"*Debe Zona Sur Lograr Un Mejor Crecimiento En Los Pr\u00f3ximos Seis A\u00f1os &nbsp; El comercio organizado de Tampico pedir\u00e1 al pr\u00f3ximo gobierno federal que\",\"inLanguage\":\"es\",\"potentialAction\":[{\"@type\":\"ReadAction\",\"target\":[\"https:\\\/\\\/elinformativotam.com\\\/index.php\\\/2024\\\/08\\\/14\\\/solicitara-comercio-de-tampico-mejor-seguridad-agua-y-carreteras-aledanas-a-proximos-funcionarios-de-sheinbaum\\\/\"]}]},{\"@type\":\"ImageObject\",\"inLanguage\":\"es\",\"@id\":\"https:\\\/\\\/elinformativotam.com\\\/index.php\\\/2024\\\/08\\\/14\\\/solicitara-comercio-de-tampico-mejor-seguridad-agua-y-carreteras-aledanas-a-proximos-funcionarios-de-sheinbaum\\\/#primaryimage\",\"url\":\"https:\\\/\\\/elinformativotam.com\\\/wp-content\\\/uploads\\\/2024\\\/08\\\/Carlos.jpeg\",\"contentUrl\":\"https:\\\/\\\/elinformativotam.com\\\/wp-content\\\/uploads\\\/2024\\\/08\\\/Carlos.jpeg\",\"width\":1600,\"height\":1204},{\"@type\":\"WebSite\",\"@id\":\"https:\\\/\\\/elinformativotam.com\\\/#website\",\"url\":\"https:\\\/\\\/elinformativotam.com\\\/\",\"name\":\"EL INFORMATIVO DE TAMAULIPAS\",\"description\":\"Desde la Zona Metropolitana Para Todo M\u00e9xico\",\"publisher\":{\"@id\":\"https:\\\/\\\/elinformativotam.com\\\/#organization\"},\"potentialAction\":[{\"@type\":\"SearchAction\",\"target\":{\"@type\":\"EntryPoint\",\"urlTemplate\":\"https:\\\/\\\/elinformativotam.com\\\/?s={search_term_string}\"},\"query-input\":{\"@type\":\"PropertyValueSpecification\",\"valueRequired\":true,\"valueName\":\"search_term_string\"}}],\"inLanguage\":\"es\"},{\"@type\":\"Organization\",\"@id\":\"https:\\\/\\\/elinformativotam.com\\\/#organization\",\"name\":\"EL INFORMATIVO DE TAMAULIPAS\",\"url\":\"https:\\\/\\\/elinformativotam.com\\\/\",\"logo\":{\"@type\":\"ImageObject\",\"inLanguage\":\"es\",\"@id\":\"https:\\\/\\\/elinformativotam.com\\\/#\\\/schema\\\/logo\\\/image\\\/\",\"url\":\"https:\\\/\\\/elinformativotam.com\\\/wp-content\\\/uploads\\\/2026\\\/02\\\/Cabezal.png\",\"contentUrl\":\"https:\\\/\\\/elinformativotam.com\\\/wp-content\\\/uploads\\\/2026\\\/02\\\/Cabezal.png\",\"width\":960,\"height\":640,\"caption\":\"EL INFORMATIVO DE TAMAULIPAS\"},\"image\":{\"@id\":\"https:\\\/\\\/elinformativotam.com\\\/#\\\/schema\\\/logo\\\/image\\\/\"}},{\"@type\":\"Person\",\"@id\":\"https:\\\/\\\/elinformativotam.com\\\/#\\\/schema\\\/person\\\/78e08040eed0f6110f0c5f83b6153590\",\"name\":\"El Informativo Tam\",\"image\":{\"@type\":\"ImageObject\",\"inLanguage\":\"es\",\"@id\":\"https:\\\/\\\/secure.gravatar.com\\\/avatar\\\/f3b7ad3af540688955925ac610647be00b0cf41feea9c4978b73a707ee86bc53?s=96&d=mm&r=g\",\"url\":\"https:\\\/\\\/secure.gravatar.com\\\/avatar\\\/f3b7ad3af540688955925ac610647be00b0cf41feea9c4978b73a707ee86bc53?s=96&d=mm&r=g\",\"contentUrl\":\"https:\\\/\\\/secure.gravatar.com\\\/avatar\\\/f3b7ad3af540688955925ac610647be00b0cf41feea9c4978b73a707ee86bc53?s=96&d=mm&r=g\",\"caption\":\"El Informativo Tam\"}}]}<\/script>\n<!-- \/ Yoast SEO plugin. -->","yoast_head_json":{"title":"SOLICITAR\u00c1 COMERCIO DE TAMPICO MEJOR SEGURIDAD, AGUA Y CARRETERAS ALEDA\u00d1AS A PR\u00d3XIMOS FUNCIONARIOS DE SHEINBAUM - EL INFORMATIVO DE TAMAULIPAS","description":"*Debe Zona Sur Lograr Un Mejor Crecimiento En Los Pr\u00f3ximos Seis A\u00f1os &nbsp; El comercio organizado de Tampico pedir\u00e1 al pr\u00f3ximo gobierno federal que","robots":{"index":"index","follow":"follow","max-snippet":"max-snippet:-1","max-image-preview":"max-image-preview:large","max-video-preview":"max-video-preview:-1"},"canonical":"https:\/\/elinformativotam.com\/index.php\/2024\/08\/14\/solicitara-comercio-de-tampico-mejor-seguridad-agua-y-carreteras-aledanas-a-proximos-funcionarios-de-sheinbaum\/","og_locale":"es_MX","og_type":"article","og_title":"SOLICITAR\u00c1 COMERCIO DE TAMPICO MEJOR SEGURIDAD, AGUA Y CARRETERAS ALEDA\u00d1AS A PR\u00d3XIMOS FUNCIONARIOS DE SHEINBAUM - EL INFORMATIVO DE TAMAULIPAS","og_description":"*Debe Zona Sur Lograr Un Mejor Crecimiento En Los Pr\u00f3ximos Seis A\u00f1os &nbsp; El comercio organizado de Tampico pedir\u00e1 al pr\u00f3ximo gobierno federal que","og_url":"https:\/\/elinformativotam.com\/index.php\/2024\/08\/14\/solicitara-comercio-de-tampico-mejor-seguridad-agua-y-carreteras-aledanas-a-proximos-funcionarios-de-sheinbaum\/","og_site_name":"EL INFORMATIVO DE TAMAULIPAS","article_published_time":"2024-08-15T01:12:25+00:00","og_image":[{"width":1600,"height":1204,"url":"https:\/\/elinformativotam.com\/wp-content\/uploads\/2024\/08\/Carlos.jpeg","type":"image\/jpeg"}],"author":"El Informativo Tam","twitter_card":"summary_large_image","twitter_misc":{"Escrito por":"El Informativo Tam","Tiempo de lectura":"2 minutos"},"schema":{"@context":"https:\/\/schema.org","@graph":[{"@type":"Article","@id":"https:\/\/elinformativotam.com\/index.php\/2024\/08\/14\/solicitara-comercio-de-tampico-mejor-seguridad-agua-y-carreteras-aledanas-a-proximos-funcionarios-de-sheinbaum\/#article","isPartOf":{"@id":"https:\/\/elinformativotam.com\/index.php\/2024\/08\/14\/solicitara-comercio-de-tampico-mejor-seguridad-agua-y-carreteras-aledanas-a-proximos-funcionarios-de-sheinbaum\/"},"author":{"name":"El Informativo Tam","@id":"https:\/\/elinformativotam.com\/#\/schema\/person\/78e08040eed0f6110f0c5f83b6153590"},"headline":"SOLICITAR\u00c1 COMERCIO DE TAMPICO MEJOR SEGURIDAD, AGUA Y CARRETERAS ALEDA\u00d1AS A PR\u00d3XIMOS FUNCIONARIOS DE SHEINBAUM","datePublished":"2024-08-15T01:12:25+00:00","mainEntityOfPage":{"@id":"https:\/\/elinformativotam.com\/index.php\/2024\/08\/14\/solicitara-comercio-de-tampico-mejor-seguridad-agua-y-carreteras-aledanas-a-proximos-funcionarios-de-sheinbaum\/"},"wordCount":408,"commentCount":0,"publisher":{"@id":"https:\/\/elinformativotam.com\/#organization"},"image":{"@id":"https:\/\/elinformativotam.com\/index.php\/2024\/08\/14\/solicitara-comercio-de-tampico-mejor-seguridad-agua-y-carreteras-aledanas-a-proximos-funcionarios-de-sheinbaum\/#primaryimage"},"thumbnailUrl":"https:\/\/elinformativotam.com\/wp-content\/uploads\/2024\/08\/Carlos.jpeg","articleSection":["Tampico"],"inLanguage":"es","potentialAction":[{"@type":"CommentAction","name":"Comment","target":["https:\/\/elinformativotam.com\/index.php\/2024\/08\/14\/solicitara-comercio-de-tampico-mejor-seguridad-agua-y-carreteras-aledanas-a-proximos-funcionarios-de-sheinbaum\/#respond"]}]},{"@type":"WebPage","@id":"https:\/\/elinformativotam.com\/index.php\/2024\/08\/14\/solicitara-comercio-de-tampico-mejor-seguridad-agua-y-carreteras-aledanas-a-proximos-funcionarios-de-sheinbaum\/","url":"https:\/\/elinformativotam.com\/index.php\/2024\/08\/14\/solicitara-comercio-de-tampico-mejor-seguridad-agua-y-carreteras-aledanas-a-proximos-funcionarios-de-sheinbaum\/","name":"SOLICITAR\u00c1 COMERCIO DE TAMPICO MEJOR SEGURIDAD, AGUA Y CARRETERAS ALEDA\u00d1AS A PR\u00d3XIMOS FUNCIONARIOS DE SHEINBAUM - EL INFORMATIVO DE TAMAULIPAS","isPartOf":{"@id":"https:\/\/elinformativotam.com\/#website"},"primaryImageOfPage":{"@id":"https:\/\/elinformativotam.com\/index.php\/2024\/08\/14\/solicitara-comercio-de-tampico-mejor-seguridad-agua-y-carreteras-aledanas-a-proximos-funcionarios-de-sheinbaum\/#primaryimage"},"image":{"@id":"https:\/\/elinformativotam.com\/index.php\/2024\/08\/14\/solicitara-comercio-de-tampico-mejor-seguridad-agua-y-carreteras-aledanas-a-proximos-funcionarios-de-sheinbaum\/#primaryimage"},"thumbnailUrl":"https:\/\/elinformativotam.com\/wp-content\/uploads\/2024\/08\/Carlos.jpeg","datePublished":"2024-08-15T01:12:25+00:00","description":"*Debe Zona Sur Lograr Un Mejor Crecimiento En Los Pr\u00f3ximos Seis A\u00f1os &nbsp; El comercio organizado de Tampico pedir\u00e1 al pr\u00f3ximo gobierno federal que","inLanguage":"es","potentialAction":[{"@type":"ReadAction","target":["https:\/\/elinformativotam.com\/index.php\/2024\/08\/14\/solicitara-comercio-de-tampico-mejor-seguridad-agua-y-carreteras-aledanas-a-proximos-funcionarios-de-sheinbaum\/"]}]},{"@type":"ImageObject","inLanguage":"es","@id":"https:\/\/elinformativotam.com\/index.php\/2024\/08\/14\/solicitara-comercio-de-tampico-mejor-seguridad-agua-y-carreteras-aledanas-a-proximos-funcionarios-de-sheinbaum\/#primaryimage","url":"https:\/\/elinformativotam.com\/wp-content\/uploads\/2024\/08\/Carlos.jpeg","contentUrl":"https:\/\/elinformativotam.com\/wp-content\/uploads\/2024\/08\/Carlos.jpeg","width":1600,"height":1204},{"@type":"WebSite","@id":"https:\/\/elinformativotam.com\/#website","url":"https:\/\/elinformativotam.com\/","name":"EL INFORMATIVO DE TAMAULIPAS","description":"Desde la Zona Metropolitana Para Todo M\u00e9xico","publisher":{"@id":"https:\/\/elinformativotam.com\/#organization"},"potentialAction":[{"@type":"SearchAction","target":{"@type":"EntryPoint","urlTemplate":"https:\/\/elinformativotam.com\/?s={search_term_string}"},"query-input":{"@type":"PropertyValueSpecification","valueRequired":true,"valueName":"search_term_string"}}],"inLanguage":"es"},{"@type":"Organization","@id":"https:\/\/elinformativotam.com\/#organization","name":"EL INFORMATIVO DE TAMAULIPAS","url":"https:\/\/elinformativotam.com\/","logo":{"@type":"ImageObject","inLanguage":"es","@id":"https:\/\/elinformativotam.com\/#\/schema\/logo\/image\/","url":"https:\/\/elinformativotam.com\/wp-content\/uploads\/2026\/02\/Cabezal.png","contentUrl":"https:\/\/elinformativotam.com\/wp-content\/uploads\/2026\/02\/Cabezal.png","width":960,"height":640,"caption":"EL INFORMATIVO DE TAMAULIPAS"},"image":{"@id":"https:\/\/elinformativotam.com\/#\/schema\/logo\/image\/"}},{"@type":"Person","@id":"https:\/\/elinformativotam.com\/#\/schema\/person\/78e08040eed0f6110f0c5f83b6153590","name":"El Informativo Tam","image":{"@type":"ImageObject","inLanguage":"es","@id":"https:\/\/secure.gravatar.com\/avatar\/f3b7ad3af540688955925ac610647be00b0cf41feea9c4978b73a707ee86bc53?s=96&d=mm&r=g","url":"https:\/\/secure.gravatar.com\/avatar\/f3b7ad3af540688955925ac610647be00b0cf41feea9c4978b73a707ee86bc53?s=96&d=mm&r=g","contentUrl":"https:\/\/secure.gravatar.com\/avatar\/f3b7ad3af540688955925ac610647be00b0cf41feea9c4978b73a707ee86bc53?s=96&d=mm&r=g","caption":"El Informativo Tam"}}]}},"_links":{"self":[{"href":"https:\/\/elinformativotam.com\/index.php\/wp-json\/wp\/v2\/posts\/52078","targetHints":{"allow":["GET"]}}],"collection":[{"href":"https:\/\/elinformativotam.com\/index.php\/wp-json\/wp\/v2\/posts"}],"about":[{"href":"https:\/\/elinformativotam.com\/index.php\/wp-json\/wp\/v2\/types\/post"}],"author":[{"embeddable":true,"href":"https:\/\/elinformativotam.com\/index.php\/wp-json\/wp\/v2\/users\/1"}],"replies":[{"embeddable":true,"href":"https:\/\/elinformativotam.com\/index.php\/wp-json\/wp\/v2\/comments?post=52078"}],"version-history":[{"count":1,"href":"https:\/\/elinformativotam.com\/index.php\/wp-json\/wp\/v2\/posts\/52078\/revisions"}],"predecessor-version":[{"id":52080,"href":"https:\/\/elinformativotam.com\/index.php\/wp-json\/wp\/v2\/posts\/52078\/revisions\/52080"}],"wp:featuredmedia":[{"embeddable":true,"href":"https:\/\/elinformativotam.com\/index.php\/wp-json\/wp\/v2\/media\/52079"}],"wp:attachment":[{"href":"https:\/\/elinformativotam.com\/index.php\/wp-json\/wp\/v2\/media?parent=52078"}],"wp:term":[{"taxonomy":"category","embeddable":true,"href":"https:\/\/elinformativotam.com\/index.php\/wp-json\/wp\/v2\/categories?post=52078"},{"taxonomy":"post_tag","embeddable":true,"href":"https:\/\/elinformativotam.com\/index.php\/wp-json\/wp\/v2\/tags?post=52078"}],"curies":[{"name":"wp","href":"https:\/\/api.w.org\/{rel}","templated":true}]}}