{"id":52070,"date":"2024-08-13T21:32:28","date_gmt":"2024-08-14T03:32:28","guid":{"rendered":"https:\/\/elinformativotam.com\/?p=52070"},"modified":"2024-08-13T21:32:28","modified_gmt":"2024-08-14T03:32:28","slug":"terminara-nader-semipeatonal-diaz-miron-y-fase-en-laguna-del-carpintero","status":"publish","type":"post","link":"https:\/\/elinformativotam.com\/index.php\/2024\/08\/13\/terminara-nader-semipeatonal-diaz-miron-y-fase-en-laguna-del-carpintero\/","title":{"rendered":"TERMINAR\u00c1 NADER SEMIPEATONAL D\u00cdAZ MIR\u00d3N Y FASE EN LAGUNA DEL CARPINTERO"},"content":{"rendered":"<h2 style=\"text-align: center;\"><em><span style=\"font-family: 'times new roman', times;\">*La Inauguraci\u00f3n De Las Obras Ser\u00eda En La Primera Quincena De Septiembre<\/span><\/em><\/h2>\n<p>&nbsp;<\/p>\n<p>Ser\u00e1 para la primera quincena de Septiembre cuando el actual gobierno municipal de Tampico inaugure la calle semipeatonal D\u00edaz Mir\u00f3n, que conectar\u00e1 la zona centro con el museo de la ciudad, confirm\u00f3 el alcalde Jes\u00fas Nader Nasrrallah<\/p>\n<p>&nbsp;<\/p>\n<p>Adem\u00e1s, el municipie detall\u00f3 que la pen\u00faltima fase del proyecto integral de la reconfiguraci\u00f3n de la Laguna del Carpintero, tambi\u00e9n ser\u00eda inaugurada antes de qu\u00e9 culmine su gesti\u00f3n en el Puerto.<\/p>\n<p>&nbsp;<\/p>\n<p>Se\u00f1al\u00f3 que la calle semipeatonal contar\u00e1 con todos los aditamentos propios de una arteria, con caracter\u00edsticas de recreaci\u00f3n e imagen tur\u00edstica que en los \u00faltimos a\u00f1os se ha destacado en Tampico.<\/p>\n<p>&nbsp;<\/p>\n<p>El preboste municipal extern\u00f3 que la obra semipeatonal, pr\u00e1cticamente, se encuentra lista para ser entregada a los tampique\u00f1os, pues solo falta concretar detalles en las l\u00edneas subterr\u00e1neas de los servicios b\u00e1sicos.<\/p>\n<p>&nbsp;<\/p>\n<p>Remarc\u00f3, que la dignificaci\u00f3n de los espacios tur\u00edsticos fue una de las principales aristas realizadas en los \u00faltimos cinco a\u00f1os, buscando dotar de una mejor im\u00e1gen a Tampico y su centro hist\u00f3rico<\/p>\n<p>&nbsp;<\/p>\n<p>Dijo, que en el caso de la pen\u00faltima fase del proyecto de la laguna del carpintero estima que, tambi\u00e9n sea inaugurado en los \u00faltimos d\u00edas del mes pr\u00f3ximo.<\/p>\n<p>&nbsp;<\/p>\n<p>&#8220;Ah\u00ed habr\u00e1 casi 700 metros de construcci\u00f3n, donde estar\u00e1 una ciclov\u00eda, \u00e1rea para caminar y trotar, un amplio estacionamiento y \u00e1rea para el comercio informal&#8221;, expres\u00f3.<\/p>\n<p>&nbsp;<\/p>\n<p>&nbsp;<\/p>\n<p>&nbsp;<\/p>\n","protected":false},"excerpt":{"rendered":"<p>*La Inauguraci\u00f3n De Las Obras Ser\u00eda En La Primera Quincena De Septiembre &nbsp; Ser\u00e1 para la primera quincena de Septiembre&hellip;<\/p>\n","protected":false},"author":1,"featured_media":52044,"comment_status":"open","ping_status":"open","sticky":false,"template":"","format":"standard","meta":{"footnotes":""},"categories":[3],"tags":[],"class_list":["post-52070","post","type-post","status-publish","format-standard","has-post-thumbnail","hentry","category-tampico"],"yoast_head":"<!-- This site is optimized with the Yoast SEO plugin v27.4 - https:\/\/yoast.com\/product\/yoast-seo-wordpress\/ -->\n<title>TERMINAR\u00c1 NADER SEMIPEATONAL D\u00cdAZ MIR\u00d3N Y FASE EN LAGUNA DEL CARPINTERO - EL INFORMATIVO DE TAMAULIPAS<\/title>\n<meta name=\"description\" content=\"*La Inauguraci\u00f3n De Las Obras Ser\u00eda En La Primera Quincena De Septiembre &nbsp; Ser\u00e1 para la primera quincena de Septiembre cuando el actual gobierno\" \/>\n<meta name=\"robots\" content=\"index, follow, max-snippet:-1, max-image-preview:large, max-video-preview:-1\" \/>\n<link rel=\"canonical\" href=\"https:\/\/elinformativotam.com\/index.php\/2024\/08\/13\/terminara-nader-semipeatonal-diaz-miron-y-fase-en-laguna-del-carpintero\/\" \/>\n<meta property=\"og:locale\" content=\"es_MX\" \/>\n<meta property=\"og:type\" content=\"article\" \/>\n<meta property=\"og:title\" content=\"TERMINAR\u00c1 NADER SEMIPEATONAL D\u00cdAZ MIR\u00d3N Y FASE EN LAGUNA DEL CARPINTERO - EL INFORMATIVO DE TAMAULIPAS\" \/>\n<meta property=\"og:description\" content=\"*La Inauguraci\u00f3n De Las Obras Ser\u00eda En La Primera Quincena De Septiembre &nbsp; Ser\u00e1 para la primera quincena de Septiembre cuando el actual gobierno\" \/>\n<meta property=\"og:url\" content=\"https:\/\/elinformativotam.com\/index.php\/2024\/08\/13\/terminara-nader-semipeatonal-diaz-miron-y-fase-en-laguna-del-carpintero\/\" \/>\n<meta property=\"og:site_name\" content=\"EL INFORMATIVO DE TAMAULIPAS\" \/>\n<meta property=\"article:published_time\" content=\"2024-08-14T03:32:28+00:00\" \/>\n<meta property=\"og:image\" content=\"https:\/\/elinformativotam.com\/wp-content\/uploads\/2024\/08\/Chucho.jpeg\" \/>\n\t<meta property=\"og:image:width\" content=\"1600\" \/>\n\t<meta property=\"og:image:height\" content=\"1204\" \/>\n\t<meta property=\"og:image:type\" content=\"image\/jpeg\" \/>\n<meta name=\"author\" content=\"El Informativo Tam\" \/>\n<meta name=\"twitter:card\" content=\"summary_large_image\" \/>\n<meta name=\"twitter:label1\" content=\"Escrito por\" \/>\n\t<meta name=\"twitter:data1\" content=\"El Informativo Tam\" \/>\n\t<meta name=\"twitter:label2\" content=\"Tiempo de lectura\" \/>\n\t<meta name=\"twitter:data2\" content=\"2 minutos\" \/>\n<script type=\"application\/ld+json\" class=\"yoast-schema-graph\">{\"@context\":\"https:\\\/\\\/schema.org\",\"@graph\":[{\"@type\":\"Article\",\"@id\":\"https:\\\/\\\/elinformativotam.com\\\/index.php\\\/2024\\\/08\\\/13\\\/terminara-nader-semipeatonal-diaz-miron-y-fase-en-laguna-del-carpintero\\\/#article\",\"isPartOf\":{\"@id\":\"https:\\\/\\\/elinformativotam.com\\\/index.php\\\/2024\\\/08\\\/13\\\/terminara-nader-semipeatonal-diaz-miron-y-fase-en-laguna-del-carpintero\\\/\"},\"author\":{\"name\":\"El Informativo Tam\",\"@id\":\"https:\\\/\\\/elinformativotam.com\\\/#\\\/schema\\\/person\\\/78e08040eed0f6110f0c5f83b6153590\"},\"headline\":\"TERMINAR\u00c1 NADER SEMIPEATONAL D\u00cdAZ MIR\u00d3N Y FASE EN LAGUNA DEL CARPINTERO\",\"datePublished\":\"2024-08-14T03:32:28+00:00\",\"mainEntityOfPage\":{\"@id\":\"https:\\\/\\\/elinformativotam.com\\\/index.php\\\/2024\\\/08\\\/13\\\/terminara-nader-semipeatonal-diaz-miron-y-fase-en-laguna-del-carpintero\\\/\"},\"wordCount\":282,\"commentCount\":0,\"publisher\":{\"@id\":\"https:\\\/\\\/elinformativotam.com\\\/#organization\"},\"image\":{\"@id\":\"https:\\\/\\\/elinformativotam.com\\\/index.php\\\/2024\\\/08\\\/13\\\/terminara-nader-semipeatonal-diaz-miron-y-fase-en-laguna-del-carpintero\\\/#primaryimage\"},\"thumbnailUrl\":\"https:\\\/\\\/elinformativotam.com\\\/wp-content\\\/uploads\\\/2024\\\/08\\\/Chucho.jpeg\",\"articleSection\":[\"Tampico\"],\"inLanguage\":\"es\",\"potentialAction\":[{\"@type\":\"CommentAction\",\"name\":\"Comment\",\"target\":[\"https:\\\/\\\/elinformativotam.com\\\/index.php\\\/2024\\\/08\\\/13\\\/terminara-nader-semipeatonal-diaz-miron-y-fase-en-laguna-del-carpintero\\\/#respond\"]}]},{\"@type\":\"WebPage\",\"@id\":\"https:\\\/\\\/elinformativotam.com\\\/index.php\\\/2024\\\/08\\\/13\\\/terminara-nader-semipeatonal-diaz-miron-y-fase-en-laguna-del-carpintero\\\/\",\"url\":\"https:\\\/\\\/elinformativotam.com\\\/index.php\\\/2024\\\/08\\\/13\\\/terminara-nader-semipeatonal-diaz-miron-y-fase-en-laguna-del-carpintero\\\/\",\"name\":\"TERMINAR\u00c1 NADER SEMIPEATONAL D\u00cdAZ MIR\u00d3N Y FASE EN LAGUNA DEL CARPINTERO - EL INFORMATIVO DE TAMAULIPAS\",\"isPartOf\":{\"@id\":\"https:\\\/\\\/elinformativotam.com\\\/#website\"},\"primaryImageOfPage\":{\"@id\":\"https:\\\/\\\/elinformativotam.com\\\/index.php\\\/2024\\\/08\\\/13\\\/terminara-nader-semipeatonal-diaz-miron-y-fase-en-laguna-del-carpintero\\\/#primaryimage\"},\"image\":{\"@id\":\"https:\\\/\\\/elinformativotam.com\\\/index.php\\\/2024\\\/08\\\/13\\\/terminara-nader-semipeatonal-diaz-miron-y-fase-en-laguna-del-carpintero\\\/#primaryimage\"},\"thumbnailUrl\":\"https:\\\/\\\/elinformativotam.com\\\/wp-content\\\/uploads\\\/2024\\\/08\\\/Chucho.jpeg\",\"datePublished\":\"2024-08-14T03:32:28+00:00\",\"description\":\"*La Inauguraci\u00f3n De Las Obras Ser\u00eda En La Primera Quincena De Septiembre &nbsp; Ser\u00e1 para la primera quincena de Septiembre cuando el actual gobierno\",\"inLanguage\":\"es\",\"potentialAction\":[{\"@type\":\"ReadAction\",\"target\":[\"https:\\\/\\\/elinformativotam.com\\\/index.php\\\/2024\\\/08\\\/13\\\/terminara-nader-semipeatonal-diaz-miron-y-fase-en-laguna-del-carpintero\\\/\"]}]},{\"@type\":\"ImageObject\",\"inLanguage\":\"es\",\"@id\":\"https:\\\/\\\/elinformativotam.com\\\/index.php\\\/2024\\\/08\\\/13\\\/terminara-nader-semipeatonal-diaz-miron-y-fase-en-laguna-del-carpintero\\\/#primaryimage\",\"url\":\"https:\\\/\\\/elinformativotam.com\\\/wp-content\\\/uploads\\\/2024\\\/08\\\/Chucho.jpeg\",\"contentUrl\":\"https:\\\/\\\/elinformativotam.com\\\/wp-content\\\/uploads\\\/2024\\\/08\\\/Chucho.jpeg\",\"width\":1600,\"height\":1204},{\"@type\":\"WebSite\",\"@id\":\"https:\\\/\\\/elinformativotam.com\\\/#website\",\"url\":\"https:\\\/\\\/elinformativotam.com\\\/\",\"name\":\"EL INFORMATIVO DE TAMAULIPAS\",\"description\":\"Desde la Zona Metropolitana Para Todo M\u00e9xico\",\"publisher\":{\"@id\":\"https:\\\/\\\/elinformativotam.com\\\/#organization\"},\"potentialAction\":[{\"@type\":\"SearchAction\",\"target\":{\"@type\":\"EntryPoint\",\"urlTemplate\":\"https:\\\/\\\/elinformativotam.com\\\/?s={search_term_string}\"},\"query-input\":{\"@type\":\"PropertyValueSpecification\",\"valueRequired\":true,\"valueName\":\"search_term_string\"}}],\"inLanguage\":\"es\"},{\"@type\":\"Organization\",\"@id\":\"https:\\\/\\\/elinformativotam.com\\\/#organization\",\"name\":\"EL INFORMATIVO DE TAMAULIPAS\",\"url\":\"https:\\\/\\\/elinformativotam.com\\\/\",\"logo\":{\"@type\":\"ImageObject\",\"inLanguage\":\"es\",\"@id\":\"https:\\\/\\\/elinformativotam.com\\\/#\\\/schema\\\/logo\\\/image\\\/\",\"url\":\"https:\\\/\\\/elinformativotam.com\\\/wp-content\\\/uploads\\\/2026\\\/02\\\/Cabezal.png\",\"contentUrl\":\"https:\\\/\\\/elinformativotam.com\\\/wp-content\\\/uploads\\\/2026\\\/02\\\/Cabezal.png\",\"width\":960,\"height\":640,\"caption\":\"EL INFORMATIVO DE TAMAULIPAS\"},\"image\":{\"@id\":\"https:\\\/\\\/elinformativotam.com\\\/#\\\/schema\\\/logo\\\/image\\\/\"}},{\"@type\":\"Person\",\"@id\":\"https:\\\/\\\/elinformativotam.com\\\/#\\\/schema\\\/person\\\/78e08040eed0f6110f0c5f83b6153590\",\"name\":\"El Informativo Tam\",\"image\":{\"@type\":\"ImageObject\",\"inLanguage\":\"es\",\"@id\":\"https:\\\/\\\/secure.gravatar.com\\\/avatar\\\/f3b7ad3af540688955925ac610647be00b0cf41feea9c4978b73a707ee86bc53?s=96&d=mm&r=g\",\"url\":\"https:\\\/\\\/secure.gravatar.com\\\/avatar\\\/f3b7ad3af540688955925ac610647be00b0cf41feea9c4978b73a707ee86bc53?s=96&d=mm&r=g\",\"contentUrl\":\"https:\\\/\\\/secure.gravatar.com\\\/avatar\\\/f3b7ad3af540688955925ac610647be00b0cf41feea9c4978b73a707ee86bc53?s=96&d=mm&r=g\",\"caption\":\"El Informativo Tam\"}}]}<\/script>\n<!-- \/ Yoast SEO plugin. -->","yoast_head_json":{"title":"TERMINAR\u00c1 NADER SEMIPEATONAL D\u00cdAZ MIR\u00d3N Y FASE EN LAGUNA DEL CARPINTERO - EL INFORMATIVO DE TAMAULIPAS","description":"*La Inauguraci\u00f3n De Las Obras Ser\u00eda En La Primera Quincena De Septiembre &nbsp; Ser\u00e1 para la primera quincena de Septiembre cuando el actual gobierno","robots":{"index":"index","follow":"follow","max-snippet":"max-snippet:-1","max-image-preview":"max-image-preview:large","max-video-preview":"max-video-preview:-1"},"canonical":"https:\/\/elinformativotam.com\/index.php\/2024\/08\/13\/terminara-nader-semipeatonal-diaz-miron-y-fase-en-laguna-del-carpintero\/","og_locale":"es_MX","og_type":"article","og_title":"TERMINAR\u00c1 NADER SEMIPEATONAL D\u00cdAZ MIR\u00d3N Y FASE EN LAGUNA DEL CARPINTERO - EL INFORMATIVO DE TAMAULIPAS","og_description":"*La Inauguraci\u00f3n De Las Obras Ser\u00eda En La Primera Quincena De Septiembre &nbsp; Ser\u00e1 para la primera quincena de Septiembre cuando el actual gobierno","og_url":"https:\/\/elinformativotam.com\/index.php\/2024\/08\/13\/terminara-nader-semipeatonal-diaz-miron-y-fase-en-laguna-del-carpintero\/","og_site_name":"EL INFORMATIVO DE TAMAULIPAS","article_published_time":"2024-08-14T03:32:28+00:00","og_image":[{"width":1600,"height":1204,"url":"https:\/\/elinformativotam.com\/wp-content\/uploads\/2024\/08\/Chucho.jpeg","type":"image\/jpeg"}],"author":"El Informativo Tam","twitter_card":"summary_large_image","twitter_misc":{"Escrito por":"El Informativo Tam","Tiempo de lectura":"2 minutos"},"schema":{"@context":"https:\/\/schema.org","@graph":[{"@type":"Article","@id":"https:\/\/elinformativotam.com\/index.php\/2024\/08\/13\/terminara-nader-semipeatonal-diaz-miron-y-fase-en-laguna-del-carpintero\/#article","isPartOf":{"@id":"https:\/\/elinformativotam.com\/index.php\/2024\/08\/13\/terminara-nader-semipeatonal-diaz-miron-y-fase-en-laguna-del-carpintero\/"},"author":{"name":"El Informativo Tam","@id":"https:\/\/elinformativotam.com\/#\/schema\/person\/78e08040eed0f6110f0c5f83b6153590"},"headline":"TERMINAR\u00c1 NADER SEMIPEATONAL D\u00cdAZ MIR\u00d3N Y FASE EN LAGUNA DEL CARPINTERO","datePublished":"2024-08-14T03:32:28+00:00","mainEntityOfPage":{"@id":"https:\/\/elinformativotam.com\/index.php\/2024\/08\/13\/terminara-nader-semipeatonal-diaz-miron-y-fase-en-laguna-del-carpintero\/"},"wordCount":282,"commentCount":0,"publisher":{"@id":"https:\/\/elinformativotam.com\/#organization"},"image":{"@id":"https:\/\/elinformativotam.com\/index.php\/2024\/08\/13\/terminara-nader-semipeatonal-diaz-miron-y-fase-en-laguna-del-carpintero\/#primaryimage"},"thumbnailUrl":"https:\/\/elinformativotam.com\/wp-content\/uploads\/2024\/08\/Chucho.jpeg","articleSection":["Tampico"],"inLanguage":"es","potentialAction":[{"@type":"CommentAction","name":"Comment","target":["https:\/\/elinformativotam.com\/index.php\/2024\/08\/13\/terminara-nader-semipeatonal-diaz-miron-y-fase-en-laguna-del-carpintero\/#respond"]}]},{"@type":"WebPage","@id":"https:\/\/elinformativotam.com\/index.php\/2024\/08\/13\/terminara-nader-semipeatonal-diaz-miron-y-fase-en-laguna-del-carpintero\/","url":"https:\/\/elinformativotam.com\/index.php\/2024\/08\/13\/terminara-nader-semipeatonal-diaz-miron-y-fase-en-laguna-del-carpintero\/","name":"TERMINAR\u00c1 NADER SEMIPEATONAL D\u00cdAZ MIR\u00d3N Y FASE EN LAGUNA DEL CARPINTERO - EL INFORMATIVO DE TAMAULIPAS","isPartOf":{"@id":"https:\/\/elinformativotam.com\/#website"},"primaryImageOfPage":{"@id":"https:\/\/elinformativotam.com\/index.php\/2024\/08\/13\/terminara-nader-semipeatonal-diaz-miron-y-fase-en-laguna-del-carpintero\/#primaryimage"},"image":{"@id":"https:\/\/elinformativotam.com\/index.php\/2024\/08\/13\/terminara-nader-semipeatonal-diaz-miron-y-fase-en-laguna-del-carpintero\/#primaryimage"},"thumbnailUrl":"https:\/\/elinformativotam.com\/wp-content\/uploads\/2024\/08\/Chucho.jpeg","datePublished":"2024-08-14T03:32:28+00:00","description":"*La Inauguraci\u00f3n De Las Obras Ser\u00eda En La Primera Quincena De Septiembre &nbsp; Ser\u00e1 para la primera quincena de Septiembre cuando el actual gobierno","inLanguage":"es","potentialAction":[{"@type":"ReadAction","target":["https:\/\/elinformativotam.com\/index.php\/2024\/08\/13\/terminara-nader-semipeatonal-diaz-miron-y-fase-en-laguna-del-carpintero\/"]}]},{"@type":"ImageObject","inLanguage":"es","@id":"https:\/\/elinformativotam.com\/index.php\/2024\/08\/13\/terminara-nader-semipeatonal-diaz-miron-y-fase-en-laguna-del-carpintero\/#primaryimage","url":"https:\/\/elinformativotam.com\/wp-content\/uploads\/2024\/08\/Chucho.jpeg","contentUrl":"https:\/\/elinformativotam.com\/wp-content\/uploads\/2024\/08\/Chucho.jpeg","width":1600,"height":1204},{"@type":"WebSite","@id":"https:\/\/elinformativotam.com\/#website","url":"https:\/\/elinformativotam.com\/","name":"EL INFORMATIVO DE TAMAULIPAS","description":"Desde la Zona Metropolitana Para Todo M\u00e9xico","publisher":{"@id":"https:\/\/elinformativotam.com\/#organization"},"potentialAction":[{"@type":"SearchAction","target":{"@type":"EntryPoint","urlTemplate":"https:\/\/elinformativotam.com\/?s={search_term_string}"},"query-input":{"@type":"PropertyValueSpecification","valueRequired":true,"valueName":"search_term_string"}}],"inLanguage":"es"},{"@type":"Organization","@id":"https:\/\/elinformativotam.com\/#organization","name":"EL INFORMATIVO DE TAMAULIPAS","url":"https:\/\/elinformativotam.com\/","logo":{"@type":"ImageObject","inLanguage":"es","@id":"https:\/\/elinformativotam.com\/#\/schema\/logo\/image\/","url":"https:\/\/elinformativotam.com\/wp-content\/uploads\/2026\/02\/Cabezal.png","contentUrl":"https:\/\/elinformativotam.com\/wp-content\/uploads\/2026\/02\/Cabezal.png","width":960,"height":640,"caption":"EL INFORMATIVO DE TAMAULIPAS"},"image":{"@id":"https:\/\/elinformativotam.com\/#\/schema\/logo\/image\/"}},{"@type":"Person","@id":"https:\/\/elinformativotam.com\/#\/schema\/person\/78e08040eed0f6110f0c5f83b6153590","name":"El Informativo Tam","image":{"@type":"ImageObject","inLanguage":"es","@id":"https:\/\/secure.gravatar.com\/avatar\/f3b7ad3af540688955925ac610647be00b0cf41feea9c4978b73a707ee86bc53?s=96&d=mm&r=g","url":"https:\/\/secure.gravatar.com\/avatar\/f3b7ad3af540688955925ac610647be00b0cf41feea9c4978b73a707ee86bc53?s=96&d=mm&r=g","contentUrl":"https:\/\/secure.gravatar.com\/avatar\/f3b7ad3af540688955925ac610647be00b0cf41feea9c4978b73a707ee86bc53?s=96&d=mm&r=g","caption":"El Informativo Tam"}}]}},"_links":{"self":[{"href":"https:\/\/elinformativotam.com\/index.php\/wp-json\/wp\/v2\/posts\/52070","targetHints":{"allow":["GET"]}}],"collection":[{"href":"https:\/\/elinformativotam.com\/index.php\/wp-json\/wp\/v2\/posts"}],"about":[{"href":"https:\/\/elinformativotam.com\/index.php\/wp-json\/wp\/v2\/types\/post"}],"author":[{"embeddable":true,"href":"https:\/\/elinformativotam.com\/index.php\/wp-json\/wp\/v2\/users\/1"}],"replies":[{"embeddable":true,"href":"https:\/\/elinformativotam.com\/index.php\/wp-json\/wp\/v2\/comments?post=52070"}],"version-history":[{"count":1,"href":"https:\/\/elinformativotam.com\/index.php\/wp-json\/wp\/v2\/posts\/52070\/revisions"}],"predecessor-version":[{"id":52071,"href":"https:\/\/elinformativotam.com\/index.php\/wp-json\/wp\/v2\/posts\/52070\/revisions\/52071"}],"wp:featuredmedia":[{"embeddable":true,"href":"https:\/\/elinformativotam.com\/index.php\/wp-json\/wp\/v2\/media\/52044"}],"wp:attachment":[{"href":"https:\/\/elinformativotam.com\/index.php\/wp-json\/wp\/v2\/media?parent=52070"}],"wp:term":[{"taxonomy":"category","embeddable":true,"href":"https:\/\/elinformativotam.com\/index.php\/wp-json\/wp\/v2\/categories?post=52070"},{"taxonomy":"post_tag","embeddable":true,"href":"https:\/\/elinformativotam.com\/index.php\/wp-json\/wp\/v2\/tags?post=52070"}],"curies":[{"name":"wp","href":"https:\/\/api.w.org\/{rel}","templated":true}]}}