{"id":52067,"date":"2024-08-13T21:28:56","date_gmt":"2024-08-14T03:28:56","guid":{"rendered":"https:\/\/elinformativotam.com\/?p=52067"},"modified":"2024-08-13T21:28:56","modified_gmt":"2024-08-14T03:28:56","slug":"presas-del-centro-y-sur-del-estado-practicamente-llenas-secretario-de-recursos-hidraulicos","status":"publish","type":"post","link":"https:\/\/elinformativotam.com\/index.php\/2024\/08\/13\/presas-del-centro-y-sur-del-estado-practicamente-llenas-secretario-de-recursos-hidraulicos\/","title":{"rendered":"PRESAS DEL CENTRO Y SUR DEL ESTADO PR\u00c1CTICAMENTE LLENAS: SECRETARIO DE RECURSOS HIDR\u00c1ULICOS"},"content":{"rendered":"<p>Las presas que se ubican en el centro y sur del estado se encuentran pr\u00e1cticamente llenas derivado de las lluvias que se han presentado durante las \u00faltimas semanas, se\u00f1al\u00f3 el secretario de Recursos Hidr\u00e1ulicos para el Desarrollo Social en Tamaulipas, Ra\u00fal Quiroga \u00c1lvarez.<\/p>\n<p>&nbsp;<\/p>\n<p>En ese sentido, Quiroga \u00c1lvarez detall\u00f3 que la presa Vicente Guerrero, ubicada en el centro de Tamaulipas, ha presentado una recuperaci\u00f3n importante, contando actualmente con un almacenamiento del 53 por ciento de su capacidad aproximadamente, lo que equivale a m\u00e1s de dos mil cincuenta millones de metros c\u00fabicos del vital l\u00edquido almacenado, haciendo un serio contraste con el bajo nivel que se presentaba hace apenas un mes y medio.<\/p>\n<p>&nbsp;<\/p>\n<p>Asimismo, mencion\u00f3 que las presas del sur tambi\u00e9n fueron beneficiadas por las anteriores lluvias, marcando repuntes importantes en sus almacenamientos, dando la certeza de que los habitantes de la zona conurbada podr\u00e1n tener un a\u00f1o normal, como lo era antes de que se presentara la extraordinaria crisis h\u00eddrica.<\/p>\n<p>&nbsp;<\/p>\n<p>\u201cLa presa Emilio Portes Gil est\u00e1 al 95 por ciento de su capacidad y se le sigue introduciendo agua a trav\u00e9s de la derivadora San Gabriel; por otro lado, la presa Ramiro Caballero Dorantes est\u00e1 al 98 por ciento, finalmente, con lo que corresponde al Sistema Lagunario, estamos arriba del 125 por ciento, lo que nos hace tener la certeza de que tendremos un a\u00f1o normal, como lo fue siempre antes de esta extraordinaria crisis que tuvimos\u201d, precis\u00f3.<\/p>\n<p>&nbsp;<\/p>\n<p>Por otro lado, Quiroga \u00c1lvarez expres\u00f3 que las lluvias extraordinarias que se acumularon en el centro y sur de Tamaulipas han modificado tambi\u00e9n los colores de los municipios con respecto al Sem\u00e1foro del Cuidado del Agua, destacando los municipios de la zona conurbada de Tampico, Madero y Altamira, los cuales se encontraban en color rojo los \u00faltimos seis meses y que hoy en d\u00eda figuran en color verde.<\/p>\n<p>&nbsp;<\/p>\n<p>Finalmente, mencion\u00f3 que el panorama en la zona fronteriza del estado no es el mismo, ya que los diez municipios de la frontera permanecen en color rojo hasta el d\u00eda de hoy, esto debido a que la presa \u201cFalc\u00f3n\u201d y \u201cLa Amistad\u201d, las cuales son sus fuentes de abastecimiento, no han presentado repuntes en sus almacenamientos debido a la ausencia de lluvias importantes en aquella zona, comprometiendo la disponibilidad del vital l\u00edquido para riego agr\u00edcola.<\/p>\n<p>&nbsp;<\/p>\n<p>&nbsp;<\/p>\n","protected":false},"excerpt":{"rendered":"<p>Las presas que se ubican en el centro y sur del estado se encuentran pr\u00e1cticamente llenas derivado de las lluvias&hellip;<\/p>\n","protected":false},"author":1,"featured_media":52068,"comment_status":"open","ping_status":"open","sticky":false,"template":"","format":"standard","meta":{"footnotes":""},"categories":[5],"tags":[],"class_list":["post-52067","post","type-post","status-publish","format-standard","has-post-thumbnail","hentry","category-altamira"],"yoast_head":"<!-- This site is optimized with the Yoast SEO plugin v27.4 - https:\/\/yoast.com\/product\/yoast-seo-wordpress\/ -->\n<title>PRESAS DEL CENTRO Y SUR DEL ESTADO PR\u00c1CTICAMENTE LLENAS: SECRETARIO DE RECURSOS HIDR\u00c1ULICOS - EL INFORMATIVO DE TAMAULIPAS<\/title>\n<meta name=\"description\" content=\"Las presas que se ubican en el centro y sur del estado se encuentran pr\u00e1cticamente llenas derivado de las lluvias que se han presentado durante las\" \/>\n<meta name=\"robots\" content=\"index, follow, max-snippet:-1, max-image-preview:large, max-video-preview:-1\" \/>\n<link rel=\"canonical\" href=\"https:\/\/elinformativotam.com\/index.php\/2024\/08\/13\/presas-del-centro-y-sur-del-estado-practicamente-llenas-secretario-de-recursos-hidraulicos\/\" \/>\n<meta property=\"og:locale\" content=\"es_MX\" \/>\n<meta property=\"og:type\" content=\"article\" \/>\n<meta property=\"og:title\" content=\"PRESAS DEL CENTRO Y SUR DEL ESTADO PR\u00c1CTICAMENTE LLENAS: SECRETARIO DE RECURSOS HIDR\u00c1ULICOS - EL INFORMATIVO DE TAMAULIPAS\" \/>\n<meta property=\"og:description\" content=\"Las presas que se ubican en el centro y sur del estado se encuentran pr\u00e1cticamente llenas derivado de las lluvias que se han presentado durante las\" \/>\n<meta property=\"og:url\" content=\"https:\/\/elinformativotam.com\/index.php\/2024\/08\/13\/presas-del-centro-y-sur-del-estado-practicamente-llenas-secretario-de-recursos-hidraulicos\/\" \/>\n<meta property=\"og:site_name\" content=\"EL INFORMATIVO DE TAMAULIPAS\" \/>\n<meta property=\"article:published_time\" content=\"2024-08-14T03:28:56+00:00\" \/>\n<meta property=\"og:image\" content=\"https:\/\/elinformativotam.com\/wp-content\/uploads\/2024\/08\/Presa.jpeg\" \/>\n\t<meta property=\"og:image:width\" content=\"800\" \/>\n\t<meta property=\"og:image:height\" content=\"400\" \/>\n\t<meta property=\"og:image:type\" content=\"image\/jpeg\" \/>\n<meta name=\"author\" content=\"El Informativo Tam\" \/>\n<meta name=\"twitter:card\" content=\"summary_large_image\" \/>\n<meta name=\"twitter:label1\" content=\"Escrito por\" \/>\n\t<meta name=\"twitter:data1\" content=\"El Informativo Tam\" \/>\n\t<meta name=\"twitter:label2\" content=\"Tiempo de lectura\" \/>\n\t<meta name=\"twitter:data2\" content=\"2 minutos\" \/>\n<script type=\"application\/ld+json\" class=\"yoast-schema-graph\">{\"@context\":\"https:\\\/\\\/schema.org\",\"@graph\":[{\"@type\":\"Article\",\"@id\":\"https:\\\/\\\/elinformativotam.com\\\/index.php\\\/2024\\\/08\\\/13\\\/presas-del-centro-y-sur-del-estado-practicamente-llenas-secretario-de-recursos-hidraulicos\\\/#article\",\"isPartOf\":{\"@id\":\"https:\\\/\\\/elinformativotam.com\\\/index.php\\\/2024\\\/08\\\/13\\\/presas-del-centro-y-sur-del-estado-practicamente-llenas-secretario-de-recursos-hidraulicos\\\/\"},\"author\":{\"name\":\"El Informativo Tam\",\"@id\":\"https:\\\/\\\/elinformativotam.com\\\/#\\\/schema\\\/person\\\/78e08040eed0f6110f0c5f83b6153590\"},\"headline\":\"PRESAS DEL CENTRO Y SUR DEL ESTADO PR\u00c1CTICAMENTE LLENAS: SECRETARIO DE RECURSOS HIDR\u00c1ULICOS\",\"datePublished\":\"2024-08-14T03:28:56+00:00\",\"mainEntityOfPage\":{\"@id\":\"https:\\\/\\\/elinformativotam.com\\\/index.php\\\/2024\\\/08\\\/13\\\/presas-del-centro-y-sur-del-estado-practicamente-llenas-secretario-de-recursos-hidraulicos\\\/\"},\"wordCount\":420,\"commentCount\":0,\"publisher\":{\"@id\":\"https:\\\/\\\/elinformativotam.com\\\/#organization\"},\"image\":{\"@id\":\"https:\\\/\\\/elinformativotam.com\\\/index.php\\\/2024\\\/08\\\/13\\\/presas-del-centro-y-sur-del-estado-practicamente-llenas-secretario-de-recursos-hidraulicos\\\/#primaryimage\"},\"thumbnailUrl\":\"https:\\\/\\\/elinformativotam.com\\\/wp-content\\\/uploads\\\/2024\\\/08\\\/Presa.jpeg\",\"articleSection\":[\"Altamira\"],\"inLanguage\":\"es\",\"potentialAction\":[{\"@type\":\"CommentAction\",\"name\":\"Comment\",\"target\":[\"https:\\\/\\\/elinformativotam.com\\\/index.php\\\/2024\\\/08\\\/13\\\/presas-del-centro-y-sur-del-estado-practicamente-llenas-secretario-de-recursos-hidraulicos\\\/#respond\"]}]},{\"@type\":\"WebPage\",\"@id\":\"https:\\\/\\\/elinformativotam.com\\\/index.php\\\/2024\\\/08\\\/13\\\/presas-del-centro-y-sur-del-estado-practicamente-llenas-secretario-de-recursos-hidraulicos\\\/\",\"url\":\"https:\\\/\\\/elinformativotam.com\\\/index.php\\\/2024\\\/08\\\/13\\\/presas-del-centro-y-sur-del-estado-practicamente-llenas-secretario-de-recursos-hidraulicos\\\/\",\"name\":\"PRESAS DEL CENTRO Y SUR DEL ESTADO PR\u00c1CTICAMENTE LLENAS: SECRETARIO DE RECURSOS HIDR\u00c1ULICOS - EL INFORMATIVO DE TAMAULIPAS\",\"isPartOf\":{\"@id\":\"https:\\\/\\\/elinformativotam.com\\\/#website\"},\"primaryImageOfPage\":{\"@id\":\"https:\\\/\\\/elinformativotam.com\\\/index.php\\\/2024\\\/08\\\/13\\\/presas-del-centro-y-sur-del-estado-practicamente-llenas-secretario-de-recursos-hidraulicos\\\/#primaryimage\"},\"image\":{\"@id\":\"https:\\\/\\\/elinformativotam.com\\\/index.php\\\/2024\\\/08\\\/13\\\/presas-del-centro-y-sur-del-estado-practicamente-llenas-secretario-de-recursos-hidraulicos\\\/#primaryimage\"},\"thumbnailUrl\":\"https:\\\/\\\/elinformativotam.com\\\/wp-content\\\/uploads\\\/2024\\\/08\\\/Presa.jpeg\",\"datePublished\":\"2024-08-14T03:28:56+00:00\",\"description\":\"Las presas que se ubican en el centro y sur del estado se encuentran pr\u00e1cticamente llenas derivado de las lluvias que se han presentado durante las\",\"inLanguage\":\"es\",\"potentialAction\":[{\"@type\":\"ReadAction\",\"target\":[\"https:\\\/\\\/elinformativotam.com\\\/index.php\\\/2024\\\/08\\\/13\\\/presas-del-centro-y-sur-del-estado-practicamente-llenas-secretario-de-recursos-hidraulicos\\\/\"]}]},{\"@type\":\"ImageObject\",\"inLanguage\":\"es\",\"@id\":\"https:\\\/\\\/elinformativotam.com\\\/index.php\\\/2024\\\/08\\\/13\\\/presas-del-centro-y-sur-del-estado-practicamente-llenas-secretario-de-recursos-hidraulicos\\\/#primaryimage\",\"url\":\"https:\\\/\\\/elinformativotam.com\\\/wp-content\\\/uploads\\\/2024\\\/08\\\/Presa.jpeg\",\"contentUrl\":\"https:\\\/\\\/elinformativotam.com\\\/wp-content\\\/uploads\\\/2024\\\/08\\\/Presa.jpeg\",\"width\":800,\"height\":400},{\"@type\":\"WebSite\",\"@id\":\"https:\\\/\\\/elinformativotam.com\\\/#website\",\"url\":\"https:\\\/\\\/elinformativotam.com\\\/\",\"name\":\"EL INFORMATIVO DE TAMAULIPAS\",\"description\":\"Desde la Zona Metropolitana Para Todo M\u00e9xico\",\"publisher\":{\"@id\":\"https:\\\/\\\/elinformativotam.com\\\/#organization\"},\"potentialAction\":[{\"@type\":\"SearchAction\",\"target\":{\"@type\":\"EntryPoint\",\"urlTemplate\":\"https:\\\/\\\/elinformativotam.com\\\/?s={search_term_string}\"},\"query-input\":{\"@type\":\"PropertyValueSpecification\",\"valueRequired\":true,\"valueName\":\"search_term_string\"}}],\"inLanguage\":\"es\"},{\"@type\":\"Organization\",\"@id\":\"https:\\\/\\\/elinformativotam.com\\\/#organization\",\"name\":\"EL INFORMATIVO DE TAMAULIPAS\",\"url\":\"https:\\\/\\\/elinformativotam.com\\\/\",\"logo\":{\"@type\":\"ImageObject\",\"inLanguage\":\"es\",\"@id\":\"https:\\\/\\\/elinformativotam.com\\\/#\\\/schema\\\/logo\\\/image\\\/\",\"url\":\"https:\\\/\\\/elinformativotam.com\\\/wp-content\\\/uploads\\\/2026\\\/02\\\/Cabezal.png\",\"contentUrl\":\"https:\\\/\\\/elinformativotam.com\\\/wp-content\\\/uploads\\\/2026\\\/02\\\/Cabezal.png\",\"width\":960,\"height\":640,\"caption\":\"EL INFORMATIVO DE TAMAULIPAS\"},\"image\":{\"@id\":\"https:\\\/\\\/elinformativotam.com\\\/#\\\/schema\\\/logo\\\/image\\\/\"}},{\"@type\":\"Person\",\"@id\":\"https:\\\/\\\/elinformativotam.com\\\/#\\\/schema\\\/person\\\/78e08040eed0f6110f0c5f83b6153590\",\"name\":\"El Informativo Tam\",\"image\":{\"@type\":\"ImageObject\",\"inLanguage\":\"es\",\"@id\":\"https:\\\/\\\/secure.gravatar.com\\\/avatar\\\/f3b7ad3af540688955925ac610647be00b0cf41feea9c4978b73a707ee86bc53?s=96&d=mm&r=g\",\"url\":\"https:\\\/\\\/secure.gravatar.com\\\/avatar\\\/f3b7ad3af540688955925ac610647be00b0cf41feea9c4978b73a707ee86bc53?s=96&d=mm&r=g\",\"contentUrl\":\"https:\\\/\\\/secure.gravatar.com\\\/avatar\\\/f3b7ad3af540688955925ac610647be00b0cf41feea9c4978b73a707ee86bc53?s=96&d=mm&r=g\",\"caption\":\"El Informativo Tam\"}}]}<\/script>\n<!-- \/ Yoast SEO plugin. -->","yoast_head_json":{"title":"PRESAS DEL CENTRO Y SUR DEL ESTADO PR\u00c1CTICAMENTE LLENAS: SECRETARIO DE RECURSOS HIDR\u00c1ULICOS - EL INFORMATIVO DE TAMAULIPAS","description":"Las presas que se ubican en el centro y sur del estado se encuentran pr\u00e1cticamente llenas derivado de las lluvias que se han presentado durante las","robots":{"index":"index","follow":"follow","max-snippet":"max-snippet:-1","max-image-preview":"max-image-preview:large","max-video-preview":"max-video-preview:-1"},"canonical":"https:\/\/elinformativotam.com\/index.php\/2024\/08\/13\/presas-del-centro-y-sur-del-estado-practicamente-llenas-secretario-de-recursos-hidraulicos\/","og_locale":"es_MX","og_type":"article","og_title":"PRESAS DEL CENTRO Y SUR DEL ESTADO PR\u00c1CTICAMENTE LLENAS: SECRETARIO DE RECURSOS HIDR\u00c1ULICOS - EL INFORMATIVO DE TAMAULIPAS","og_description":"Las presas que se ubican en el centro y sur del estado se encuentran pr\u00e1cticamente llenas derivado de las lluvias que se han presentado durante las","og_url":"https:\/\/elinformativotam.com\/index.php\/2024\/08\/13\/presas-del-centro-y-sur-del-estado-practicamente-llenas-secretario-de-recursos-hidraulicos\/","og_site_name":"EL INFORMATIVO DE TAMAULIPAS","article_published_time":"2024-08-14T03:28:56+00:00","og_image":[{"width":800,"height":400,"url":"https:\/\/elinformativotam.com\/wp-content\/uploads\/2024\/08\/Presa.jpeg","type":"image\/jpeg"}],"author":"El Informativo Tam","twitter_card":"summary_large_image","twitter_misc":{"Escrito por":"El Informativo Tam","Tiempo de lectura":"2 minutos"},"schema":{"@context":"https:\/\/schema.org","@graph":[{"@type":"Article","@id":"https:\/\/elinformativotam.com\/index.php\/2024\/08\/13\/presas-del-centro-y-sur-del-estado-practicamente-llenas-secretario-de-recursos-hidraulicos\/#article","isPartOf":{"@id":"https:\/\/elinformativotam.com\/index.php\/2024\/08\/13\/presas-del-centro-y-sur-del-estado-practicamente-llenas-secretario-de-recursos-hidraulicos\/"},"author":{"name":"El Informativo Tam","@id":"https:\/\/elinformativotam.com\/#\/schema\/person\/78e08040eed0f6110f0c5f83b6153590"},"headline":"PRESAS DEL CENTRO Y SUR DEL ESTADO PR\u00c1CTICAMENTE LLENAS: SECRETARIO DE RECURSOS HIDR\u00c1ULICOS","datePublished":"2024-08-14T03:28:56+00:00","mainEntityOfPage":{"@id":"https:\/\/elinformativotam.com\/index.php\/2024\/08\/13\/presas-del-centro-y-sur-del-estado-practicamente-llenas-secretario-de-recursos-hidraulicos\/"},"wordCount":420,"commentCount":0,"publisher":{"@id":"https:\/\/elinformativotam.com\/#organization"},"image":{"@id":"https:\/\/elinformativotam.com\/index.php\/2024\/08\/13\/presas-del-centro-y-sur-del-estado-practicamente-llenas-secretario-de-recursos-hidraulicos\/#primaryimage"},"thumbnailUrl":"https:\/\/elinformativotam.com\/wp-content\/uploads\/2024\/08\/Presa.jpeg","articleSection":["Altamira"],"inLanguage":"es","potentialAction":[{"@type":"CommentAction","name":"Comment","target":["https:\/\/elinformativotam.com\/index.php\/2024\/08\/13\/presas-del-centro-y-sur-del-estado-practicamente-llenas-secretario-de-recursos-hidraulicos\/#respond"]}]},{"@type":"WebPage","@id":"https:\/\/elinformativotam.com\/index.php\/2024\/08\/13\/presas-del-centro-y-sur-del-estado-practicamente-llenas-secretario-de-recursos-hidraulicos\/","url":"https:\/\/elinformativotam.com\/index.php\/2024\/08\/13\/presas-del-centro-y-sur-del-estado-practicamente-llenas-secretario-de-recursos-hidraulicos\/","name":"PRESAS DEL CENTRO Y SUR DEL ESTADO PR\u00c1CTICAMENTE LLENAS: SECRETARIO DE RECURSOS HIDR\u00c1ULICOS - EL INFORMATIVO DE TAMAULIPAS","isPartOf":{"@id":"https:\/\/elinformativotam.com\/#website"},"primaryImageOfPage":{"@id":"https:\/\/elinformativotam.com\/index.php\/2024\/08\/13\/presas-del-centro-y-sur-del-estado-practicamente-llenas-secretario-de-recursos-hidraulicos\/#primaryimage"},"image":{"@id":"https:\/\/elinformativotam.com\/index.php\/2024\/08\/13\/presas-del-centro-y-sur-del-estado-practicamente-llenas-secretario-de-recursos-hidraulicos\/#primaryimage"},"thumbnailUrl":"https:\/\/elinformativotam.com\/wp-content\/uploads\/2024\/08\/Presa.jpeg","datePublished":"2024-08-14T03:28:56+00:00","description":"Las presas que se ubican en el centro y sur del estado se encuentran pr\u00e1cticamente llenas derivado de las lluvias que se han presentado durante las","inLanguage":"es","potentialAction":[{"@type":"ReadAction","target":["https:\/\/elinformativotam.com\/index.php\/2024\/08\/13\/presas-del-centro-y-sur-del-estado-practicamente-llenas-secretario-de-recursos-hidraulicos\/"]}]},{"@type":"ImageObject","inLanguage":"es","@id":"https:\/\/elinformativotam.com\/index.php\/2024\/08\/13\/presas-del-centro-y-sur-del-estado-practicamente-llenas-secretario-de-recursos-hidraulicos\/#primaryimage","url":"https:\/\/elinformativotam.com\/wp-content\/uploads\/2024\/08\/Presa.jpeg","contentUrl":"https:\/\/elinformativotam.com\/wp-content\/uploads\/2024\/08\/Presa.jpeg","width":800,"height":400},{"@type":"WebSite","@id":"https:\/\/elinformativotam.com\/#website","url":"https:\/\/elinformativotam.com\/","name":"EL INFORMATIVO DE TAMAULIPAS","description":"Desde la Zona Metropolitana Para Todo M\u00e9xico","publisher":{"@id":"https:\/\/elinformativotam.com\/#organization"},"potentialAction":[{"@type":"SearchAction","target":{"@type":"EntryPoint","urlTemplate":"https:\/\/elinformativotam.com\/?s={search_term_string}"},"query-input":{"@type":"PropertyValueSpecification","valueRequired":true,"valueName":"search_term_string"}}],"inLanguage":"es"},{"@type":"Organization","@id":"https:\/\/elinformativotam.com\/#organization","name":"EL INFORMATIVO DE TAMAULIPAS","url":"https:\/\/elinformativotam.com\/","logo":{"@type":"ImageObject","inLanguage":"es","@id":"https:\/\/elinformativotam.com\/#\/schema\/logo\/image\/","url":"https:\/\/elinformativotam.com\/wp-content\/uploads\/2026\/02\/Cabezal.png","contentUrl":"https:\/\/elinformativotam.com\/wp-content\/uploads\/2026\/02\/Cabezal.png","width":960,"height":640,"caption":"EL INFORMATIVO DE TAMAULIPAS"},"image":{"@id":"https:\/\/elinformativotam.com\/#\/schema\/logo\/image\/"}},{"@type":"Person","@id":"https:\/\/elinformativotam.com\/#\/schema\/person\/78e08040eed0f6110f0c5f83b6153590","name":"El Informativo Tam","image":{"@type":"ImageObject","inLanguage":"es","@id":"https:\/\/secure.gravatar.com\/avatar\/f3b7ad3af540688955925ac610647be00b0cf41feea9c4978b73a707ee86bc53?s=96&d=mm&r=g","url":"https:\/\/secure.gravatar.com\/avatar\/f3b7ad3af540688955925ac610647be00b0cf41feea9c4978b73a707ee86bc53?s=96&d=mm&r=g","contentUrl":"https:\/\/secure.gravatar.com\/avatar\/f3b7ad3af540688955925ac610647be00b0cf41feea9c4978b73a707ee86bc53?s=96&d=mm&r=g","caption":"El Informativo Tam"}}]}},"_links":{"self":[{"href":"https:\/\/elinformativotam.com\/index.php\/wp-json\/wp\/v2\/posts\/52067","targetHints":{"allow":["GET"]}}],"collection":[{"href":"https:\/\/elinformativotam.com\/index.php\/wp-json\/wp\/v2\/posts"}],"about":[{"href":"https:\/\/elinformativotam.com\/index.php\/wp-json\/wp\/v2\/types\/post"}],"author":[{"embeddable":true,"href":"https:\/\/elinformativotam.com\/index.php\/wp-json\/wp\/v2\/users\/1"}],"replies":[{"embeddable":true,"href":"https:\/\/elinformativotam.com\/index.php\/wp-json\/wp\/v2\/comments?post=52067"}],"version-history":[{"count":1,"href":"https:\/\/elinformativotam.com\/index.php\/wp-json\/wp\/v2\/posts\/52067\/revisions"}],"predecessor-version":[{"id":52069,"href":"https:\/\/elinformativotam.com\/index.php\/wp-json\/wp\/v2\/posts\/52067\/revisions\/52069"}],"wp:featuredmedia":[{"embeddable":true,"href":"https:\/\/elinformativotam.com\/index.php\/wp-json\/wp\/v2\/media\/52068"}],"wp:attachment":[{"href":"https:\/\/elinformativotam.com\/index.php\/wp-json\/wp\/v2\/media?parent=52067"}],"wp:term":[{"taxonomy":"category","embeddable":true,"href":"https:\/\/elinformativotam.com\/index.php\/wp-json\/wp\/v2\/categories?post=52067"},{"taxonomy":"post_tag","embeddable":true,"href":"https:\/\/elinformativotam.com\/index.php\/wp-json\/wp\/v2\/tags?post=52067"}],"curies":[{"name":"wp","href":"https:\/\/api.w.org\/{rel}","templated":true}]}}