{"id":52064,"date":"2024-08-13T21:25:45","date_gmt":"2024-08-14T03:25:45","guid":{"rendered":"https:\/\/elinformativotam.com\/?p=52064"},"modified":"2024-08-13T21:25:45","modified_gmt":"2024-08-14T03:25:45","slug":"estado-proporcionara-paquete-de-utiles-escolares-a-19-mil-alumnos","status":"publish","type":"post","link":"https:\/\/elinformativotam.com\/index.php\/2024\/08\/13\/estado-proporcionara-paquete-de-utiles-escolares-a-19-mil-alumnos\/","title":{"rendered":"ESTADO PROPORCIONAR\u00c1 PAQUETE DE \u00daTILES ESCOLARES A 19 MIL ALUMNOS."},"content":{"rendered":"<p>Cd. Madero, Tamaulipas.- Alrededor de 29 mil alumnos de nivel b\u00e1sico recibir\u00e1n, al iniciar el pr\u00f3ximo ciclo escolar, un paquete de \u00fatiles escolares por parte del Gobierno estatal.<\/p>\n<p>&nbsp;<\/p>\n<p>El jefe de la oficina regional para el desarrollo educativo en Madero, Jos\u00e9 Alanis Mendo, se\u00f1al\u00f3 que este material que ser\u00e1 otorgado a los alumnos, ya es entregado a las supervisiones escolares para que posteriormente sean proporcionados a los directores de los planteles.<\/p>\n<p>&nbsp;<\/p>\n<p>Expres\u00f3 que a diferencia de otros a\u00f1os, los encargados de las escuelas no tendr\u00e1n que ir por los libros, sino que en esta ocasi\u00f3n el gobierno estatal har\u00e1 la entrega de los libros de texto en los planteles, para lo cual adquiri\u00f3 unidades.<\/p>\n<p>&nbsp;<\/p>\n<p>Resalt\u00f3 que el CREDE recibi\u00f3 217 mil 285 ejemplares de los libros de texto, conformados en 22 mil 498 paquetes, material que se encuentra en una bodega regional para ser distribuidos a las escuelas.<\/p>\n<p>&nbsp;<\/p>\n<p>Por otra parte, a\u00f1adi\u00f3 que de momento no se tiene ning\u00fan reporte de robo en escuelas, adem\u00e1s que se trabaja en la limpieza de algunos de los planteles para que est\u00e9n en \u00f3ptimas condiciones para el regreso de los alumnos a las aulas.<\/p>\n","protected":false},"excerpt":{"rendered":"<p>Cd. Madero, Tamaulipas.- Alrededor de 29 mil alumnos de nivel b\u00e1sico recibir\u00e1n, al iniciar el pr\u00f3ximo ciclo escolar, un paquete&hellip;<\/p>\n","protected":false},"author":1,"featured_media":52065,"comment_status":"open","ping_status":"open","sticky":false,"template":"","format":"standard","meta":{"footnotes":""},"categories":[4],"tags":[],"class_list":["post-52064","post","type-post","status-publish","format-standard","has-post-thumbnail","hentry","category-madero"],"yoast_head":"<!-- This site is optimized with the Yoast SEO plugin v27.4 - https:\/\/yoast.com\/product\/yoast-seo-wordpress\/ -->\n<title>ESTADO PROPORCIONAR\u00c1 PAQUETE DE \u00daTILES ESCOLARES A 19 MIL ALUMNOS. - EL INFORMATIVO DE TAMAULIPAS<\/title>\n<meta name=\"description\" content=\"Cd. Madero, Tamaulipas.- Alrededor de 29 mil alumnos de nivel b\u00e1sico recibir\u00e1n, al iniciar el pr\u00f3ximo ciclo escolar, un paquete de \u00fatiles escolares por\" \/>\n<meta name=\"robots\" content=\"index, follow, max-snippet:-1, max-image-preview:large, max-video-preview:-1\" \/>\n<link rel=\"canonical\" href=\"https:\/\/elinformativotam.com\/index.php\/2024\/08\/13\/estado-proporcionara-paquete-de-utiles-escolares-a-19-mil-alumnos\/\" \/>\n<meta property=\"og:locale\" content=\"es_MX\" \/>\n<meta property=\"og:type\" content=\"article\" \/>\n<meta property=\"og:title\" content=\"ESTADO PROPORCIONAR\u00c1 PAQUETE DE \u00daTILES ESCOLARES A 19 MIL ALUMNOS. - EL INFORMATIVO DE TAMAULIPAS\" \/>\n<meta property=\"og:description\" content=\"Cd. Madero, Tamaulipas.- Alrededor de 29 mil alumnos de nivel b\u00e1sico recibir\u00e1n, al iniciar el pr\u00f3ximo ciclo escolar, un paquete de \u00fatiles escolares por\" \/>\n<meta property=\"og:url\" content=\"https:\/\/elinformativotam.com\/index.php\/2024\/08\/13\/estado-proporcionara-paquete-de-utiles-escolares-a-19-mil-alumnos\/\" \/>\n<meta property=\"og:site_name\" content=\"EL INFORMATIVO DE TAMAULIPAS\" \/>\n<meta property=\"article:published_time\" content=\"2024-08-14T03:25:45+00:00\" \/>\n<meta property=\"og:image\" content=\"https:\/\/elinformativotam.com\/wp-content\/uploads\/2024\/08\/Paquete-de-Libros-scaled.jpeg\" \/>\n\t<meta property=\"og:image:width\" content=\"2560\" \/>\n\t<meta property=\"og:image:height\" content=\"1920\" \/>\n\t<meta property=\"og:image:type\" content=\"image\/jpeg\" \/>\n<meta name=\"author\" content=\"El Informativo Tam\" \/>\n<meta name=\"twitter:card\" content=\"summary_large_image\" \/>\n<meta name=\"twitter:label1\" content=\"Escrito por\" \/>\n\t<meta name=\"twitter:data1\" content=\"El Informativo Tam\" \/>\n\t<meta name=\"twitter:label2\" content=\"Tiempo de lectura\" \/>\n\t<meta name=\"twitter:data2\" content=\"2 minutos\" \/>\n<script type=\"application\/ld+json\" class=\"yoast-schema-graph\">{\"@context\":\"https:\\\/\\\/schema.org\",\"@graph\":[{\"@type\":\"Article\",\"@id\":\"https:\\\/\\\/elinformativotam.com\\\/index.php\\\/2024\\\/08\\\/13\\\/estado-proporcionara-paquete-de-utiles-escolares-a-19-mil-alumnos\\\/#article\",\"isPartOf\":{\"@id\":\"https:\\\/\\\/elinformativotam.com\\\/index.php\\\/2024\\\/08\\\/13\\\/estado-proporcionara-paquete-de-utiles-escolares-a-19-mil-alumnos\\\/\"},\"author\":{\"name\":\"El Informativo Tam\",\"@id\":\"https:\\\/\\\/elinformativotam.com\\\/#\\\/schema\\\/person\\\/78e08040eed0f6110f0c5f83b6153590\"},\"headline\":\"ESTADO PROPORCIONAR\u00c1 PAQUETE DE \u00daTILES ESCOLARES A 19 MIL ALUMNOS.\",\"datePublished\":\"2024-08-14T03:25:45+00:00\",\"mainEntityOfPage\":{\"@id\":\"https:\\\/\\\/elinformativotam.com\\\/index.php\\\/2024\\\/08\\\/13\\\/estado-proporcionara-paquete-de-utiles-escolares-a-19-mil-alumnos\\\/\"},\"wordCount\":211,\"commentCount\":0,\"publisher\":{\"@id\":\"https:\\\/\\\/elinformativotam.com\\\/#organization\"},\"image\":{\"@id\":\"https:\\\/\\\/elinformativotam.com\\\/index.php\\\/2024\\\/08\\\/13\\\/estado-proporcionara-paquete-de-utiles-escolares-a-19-mil-alumnos\\\/#primaryimage\"},\"thumbnailUrl\":\"https:\\\/\\\/elinformativotam.com\\\/wp-content\\\/uploads\\\/2024\\\/08\\\/Paquete-de-Libros-scaled.jpeg\",\"articleSection\":[\"Cd Madero\"],\"inLanguage\":\"es\",\"potentialAction\":[{\"@type\":\"CommentAction\",\"name\":\"Comment\",\"target\":[\"https:\\\/\\\/elinformativotam.com\\\/index.php\\\/2024\\\/08\\\/13\\\/estado-proporcionara-paquete-de-utiles-escolares-a-19-mil-alumnos\\\/#respond\"]}]},{\"@type\":\"WebPage\",\"@id\":\"https:\\\/\\\/elinformativotam.com\\\/index.php\\\/2024\\\/08\\\/13\\\/estado-proporcionara-paquete-de-utiles-escolares-a-19-mil-alumnos\\\/\",\"url\":\"https:\\\/\\\/elinformativotam.com\\\/index.php\\\/2024\\\/08\\\/13\\\/estado-proporcionara-paquete-de-utiles-escolares-a-19-mil-alumnos\\\/\",\"name\":\"ESTADO PROPORCIONAR\u00c1 PAQUETE DE \u00daTILES ESCOLARES A 19 MIL ALUMNOS. - EL INFORMATIVO DE TAMAULIPAS\",\"isPartOf\":{\"@id\":\"https:\\\/\\\/elinformativotam.com\\\/#website\"},\"primaryImageOfPage\":{\"@id\":\"https:\\\/\\\/elinformativotam.com\\\/index.php\\\/2024\\\/08\\\/13\\\/estado-proporcionara-paquete-de-utiles-escolares-a-19-mil-alumnos\\\/#primaryimage\"},\"image\":{\"@id\":\"https:\\\/\\\/elinformativotam.com\\\/index.php\\\/2024\\\/08\\\/13\\\/estado-proporcionara-paquete-de-utiles-escolares-a-19-mil-alumnos\\\/#primaryimage\"},\"thumbnailUrl\":\"https:\\\/\\\/elinformativotam.com\\\/wp-content\\\/uploads\\\/2024\\\/08\\\/Paquete-de-Libros-scaled.jpeg\",\"datePublished\":\"2024-08-14T03:25:45+00:00\",\"description\":\"Cd. Madero, Tamaulipas.- Alrededor de 29 mil alumnos de nivel b\u00e1sico recibir\u00e1n, al iniciar el pr\u00f3ximo ciclo escolar, un paquete de \u00fatiles escolares por\",\"inLanguage\":\"es\",\"potentialAction\":[{\"@type\":\"ReadAction\",\"target\":[\"https:\\\/\\\/elinformativotam.com\\\/index.php\\\/2024\\\/08\\\/13\\\/estado-proporcionara-paquete-de-utiles-escolares-a-19-mil-alumnos\\\/\"]}]},{\"@type\":\"ImageObject\",\"inLanguage\":\"es\",\"@id\":\"https:\\\/\\\/elinformativotam.com\\\/index.php\\\/2024\\\/08\\\/13\\\/estado-proporcionara-paquete-de-utiles-escolares-a-19-mil-alumnos\\\/#primaryimage\",\"url\":\"https:\\\/\\\/elinformativotam.com\\\/wp-content\\\/uploads\\\/2024\\\/08\\\/Paquete-de-Libros-scaled.jpeg\",\"contentUrl\":\"https:\\\/\\\/elinformativotam.com\\\/wp-content\\\/uploads\\\/2024\\\/08\\\/Paquete-de-Libros-scaled.jpeg\",\"width\":2560,\"height\":1920},{\"@type\":\"WebSite\",\"@id\":\"https:\\\/\\\/elinformativotam.com\\\/#website\",\"url\":\"https:\\\/\\\/elinformativotam.com\\\/\",\"name\":\"EL INFORMATIVO DE TAMAULIPAS\",\"description\":\"Desde la Zona Metropolitana Para Todo M\u00e9xico\",\"publisher\":{\"@id\":\"https:\\\/\\\/elinformativotam.com\\\/#organization\"},\"potentialAction\":[{\"@type\":\"SearchAction\",\"target\":{\"@type\":\"EntryPoint\",\"urlTemplate\":\"https:\\\/\\\/elinformativotam.com\\\/?s={search_term_string}\"},\"query-input\":{\"@type\":\"PropertyValueSpecification\",\"valueRequired\":true,\"valueName\":\"search_term_string\"}}],\"inLanguage\":\"es\"},{\"@type\":\"Organization\",\"@id\":\"https:\\\/\\\/elinformativotam.com\\\/#organization\",\"name\":\"EL INFORMATIVO DE TAMAULIPAS\",\"url\":\"https:\\\/\\\/elinformativotam.com\\\/\",\"logo\":{\"@type\":\"ImageObject\",\"inLanguage\":\"es\",\"@id\":\"https:\\\/\\\/elinformativotam.com\\\/#\\\/schema\\\/logo\\\/image\\\/\",\"url\":\"https:\\\/\\\/elinformativotam.com\\\/wp-content\\\/uploads\\\/2026\\\/02\\\/Cabezal.png\",\"contentUrl\":\"https:\\\/\\\/elinformativotam.com\\\/wp-content\\\/uploads\\\/2026\\\/02\\\/Cabezal.png\",\"width\":960,\"height\":640,\"caption\":\"EL INFORMATIVO DE TAMAULIPAS\"},\"image\":{\"@id\":\"https:\\\/\\\/elinformativotam.com\\\/#\\\/schema\\\/logo\\\/image\\\/\"}},{\"@type\":\"Person\",\"@id\":\"https:\\\/\\\/elinformativotam.com\\\/#\\\/schema\\\/person\\\/78e08040eed0f6110f0c5f83b6153590\",\"name\":\"El Informativo Tam\",\"image\":{\"@type\":\"ImageObject\",\"inLanguage\":\"es\",\"@id\":\"https:\\\/\\\/secure.gravatar.com\\\/avatar\\\/f3b7ad3af540688955925ac610647be00b0cf41feea9c4978b73a707ee86bc53?s=96&d=mm&r=g\",\"url\":\"https:\\\/\\\/secure.gravatar.com\\\/avatar\\\/f3b7ad3af540688955925ac610647be00b0cf41feea9c4978b73a707ee86bc53?s=96&d=mm&r=g\",\"contentUrl\":\"https:\\\/\\\/secure.gravatar.com\\\/avatar\\\/f3b7ad3af540688955925ac610647be00b0cf41feea9c4978b73a707ee86bc53?s=96&d=mm&r=g\",\"caption\":\"El Informativo Tam\"}}]}<\/script>\n<!-- \/ Yoast SEO plugin. -->","yoast_head_json":{"title":"ESTADO PROPORCIONAR\u00c1 PAQUETE DE \u00daTILES ESCOLARES A 19 MIL ALUMNOS. - EL INFORMATIVO DE TAMAULIPAS","description":"Cd. Madero, Tamaulipas.- Alrededor de 29 mil alumnos de nivel b\u00e1sico recibir\u00e1n, al iniciar el pr\u00f3ximo ciclo escolar, un paquete de \u00fatiles escolares por","robots":{"index":"index","follow":"follow","max-snippet":"max-snippet:-1","max-image-preview":"max-image-preview:large","max-video-preview":"max-video-preview:-1"},"canonical":"https:\/\/elinformativotam.com\/index.php\/2024\/08\/13\/estado-proporcionara-paquete-de-utiles-escolares-a-19-mil-alumnos\/","og_locale":"es_MX","og_type":"article","og_title":"ESTADO PROPORCIONAR\u00c1 PAQUETE DE \u00daTILES ESCOLARES A 19 MIL ALUMNOS. - EL INFORMATIVO DE TAMAULIPAS","og_description":"Cd. Madero, Tamaulipas.- Alrededor de 29 mil alumnos de nivel b\u00e1sico recibir\u00e1n, al iniciar el pr\u00f3ximo ciclo escolar, un paquete de \u00fatiles escolares por","og_url":"https:\/\/elinformativotam.com\/index.php\/2024\/08\/13\/estado-proporcionara-paquete-de-utiles-escolares-a-19-mil-alumnos\/","og_site_name":"EL INFORMATIVO DE TAMAULIPAS","article_published_time":"2024-08-14T03:25:45+00:00","og_image":[{"width":2560,"height":1920,"url":"https:\/\/elinformativotam.com\/wp-content\/uploads\/2024\/08\/Paquete-de-Libros-scaled.jpeg","type":"image\/jpeg"}],"author":"El Informativo Tam","twitter_card":"summary_large_image","twitter_misc":{"Escrito por":"El Informativo Tam","Tiempo de lectura":"2 minutos"},"schema":{"@context":"https:\/\/schema.org","@graph":[{"@type":"Article","@id":"https:\/\/elinformativotam.com\/index.php\/2024\/08\/13\/estado-proporcionara-paquete-de-utiles-escolares-a-19-mil-alumnos\/#article","isPartOf":{"@id":"https:\/\/elinformativotam.com\/index.php\/2024\/08\/13\/estado-proporcionara-paquete-de-utiles-escolares-a-19-mil-alumnos\/"},"author":{"name":"El Informativo Tam","@id":"https:\/\/elinformativotam.com\/#\/schema\/person\/78e08040eed0f6110f0c5f83b6153590"},"headline":"ESTADO PROPORCIONAR\u00c1 PAQUETE DE \u00daTILES ESCOLARES A 19 MIL ALUMNOS.","datePublished":"2024-08-14T03:25:45+00:00","mainEntityOfPage":{"@id":"https:\/\/elinformativotam.com\/index.php\/2024\/08\/13\/estado-proporcionara-paquete-de-utiles-escolares-a-19-mil-alumnos\/"},"wordCount":211,"commentCount":0,"publisher":{"@id":"https:\/\/elinformativotam.com\/#organization"},"image":{"@id":"https:\/\/elinformativotam.com\/index.php\/2024\/08\/13\/estado-proporcionara-paquete-de-utiles-escolares-a-19-mil-alumnos\/#primaryimage"},"thumbnailUrl":"https:\/\/elinformativotam.com\/wp-content\/uploads\/2024\/08\/Paquete-de-Libros-scaled.jpeg","articleSection":["Cd Madero"],"inLanguage":"es","potentialAction":[{"@type":"CommentAction","name":"Comment","target":["https:\/\/elinformativotam.com\/index.php\/2024\/08\/13\/estado-proporcionara-paquete-de-utiles-escolares-a-19-mil-alumnos\/#respond"]}]},{"@type":"WebPage","@id":"https:\/\/elinformativotam.com\/index.php\/2024\/08\/13\/estado-proporcionara-paquete-de-utiles-escolares-a-19-mil-alumnos\/","url":"https:\/\/elinformativotam.com\/index.php\/2024\/08\/13\/estado-proporcionara-paquete-de-utiles-escolares-a-19-mil-alumnos\/","name":"ESTADO PROPORCIONAR\u00c1 PAQUETE DE \u00daTILES ESCOLARES A 19 MIL ALUMNOS. - EL INFORMATIVO DE TAMAULIPAS","isPartOf":{"@id":"https:\/\/elinformativotam.com\/#website"},"primaryImageOfPage":{"@id":"https:\/\/elinformativotam.com\/index.php\/2024\/08\/13\/estado-proporcionara-paquete-de-utiles-escolares-a-19-mil-alumnos\/#primaryimage"},"image":{"@id":"https:\/\/elinformativotam.com\/index.php\/2024\/08\/13\/estado-proporcionara-paquete-de-utiles-escolares-a-19-mil-alumnos\/#primaryimage"},"thumbnailUrl":"https:\/\/elinformativotam.com\/wp-content\/uploads\/2024\/08\/Paquete-de-Libros-scaled.jpeg","datePublished":"2024-08-14T03:25:45+00:00","description":"Cd. Madero, Tamaulipas.- Alrededor de 29 mil alumnos de nivel b\u00e1sico recibir\u00e1n, al iniciar el pr\u00f3ximo ciclo escolar, un paquete de \u00fatiles escolares por","inLanguage":"es","potentialAction":[{"@type":"ReadAction","target":["https:\/\/elinformativotam.com\/index.php\/2024\/08\/13\/estado-proporcionara-paquete-de-utiles-escolares-a-19-mil-alumnos\/"]}]},{"@type":"ImageObject","inLanguage":"es","@id":"https:\/\/elinformativotam.com\/index.php\/2024\/08\/13\/estado-proporcionara-paquete-de-utiles-escolares-a-19-mil-alumnos\/#primaryimage","url":"https:\/\/elinformativotam.com\/wp-content\/uploads\/2024\/08\/Paquete-de-Libros-scaled.jpeg","contentUrl":"https:\/\/elinformativotam.com\/wp-content\/uploads\/2024\/08\/Paquete-de-Libros-scaled.jpeg","width":2560,"height":1920},{"@type":"WebSite","@id":"https:\/\/elinformativotam.com\/#website","url":"https:\/\/elinformativotam.com\/","name":"EL INFORMATIVO DE TAMAULIPAS","description":"Desde la Zona Metropolitana Para Todo M\u00e9xico","publisher":{"@id":"https:\/\/elinformativotam.com\/#organization"},"potentialAction":[{"@type":"SearchAction","target":{"@type":"EntryPoint","urlTemplate":"https:\/\/elinformativotam.com\/?s={search_term_string}"},"query-input":{"@type":"PropertyValueSpecification","valueRequired":true,"valueName":"search_term_string"}}],"inLanguage":"es"},{"@type":"Organization","@id":"https:\/\/elinformativotam.com\/#organization","name":"EL INFORMATIVO DE TAMAULIPAS","url":"https:\/\/elinformativotam.com\/","logo":{"@type":"ImageObject","inLanguage":"es","@id":"https:\/\/elinformativotam.com\/#\/schema\/logo\/image\/","url":"https:\/\/elinformativotam.com\/wp-content\/uploads\/2026\/02\/Cabezal.png","contentUrl":"https:\/\/elinformativotam.com\/wp-content\/uploads\/2026\/02\/Cabezal.png","width":960,"height":640,"caption":"EL INFORMATIVO DE TAMAULIPAS"},"image":{"@id":"https:\/\/elinformativotam.com\/#\/schema\/logo\/image\/"}},{"@type":"Person","@id":"https:\/\/elinformativotam.com\/#\/schema\/person\/78e08040eed0f6110f0c5f83b6153590","name":"El Informativo Tam","image":{"@type":"ImageObject","inLanguage":"es","@id":"https:\/\/secure.gravatar.com\/avatar\/f3b7ad3af540688955925ac610647be00b0cf41feea9c4978b73a707ee86bc53?s=96&d=mm&r=g","url":"https:\/\/secure.gravatar.com\/avatar\/f3b7ad3af540688955925ac610647be00b0cf41feea9c4978b73a707ee86bc53?s=96&d=mm&r=g","contentUrl":"https:\/\/secure.gravatar.com\/avatar\/f3b7ad3af540688955925ac610647be00b0cf41feea9c4978b73a707ee86bc53?s=96&d=mm&r=g","caption":"El Informativo Tam"}}]}},"_links":{"self":[{"href":"https:\/\/elinformativotam.com\/index.php\/wp-json\/wp\/v2\/posts\/52064","targetHints":{"allow":["GET"]}}],"collection":[{"href":"https:\/\/elinformativotam.com\/index.php\/wp-json\/wp\/v2\/posts"}],"about":[{"href":"https:\/\/elinformativotam.com\/index.php\/wp-json\/wp\/v2\/types\/post"}],"author":[{"embeddable":true,"href":"https:\/\/elinformativotam.com\/index.php\/wp-json\/wp\/v2\/users\/1"}],"replies":[{"embeddable":true,"href":"https:\/\/elinformativotam.com\/index.php\/wp-json\/wp\/v2\/comments?post=52064"}],"version-history":[{"count":1,"href":"https:\/\/elinformativotam.com\/index.php\/wp-json\/wp\/v2\/posts\/52064\/revisions"}],"predecessor-version":[{"id":52066,"href":"https:\/\/elinformativotam.com\/index.php\/wp-json\/wp\/v2\/posts\/52064\/revisions\/52066"}],"wp:featuredmedia":[{"embeddable":true,"href":"https:\/\/elinformativotam.com\/index.php\/wp-json\/wp\/v2\/media\/52065"}],"wp:attachment":[{"href":"https:\/\/elinformativotam.com\/index.php\/wp-json\/wp\/v2\/media?parent=52064"}],"wp:term":[{"taxonomy":"category","embeddable":true,"href":"https:\/\/elinformativotam.com\/index.php\/wp-json\/wp\/v2\/categories?post=52064"},{"taxonomy":"post_tag","embeddable":true,"href":"https:\/\/elinformativotam.com\/index.php\/wp-json\/wp\/v2\/tags?post=52064"}],"curies":[{"name":"wp","href":"https:\/\/api.w.org\/{rel}","templated":true}]}}