{"id":52062,"date":"2024-08-13T21:21:08","date_gmt":"2024-08-14T03:21:08","guid":{"rendered":"https:\/\/elinformativotam.com\/?p=52062"},"modified":"2024-08-13T21:21:08","modified_gmt":"2024-08-14T03:21:08","slug":"muchos-mexicanos-estan-a-favor-de-que-jueces-y-magistrados-sean-del-pueblo-senadora-electa","status":"publish","type":"post","link":"https:\/\/elinformativotam.com\/index.php\/2024\/08\/13\/muchos-mexicanos-estan-a-favor-de-que-jueces-y-magistrados-sean-del-pueblo-senadora-electa\/","title":{"rendered":"MUCHOS MEXICANOS EST\u00c1N A FAVOR DE QUE JUECES Y MAGISTRADOS SEAN DEL PUEBLO: SENADORA ELECTA"},"content":{"rendered":"<h2 style=\"text-align: center;\"><em><span style=\"font-family: 'times new roman', times;\">*La Reforma Judicial Es Importante Para El Pa\u00eds Y Traer\u00e1 Una Verdadera Justicia Social Al Pa\u00eds<\/span><\/em><\/h2>\n<p>&nbsp;<\/p>\n<p>&nbsp;<\/p>\n<p>Un amplio sector de los mexicanos quiere una reforma judicial amplia y que beneficie a todos los mexicanos, se\u00f1al\u00f3 la Senadora electa, Olga Sosa Ru\u00edz, qui\u00e9n precis\u00f3 que los ministros y jueces electos por el pueblo, har\u00e1n un papel importante ponderando la justicia social pronta y expedita por encima de cualquier cosa.<\/p>\n<p>&nbsp;<\/p>\n<p>Qui\u00e9n asumir\u00e1 el cargo popular el 1 de Septiembre pr\u00f3ximo, detall\u00f3 que las jornadas informativas que se han hecho por todo el pa\u00eds y en Tamaulipas, han cumplido un esencial fin que es informar a los mexicanos de los alcances positivos que otorgar\u00e1 dicha reforma en la impartici\u00f3n de justicia.<\/p>\n<p>&nbsp;<\/p>\n<p>Abund\u00f3, que hoy el grueso de la poblaci\u00f3n en el pa\u00eds quiere que la pr\u00f3xima c\u00e1mara de diputados y el Senado avalen la reforma judicial que plantea el Gobierno Federal, y que entre otras cosas contempla que haya una reoxigenaci\u00f3n en el Poder Judicial con orden y con tintes netamente ciudadanos.<\/p>\n<p>&nbsp;<\/p>\n<p>Sosa, dej\u00f3 claro que muchos Tamaulipecos le han advertido en torno al tema que &#8220;el poder debe emanar del pueblo, y en ese sentido quieren que sus nuevos juzgadores sean nombrados mediante el voto popular&#8221;, acot\u00f3<\/p>\n<p>&nbsp;<\/p>\n<p>La senadora por Morena, invit\u00f3 a todos los tamaulipecos ha continuar inform\u00e1ndose mediante los conductos de informativos adecuados,que presentan o tocan el tema con veracidad y de manera objetiva.<\/p>\n<p>&nbsp;<\/p>\n<p>Finalmente, coment\u00f3 que desde la c\u00e1mara alta seguir\u00e1 impulsando el programa de legalizaci\u00f3n y regularizaci\u00f3n de autos denominados &#8220;chocolate&#8221;, ya que en Tamaulipas ha dejado positivos n\u00fameros y beneficios para quienes necesitan contar con una unidad de est\u00e1s caracter\u00edsticas, y llevar a cabo sus labores y tareas cotidianas.<\/p>\n<p>&nbsp;<\/p>\n","protected":false},"excerpt":{"rendered":"<p>*La Reforma Judicial Es Importante Para El Pa\u00eds Y Traer\u00e1 Una Verdadera Justicia Social Al Pa\u00eds &nbsp; &nbsp; Un amplio&hellip;<\/p>\n","protected":false},"author":1,"featured_media":52043,"comment_status":"open","ping_status":"open","sticky":false,"template":"","format":"standard","meta":{"footnotes":""},"categories":[3],"tags":[],"class_list":["post-52062","post","type-post","status-publish","format-standard","has-post-thumbnail","hentry","category-tampico"],"yoast_head":"<!-- This site is optimized with the Yoast SEO plugin v27.4 - https:\/\/yoast.com\/product\/yoast-seo-wordpress\/ -->\n<title>MUCHOS MEXICANOS EST\u00c1N A FAVOR DE QUE JUECES Y MAGISTRADOS SEAN DEL PUEBLO: SENADORA ELECTA - EL INFORMATIVO DE TAMAULIPAS<\/title>\n<meta name=\"description\" content=\"*La Reforma Judicial Es Importante Para El Pa\u00eds Y Traer\u00e1 Una Verdadera Justicia Social Al Pa\u00eds &nbsp; &nbsp; Un amplio sector de los mexicanos quiere una\" \/>\n<meta name=\"robots\" content=\"index, follow, max-snippet:-1, max-image-preview:large, max-video-preview:-1\" \/>\n<link rel=\"canonical\" href=\"https:\/\/elinformativotam.com\/index.php\/2024\/08\/13\/muchos-mexicanos-estan-a-favor-de-que-jueces-y-magistrados-sean-del-pueblo-senadora-electa\/\" \/>\n<meta property=\"og:locale\" content=\"es_MX\" \/>\n<meta property=\"og:type\" content=\"article\" \/>\n<meta property=\"og:title\" content=\"MUCHOS MEXICANOS EST\u00c1N A FAVOR DE QUE JUECES Y MAGISTRADOS SEAN DEL PUEBLO: SENADORA ELECTA - EL INFORMATIVO DE TAMAULIPAS\" \/>\n<meta property=\"og:description\" content=\"*La Reforma Judicial Es Importante Para El Pa\u00eds Y Traer\u00e1 Una Verdadera Justicia Social Al Pa\u00eds &nbsp; &nbsp; Un amplio sector de los mexicanos quiere una\" \/>\n<meta property=\"og:url\" content=\"https:\/\/elinformativotam.com\/index.php\/2024\/08\/13\/muchos-mexicanos-estan-a-favor-de-que-jueces-y-magistrados-sean-del-pueblo-senadora-electa\/\" \/>\n<meta property=\"og:site_name\" content=\"EL INFORMATIVO DE TAMAULIPAS\" \/>\n<meta property=\"article:published_time\" content=\"2024-08-14T03:21:08+00:00\" \/>\n<meta property=\"og:image\" content=\"https:\/\/elinformativotam.com\/wp-content\/uploads\/2024\/08\/Olga.jpeg\" \/>\n\t<meta property=\"og:image:width\" content=\"701\" \/>\n\t<meta property=\"og:image:height\" content=\"438\" \/>\n\t<meta property=\"og:image:type\" content=\"image\/jpeg\" \/>\n<meta name=\"author\" content=\"El Informativo Tam\" \/>\n<meta name=\"twitter:card\" content=\"summary_large_image\" \/>\n<meta name=\"twitter:label1\" content=\"Escrito por\" \/>\n\t<meta name=\"twitter:data1\" content=\"El Informativo Tam\" \/>\n\t<meta name=\"twitter:label2\" content=\"Tiempo de lectura\" \/>\n\t<meta name=\"twitter:data2\" content=\"2 minutos\" \/>\n<script type=\"application\/ld+json\" class=\"yoast-schema-graph\">{\"@context\":\"https:\\\/\\\/schema.org\",\"@graph\":[{\"@type\":\"Article\",\"@id\":\"https:\\\/\\\/elinformativotam.com\\\/index.php\\\/2024\\\/08\\\/13\\\/muchos-mexicanos-estan-a-favor-de-que-jueces-y-magistrados-sean-del-pueblo-senadora-electa\\\/#article\",\"isPartOf\":{\"@id\":\"https:\\\/\\\/elinformativotam.com\\\/index.php\\\/2024\\\/08\\\/13\\\/muchos-mexicanos-estan-a-favor-de-que-jueces-y-magistrados-sean-del-pueblo-senadora-electa\\\/\"},\"author\":{\"name\":\"El Informativo Tam\",\"@id\":\"https:\\\/\\\/elinformativotam.com\\\/#\\\/schema\\\/person\\\/78e08040eed0f6110f0c5f83b6153590\"},\"headline\":\"MUCHOS MEXICANOS EST\u00c1N A FAVOR DE QUE JUECES Y MAGISTRADOS SEAN DEL PUEBLO: SENADORA ELECTA\",\"datePublished\":\"2024-08-14T03:21:08+00:00\",\"mainEntityOfPage\":{\"@id\":\"https:\\\/\\\/elinformativotam.com\\\/index.php\\\/2024\\\/08\\\/13\\\/muchos-mexicanos-estan-a-favor-de-que-jueces-y-magistrados-sean-del-pueblo-senadora-electa\\\/\"},\"wordCount\":328,\"commentCount\":0,\"publisher\":{\"@id\":\"https:\\\/\\\/elinformativotam.com\\\/#organization\"},\"image\":{\"@id\":\"https:\\\/\\\/elinformativotam.com\\\/index.php\\\/2024\\\/08\\\/13\\\/muchos-mexicanos-estan-a-favor-de-que-jueces-y-magistrados-sean-del-pueblo-senadora-electa\\\/#primaryimage\"},\"thumbnailUrl\":\"https:\\\/\\\/elinformativotam.com\\\/wp-content\\\/uploads\\\/2024\\\/08\\\/Olga.jpeg\",\"articleSection\":[\"Tampico\"],\"inLanguage\":\"es\",\"potentialAction\":[{\"@type\":\"CommentAction\",\"name\":\"Comment\",\"target\":[\"https:\\\/\\\/elinformativotam.com\\\/index.php\\\/2024\\\/08\\\/13\\\/muchos-mexicanos-estan-a-favor-de-que-jueces-y-magistrados-sean-del-pueblo-senadora-electa\\\/#respond\"]}]},{\"@type\":\"WebPage\",\"@id\":\"https:\\\/\\\/elinformativotam.com\\\/index.php\\\/2024\\\/08\\\/13\\\/muchos-mexicanos-estan-a-favor-de-que-jueces-y-magistrados-sean-del-pueblo-senadora-electa\\\/\",\"url\":\"https:\\\/\\\/elinformativotam.com\\\/index.php\\\/2024\\\/08\\\/13\\\/muchos-mexicanos-estan-a-favor-de-que-jueces-y-magistrados-sean-del-pueblo-senadora-electa\\\/\",\"name\":\"MUCHOS MEXICANOS EST\u00c1N A FAVOR DE QUE JUECES Y MAGISTRADOS SEAN DEL PUEBLO: SENADORA ELECTA - EL INFORMATIVO DE TAMAULIPAS\",\"isPartOf\":{\"@id\":\"https:\\\/\\\/elinformativotam.com\\\/#website\"},\"primaryImageOfPage\":{\"@id\":\"https:\\\/\\\/elinformativotam.com\\\/index.php\\\/2024\\\/08\\\/13\\\/muchos-mexicanos-estan-a-favor-de-que-jueces-y-magistrados-sean-del-pueblo-senadora-electa\\\/#primaryimage\"},\"image\":{\"@id\":\"https:\\\/\\\/elinformativotam.com\\\/index.php\\\/2024\\\/08\\\/13\\\/muchos-mexicanos-estan-a-favor-de-que-jueces-y-magistrados-sean-del-pueblo-senadora-electa\\\/#primaryimage\"},\"thumbnailUrl\":\"https:\\\/\\\/elinformativotam.com\\\/wp-content\\\/uploads\\\/2024\\\/08\\\/Olga.jpeg\",\"datePublished\":\"2024-08-14T03:21:08+00:00\",\"description\":\"*La Reforma Judicial Es Importante Para El Pa\u00eds Y Traer\u00e1 Una Verdadera Justicia Social Al Pa\u00eds &nbsp; &nbsp; Un amplio sector de los mexicanos quiere una\",\"inLanguage\":\"es\",\"potentialAction\":[{\"@type\":\"ReadAction\",\"target\":[\"https:\\\/\\\/elinformativotam.com\\\/index.php\\\/2024\\\/08\\\/13\\\/muchos-mexicanos-estan-a-favor-de-que-jueces-y-magistrados-sean-del-pueblo-senadora-electa\\\/\"]}]},{\"@type\":\"ImageObject\",\"inLanguage\":\"es\",\"@id\":\"https:\\\/\\\/elinformativotam.com\\\/index.php\\\/2024\\\/08\\\/13\\\/muchos-mexicanos-estan-a-favor-de-que-jueces-y-magistrados-sean-del-pueblo-senadora-electa\\\/#primaryimage\",\"url\":\"https:\\\/\\\/elinformativotam.com\\\/wp-content\\\/uploads\\\/2024\\\/08\\\/Olga.jpeg\",\"contentUrl\":\"https:\\\/\\\/elinformativotam.com\\\/wp-content\\\/uploads\\\/2024\\\/08\\\/Olga.jpeg\",\"width\":701,\"height\":438},{\"@type\":\"WebSite\",\"@id\":\"https:\\\/\\\/elinformativotam.com\\\/#website\",\"url\":\"https:\\\/\\\/elinformativotam.com\\\/\",\"name\":\"EL INFORMATIVO DE TAMAULIPAS\",\"description\":\"Desde la Zona Metropolitana Para Todo M\u00e9xico\",\"publisher\":{\"@id\":\"https:\\\/\\\/elinformativotam.com\\\/#organization\"},\"potentialAction\":[{\"@type\":\"SearchAction\",\"target\":{\"@type\":\"EntryPoint\",\"urlTemplate\":\"https:\\\/\\\/elinformativotam.com\\\/?s={search_term_string}\"},\"query-input\":{\"@type\":\"PropertyValueSpecification\",\"valueRequired\":true,\"valueName\":\"search_term_string\"}}],\"inLanguage\":\"es\"},{\"@type\":\"Organization\",\"@id\":\"https:\\\/\\\/elinformativotam.com\\\/#organization\",\"name\":\"EL INFORMATIVO DE TAMAULIPAS\",\"url\":\"https:\\\/\\\/elinformativotam.com\\\/\",\"logo\":{\"@type\":\"ImageObject\",\"inLanguage\":\"es\",\"@id\":\"https:\\\/\\\/elinformativotam.com\\\/#\\\/schema\\\/logo\\\/image\\\/\",\"url\":\"https:\\\/\\\/elinformativotam.com\\\/wp-content\\\/uploads\\\/2026\\\/02\\\/Cabezal.png\",\"contentUrl\":\"https:\\\/\\\/elinformativotam.com\\\/wp-content\\\/uploads\\\/2026\\\/02\\\/Cabezal.png\",\"width\":960,\"height\":640,\"caption\":\"EL INFORMATIVO DE TAMAULIPAS\"},\"image\":{\"@id\":\"https:\\\/\\\/elinformativotam.com\\\/#\\\/schema\\\/logo\\\/image\\\/\"}},{\"@type\":\"Person\",\"@id\":\"https:\\\/\\\/elinformativotam.com\\\/#\\\/schema\\\/person\\\/78e08040eed0f6110f0c5f83b6153590\",\"name\":\"El Informativo Tam\",\"image\":{\"@type\":\"ImageObject\",\"inLanguage\":\"es\",\"@id\":\"https:\\\/\\\/secure.gravatar.com\\\/avatar\\\/f3b7ad3af540688955925ac610647be00b0cf41feea9c4978b73a707ee86bc53?s=96&d=mm&r=g\",\"url\":\"https:\\\/\\\/secure.gravatar.com\\\/avatar\\\/f3b7ad3af540688955925ac610647be00b0cf41feea9c4978b73a707ee86bc53?s=96&d=mm&r=g\",\"contentUrl\":\"https:\\\/\\\/secure.gravatar.com\\\/avatar\\\/f3b7ad3af540688955925ac610647be00b0cf41feea9c4978b73a707ee86bc53?s=96&d=mm&r=g\",\"caption\":\"El Informativo Tam\"}}]}<\/script>\n<!-- \/ Yoast SEO plugin. -->","yoast_head_json":{"title":"MUCHOS MEXICANOS EST\u00c1N A FAVOR DE QUE JUECES Y MAGISTRADOS SEAN DEL PUEBLO: SENADORA ELECTA - EL INFORMATIVO DE TAMAULIPAS","description":"*La Reforma Judicial Es Importante Para El Pa\u00eds Y Traer\u00e1 Una Verdadera Justicia Social Al Pa\u00eds &nbsp; &nbsp; Un amplio sector de los mexicanos quiere una","robots":{"index":"index","follow":"follow","max-snippet":"max-snippet:-1","max-image-preview":"max-image-preview:large","max-video-preview":"max-video-preview:-1"},"canonical":"https:\/\/elinformativotam.com\/index.php\/2024\/08\/13\/muchos-mexicanos-estan-a-favor-de-que-jueces-y-magistrados-sean-del-pueblo-senadora-electa\/","og_locale":"es_MX","og_type":"article","og_title":"MUCHOS MEXICANOS EST\u00c1N A FAVOR DE QUE JUECES Y MAGISTRADOS SEAN DEL PUEBLO: SENADORA ELECTA - EL INFORMATIVO DE TAMAULIPAS","og_description":"*La Reforma Judicial Es Importante Para El Pa\u00eds Y Traer\u00e1 Una Verdadera Justicia Social Al Pa\u00eds &nbsp; &nbsp; Un amplio sector de los mexicanos quiere una","og_url":"https:\/\/elinformativotam.com\/index.php\/2024\/08\/13\/muchos-mexicanos-estan-a-favor-de-que-jueces-y-magistrados-sean-del-pueblo-senadora-electa\/","og_site_name":"EL INFORMATIVO DE TAMAULIPAS","article_published_time":"2024-08-14T03:21:08+00:00","og_image":[{"width":701,"height":438,"url":"https:\/\/elinformativotam.com\/wp-content\/uploads\/2024\/08\/Olga.jpeg","type":"image\/jpeg"}],"author":"El Informativo Tam","twitter_card":"summary_large_image","twitter_misc":{"Escrito por":"El Informativo Tam","Tiempo de lectura":"2 minutos"},"schema":{"@context":"https:\/\/schema.org","@graph":[{"@type":"Article","@id":"https:\/\/elinformativotam.com\/index.php\/2024\/08\/13\/muchos-mexicanos-estan-a-favor-de-que-jueces-y-magistrados-sean-del-pueblo-senadora-electa\/#article","isPartOf":{"@id":"https:\/\/elinformativotam.com\/index.php\/2024\/08\/13\/muchos-mexicanos-estan-a-favor-de-que-jueces-y-magistrados-sean-del-pueblo-senadora-electa\/"},"author":{"name":"El Informativo Tam","@id":"https:\/\/elinformativotam.com\/#\/schema\/person\/78e08040eed0f6110f0c5f83b6153590"},"headline":"MUCHOS MEXICANOS EST\u00c1N A FAVOR DE QUE JUECES Y MAGISTRADOS SEAN DEL PUEBLO: SENADORA ELECTA","datePublished":"2024-08-14T03:21:08+00:00","mainEntityOfPage":{"@id":"https:\/\/elinformativotam.com\/index.php\/2024\/08\/13\/muchos-mexicanos-estan-a-favor-de-que-jueces-y-magistrados-sean-del-pueblo-senadora-electa\/"},"wordCount":328,"commentCount":0,"publisher":{"@id":"https:\/\/elinformativotam.com\/#organization"},"image":{"@id":"https:\/\/elinformativotam.com\/index.php\/2024\/08\/13\/muchos-mexicanos-estan-a-favor-de-que-jueces-y-magistrados-sean-del-pueblo-senadora-electa\/#primaryimage"},"thumbnailUrl":"https:\/\/elinformativotam.com\/wp-content\/uploads\/2024\/08\/Olga.jpeg","articleSection":["Tampico"],"inLanguage":"es","potentialAction":[{"@type":"CommentAction","name":"Comment","target":["https:\/\/elinformativotam.com\/index.php\/2024\/08\/13\/muchos-mexicanos-estan-a-favor-de-que-jueces-y-magistrados-sean-del-pueblo-senadora-electa\/#respond"]}]},{"@type":"WebPage","@id":"https:\/\/elinformativotam.com\/index.php\/2024\/08\/13\/muchos-mexicanos-estan-a-favor-de-que-jueces-y-magistrados-sean-del-pueblo-senadora-electa\/","url":"https:\/\/elinformativotam.com\/index.php\/2024\/08\/13\/muchos-mexicanos-estan-a-favor-de-que-jueces-y-magistrados-sean-del-pueblo-senadora-electa\/","name":"MUCHOS MEXICANOS EST\u00c1N A FAVOR DE QUE JUECES Y MAGISTRADOS SEAN DEL PUEBLO: SENADORA ELECTA - EL INFORMATIVO DE TAMAULIPAS","isPartOf":{"@id":"https:\/\/elinformativotam.com\/#website"},"primaryImageOfPage":{"@id":"https:\/\/elinformativotam.com\/index.php\/2024\/08\/13\/muchos-mexicanos-estan-a-favor-de-que-jueces-y-magistrados-sean-del-pueblo-senadora-electa\/#primaryimage"},"image":{"@id":"https:\/\/elinformativotam.com\/index.php\/2024\/08\/13\/muchos-mexicanos-estan-a-favor-de-que-jueces-y-magistrados-sean-del-pueblo-senadora-electa\/#primaryimage"},"thumbnailUrl":"https:\/\/elinformativotam.com\/wp-content\/uploads\/2024\/08\/Olga.jpeg","datePublished":"2024-08-14T03:21:08+00:00","description":"*La Reforma Judicial Es Importante Para El Pa\u00eds Y Traer\u00e1 Una Verdadera Justicia Social Al Pa\u00eds &nbsp; &nbsp; Un amplio sector de los mexicanos quiere una","inLanguage":"es","potentialAction":[{"@type":"ReadAction","target":["https:\/\/elinformativotam.com\/index.php\/2024\/08\/13\/muchos-mexicanos-estan-a-favor-de-que-jueces-y-magistrados-sean-del-pueblo-senadora-electa\/"]}]},{"@type":"ImageObject","inLanguage":"es","@id":"https:\/\/elinformativotam.com\/index.php\/2024\/08\/13\/muchos-mexicanos-estan-a-favor-de-que-jueces-y-magistrados-sean-del-pueblo-senadora-electa\/#primaryimage","url":"https:\/\/elinformativotam.com\/wp-content\/uploads\/2024\/08\/Olga.jpeg","contentUrl":"https:\/\/elinformativotam.com\/wp-content\/uploads\/2024\/08\/Olga.jpeg","width":701,"height":438},{"@type":"WebSite","@id":"https:\/\/elinformativotam.com\/#website","url":"https:\/\/elinformativotam.com\/","name":"EL INFORMATIVO DE TAMAULIPAS","description":"Desde la Zona Metropolitana Para Todo M\u00e9xico","publisher":{"@id":"https:\/\/elinformativotam.com\/#organization"},"potentialAction":[{"@type":"SearchAction","target":{"@type":"EntryPoint","urlTemplate":"https:\/\/elinformativotam.com\/?s={search_term_string}"},"query-input":{"@type":"PropertyValueSpecification","valueRequired":true,"valueName":"search_term_string"}}],"inLanguage":"es"},{"@type":"Organization","@id":"https:\/\/elinformativotam.com\/#organization","name":"EL INFORMATIVO DE TAMAULIPAS","url":"https:\/\/elinformativotam.com\/","logo":{"@type":"ImageObject","inLanguage":"es","@id":"https:\/\/elinformativotam.com\/#\/schema\/logo\/image\/","url":"https:\/\/elinformativotam.com\/wp-content\/uploads\/2026\/02\/Cabezal.png","contentUrl":"https:\/\/elinformativotam.com\/wp-content\/uploads\/2026\/02\/Cabezal.png","width":960,"height":640,"caption":"EL INFORMATIVO DE TAMAULIPAS"},"image":{"@id":"https:\/\/elinformativotam.com\/#\/schema\/logo\/image\/"}},{"@type":"Person","@id":"https:\/\/elinformativotam.com\/#\/schema\/person\/78e08040eed0f6110f0c5f83b6153590","name":"El Informativo Tam","image":{"@type":"ImageObject","inLanguage":"es","@id":"https:\/\/secure.gravatar.com\/avatar\/f3b7ad3af540688955925ac610647be00b0cf41feea9c4978b73a707ee86bc53?s=96&d=mm&r=g","url":"https:\/\/secure.gravatar.com\/avatar\/f3b7ad3af540688955925ac610647be00b0cf41feea9c4978b73a707ee86bc53?s=96&d=mm&r=g","contentUrl":"https:\/\/secure.gravatar.com\/avatar\/f3b7ad3af540688955925ac610647be00b0cf41feea9c4978b73a707ee86bc53?s=96&d=mm&r=g","caption":"El Informativo Tam"}}]}},"_links":{"self":[{"href":"https:\/\/elinformativotam.com\/index.php\/wp-json\/wp\/v2\/posts\/52062","targetHints":{"allow":["GET"]}}],"collection":[{"href":"https:\/\/elinformativotam.com\/index.php\/wp-json\/wp\/v2\/posts"}],"about":[{"href":"https:\/\/elinformativotam.com\/index.php\/wp-json\/wp\/v2\/types\/post"}],"author":[{"embeddable":true,"href":"https:\/\/elinformativotam.com\/index.php\/wp-json\/wp\/v2\/users\/1"}],"replies":[{"embeddable":true,"href":"https:\/\/elinformativotam.com\/index.php\/wp-json\/wp\/v2\/comments?post=52062"}],"version-history":[{"count":1,"href":"https:\/\/elinformativotam.com\/index.php\/wp-json\/wp\/v2\/posts\/52062\/revisions"}],"predecessor-version":[{"id":52063,"href":"https:\/\/elinformativotam.com\/index.php\/wp-json\/wp\/v2\/posts\/52062\/revisions\/52063"}],"wp:featuredmedia":[{"embeddable":true,"href":"https:\/\/elinformativotam.com\/index.php\/wp-json\/wp\/v2\/media\/52043"}],"wp:attachment":[{"href":"https:\/\/elinformativotam.com\/index.php\/wp-json\/wp\/v2\/media?parent=52062"}],"wp:term":[{"taxonomy":"category","embeddable":true,"href":"https:\/\/elinformativotam.com\/index.php\/wp-json\/wp\/v2\/categories?post=52062"},{"taxonomy":"post_tag","embeddable":true,"href":"https:\/\/elinformativotam.com\/index.php\/wp-json\/wp\/v2\/tags?post=52062"}],"curies":[{"name":"wp","href":"https:\/\/api.w.org\/{rel}","templated":true}]}}