{"id":52041,"date":"2024-08-13T20:31:20","date_gmt":"2024-08-14T02:31:20","guid":{"rendered":"https:\/\/elinformativotam.com\/?p=52041"},"modified":"2024-08-13T20:31:20","modified_gmt":"2024-08-14T02:31:20","slug":"apoya-monica-villarreal-anaya-a-fundacion-que-ayuda-a-ninos-y-ninas-que-padecen-cancer","status":"publish","type":"post","link":"https:\/\/elinformativotam.com\/index.php\/2024\/08\/13\/apoya-monica-villarreal-anaya-a-fundacion-que-ayuda-a-ninos-y-ninas-que-padecen-cancer\/","title":{"rendered":"APOYA M\u00d3NICA VILLARREAL ANAYA A FUNDACI\u00d3N QUE AYUDA A NI\u00d1OS Y NI\u00d1AS QUE PADECEN C\u00c1NCER"},"content":{"rendered":"<p>Tampico, Tamaulipas.- Para\u00a0 promover e impulsar en la poblaci\u00f3n la donaci\u00f3n de tapitas de pl\u00e1stico en apoyo a los tratamientos y medicamentos para ni\u00f1os y ni\u00f1as que luchan contra el c\u00e1ncer, la alcaldesa electa de Tampico, M\u00f3nica Villarreal Anaya y la Comapa Sur, se reunieron con Gabriela Guadalupe Garc\u00eda Garc\u00eda, fundadora y presidenta de &#8220;Casa Maka&#8221;, Centro Especializado contra el C\u00e1ncer Infantil.<\/p>\n<p>&nbsp;<\/p>\n<p>En este sentido, Villarreal Anaya, refrend\u00f3 su compromiso de fortalecer los lazos con Asociaciones Civiles creadas para beneficiar a sectores vulnerables.<\/p>\n<p>&nbsp;<\/p>\n<p>&#8220;Se puede hacer esa coordinaci\u00f3n entre los servidores p\u00fablicos y la sociedad civil, para beneficiar a la poblaci\u00f3n de Tampico y es un proyecto que iniciamos con un coraz\u00f3n y que ha habido muchos corazones generosos que nos han ayudado a multiplicar esta posibilidad de tener este testigo de amor de los tampique\u00f1os hacia proyectos tan bonitos como es el de Casa Maka&#8221;, expres\u00f3<\/p>\n<p>&nbsp;<\/p>\n<p>Dijo que es importante que los gobiernos apoyen a las Asociaciones Civiles y con ello, en conjunto trabajar por el bien de Tampico.<\/p>\n<p>&nbsp;<\/p>\n<p>Cabe se\u00f1alar que el apoyo que entreg\u00f3 la presidenta electa, const\u00f3 de tapitas de pl\u00e1stico, mismas que fueron recolectadas por el personal de la Comapa zona conurbada.<\/p>\n<p>&nbsp;<\/p>\n<p>El evento estuvo encabezado por el gerente general de la dependencia, Francisco Jos\u00e9 Gonz\u00e1lez Casanova, qui\u00e9n hizo la invitaci\u00f3n a la alcaldesa electa M\u00f3nica Villarreal Anaya para la entrega de tapitas al Centro Especializado contra el C\u00e1ncer Infantil.<\/p>\n<p>&nbsp;<\/p>\n<p>Se recolectaron 120 kilos de tapitas, mismas que &#8220;Casa Maka&#8221;, cambiar\u00e1 por servicios gratuitos como:\u00a0apoyo psicol\u00f3gico, escolar,\u00a0 nutricional, terap\u00e9utico, tratamientos m\u00e9dicos, medicina alternativa, as\u00ed como otorgar a las madres de familia terapias tanatol\u00f3gicas.<\/p>\n<p>&nbsp;<\/p>\n<p>Finalmente, Villarreal Anaya, dijo que su gobierno ser\u00e1 un aliado y brindar\u00e1 el apoyo a las iniciativas que presenten las Asociaciones para el bienestar de los tampique\u00f1os.<\/p>\n<p>&nbsp;<\/p>\n<p>&#8220;Esta iniciativa de poder recolectar estas tapas, al ver el gran trabajo que se hace en Casa Maka y as\u00ed hay muchas instituciones y asociaciones civiles que est\u00e1n trabajando por el bien de Tampico dando ese testimonio de humanismo mexicano del que tanto habla nuestro Presidente de la Rep\u00fablica y que en Tamaulipas somos testigos con el gobernador Am\u00e9rico Villarreal Anaya&#8221;, puntualiz\u00f3.<\/p>\n<p>&nbsp;<\/p>\n","protected":false},"excerpt":{"rendered":"<p>Tampico, Tamaulipas.- Para\u00a0 promover e impulsar en la poblaci\u00f3n la donaci\u00f3n de tapitas de pl\u00e1stico en apoyo a los tratamientos&hellip;<\/p>\n","protected":false},"author":1,"featured_media":52045,"comment_status":"open","ping_status":"open","sticky":false,"template":"","format":"standard","meta":{"footnotes":""},"categories":[3],"tags":[],"class_list":["post-52041","post","type-post","status-publish","format-standard","has-post-thumbnail","hentry","category-tampico"],"yoast_head":"<!-- This site is optimized with the Yoast SEO plugin v27.4 - https:\/\/yoast.com\/product\/yoast-seo-wordpress\/ -->\n<title>APOYA M\u00d3NICA VILLARREAL ANAYA A FUNDACI\u00d3N QUE AYUDA A NI\u00d1OS Y NI\u00d1AS QUE PADECEN C\u00c1NCER - EL INFORMATIVO DE TAMAULIPAS<\/title>\n<meta name=\"description\" content=\"Tampico, Tamaulipas.- Para\u00a0 promover e impulsar en la poblaci\u00f3n la donaci\u00f3n de tapitas de pl\u00e1stico en apoyo a los tratamientos y medicamentos para ni\u00f1os y\" \/>\n<meta name=\"robots\" content=\"index, follow, max-snippet:-1, max-image-preview:large, max-video-preview:-1\" \/>\n<link rel=\"canonical\" href=\"https:\/\/elinformativotam.com\/index.php\/2024\/08\/13\/apoya-monica-villarreal-anaya-a-fundacion-que-ayuda-a-ninos-y-ninas-que-padecen-cancer\/\" \/>\n<meta property=\"og:locale\" content=\"es_MX\" \/>\n<meta property=\"og:type\" content=\"article\" \/>\n<meta property=\"og:title\" content=\"APOYA M\u00d3NICA VILLARREAL ANAYA A FUNDACI\u00d3N QUE AYUDA A NI\u00d1OS Y NI\u00d1AS QUE PADECEN C\u00c1NCER - EL INFORMATIVO DE TAMAULIPAS\" \/>\n<meta property=\"og:description\" content=\"Tampico, Tamaulipas.- Para\u00a0 promover e impulsar en la poblaci\u00f3n la donaci\u00f3n de tapitas de pl\u00e1stico en apoyo a los tratamientos y medicamentos para ni\u00f1os y\" \/>\n<meta property=\"og:url\" content=\"https:\/\/elinformativotam.com\/index.php\/2024\/08\/13\/apoya-monica-villarreal-anaya-a-fundacion-que-ayuda-a-ninos-y-ninas-que-padecen-cancer\/\" \/>\n<meta property=\"og:site_name\" content=\"EL INFORMATIVO DE TAMAULIPAS\" \/>\n<meta property=\"article:published_time\" content=\"2024-08-14T02:31:20+00:00\" \/>\n<meta property=\"og:image\" content=\"https:\/\/elinformativotam.com\/wp-content\/uploads\/2024\/08\/Monica-2.jpeg\" \/>\n\t<meta property=\"og:image:width\" content=\"1079\" \/>\n\t<meta property=\"og:image:height\" content=\"720\" \/>\n\t<meta property=\"og:image:type\" content=\"image\/jpeg\" \/>\n<meta name=\"author\" content=\"El Informativo Tam\" \/>\n<meta name=\"twitter:card\" content=\"summary_large_image\" \/>\n<meta name=\"twitter:label1\" content=\"Escrito por\" \/>\n\t<meta name=\"twitter:data1\" content=\"El Informativo Tam\" \/>\n\t<meta name=\"twitter:label2\" content=\"Tiempo de lectura\" \/>\n\t<meta name=\"twitter:data2\" content=\"2 minutos\" \/>\n<script type=\"application\/ld+json\" class=\"yoast-schema-graph\">{\"@context\":\"https:\\\/\\\/schema.org\",\"@graph\":[{\"@type\":\"Article\",\"@id\":\"https:\\\/\\\/elinformativotam.com\\\/index.php\\\/2024\\\/08\\\/13\\\/apoya-monica-villarreal-anaya-a-fundacion-que-ayuda-a-ninos-y-ninas-que-padecen-cancer\\\/#article\",\"isPartOf\":{\"@id\":\"https:\\\/\\\/elinformativotam.com\\\/index.php\\\/2024\\\/08\\\/13\\\/apoya-monica-villarreal-anaya-a-fundacion-que-ayuda-a-ninos-y-ninas-que-padecen-cancer\\\/\"},\"author\":{\"name\":\"El Informativo Tam\",\"@id\":\"https:\\\/\\\/elinformativotam.com\\\/#\\\/schema\\\/person\\\/78e08040eed0f6110f0c5f83b6153590\"},\"headline\":\"APOYA M\u00d3NICA VILLARREAL ANAYA A FUNDACI\u00d3N QUE AYUDA A NI\u00d1OS Y NI\u00d1AS QUE PADECEN C\u00c1NCER\",\"datePublished\":\"2024-08-14T02:31:20+00:00\",\"mainEntityOfPage\":{\"@id\":\"https:\\\/\\\/elinformativotam.com\\\/index.php\\\/2024\\\/08\\\/13\\\/apoya-monica-villarreal-anaya-a-fundacion-que-ayuda-a-ninos-y-ninas-que-padecen-cancer\\\/\"},\"wordCount\":417,\"commentCount\":0,\"publisher\":{\"@id\":\"https:\\\/\\\/elinformativotam.com\\\/#organization\"},\"image\":{\"@id\":\"https:\\\/\\\/elinformativotam.com\\\/index.php\\\/2024\\\/08\\\/13\\\/apoya-monica-villarreal-anaya-a-fundacion-que-ayuda-a-ninos-y-ninas-que-padecen-cancer\\\/#primaryimage\"},\"thumbnailUrl\":\"https:\\\/\\\/elinformativotam.com\\\/wp-content\\\/uploads\\\/2024\\\/08\\\/Monica-2.jpeg\",\"articleSection\":[\"Tampico\"],\"inLanguage\":\"es\",\"potentialAction\":[{\"@type\":\"CommentAction\",\"name\":\"Comment\",\"target\":[\"https:\\\/\\\/elinformativotam.com\\\/index.php\\\/2024\\\/08\\\/13\\\/apoya-monica-villarreal-anaya-a-fundacion-que-ayuda-a-ninos-y-ninas-que-padecen-cancer\\\/#respond\"]}]},{\"@type\":\"WebPage\",\"@id\":\"https:\\\/\\\/elinformativotam.com\\\/index.php\\\/2024\\\/08\\\/13\\\/apoya-monica-villarreal-anaya-a-fundacion-que-ayuda-a-ninos-y-ninas-que-padecen-cancer\\\/\",\"url\":\"https:\\\/\\\/elinformativotam.com\\\/index.php\\\/2024\\\/08\\\/13\\\/apoya-monica-villarreal-anaya-a-fundacion-que-ayuda-a-ninos-y-ninas-que-padecen-cancer\\\/\",\"name\":\"APOYA M\u00d3NICA VILLARREAL ANAYA A FUNDACI\u00d3N QUE AYUDA A NI\u00d1OS Y NI\u00d1AS QUE PADECEN C\u00c1NCER - EL INFORMATIVO DE TAMAULIPAS\",\"isPartOf\":{\"@id\":\"https:\\\/\\\/elinformativotam.com\\\/#website\"},\"primaryImageOfPage\":{\"@id\":\"https:\\\/\\\/elinformativotam.com\\\/index.php\\\/2024\\\/08\\\/13\\\/apoya-monica-villarreal-anaya-a-fundacion-que-ayuda-a-ninos-y-ninas-que-padecen-cancer\\\/#primaryimage\"},\"image\":{\"@id\":\"https:\\\/\\\/elinformativotam.com\\\/index.php\\\/2024\\\/08\\\/13\\\/apoya-monica-villarreal-anaya-a-fundacion-que-ayuda-a-ninos-y-ninas-que-padecen-cancer\\\/#primaryimage\"},\"thumbnailUrl\":\"https:\\\/\\\/elinformativotam.com\\\/wp-content\\\/uploads\\\/2024\\\/08\\\/Monica-2.jpeg\",\"datePublished\":\"2024-08-14T02:31:20+00:00\",\"description\":\"Tampico, Tamaulipas.- Para\u00a0 promover e impulsar en la poblaci\u00f3n la donaci\u00f3n de tapitas de pl\u00e1stico en apoyo a los tratamientos y medicamentos para ni\u00f1os y\",\"inLanguage\":\"es\",\"potentialAction\":[{\"@type\":\"ReadAction\",\"target\":[\"https:\\\/\\\/elinformativotam.com\\\/index.php\\\/2024\\\/08\\\/13\\\/apoya-monica-villarreal-anaya-a-fundacion-que-ayuda-a-ninos-y-ninas-que-padecen-cancer\\\/\"]}]},{\"@type\":\"ImageObject\",\"inLanguage\":\"es\",\"@id\":\"https:\\\/\\\/elinformativotam.com\\\/index.php\\\/2024\\\/08\\\/13\\\/apoya-monica-villarreal-anaya-a-fundacion-que-ayuda-a-ninos-y-ninas-que-padecen-cancer\\\/#primaryimage\",\"url\":\"https:\\\/\\\/elinformativotam.com\\\/wp-content\\\/uploads\\\/2024\\\/08\\\/Monica-2.jpeg\",\"contentUrl\":\"https:\\\/\\\/elinformativotam.com\\\/wp-content\\\/uploads\\\/2024\\\/08\\\/Monica-2.jpeg\",\"width\":1079,\"height\":720},{\"@type\":\"WebSite\",\"@id\":\"https:\\\/\\\/elinformativotam.com\\\/#website\",\"url\":\"https:\\\/\\\/elinformativotam.com\\\/\",\"name\":\"EL INFORMATIVO DE TAMAULIPAS\",\"description\":\"Desde la Zona Metropolitana Para Todo M\u00e9xico\",\"publisher\":{\"@id\":\"https:\\\/\\\/elinformativotam.com\\\/#organization\"},\"potentialAction\":[{\"@type\":\"SearchAction\",\"target\":{\"@type\":\"EntryPoint\",\"urlTemplate\":\"https:\\\/\\\/elinformativotam.com\\\/?s={search_term_string}\"},\"query-input\":{\"@type\":\"PropertyValueSpecification\",\"valueRequired\":true,\"valueName\":\"search_term_string\"}}],\"inLanguage\":\"es\"},{\"@type\":\"Organization\",\"@id\":\"https:\\\/\\\/elinformativotam.com\\\/#organization\",\"name\":\"EL INFORMATIVO DE TAMAULIPAS\",\"url\":\"https:\\\/\\\/elinformativotam.com\\\/\",\"logo\":{\"@type\":\"ImageObject\",\"inLanguage\":\"es\",\"@id\":\"https:\\\/\\\/elinformativotam.com\\\/#\\\/schema\\\/logo\\\/image\\\/\",\"url\":\"https:\\\/\\\/elinformativotam.com\\\/wp-content\\\/uploads\\\/2026\\\/02\\\/Cabezal.png\",\"contentUrl\":\"https:\\\/\\\/elinformativotam.com\\\/wp-content\\\/uploads\\\/2026\\\/02\\\/Cabezal.png\",\"width\":960,\"height\":640,\"caption\":\"EL INFORMATIVO DE TAMAULIPAS\"},\"image\":{\"@id\":\"https:\\\/\\\/elinformativotam.com\\\/#\\\/schema\\\/logo\\\/image\\\/\"}},{\"@type\":\"Person\",\"@id\":\"https:\\\/\\\/elinformativotam.com\\\/#\\\/schema\\\/person\\\/78e08040eed0f6110f0c5f83b6153590\",\"name\":\"El Informativo Tam\",\"image\":{\"@type\":\"ImageObject\",\"inLanguage\":\"es\",\"@id\":\"https:\\\/\\\/secure.gravatar.com\\\/avatar\\\/f3b7ad3af540688955925ac610647be00b0cf41feea9c4978b73a707ee86bc53?s=96&d=mm&r=g\",\"url\":\"https:\\\/\\\/secure.gravatar.com\\\/avatar\\\/f3b7ad3af540688955925ac610647be00b0cf41feea9c4978b73a707ee86bc53?s=96&d=mm&r=g\",\"contentUrl\":\"https:\\\/\\\/secure.gravatar.com\\\/avatar\\\/f3b7ad3af540688955925ac610647be00b0cf41feea9c4978b73a707ee86bc53?s=96&d=mm&r=g\",\"caption\":\"El Informativo Tam\"}}]}<\/script>\n<!-- \/ Yoast SEO plugin. -->","yoast_head_json":{"title":"APOYA M\u00d3NICA VILLARREAL ANAYA A FUNDACI\u00d3N QUE AYUDA A NI\u00d1OS Y NI\u00d1AS QUE PADECEN C\u00c1NCER - EL INFORMATIVO DE TAMAULIPAS","description":"Tampico, Tamaulipas.- Para\u00a0 promover e impulsar en la poblaci\u00f3n la donaci\u00f3n de tapitas de pl\u00e1stico en apoyo a los tratamientos y medicamentos para ni\u00f1os y","robots":{"index":"index","follow":"follow","max-snippet":"max-snippet:-1","max-image-preview":"max-image-preview:large","max-video-preview":"max-video-preview:-1"},"canonical":"https:\/\/elinformativotam.com\/index.php\/2024\/08\/13\/apoya-monica-villarreal-anaya-a-fundacion-que-ayuda-a-ninos-y-ninas-que-padecen-cancer\/","og_locale":"es_MX","og_type":"article","og_title":"APOYA M\u00d3NICA VILLARREAL ANAYA A FUNDACI\u00d3N QUE AYUDA A NI\u00d1OS Y NI\u00d1AS QUE PADECEN C\u00c1NCER - EL INFORMATIVO DE TAMAULIPAS","og_description":"Tampico, Tamaulipas.- Para\u00a0 promover e impulsar en la poblaci\u00f3n la donaci\u00f3n de tapitas de pl\u00e1stico en apoyo a los tratamientos y medicamentos para ni\u00f1os y","og_url":"https:\/\/elinformativotam.com\/index.php\/2024\/08\/13\/apoya-monica-villarreal-anaya-a-fundacion-que-ayuda-a-ninos-y-ninas-que-padecen-cancer\/","og_site_name":"EL INFORMATIVO DE TAMAULIPAS","article_published_time":"2024-08-14T02:31:20+00:00","og_image":[{"width":1079,"height":720,"url":"https:\/\/elinformativotam.com\/wp-content\/uploads\/2024\/08\/Monica-2.jpeg","type":"image\/jpeg"}],"author":"El Informativo Tam","twitter_card":"summary_large_image","twitter_misc":{"Escrito por":"El Informativo Tam","Tiempo de lectura":"2 minutos"},"schema":{"@context":"https:\/\/schema.org","@graph":[{"@type":"Article","@id":"https:\/\/elinformativotam.com\/index.php\/2024\/08\/13\/apoya-monica-villarreal-anaya-a-fundacion-que-ayuda-a-ninos-y-ninas-que-padecen-cancer\/#article","isPartOf":{"@id":"https:\/\/elinformativotam.com\/index.php\/2024\/08\/13\/apoya-monica-villarreal-anaya-a-fundacion-que-ayuda-a-ninos-y-ninas-que-padecen-cancer\/"},"author":{"name":"El Informativo Tam","@id":"https:\/\/elinformativotam.com\/#\/schema\/person\/78e08040eed0f6110f0c5f83b6153590"},"headline":"APOYA M\u00d3NICA VILLARREAL ANAYA A FUNDACI\u00d3N QUE AYUDA A NI\u00d1OS Y NI\u00d1AS QUE PADECEN C\u00c1NCER","datePublished":"2024-08-14T02:31:20+00:00","mainEntityOfPage":{"@id":"https:\/\/elinformativotam.com\/index.php\/2024\/08\/13\/apoya-monica-villarreal-anaya-a-fundacion-que-ayuda-a-ninos-y-ninas-que-padecen-cancer\/"},"wordCount":417,"commentCount":0,"publisher":{"@id":"https:\/\/elinformativotam.com\/#organization"},"image":{"@id":"https:\/\/elinformativotam.com\/index.php\/2024\/08\/13\/apoya-monica-villarreal-anaya-a-fundacion-que-ayuda-a-ninos-y-ninas-que-padecen-cancer\/#primaryimage"},"thumbnailUrl":"https:\/\/elinformativotam.com\/wp-content\/uploads\/2024\/08\/Monica-2.jpeg","articleSection":["Tampico"],"inLanguage":"es","potentialAction":[{"@type":"CommentAction","name":"Comment","target":["https:\/\/elinformativotam.com\/index.php\/2024\/08\/13\/apoya-monica-villarreal-anaya-a-fundacion-que-ayuda-a-ninos-y-ninas-que-padecen-cancer\/#respond"]}]},{"@type":"WebPage","@id":"https:\/\/elinformativotam.com\/index.php\/2024\/08\/13\/apoya-monica-villarreal-anaya-a-fundacion-que-ayuda-a-ninos-y-ninas-que-padecen-cancer\/","url":"https:\/\/elinformativotam.com\/index.php\/2024\/08\/13\/apoya-monica-villarreal-anaya-a-fundacion-que-ayuda-a-ninos-y-ninas-que-padecen-cancer\/","name":"APOYA M\u00d3NICA VILLARREAL ANAYA A FUNDACI\u00d3N QUE AYUDA A NI\u00d1OS Y NI\u00d1AS QUE PADECEN C\u00c1NCER - EL INFORMATIVO DE TAMAULIPAS","isPartOf":{"@id":"https:\/\/elinformativotam.com\/#website"},"primaryImageOfPage":{"@id":"https:\/\/elinformativotam.com\/index.php\/2024\/08\/13\/apoya-monica-villarreal-anaya-a-fundacion-que-ayuda-a-ninos-y-ninas-que-padecen-cancer\/#primaryimage"},"image":{"@id":"https:\/\/elinformativotam.com\/index.php\/2024\/08\/13\/apoya-monica-villarreal-anaya-a-fundacion-que-ayuda-a-ninos-y-ninas-que-padecen-cancer\/#primaryimage"},"thumbnailUrl":"https:\/\/elinformativotam.com\/wp-content\/uploads\/2024\/08\/Monica-2.jpeg","datePublished":"2024-08-14T02:31:20+00:00","description":"Tampico, Tamaulipas.- Para\u00a0 promover e impulsar en la poblaci\u00f3n la donaci\u00f3n de tapitas de pl\u00e1stico en apoyo a los tratamientos y medicamentos para ni\u00f1os y","inLanguage":"es","potentialAction":[{"@type":"ReadAction","target":["https:\/\/elinformativotam.com\/index.php\/2024\/08\/13\/apoya-monica-villarreal-anaya-a-fundacion-que-ayuda-a-ninos-y-ninas-que-padecen-cancer\/"]}]},{"@type":"ImageObject","inLanguage":"es","@id":"https:\/\/elinformativotam.com\/index.php\/2024\/08\/13\/apoya-monica-villarreal-anaya-a-fundacion-que-ayuda-a-ninos-y-ninas-que-padecen-cancer\/#primaryimage","url":"https:\/\/elinformativotam.com\/wp-content\/uploads\/2024\/08\/Monica-2.jpeg","contentUrl":"https:\/\/elinformativotam.com\/wp-content\/uploads\/2024\/08\/Monica-2.jpeg","width":1079,"height":720},{"@type":"WebSite","@id":"https:\/\/elinformativotam.com\/#website","url":"https:\/\/elinformativotam.com\/","name":"EL INFORMATIVO DE TAMAULIPAS","description":"Desde la Zona Metropolitana Para Todo M\u00e9xico","publisher":{"@id":"https:\/\/elinformativotam.com\/#organization"},"potentialAction":[{"@type":"SearchAction","target":{"@type":"EntryPoint","urlTemplate":"https:\/\/elinformativotam.com\/?s={search_term_string}"},"query-input":{"@type":"PropertyValueSpecification","valueRequired":true,"valueName":"search_term_string"}}],"inLanguage":"es"},{"@type":"Organization","@id":"https:\/\/elinformativotam.com\/#organization","name":"EL INFORMATIVO DE TAMAULIPAS","url":"https:\/\/elinformativotam.com\/","logo":{"@type":"ImageObject","inLanguage":"es","@id":"https:\/\/elinformativotam.com\/#\/schema\/logo\/image\/","url":"https:\/\/elinformativotam.com\/wp-content\/uploads\/2026\/02\/Cabezal.png","contentUrl":"https:\/\/elinformativotam.com\/wp-content\/uploads\/2026\/02\/Cabezal.png","width":960,"height":640,"caption":"EL INFORMATIVO DE TAMAULIPAS"},"image":{"@id":"https:\/\/elinformativotam.com\/#\/schema\/logo\/image\/"}},{"@type":"Person","@id":"https:\/\/elinformativotam.com\/#\/schema\/person\/78e08040eed0f6110f0c5f83b6153590","name":"El Informativo Tam","image":{"@type":"ImageObject","inLanguage":"es","@id":"https:\/\/secure.gravatar.com\/avatar\/f3b7ad3af540688955925ac610647be00b0cf41feea9c4978b73a707ee86bc53?s=96&d=mm&r=g","url":"https:\/\/secure.gravatar.com\/avatar\/f3b7ad3af540688955925ac610647be00b0cf41feea9c4978b73a707ee86bc53?s=96&d=mm&r=g","contentUrl":"https:\/\/secure.gravatar.com\/avatar\/f3b7ad3af540688955925ac610647be00b0cf41feea9c4978b73a707ee86bc53?s=96&d=mm&r=g","caption":"El Informativo Tam"}}]}},"_links":{"self":[{"href":"https:\/\/elinformativotam.com\/index.php\/wp-json\/wp\/v2\/posts\/52041","targetHints":{"allow":["GET"]}}],"collection":[{"href":"https:\/\/elinformativotam.com\/index.php\/wp-json\/wp\/v2\/posts"}],"about":[{"href":"https:\/\/elinformativotam.com\/index.php\/wp-json\/wp\/v2\/types\/post"}],"author":[{"embeddable":true,"href":"https:\/\/elinformativotam.com\/index.php\/wp-json\/wp\/v2\/users\/1"}],"replies":[{"embeddable":true,"href":"https:\/\/elinformativotam.com\/index.php\/wp-json\/wp\/v2\/comments?post=52041"}],"version-history":[{"count":1,"href":"https:\/\/elinformativotam.com\/index.php\/wp-json\/wp\/v2\/posts\/52041\/revisions"}],"predecessor-version":[{"id":52046,"href":"https:\/\/elinformativotam.com\/index.php\/wp-json\/wp\/v2\/posts\/52041\/revisions\/52046"}],"wp:featuredmedia":[{"embeddable":true,"href":"https:\/\/elinformativotam.com\/index.php\/wp-json\/wp\/v2\/media\/52045"}],"wp:attachment":[{"href":"https:\/\/elinformativotam.com\/index.php\/wp-json\/wp\/v2\/media?parent=52041"}],"wp:term":[{"taxonomy":"category","embeddable":true,"href":"https:\/\/elinformativotam.com\/index.php\/wp-json\/wp\/v2\/categories?post=52041"},{"taxonomy":"post_tag","embeddable":true,"href":"https:\/\/elinformativotam.com\/index.php\/wp-json\/wp\/v2\/tags?post=52041"}],"curies":[{"name":"wp","href":"https:\/\/api.w.org\/{rel}","templated":true}]}}