{"id":52033,"date":"2024-08-13T07:35:26","date_gmt":"2024-08-13T13:35:26","guid":{"rendered":"https:\/\/elinformativotam.com\/?p=52033"},"modified":"2024-08-13T07:35:26","modified_gmt":"2024-08-13T13:35:26","slug":"gestionaran-un-nuevo-mercado-de-artesanias-en-el-proximo-trienio-porteno","status":"publish","type":"post","link":"https:\/\/elinformativotam.com\/index.php\/2024\/08\/13\/gestionaran-un-nuevo-mercado-de-artesanias-en-el-proximo-trienio-porteno\/","title":{"rendered":"GESTIONAR\u00c1N UN NUEVO MERCADO DE ARTESAN\u00cdAS EN EL PR\u00d3XIMO TRIENIO PORTE\u00d1O"},"content":{"rendered":"<h2 style=\"text-align: center;\"><em><strong><span style=\"font-family: 'times new roman', times;\">*El Proyecto De Muchos A\u00f1os Contempla Un Centro De Abasto En La Plaza Hijas, Justo Frente Al Mercado Tampico<\/span><\/strong><\/em><\/h2>\n<p>&nbsp;<\/p>\n<p>&nbsp;<\/p>\n<p>Ser\u00e1 para el pr\u00f3ximo trienio municipal de Tampico cuando el sector dedicado a la elaboraci\u00f3n y venta de artesan\u00edas d\u00e9 a conocer la necesidad de contar con un nuevo mercado para ese giro, que podr\u00eda estar ubicado en una secci\u00f3n de la plaza Hijas, justo a unos cu\u00e1ntos metros del nuevo mercado municipal.<\/p>\n<p>&nbsp;<\/p>\n<p>Carlos Hern\u00e1ndez Pav\u00f3n, dirigente de los artesanos de la regi\u00f3n, explic\u00f3 que en ese proyecto est\u00e1n incluidos 22 locales para igual n\u00famero de comerciantes, que de fructificar la obra, dejar\u00edan de una vez por todas las banquetas del centro hist\u00f3rico.<\/p>\n<p>&nbsp;<\/p>\n<p>Resalt\u00f3, que desde hace 30 a\u00f1os que se habla de un proyecto de establecer un mercado de artesan\u00edas donde acudan los turistas para llevarse un recuerdo de su visita a la regi\u00f3n sur.<\/p>\n<p>&nbsp;<\/p>\n<p>Recalc\u00f3 que habr\u00e1n de presentar el proyecto a la alcaldesa M\u00f3nica Villarreal Anaya, una vez que asuma la Presidencia Municipal, ya que todas las ciudades importantes del pa\u00eds tienen su mercado de artesan\u00edas o recuerdos para los visitantes.<\/p>\n<p>&nbsp;<\/p>\n<p>&#8220;Menos Tampico, somos ya de las pocas ciudades que no tiene un mercado de artesan\u00edas formal, y queremos que en la pr\u00f3xima administraci\u00f3n municipal se haga realidad&#8221;, apunt\u00f3<\/p>\n<p>&nbsp;<\/p>\n<p>Hern\u00e1ndez, resalt\u00f3 que ya sea con recursos municipales, estatales, federales o incluso con apoyo de los comerciantes, existe la disposici\u00f3n del sector por empujar el proyecto.<\/p>\n<p>&nbsp;<\/p>\n<p>&#8220;Y que sea una realidad la obra, ser\u00eda un mercado de 48 metros por 8 metros, hay cabr\u00edan perfectamente 22 locales en una ala de la plaza Hijas&#8221;, resalt\u00f3<\/p>\n<p>&nbsp;<\/p>\n<p>Finalmente, y en torno a las ventas por temporada vacacional, dijo que no ha sido lo que esperaban este a\u00f1o, pues hasta el momento registran un 40% del 60% que inicialmente auguraban, aunque a\u00fan quedan varios d\u00edas m\u00e1s antes de que concluyan las vacaciones de verano<\/p>\n","protected":false},"excerpt":{"rendered":"<p>*El Proyecto De Muchos A\u00f1os Contempla Un Centro De Abasto En La Plaza Hijas, Justo Frente Al Mercado Tampico &nbsp;&hellip;<\/p>\n","protected":false},"author":1,"featured_media":52034,"comment_status":"open","ping_status":"open","sticky":false,"template":"","format":"standard","meta":{"footnotes":""},"categories":[3],"tags":[],"class_list":["post-52033","post","type-post","status-publish","format-standard","has-post-thumbnail","hentry","category-tampico"],"yoast_head":"<!-- This site is optimized with the Yoast SEO plugin v27.4 - https:\/\/yoast.com\/product\/yoast-seo-wordpress\/ -->\n<title>GESTIONAR\u00c1N UN NUEVO MERCADO DE ARTESAN\u00cdAS EN EL PR\u00d3XIMO TRIENIO PORTE\u00d1O - EL INFORMATIVO DE TAMAULIPAS<\/title>\n<meta name=\"description\" content=\"*El Proyecto De Muchos A\u00f1os Contempla Un Centro De Abasto En La Plaza Hijas, Justo Frente Al Mercado Tampico &nbsp; &nbsp; Ser\u00e1 para el pr\u00f3ximo trienio\" \/>\n<meta name=\"robots\" content=\"index, follow, max-snippet:-1, max-image-preview:large, max-video-preview:-1\" \/>\n<link rel=\"canonical\" href=\"https:\/\/elinformativotam.com\/index.php\/2024\/08\/13\/gestionaran-un-nuevo-mercado-de-artesanias-en-el-proximo-trienio-porteno\/\" \/>\n<meta property=\"og:locale\" content=\"es_MX\" \/>\n<meta property=\"og:type\" content=\"article\" \/>\n<meta property=\"og:title\" content=\"GESTIONAR\u00c1N UN NUEVO MERCADO DE ARTESAN\u00cdAS EN EL PR\u00d3XIMO TRIENIO PORTE\u00d1O - EL INFORMATIVO DE TAMAULIPAS\" \/>\n<meta property=\"og:description\" content=\"*El Proyecto De Muchos A\u00f1os Contempla Un Centro De Abasto En La Plaza Hijas, Justo Frente Al Mercado Tampico &nbsp; &nbsp; Ser\u00e1 para el pr\u00f3ximo trienio\" \/>\n<meta property=\"og:url\" content=\"https:\/\/elinformativotam.com\/index.php\/2024\/08\/13\/gestionaran-un-nuevo-mercado-de-artesanias-en-el-proximo-trienio-porteno\/\" \/>\n<meta property=\"og:site_name\" content=\"EL INFORMATIVO DE TAMAULIPAS\" \/>\n<meta property=\"article:published_time\" content=\"2024-08-13T13:35:26+00:00\" \/>\n<meta property=\"og:image\" content=\"https:\/\/elinformativotam.com\/wp-content\/uploads\/2024\/08\/Carlos.jpg\" \/>\n\t<meta property=\"og:image:width\" content=\"1280\" \/>\n\t<meta property=\"og:image:height\" content=\"963\" \/>\n\t<meta property=\"og:image:type\" content=\"image\/jpeg\" \/>\n<meta name=\"author\" content=\"El Informativo Tam\" \/>\n<meta name=\"twitter:card\" content=\"summary_large_image\" \/>\n<meta name=\"twitter:label1\" content=\"Escrito por\" \/>\n\t<meta name=\"twitter:data1\" content=\"El Informativo Tam\" \/>\n\t<meta name=\"twitter:label2\" content=\"Tiempo de lectura\" \/>\n\t<meta name=\"twitter:data2\" content=\"2 minutos\" \/>\n<script type=\"application\/ld+json\" class=\"yoast-schema-graph\">{\"@context\":\"https:\\\/\\\/schema.org\",\"@graph\":[{\"@type\":\"Article\",\"@id\":\"https:\\\/\\\/elinformativotam.com\\\/index.php\\\/2024\\\/08\\\/13\\\/gestionaran-un-nuevo-mercado-de-artesanias-en-el-proximo-trienio-porteno\\\/#article\",\"isPartOf\":{\"@id\":\"https:\\\/\\\/elinformativotam.com\\\/index.php\\\/2024\\\/08\\\/13\\\/gestionaran-un-nuevo-mercado-de-artesanias-en-el-proximo-trienio-porteno\\\/\"},\"author\":{\"name\":\"El Informativo Tam\",\"@id\":\"https:\\\/\\\/elinformativotam.com\\\/#\\\/schema\\\/person\\\/78e08040eed0f6110f0c5f83b6153590\"},\"headline\":\"GESTIONAR\u00c1N UN NUEVO MERCADO DE ARTESAN\u00cdAS EN EL PR\u00d3XIMO TRIENIO PORTE\u00d1O\",\"datePublished\":\"2024-08-13T13:35:26+00:00\",\"mainEntityOfPage\":{\"@id\":\"https:\\\/\\\/elinformativotam.com\\\/index.php\\\/2024\\\/08\\\/13\\\/gestionaran-un-nuevo-mercado-de-artesanias-en-el-proximo-trienio-porteno\\\/\"},\"wordCount\":361,\"commentCount\":0,\"publisher\":{\"@id\":\"https:\\\/\\\/elinformativotam.com\\\/#organization\"},\"image\":{\"@id\":\"https:\\\/\\\/elinformativotam.com\\\/index.php\\\/2024\\\/08\\\/13\\\/gestionaran-un-nuevo-mercado-de-artesanias-en-el-proximo-trienio-porteno\\\/#primaryimage\"},\"thumbnailUrl\":\"https:\\\/\\\/elinformativotam.com\\\/wp-content\\\/uploads\\\/2024\\\/08\\\/Carlos.jpg\",\"articleSection\":[\"Tampico\"],\"inLanguage\":\"es\",\"potentialAction\":[{\"@type\":\"CommentAction\",\"name\":\"Comment\",\"target\":[\"https:\\\/\\\/elinformativotam.com\\\/index.php\\\/2024\\\/08\\\/13\\\/gestionaran-un-nuevo-mercado-de-artesanias-en-el-proximo-trienio-porteno\\\/#respond\"]}]},{\"@type\":\"WebPage\",\"@id\":\"https:\\\/\\\/elinformativotam.com\\\/index.php\\\/2024\\\/08\\\/13\\\/gestionaran-un-nuevo-mercado-de-artesanias-en-el-proximo-trienio-porteno\\\/\",\"url\":\"https:\\\/\\\/elinformativotam.com\\\/index.php\\\/2024\\\/08\\\/13\\\/gestionaran-un-nuevo-mercado-de-artesanias-en-el-proximo-trienio-porteno\\\/\",\"name\":\"GESTIONAR\u00c1N UN NUEVO MERCADO DE ARTESAN\u00cdAS EN EL PR\u00d3XIMO TRIENIO PORTE\u00d1O - EL INFORMATIVO DE TAMAULIPAS\",\"isPartOf\":{\"@id\":\"https:\\\/\\\/elinformativotam.com\\\/#website\"},\"primaryImageOfPage\":{\"@id\":\"https:\\\/\\\/elinformativotam.com\\\/index.php\\\/2024\\\/08\\\/13\\\/gestionaran-un-nuevo-mercado-de-artesanias-en-el-proximo-trienio-porteno\\\/#primaryimage\"},\"image\":{\"@id\":\"https:\\\/\\\/elinformativotam.com\\\/index.php\\\/2024\\\/08\\\/13\\\/gestionaran-un-nuevo-mercado-de-artesanias-en-el-proximo-trienio-porteno\\\/#primaryimage\"},\"thumbnailUrl\":\"https:\\\/\\\/elinformativotam.com\\\/wp-content\\\/uploads\\\/2024\\\/08\\\/Carlos.jpg\",\"datePublished\":\"2024-08-13T13:35:26+00:00\",\"description\":\"*El Proyecto De Muchos A\u00f1os Contempla Un Centro De Abasto En La Plaza Hijas, Justo Frente Al Mercado Tampico &nbsp; &nbsp; Ser\u00e1 para el pr\u00f3ximo trienio\",\"inLanguage\":\"es\",\"potentialAction\":[{\"@type\":\"ReadAction\",\"target\":[\"https:\\\/\\\/elinformativotam.com\\\/index.php\\\/2024\\\/08\\\/13\\\/gestionaran-un-nuevo-mercado-de-artesanias-en-el-proximo-trienio-porteno\\\/\"]}]},{\"@type\":\"ImageObject\",\"inLanguage\":\"es\",\"@id\":\"https:\\\/\\\/elinformativotam.com\\\/index.php\\\/2024\\\/08\\\/13\\\/gestionaran-un-nuevo-mercado-de-artesanias-en-el-proximo-trienio-porteno\\\/#primaryimage\",\"url\":\"https:\\\/\\\/elinformativotam.com\\\/wp-content\\\/uploads\\\/2024\\\/08\\\/Carlos.jpg\",\"contentUrl\":\"https:\\\/\\\/elinformativotam.com\\\/wp-content\\\/uploads\\\/2024\\\/08\\\/Carlos.jpg\",\"width\":1280,\"height\":963},{\"@type\":\"WebSite\",\"@id\":\"https:\\\/\\\/elinformativotam.com\\\/#website\",\"url\":\"https:\\\/\\\/elinformativotam.com\\\/\",\"name\":\"EL INFORMATIVO DE TAMAULIPAS\",\"description\":\"Desde la Zona Metropolitana Para Todo M\u00e9xico\",\"publisher\":{\"@id\":\"https:\\\/\\\/elinformativotam.com\\\/#organization\"},\"potentialAction\":[{\"@type\":\"SearchAction\",\"target\":{\"@type\":\"EntryPoint\",\"urlTemplate\":\"https:\\\/\\\/elinformativotam.com\\\/?s={search_term_string}\"},\"query-input\":{\"@type\":\"PropertyValueSpecification\",\"valueRequired\":true,\"valueName\":\"search_term_string\"}}],\"inLanguage\":\"es\"},{\"@type\":\"Organization\",\"@id\":\"https:\\\/\\\/elinformativotam.com\\\/#organization\",\"name\":\"EL INFORMATIVO DE TAMAULIPAS\",\"url\":\"https:\\\/\\\/elinformativotam.com\\\/\",\"logo\":{\"@type\":\"ImageObject\",\"inLanguage\":\"es\",\"@id\":\"https:\\\/\\\/elinformativotam.com\\\/#\\\/schema\\\/logo\\\/image\\\/\",\"url\":\"https:\\\/\\\/elinformativotam.com\\\/wp-content\\\/uploads\\\/2026\\\/02\\\/Cabezal.png\",\"contentUrl\":\"https:\\\/\\\/elinformativotam.com\\\/wp-content\\\/uploads\\\/2026\\\/02\\\/Cabezal.png\",\"width\":960,\"height\":640,\"caption\":\"EL INFORMATIVO DE TAMAULIPAS\"},\"image\":{\"@id\":\"https:\\\/\\\/elinformativotam.com\\\/#\\\/schema\\\/logo\\\/image\\\/\"}},{\"@type\":\"Person\",\"@id\":\"https:\\\/\\\/elinformativotam.com\\\/#\\\/schema\\\/person\\\/78e08040eed0f6110f0c5f83b6153590\",\"name\":\"El Informativo Tam\",\"image\":{\"@type\":\"ImageObject\",\"inLanguage\":\"es\",\"@id\":\"https:\\\/\\\/secure.gravatar.com\\\/avatar\\\/f3b7ad3af540688955925ac610647be00b0cf41feea9c4978b73a707ee86bc53?s=96&d=mm&r=g\",\"url\":\"https:\\\/\\\/secure.gravatar.com\\\/avatar\\\/f3b7ad3af540688955925ac610647be00b0cf41feea9c4978b73a707ee86bc53?s=96&d=mm&r=g\",\"contentUrl\":\"https:\\\/\\\/secure.gravatar.com\\\/avatar\\\/f3b7ad3af540688955925ac610647be00b0cf41feea9c4978b73a707ee86bc53?s=96&d=mm&r=g\",\"caption\":\"El Informativo Tam\"}}]}<\/script>\n<!-- \/ Yoast SEO plugin. -->","yoast_head_json":{"title":"GESTIONAR\u00c1N UN NUEVO MERCADO DE ARTESAN\u00cdAS EN EL PR\u00d3XIMO TRIENIO PORTE\u00d1O - EL INFORMATIVO DE TAMAULIPAS","description":"*El Proyecto De Muchos A\u00f1os Contempla Un Centro De Abasto En La Plaza Hijas, Justo Frente Al Mercado Tampico &nbsp; &nbsp; Ser\u00e1 para el pr\u00f3ximo trienio","robots":{"index":"index","follow":"follow","max-snippet":"max-snippet:-1","max-image-preview":"max-image-preview:large","max-video-preview":"max-video-preview:-1"},"canonical":"https:\/\/elinformativotam.com\/index.php\/2024\/08\/13\/gestionaran-un-nuevo-mercado-de-artesanias-en-el-proximo-trienio-porteno\/","og_locale":"es_MX","og_type":"article","og_title":"GESTIONAR\u00c1N UN NUEVO MERCADO DE ARTESAN\u00cdAS EN EL PR\u00d3XIMO TRIENIO PORTE\u00d1O - EL INFORMATIVO DE TAMAULIPAS","og_description":"*El Proyecto De Muchos A\u00f1os Contempla Un Centro De Abasto En La Plaza Hijas, Justo Frente Al Mercado Tampico &nbsp; &nbsp; Ser\u00e1 para el pr\u00f3ximo trienio","og_url":"https:\/\/elinformativotam.com\/index.php\/2024\/08\/13\/gestionaran-un-nuevo-mercado-de-artesanias-en-el-proximo-trienio-porteno\/","og_site_name":"EL INFORMATIVO DE TAMAULIPAS","article_published_time":"2024-08-13T13:35:26+00:00","og_image":[{"width":1280,"height":963,"url":"https:\/\/elinformativotam.com\/wp-content\/uploads\/2024\/08\/Carlos.jpg","type":"image\/jpeg"}],"author":"El Informativo Tam","twitter_card":"summary_large_image","twitter_misc":{"Escrito por":"El Informativo Tam","Tiempo de lectura":"2 minutos"},"schema":{"@context":"https:\/\/schema.org","@graph":[{"@type":"Article","@id":"https:\/\/elinformativotam.com\/index.php\/2024\/08\/13\/gestionaran-un-nuevo-mercado-de-artesanias-en-el-proximo-trienio-porteno\/#article","isPartOf":{"@id":"https:\/\/elinformativotam.com\/index.php\/2024\/08\/13\/gestionaran-un-nuevo-mercado-de-artesanias-en-el-proximo-trienio-porteno\/"},"author":{"name":"El Informativo Tam","@id":"https:\/\/elinformativotam.com\/#\/schema\/person\/78e08040eed0f6110f0c5f83b6153590"},"headline":"GESTIONAR\u00c1N UN NUEVO MERCADO DE ARTESAN\u00cdAS EN EL PR\u00d3XIMO TRIENIO PORTE\u00d1O","datePublished":"2024-08-13T13:35:26+00:00","mainEntityOfPage":{"@id":"https:\/\/elinformativotam.com\/index.php\/2024\/08\/13\/gestionaran-un-nuevo-mercado-de-artesanias-en-el-proximo-trienio-porteno\/"},"wordCount":361,"commentCount":0,"publisher":{"@id":"https:\/\/elinformativotam.com\/#organization"},"image":{"@id":"https:\/\/elinformativotam.com\/index.php\/2024\/08\/13\/gestionaran-un-nuevo-mercado-de-artesanias-en-el-proximo-trienio-porteno\/#primaryimage"},"thumbnailUrl":"https:\/\/elinformativotam.com\/wp-content\/uploads\/2024\/08\/Carlos.jpg","articleSection":["Tampico"],"inLanguage":"es","potentialAction":[{"@type":"CommentAction","name":"Comment","target":["https:\/\/elinformativotam.com\/index.php\/2024\/08\/13\/gestionaran-un-nuevo-mercado-de-artesanias-en-el-proximo-trienio-porteno\/#respond"]}]},{"@type":"WebPage","@id":"https:\/\/elinformativotam.com\/index.php\/2024\/08\/13\/gestionaran-un-nuevo-mercado-de-artesanias-en-el-proximo-trienio-porteno\/","url":"https:\/\/elinformativotam.com\/index.php\/2024\/08\/13\/gestionaran-un-nuevo-mercado-de-artesanias-en-el-proximo-trienio-porteno\/","name":"GESTIONAR\u00c1N UN NUEVO MERCADO DE ARTESAN\u00cdAS EN EL PR\u00d3XIMO TRIENIO PORTE\u00d1O - EL INFORMATIVO DE TAMAULIPAS","isPartOf":{"@id":"https:\/\/elinformativotam.com\/#website"},"primaryImageOfPage":{"@id":"https:\/\/elinformativotam.com\/index.php\/2024\/08\/13\/gestionaran-un-nuevo-mercado-de-artesanias-en-el-proximo-trienio-porteno\/#primaryimage"},"image":{"@id":"https:\/\/elinformativotam.com\/index.php\/2024\/08\/13\/gestionaran-un-nuevo-mercado-de-artesanias-en-el-proximo-trienio-porteno\/#primaryimage"},"thumbnailUrl":"https:\/\/elinformativotam.com\/wp-content\/uploads\/2024\/08\/Carlos.jpg","datePublished":"2024-08-13T13:35:26+00:00","description":"*El Proyecto De Muchos A\u00f1os Contempla Un Centro De Abasto En La Plaza Hijas, Justo Frente Al Mercado Tampico &nbsp; &nbsp; Ser\u00e1 para el pr\u00f3ximo trienio","inLanguage":"es","potentialAction":[{"@type":"ReadAction","target":["https:\/\/elinformativotam.com\/index.php\/2024\/08\/13\/gestionaran-un-nuevo-mercado-de-artesanias-en-el-proximo-trienio-porteno\/"]}]},{"@type":"ImageObject","inLanguage":"es","@id":"https:\/\/elinformativotam.com\/index.php\/2024\/08\/13\/gestionaran-un-nuevo-mercado-de-artesanias-en-el-proximo-trienio-porteno\/#primaryimage","url":"https:\/\/elinformativotam.com\/wp-content\/uploads\/2024\/08\/Carlos.jpg","contentUrl":"https:\/\/elinformativotam.com\/wp-content\/uploads\/2024\/08\/Carlos.jpg","width":1280,"height":963},{"@type":"WebSite","@id":"https:\/\/elinformativotam.com\/#website","url":"https:\/\/elinformativotam.com\/","name":"EL INFORMATIVO DE TAMAULIPAS","description":"Desde la Zona Metropolitana Para Todo M\u00e9xico","publisher":{"@id":"https:\/\/elinformativotam.com\/#organization"},"potentialAction":[{"@type":"SearchAction","target":{"@type":"EntryPoint","urlTemplate":"https:\/\/elinformativotam.com\/?s={search_term_string}"},"query-input":{"@type":"PropertyValueSpecification","valueRequired":true,"valueName":"search_term_string"}}],"inLanguage":"es"},{"@type":"Organization","@id":"https:\/\/elinformativotam.com\/#organization","name":"EL INFORMATIVO DE TAMAULIPAS","url":"https:\/\/elinformativotam.com\/","logo":{"@type":"ImageObject","inLanguage":"es","@id":"https:\/\/elinformativotam.com\/#\/schema\/logo\/image\/","url":"https:\/\/elinformativotam.com\/wp-content\/uploads\/2026\/02\/Cabezal.png","contentUrl":"https:\/\/elinformativotam.com\/wp-content\/uploads\/2026\/02\/Cabezal.png","width":960,"height":640,"caption":"EL INFORMATIVO DE TAMAULIPAS"},"image":{"@id":"https:\/\/elinformativotam.com\/#\/schema\/logo\/image\/"}},{"@type":"Person","@id":"https:\/\/elinformativotam.com\/#\/schema\/person\/78e08040eed0f6110f0c5f83b6153590","name":"El Informativo Tam","image":{"@type":"ImageObject","inLanguage":"es","@id":"https:\/\/secure.gravatar.com\/avatar\/f3b7ad3af540688955925ac610647be00b0cf41feea9c4978b73a707ee86bc53?s=96&d=mm&r=g","url":"https:\/\/secure.gravatar.com\/avatar\/f3b7ad3af540688955925ac610647be00b0cf41feea9c4978b73a707ee86bc53?s=96&d=mm&r=g","contentUrl":"https:\/\/secure.gravatar.com\/avatar\/f3b7ad3af540688955925ac610647be00b0cf41feea9c4978b73a707ee86bc53?s=96&d=mm&r=g","caption":"El Informativo Tam"}}]}},"_links":{"self":[{"href":"https:\/\/elinformativotam.com\/index.php\/wp-json\/wp\/v2\/posts\/52033","targetHints":{"allow":["GET"]}}],"collection":[{"href":"https:\/\/elinformativotam.com\/index.php\/wp-json\/wp\/v2\/posts"}],"about":[{"href":"https:\/\/elinformativotam.com\/index.php\/wp-json\/wp\/v2\/types\/post"}],"author":[{"embeddable":true,"href":"https:\/\/elinformativotam.com\/index.php\/wp-json\/wp\/v2\/users\/1"}],"replies":[{"embeddable":true,"href":"https:\/\/elinformativotam.com\/index.php\/wp-json\/wp\/v2\/comments?post=52033"}],"version-history":[{"count":1,"href":"https:\/\/elinformativotam.com\/index.php\/wp-json\/wp\/v2\/posts\/52033\/revisions"}],"predecessor-version":[{"id":52035,"href":"https:\/\/elinformativotam.com\/index.php\/wp-json\/wp\/v2\/posts\/52033\/revisions\/52035"}],"wp:featuredmedia":[{"embeddable":true,"href":"https:\/\/elinformativotam.com\/index.php\/wp-json\/wp\/v2\/media\/52034"}],"wp:attachment":[{"href":"https:\/\/elinformativotam.com\/index.php\/wp-json\/wp\/v2\/media?parent=52033"}],"wp:term":[{"taxonomy":"category","embeddable":true,"href":"https:\/\/elinformativotam.com\/index.php\/wp-json\/wp\/v2\/categories?post=52033"},{"taxonomy":"post_tag","embeddable":true,"href":"https:\/\/elinformativotam.com\/index.php\/wp-json\/wp\/v2\/tags?post=52033"}],"curies":[{"name":"wp","href":"https:\/\/api.w.org\/{rel}","templated":true}]}}