{"id":52027,"date":"2024-08-13T07:29:16","date_gmt":"2024-08-13T13:29:16","guid":{"rendered":"https:\/\/elinformativotam.com\/?p=52027"},"modified":"2024-08-13T07:29:16","modified_gmt":"2024-08-13T13:29:16","slug":"crece-covid-20-y-380-casos-de-dengue-en-tampico-y-madero","status":"publish","type":"post","link":"https:\/\/elinformativotam.com\/index.php\/2024\/08\/13\/crece-covid-20-y-380-casos-de-dengue-en-tampico-y-madero\/","title":{"rendered":"CRECE COVID 20% Y 380 CASOS DE DENGUE EN TAMPICO Y MADERO"},"content":{"rendered":"<h2 style=\"text-align: center;\"><em><span style=\"font-family: 'times new roman', times;\">*Los Casos De Los Dos Padecimientos Est\u00e1n A La Alza Desde Las \u00daltimas Semanas<\/span><\/em><\/h2>\n<p>&nbsp;<\/p>\n<p>Autoridades sanitarias de Tampico y Madero confirmaron, hoy lunes, el retorno del uso del cubrebocas en todas las unidades m\u00e9dicas y hospitales, esto debido al ascendente n\u00famero de casos por Covid. Tambi\u00e9n se dio a conocer que hay detectados 380 casos de dengue, cifra que puede ser m\u00e1s ya que algunos no se reportan debido a que el impacto en personas es m\u00ednimo o imperceptible.<\/p>\n<p>&nbsp;<\/p>\n<p>David Cadena Mata, Jefe de la Jurisdicci\u00f3n Sanitaria 2 destac\u00f3, que el mal sanitario que puso en jaque a la regi\u00f3n, sufri\u00f3 una modificaci\u00f3n en su mutaci\u00f3n, afortunadamente, sin alto grado de peligrosidad para la poblaci\u00f3n.<\/p>\n<p>&nbsp;<\/p>\n<p>Recalc\u00f3 que desde hace dos meses y particularmente en la \u00faltima quincena el virus se ha incrementado un 20%\u00a0 en los hospitales y cl\u00ednicas p\u00fablicas, pues reiter\u00f3 que una persona contagiada es suficiente para propagar el padecimiento en corto tiempo.<\/p>\n<p>&nbsp;<\/p>\n<p>Extern\u00f3, que est\u00e1 mutaci\u00f3n del nuevo Covid se presenta en la persona desde una leve gripa hasta dolor de cabeza y huesos, entre otros s\u00edntomas, por lo que exhort\u00f3 a la poblaci\u00f3n a volver utilizar el cubrebocas en espacios cerrados y de alta concentraci\u00f3n.<\/p>\n<p>&nbsp;<\/p>\n<p>&#8220;El covid nunca se ha ido, solo s\u00e9 modific\u00f3, el impacto en la salud es mucho m\u00e1s leve, pero finalmente es un virus que mut\u00f3 y que es peligroso para adultos mayores con enfermedades cr\u00f3nicas, ni\u00f1os y mujeres embarazadas&#8221;, resalt\u00f3<\/p>\n<p>&nbsp;<\/p>\n<p>En torno al padecimiento del dengue, el galeno reiter\u00f3 que en lo que va del a\u00f1o se han registrado poco m\u00e1s de 380 casos en Tampico y Madero, de los cu\u00e1les 100 son de personas que llegan de la huasteca para ser atendidos en las instituciones m\u00e9dicas de la zona sur<\/p>\n<p>&nbsp;<\/p>\n<p>Explic\u00f3 que solo 4 casos han sido considerados como graves, y recalc\u00f3 que en toda la incidencia pudiera ser un poco mayor debido a que en muchas personas no alcanza a desarrollar el padecimiento y por ende no son incluidos en la estad\u00edstica.<\/p>\n<p>&nbsp;<\/p>\n<p>&#8220;Esta incidencia es alta con respecto al a\u00f1o pasado a consecuencia de las lluvias. En las \u00faltimas semanas las precipitaciones han abonado para que el dengue crezca&#8221;, declar\u00f3<\/p>\n<p>&nbsp;<\/p>\n<p>Finalmente, el encargado de la jurisdicci\u00f3n sanitaria 2, reiter\u00f3 que se pone especial \u00e9nfasis en aquellas colonias cercanas a los vasos de captaci\u00f3n, donde la fumigaci\u00f3n y abatizaci\u00f3n es constante.<\/p>\n","protected":false},"excerpt":{"rendered":"<p>*Los Casos De Los Dos Padecimientos Est\u00e1n A La Alza Desde Las \u00daltimas Semanas &nbsp; Autoridades sanitarias de Tampico y&hellip;<\/p>\n","protected":false},"author":1,"featured_media":52028,"comment_status":"open","ping_status":"open","sticky":false,"template":"","format":"standard","meta":{"footnotes":""},"categories":[3],"tags":[],"class_list":["post-52027","post","type-post","status-publish","format-standard","has-post-thumbnail","hentry","category-tampico"],"yoast_head":"<!-- This site is optimized with the Yoast SEO plugin v27.4 - https:\/\/yoast.com\/product\/yoast-seo-wordpress\/ -->\n<title>CRECE COVID 20% Y 380 CASOS DE DENGUE EN TAMPICO Y MADERO - EL INFORMATIVO DE TAMAULIPAS<\/title>\n<meta name=\"description\" content=\"*Los Casos De Los Dos Padecimientos Est\u00e1n A La Alza Desde Las \u00daltimas Semanas &nbsp; Autoridades sanitarias de Tampico y Madero confirmaron, hoy lunes, el\" \/>\n<meta name=\"robots\" content=\"index, follow, max-snippet:-1, max-image-preview:large, max-video-preview:-1\" \/>\n<link rel=\"canonical\" href=\"https:\/\/elinformativotam.com\/index.php\/2024\/08\/13\/crece-covid-20-y-380-casos-de-dengue-en-tampico-y-madero\/\" \/>\n<meta property=\"og:locale\" content=\"es_MX\" \/>\n<meta property=\"og:type\" content=\"article\" \/>\n<meta property=\"og:title\" content=\"CRECE COVID 20% Y 380 CASOS DE DENGUE EN TAMPICO Y MADERO - EL INFORMATIVO DE TAMAULIPAS\" \/>\n<meta property=\"og:description\" content=\"*Los Casos De Los Dos Padecimientos Est\u00e1n A La Alza Desde Las \u00daltimas Semanas &nbsp; Autoridades sanitarias de Tampico y Madero confirmaron, hoy lunes, el\" \/>\n<meta property=\"og:url\" content=\"https:\/\/elinformativotam.com\/index.php\/2024\/08\/13\/crece-covid-20-y-380-casos-de-dengue-en-tampico-y-madero\/\" \/>\n<meta property=\"og:site_name\" content=\"EL INFORMATIVO DE TAMAULIPAS\" \/>\n<meta property=\"article:published_time\" content=\"2024-08-13T13:29:16+00:00\" \/>\n<meta property=\"og:image\" content=\"https:\/\/elinformativotam.com\/wp-content\/uploads\/2024\/08\/Covid.jpg\" \/>\n\t<meta property=\"og:image:width\" content=\"1280\" \/>\n\t<meta property=\"og:image:height\" content=\"963\" \/>\n\t<meta property=\"og:image:type\" content=\"image\/jpeg\" \/>\n<meta name=\"author\" content=\"El Informativo Tam\" \/>\n<meta name=\"twitter:card\" content=\"summary_large_image\" \/>\n<meta name=\"twitter:label1\" content=\"Escrito por\" \/>\n\t<meta name=\"twitter:data1\" content=\"El Informativo Tam\" \/>\n\t<meta name=\"twitter:label2\" content=\"Tiempo de lectura\" \/>\n\t<meta name=\"twitter:data2\" content=\"2 minutos\" \/>\n<script type=\"application\/ld+json\" class=\"yoast-schema-graph\">{\"@context\":\"https:\\\/\\\/schema.org\",\"@graph\":[{\"@type\":\"Article\",\"@id\":\"https:\\\/\\\/elinformativotam.com\\\/index.php\\\/2024\\\/08\\\/13\\\/crece-covid-20-y-380-casos-de-dengue-en-tampico-y-madero\\\/#article\",\"isPartOf\":{\"@id\":\"https:\\\/\\\/elinformativotam.com\\\/index.php\\\/2024\\\/08\\\/13\\\/crece-covid-20-y-380-casos-de-dengue-en-tampico-y-madero\\\/\"},\"author\":{\"name\":\"El Informativo Tam\",\"@id\":\"https:\\\/\\\/elinformativotam.com\\\/#\\\/schema\\\/person\\\/78e08040eed0f6110f0c5f83b6153590\"},\"headline\":\"CRECE COVID 20% Y 380 CASOS DE DENGUE EN TAMPICO Y MADERO\",\"datePublished\":\"2024-08-13T13:29:16+00:00\",\"mainEntityOfPage\":{\"@id\":\"https:\\\/\\\/elinformativotam.com\\\/index.php\\\/2024\\\/08\\\/13\\\/crece-covid-20-y-380-casos-de-dengue-en-tampico-y-madero\\\/\"},\"wordCount\":433,\"commentCount\":0,\"publisher\":{\"@id\":\"https:\\\/\\\/elinformativotam.com\\\/#organization\"},\"image\":{\"@id\":\"https:\\\/\\\/elinformativotam.com\\\/index.php\\\/2024\\\/08\\\/13\\\/crece-covid-20-y-380-casos-de-dengue-en-tampico-y-madero\\\/#primaryimage\"},\"thumbnailUrl\":\"https:\\\/\\\/elinformativotam.com\\\/wp-content\\\/uploads\\\/2024\\\/08\\\/Covid.jpg\",\"articleSection\":[\"Tampico\"],\"inLanguage\":\"es\",\"potentialAction\":[{\"@type\":\"CommentAction\",\"name\":\"Comment\",\"target\":[\"https:\\\/\\\/elinformativotam.com\\\/index.php\\\/2024\\\/08\\\/13\\\/crece-covid-20-y-380-casos-de-dengue-en-tampico-y-madero\\\/#respond\"]}]},{\"@type\":\"WebPage\",\"@id\":\"https:\\\/\\\/elinformativotam.com\\\/index.php\\\/2024\\\/08\\\/13\\\/crece-covid-20-y-380-casos-de-dengue-en-tampico-y-madero\\\/\",\"url\":\"https:\\\/\\\/elinformativotam.com\\\/index.php\\\/2024\\\/08\\\/13\\\/crece-covid-20-y-380-casos-de-dengue-en-tampico-y-madero\\\/\",\"name\":\"CRECE COVID 20% Y 380 CASOS DE DENGUE EN TAMPICO Y MADERO - EL INFORMATIVO DE TAMAULIPAS\",\"isPartOf\":{\"@id\":\"https:\\\/\\\/elinformativotam.com\\\/#website\"},\"primaryImageOfPage\":{\"@id\":\"https:\\\/\\\/elinformativotam.com\\\/index.php\\\/2024\\\/08\\\/13\\\/crece-covid-20-y-380-casos-de-dengue-en-tampico-y-madero\\\/#primaryimage\"},\"image\":{\"@id\":\"https:\\\/\\\/elinformativotam.com\\\/index.php\\\/2024\\\/08\\\/13\\\/crece-covid-20-y-380-casos-de-dengue-en-tampico-y-madero\\\/#primaryimage\"},\"thumbnailUrl\":\"https:\\\/\\\/elinformativotam.com\\\/wp-content\\\/uploads\\\/2024\\\/08\\\/Covid.jpg\",\"datePublished\":\"2024-08-13T13:29:16+00:00\",\"description\":\"*Los Casos De Los Dos Padecimientos Est\u00e1n A La Alza Desde Las \u00daltimas Semanas &nbsp; Autoridades sanitarias de Tampico y Madero confirmaron, hoy lunes, el\",\"inLanguage\":\"es\",\"potentialAction\":[{\"@type\":\"ReadAction\",\"target\":[\"https:\\\/\\\/elinformativotam.com\\\/index.php\\\/2024\\\/08\\\/13\\\/crece-covid-20-y-380-casos-de-dengue-en-tampico-y-madero\\\/\"]}]},{\"@type\":\"ImageObject\",\"inLanguage\":\"es\",\"@id\":\"https:\\\/\\\/elinformativotam.com\\\/index.php\\\/2024\\\/08\\\/13\\\/crece-covid-20-y-380-casos-de-dengue-en-tampico-y-madero\\\/#primaryimage\",\"url\":\"https:\\\/\\\/elinformativotam.com\\\/wp-content\\\/uploads\\\/2024\\\/08\\\/Covid.jpg\",\"contentUrl\":\"https:\\\/\\\/elinformativotam.com\\\/wp-content\\\/uploads\\\/2024\\\/08\\\/Covid.jpg\",\"width\":1280,\"height\":963},{\"@type\":\"WebSite\",\"@id\":\"https:\\\/\\\/elinformativotam.com\\\/#website\",\"url\":\"https:\\\/\\\/elinformativotam.com\\\/\",\"name\":\"EL INFORMATIVO DE TAMAULIPAS\",\"description\":\"Desde la Zona Metropolitana Para Todo M\u00e9xico\",\"publisher\":{\"@id\":\"https:\\\/\\\/elinformativotam.com\\\/#organization\"},\"potentialAction\":[{\"@type\":\"SearchAction\",\"target\":{\"@type\":\"EntryPoint\",\"urlTemplate\":\"https:\\\/\\\/elinformativotam.com\\\/?s={search_term_string}\"},\"query-input\":{\"@type\":\"PropertyValueSpecification\",\"valueRequired\":true,\"valueName\":\"search_term_string\"}}],\"inLanguage\":\"es\"},{\"@type\":\"Organization\",\"@id\":\"https:\\\/\\\/elinformativotam.com\\\/#organization\",\"name\":\"EL INFORMATIVO DE TAMAULIPAS\",\"url\":\"https:\\\/\\\/elinformativotam.com\\\/\",\"logo\":{\"@type\":\"ImageObject\",\"inLanguage\":\"es\",\"@id\":\"https:\\\/\\\/elinformativotam.com\\\/#\\\/schema\\\/logo\\\/image\\\/\",\"url\":\"https:\\\/\\\/elinformativotam.com\\\/wp-content\\\/uploads\\\/2026\\\/02\\\/Cabezal.png\",\"contentUrl\":\"https:\\\/\\\/elinformativotam.com\\\/wp-content\\\/uploads\\\/2026\\\/02\\\/Cabezal.png\",\"width\":960,\"height\":640,\"caption\":\"EL INFORMATIVO DE TAMAULIPAS\"},\"image\":{\"@id\":\"https:\\\/\\\/elinformativotam.com\\\/#\\\/schema\\\/logo\\\/image\\\/\"}},{\"@type\":\"Person\",\"@id\":\"https:\\\/\\\/elinformativotam.com\\\/#\\\/schema\\\/person\\\/78e08040eed0f6110f0c5f83b6153590\",\"name\":\"El Informativo Tam\",\"image\":{\"@type\":\"ImageObject\",\"inLanguage\":\"es\",\"@id\":\"https:\\\/\\\/secure.gravatar.com\\\/avatar\\\/f3b7ad3af540688955925ac610647be00b0cf41feea9c4978b73a707ee86bc53?s=96&d=mm&r=g\",\"url\":\"https:\\\/\\\/secure.gravatar.com\\\/avatar\\\/f3b7ad3af540688955925ac610647be00b0cf41feea9c4978b73a707ee86bc53?s=96&d=mm&r=g\",\"contentUrl\":\"https:\\\/\\\/secure.gravatar.com\\\/avatar\\\/f3b7ad3af540688955925ac610647be00b0cf41feea9c4978b73a707ee86bc53?s=96&d=mm&r=g\",\"caption\":\"El Informativo Tam\"}}]}<\/script>\n<!-- \/ Yoast SEO plugin. -->","yoast_head_json":{"title":"CRECE COVID 20% Y 380 CASOS DE DENGUE EN TAMPICO Y MADERO - EL INFORMATIVO DE TAMAULIPAS","description":"*Los Casos De Los Dos Padecimientos Est\u00e1n A La Alza Desde Las \u00daltimas Semanas &nbsp; Autoridades sanitarias de Tampico y Madero confirmaron, hoy lunes, el","robots":{"index":"index","follow":"follow","max-snippet":"max-snippet:-1","max-image-preview":"max-image-preview:large","max-video-preview":"max-video-preview:-1"},"canonical":"https:\/\/elinformativotam.com\/index.php\/2024\/08\/13\/crece-covid-20-y-380-casos-de-dengue-en-tampico-y-madero\/","og_locale":"es_MX","og_type":"article","og_title":"CRECE COVID 20% Y 380 CASOS DE DENGUE EN TAMPICO Y MADERO - EL INFORMATIVO DE TAMAULIPAS","og_description":"*Los Casos De Los Dos Padecimientos Est\u00e1n A La Alza Desde Las \u00daltimas Semanas &nbsp; Autoridades sanitarias de Tampico y Madero confirmaron, hoy lunes, el","og_url":"https:\/\/elinformativotam.com\/index.php\/2024\/08\/13\/crece-covid-20-y-380-casos-de-dengue-en-tampico-y-madero\/","og_site_name":"EL INFORMATIVO DE TAMAULIPAS","article_published_time":"2024-08-13T13:29:16+00:00","og_image":[{"width":1280,"height":963,"url":"https:\/\/elinformativotam.com\/wp-content\/uploads\/2024\/08\/Covid.jpg","type":"image\/jpeg"}],"author":"El Informativo Tam","twitter_card":"summary_large_image","twitter_misc":{"Escrito por":"El Informativo Tam","Tiempo de lectura":"2 minutos"},"schema":{"@context":"https:\/\/schema.org","@graph":[{"@type":"Article","@id":"https:\/\/elinformativotam.com\/index.php\/2024\/08\/13\/crece-covid-20-y-380-casos-de-dengue-en-tampico-y-madero\/#article","isPartOf":{"@id":"https:\/\/elinformativotam.com\/index.php\/2024\/08\/13\/crece-covid-20-y-380-casos-de-dengue-en-tampico-y-madero\/"},"author":{"name":"El Informativo Tam","@id":"https:\/\/elinformativotam.com\/#\/schema\/person\/78e08040eed0f6110f0c5f83b6153590"},"headline":"CRECE COVID 20% Y 380 CASOS DE DENGUE EN TAMPICO Y MADERO","datePublished":"2024-08-13T13:29:16+00:00","mainEntityOfPage":{"@id":"https:\/\/elinformativotam.com\/index.php\/2024\/08\/13\/crece-covid-20-y-380-casos-de-dengue-en-tampico-y-madero\/"},"wordCount":433,"commentCount":0,"publisher":{"@id":"https:\/\/elinformativotam.com\/#organization"},"image":{"@id":"https:\/\/elinformativotam.com\/index.php\/2024\/08\/13\/crece-covid-20-y-380-casos-de-dengue-en-tampico-y-madero\/#primaryimage"},"thumbnailUrl":"https:\/\/elinformativotam.com\/wp-content\/uploads\/2024\/08\/Covid.jpg","articleSection":["Tampico"],"inLanguage":"es","potentialAction":[{"@type":"CommentAction","name":"Comment","target":["https:\/\/elinformativotam.com\/index.php\/2024\/08\/13\/crece-covid-20-y-380-casos-de-dengue-en-tampico-y-madero\/#respond"]}]},{"@type":"WebPage","@id":"https:\/\/elinformativotam.com\/index.php\/2024\/08\/13\/crece-covid-20-y-380-casos-de-dengue-en-tampico-y-madero\/","url":"https:\/\/elinformativotam.com\/index.php\/2024\/08\/13\/crece-covid-20-y-380-casos-de-dengue-en-tampico-y-madero\/","name":"CRECE COVID 20% Y 380 CASOS DE DENGUE EN TAMPICO Y MADERO - EL INFORMATIVO DE TAMAULIPAS","isPartOf":{"@id":"https:\/\/elinformativotam.com\/#website"},"primaryImageOfPage":{"@id":"https:\/\/elinformativotam.com\/index.php\/2024\/08\/13\/crece-covid-20-y-380-casos-de-dengue-en-tampico-y-madero\/#primaryimage"},"image":{"@id":"https:\/\/elinformativotam.com\/index.php\/2024\/08\/13\/crece-covid-20-y-380-casos-de-dengue-en-tampico-y-madero\/#primaryimage"},"thumbnailUrl":"https:\/\/elinformativotam.com\/wp-content\/uploads\/2024\/08\/Covid.jpg","datePublished":"2024-08-13T13:29:16+00:00","description":"*Los Casos De Los Dos Padecimientos Est\u00e1n A La Alza Desde Las \u00daltimas Semanas &nbsp; Autoridades sanitarias de Tampico y Madero confirmaron, hoy lunes, el","inLanguage":"es","potentialAction":[{"@type":"ReadAction","target":["https:\/\/elinformativotam.com\/index.php\/2024\/08\/13\/crece-covid-20-y-380-casos-de-dengue-en-tampico-y-madero\/"]}]},{"@type":"ImageObject","inLanguage":"es","@id":"https:\/\/elinformativotam.com\/index.php\/2024\/08\/13\/crece-covid-20-y-380-casos-de-dengue-en-tampico-y-madero\/#primaryimage","url":"https:\/\/elinformativotam.com\/wp-content\/uploads\/2024\/08\/Covid.jpg","contentUrl":"https:\/\/elinformativotam.com\/wp-content\/uploads\/2024\/08\/Covid.jpg","width":1280,"height":963},{"@type":"WebSite","@id":"https:\/\/elinformativotam.com\/#website","url":"https:\/\/elinformativotam.com\/","name":"EL INFORMATIVO DE TAMAULIPAS","description":"Desde la Zona Metropolitana Para Todo M\u00e9xico","publisher":{"@id":"https:\/\/elinformativotam.com\/#organization"},"potentialAction":[{"@type":"SearchAction","target":{"@type":"EntryPoint","urlTemplate":"https:\/\/elinformativotam.com\/?s={search_term_string}"},"query-input":{"@type":"PropertyValueSpecification","valueRequired":true,"valueName":"search_term_string"}}],"inLanguage":"es"},{"@type":"Organization","@id":"https:\/\/elinformativotam.com\/#organization","name":"EL INFORMATIVO DE TAMAULIPAS","url":"https:\/\/elinformativotam.com\/","logo":{"@type":"ImageObject","inLanguage":"es","@id":"https:\/\/elinformativotam.com\/#\/schema\/logo\/image\/","url":"https:\/\/elinformativotam.com\/wp-content\/uploads\/2026\/02\/Cabezal.png","contentUrl":"https:\/\/elinformativotam.com\/wp-content\/uploads\/2026\/02\/Cabezal.png","width":960,"height":640,"caption":"EL INFORMATIVO DE TAMAULIPAS"},"image":{"@id":"https:\/\/elinformativotam.com\/#\/schema\/logo\/image\/"}},{"@type":"Person","@id":"https:\/\/elinformativotam.com\/#\/schema\/person\/78e08040eed0f6110f0c5f83b6153590","name":"El Informativo Tam","image":{"@type":"ImageObject","inLanguage":"es","@id":"https:\/\/secure.gravatar.com\/avatar\/f3b7ad3af540688955925ac610647be00b0cf41feea9c4978b73a707ee86bc53?s=96&d=mm&r=g","url":"https:\/\/secure.gravatar.com\/avatar\/f3b7ad3af540688955925ac610647be00b0cf41feea9c4978b73a707ee86bc53?s=96&d=mm&r=g","contentUrl":"https:\/\/secure.gravatar.com\/avatar\/f3b7ad3af540688955925ac610647be00b0cf41feea9c4978b73a707ee86bc53?s=96&d=mm&r=g","caption":"El Informativo Tam"}}]}},"_links":{"self":[{"href":"https:\/\/elinformativotam.com\/index.php\/wp-json\/wp\/v2\/posts\/52027","targetHints":{"allow":["GET"]}}],"collection":[{"href":"https:\/\/elinformativotam.com\/index.php\/wp-json\/wp\/v2\/posts"}],"about":[{"href":"https:\/\/elinformativotam.com\/index.php\/wp-json\/wp\/v2\/types\/post"}],"author":[{"embeddable":true,"href":"https:\/\/elinformativotam.com\/index.php\/wp-json\/wp\/v2\/users\/1"}],"replies":[{"embeddable":true,"href":"https:\/\/elinformativotam.com\/index.php\/wp-json\/wp\/v2\/comments?post=52027"}],"version-history":[{"count":1,"href":"https:\/\/elinformativotam.com\/index.php\/wp-json\/wp\/v2\/posts\/52027\/revisions"}],"predecessor-version":[{"id":52029,"href":"https:\/\/elinformativotam.com\/index.php\/wp-json\/wp\/v2\/posts\/52027\/revisions\/52029"}],"wp:featuredmedia":[{"embeddable":true,"href":"https:\/\/elinformativotam.com\/index.php\/wp-json\/wp\/v2\/media\/52028"}],"wp:attachment":[{"href":"https:\/\/elinformativotam.com\/index.php\/wp-json\/wp\/v2\/media?parent=52027"}],"wp:term":[{"taxonomy":"category","embeddable":true,"href":"https:\/\/elinformativotam.com\/index.php\/wp-json\/wp\/v2\/categories?post=52027"},{"taxonomy":"post_tag","embeddable":true,"href":"https:\/\/elinformativotam.com\/index.php\/wp-json\/wp\/v2\/tags?post=52027"}],"curies":[{"name":"wp","href":"https:\/\/api.w.org\/{rel}","templated":true}]}}