{"id":52009,"date":"2024-08-11T14:15:04","date_gmt":"2024-08-11T20:15:04","guid":{"rendered":"https:\/\/elinformativotam.com\/?p=52009"},"modified":"2024-08-11T14:15:04","modified_gmt":"2024-08-11T20:15:04","slug":"protestan-en-el-ine-de-tampico-contra-la-sobrerrepresentacion-en-la-proxima-camara-baja","status":"publish","type":"post","link":"https:\/\/elinformativotam.com\/index.php\/2024\/08\/11\/protestan-en-el-ine-de-tampico-contra-la-sobrerrepresentacion-en-la-proxima-camara-baja\/","title":{"rendered":"Protestan en el INE de Tampico Contra la Sobrerrepresentaci\u00f3n en la Pr\u00f3xima C\u00e1mara Baja\u00a0"},"content":{"rendered":"<p>&nbsp;<\/p>\n<p>&nbsp;<\/p>\n<h2 style=\"text-align: center;\">*<em>mencionan que el 74% de las curules para la izquierda ocasionar\u00eda un da\u00f1o a la democracia, representatividad y pluralidad del pa\u00eds<\/em><\/h2>\n<p>&nbsp;<\/p>\n<p>&nbsp;<\/p>\n<p>Poco m\u00e1s de 100 personas se congregaron a las afueras de las oficinas centrales del INE Tampico, para exigir a las autoridad electoral detenga la sobrerrepresentaci\u00f3n que se vislumbra en la pr\u00f3xima legislatura federal, luego de que Morena y sus partidas pol\u00edticos aliados buscan quedarse con el 74% de la c\u00e1mara baja, y de esta manera sacar los pendientes legislativos reformando la Constituci\u00f3n.<\/p>\n<p>&nbsp;<\/p>\n<p>Personas simpatizantes con &#8220;la derecha&#8221; que est\u00e1n en desacuerdo con las decisiones que se han tomado en el Gobierno Federal de la Cuarta Transformaci\u00f3n, hicieron acto de presencia para criticar un tema que no es ampliamente conocido en el grueso de la poblaci\u00f3n del pa\u00eds, pero sin embargo ser\u00e1 crucial en unos meses m\u00e1s, cuando los nuevos diputados federales avalen iniciativas o leyes que beneficien o da\u00f1en a la poblaci\u00f3n, seg\u00fan desde la \u00f3ptica donde se quiera ver.<\/p>\n<p>&nbsp;<\/p>\n<p>Erik Ibarra, un j\u00f3ven que se uni\u00f3 a la manifestaci\u00f3n, se\u00f1al\u00f3 que la poblaci\u00f3n debe informarse sobre el tema, que aparentemente no ser\u00eda de gran importancia, empero que s\u00ed se comete un error legislativo &#8220;No vamos a pararlo y revertir, es necesario que se d\u00e9 cuenta antes la poblaci\u00f3n de lo que se har\u00e1, antes de que ya no se pueda hacer nada&#8221;, resalt\u00f3<\/p>\n<p>&nbsp;<\/p>\n<p>Enfatiz\u00f3 que otorgar el 74% de los espacios en el Congreso Federal a los partidos pol\u00edticos en el poder &#8220;ser\u00eda un grave error, y no lo podemos permitir&#8221;, a punto<\/p>\n<p>&nbsp;<\/p>\n<p>Otro j\u00f3ven de nombre Yordi Gual Garfias, que particip\u00f3 como exponente del tema en el plant\u00f3n a las afueras del INE, explic\u00f3 que la sobrerrepresentaci\u00f3n es una amenaza al equilibrio de poderes y que impactar\u00e1 severamente en el tema de los contrapesos.<\/p>\n<p>&nbsp;<\/p>\n<p>Puntualiz\u00f3, que Morena, PVEM y PT obtuvieron el 58% de la c\u00e1mara baja en la elecci\u00f3n constitucional, pero con la sobrerrepresentaci\u00f3n pretenden, dijo, llegar al 74%, dejando a la oposici\u00f3n solo un 26% de los espacios en la legislatura que est\u00e1 por arrancar el 1 de Septiembre<\/p>\n<p>&nbsp;<\/p>\n<p>Resalt\u00f3 que el PAN, PRI, PRD y MC estar\u00e1n en clara desventaja legislativa s\u00ed el INE avala dicha sobrerrepresentaci\u00f3n.<\/p>\n<p>&nbsp;<\/p>\n<p>&#8220;La constituci\u00f3n se\u00f1ala que ning\u00fan partido pol\u00edtico debe tener m\u00e1s de 300 diputados federales en una legislatura&#8221;, dijo<\/p>\n<p>&nbsp;<\/p>\n<p>Dej\u00f3 ver qu\u00e9 el pa\u00eds puede estar en riesgo s\u00ed la Constituci\u00f3n se reforma y se avalan leyes e iniciativas da\u00f1inas para el sector de la poblaci\u00f3n que no se siente representados por el partido pol\u00edtico que gobierna en el \u00e1mbito federal.<\/p>\n<p>&nbsp;<\/p>\n<p>&#8220;Con la mayor\u00eda calificada, es decir con poco m\u00e1s del 66% de los legisladores podr\u00eda haber reformas constitucionales y poner en peligro la democracia y pluralidad que tiene el pa\u00eds&#8221;, dijo<\/p>\n<p>&nbsp;<\/p>\n<p>El plant\u00f3n de los ciudadanos comenz\u00f3 pasadas las 11 de la ma\u00f1ana de este domingo y concluy\u00f3 antes de las 12 del d\u00eda con el c\u00e1ntico del himno nacional.<\/p>\n","protected":false},"excerpt":{"rendered":"<p>&nbsp; &nbsp; *mencionan que el 74% de las curules para la izquierda ocasionar\u00eda un da\u00f1o a la democracia, representatividad y&hellip;<\/p>\n","protected":false},"author":1,"featured_media":52010,"comment_status":"open","ping_status":"open","sticky":false,"template":"","format":"standard","meta":{"footnotes":""},"categories":[3],"tags":[],"class_list":["post-52009","post","type-post","status-publish","format-standard","has-post-thumbnail","hentry","category-tampico"],"yoast_head":"<!-- This site is optimized with the Yoast SEO plugin v27.4 - https:\/\/yoast.com\/product\/yoast-seo-wordpress\/ -->\n<title>Protestan en el INE de Tampico Contra la Sobrerrepresentaci\u00f3n en la Pr\u00f3xima C\u00e1mara Baja\u00a0 - EL INFORMATIVO DE TAMAULIPAS<\/title>\n<meta name=\"description\" content=\"&nbsp; &nbsp; *mencionan que el 74% de las curules para la izquierda ocasionar\u00eda un da\u00f1o a la democracia, representatividad y pluralidad del pa\u00eds\" \/>\n<meta name=\"robots\" content=\"index, follow, max-snippet:-1, max-image-preview:large, max-video-preview:-1\" \/>\n<link rel=\"canonical\" href=\"https:\/\/elinformativotam.com\/index.php\/2024\/08\/11\/protestan-en-el-ine-de-tampico-contra-la-sobrerrepresentacion-en-la-proxima-camara-baja\/\" \/>\n<meta property=\"og:locale\" content=\"es_MX\" \/>\n<meta property=\"og:type\" content=\"article\" \/>\n<meta property=\"og:title\" content=\"Protestan en el INE de Tampico Contra la Sobrerrepresentaci\u00f3n en la Pr\u00f3xima C\u00e1mara Baja\u00a0 - EL INFORMATIVO DE TAMAULIPAS\" \/>\n<meta property=\"og:description\" content=\"&nbsp; &nbsp; *mencionan que el 74% de las curules para la izquierda ocasionar\u00eda un da\u00f1o a la democracia, representatividad y pluralidad del pa\u00eds\" \/>\n<meta property=\"og:url\" content=\"https:\/\/elinformativotam.com\/index.php\/2024\/08\/11\/protestan-en-el-ine-de-tampico-contra-la-sobrerrepresentacion-en-la-proxima-camara-baja\/\" \/>\n<meta property=\"og:site_name\" content=\"EL INFORMATIVO DE TAMAULIPAS\" \/>\n<meta property=\"article:published_time\" content=\"2024-08-11T20:15:04+00:00\" \/>\n<meta property=\"og:image\" content=\"https:\/\/elinformativotam.com\/wp-content\/uploads\/2024\/08\/IMG-20240811-WA0023.jpg\" \/>\n\t<meta property=\"og:image:width\" content=\"1600\" \/>\n\t<meta property=\"og:image:height\" content=\"1204\" \/>\n\t<meta property=\"og:image:type\" content=\"image\/jpeg\" \/>\n<meta name=\"author\" content=\"El Informativo Tam\" \/>\n<meta name=\"twitter:card\" content=\"summary_large_image\" \/>\n<meta name=\"twitter:label1\" content=\"Escrito por\" \/>\n\t<meta name=\"twitter:data1\" content=\"El Informativo Tam\" \/>\n\t<meta name=\"twitter:label2\" content=\"Tiempo de lectura\" \/>\n\t<meta name=\"twitter:data2\" content=\"3 minutos\" \/>\n<script type=\"application\/ld+json\" class=\"yoast-schema-graph\">{\"@context\":\"https:\\\/\\\/schema.org\",\"@graph\":[{\"@type\":\"Article\",\"@id\":\"https:\\\/\\\/elinformativotam.com\\\/index.php\\\/2024\\\/08\\\/11\\\/protestan-en-el-ine-de-tampico-contra-la-sobrerrepresentacion-en-la-proxima-camara-baja\\\/#article\",\"isPartOf\":{\"@id\":\"https:\\\/\\\/elinformativotam.com\\\/index.php\\\/2024\\\/08\\\/11\\\/protestan-en-el-ine-de-tampico-contra-la-sobrerrepresentacion-en-la-proxima-camara-baja\\\/\"},\"author\":{\"name\":\"El Informativo Tam\",\"@id\":\"https:\\\/\\\/elinformativotam.com\\\/#\\\/schema\\\/person\\\/78e08040eed0f6110f0c5f83b6153590\"},\"headline\":\"Protestan en el INE de Tampico Contra la Sobrerrepresentaci\u00f3n en la Pr\u00f3xima C\u00e1mara Baja\u00a0\",\"datePublished\":\"2024-08-11T20:15:04+00:00\",\"mainEntityOfPage\":{\"@id\":\"https:\\\/\\\/elinformativotam.com\\\/index.php\\\/2024\\\/08\\\/11\\\/protestan-en-el-ine-de-tampico-contra-la-sobrerrepresentacion-en-la-proxima-camara-baja\\\/\"},\"wordCount\":555,\"commentCount\":0,\"publisher\":{\"@id\":\"https:\\\/\\\/elinformativotam.com\\\/#organization\"},\"image\":{\"@id\":\"https:\\\/\\\/elinformativotam.com\\\/index.php\\\/2024\\\/08\\\/11\\\/protestan-en-el-ine-de-tampico-contra-la-sobrerrepresentacion-en-la-proxima-camara-baja\\\/#primaryimage\"},\"thumbnailUrl\":\"https:\\\/\\\/elinformativotam.com\\\/wp-content\\\/uploads\\\/2024\\\/08\\\/IMG-20240811-WA0023.jpg\",\"articleSection\":[\"Tampico\"],\"inLanguage\":\"es\",\"potentialAction\":[{\"@type\":\"CommentAction\",\"name\":\"Comment\",\"target\":[\"https:\\\/\\\/elinformativotam.com\\\/index.php\\\/2024\\\/08\\\/11\\\/protestan-en-el-ine-de-tampico-contra-la-sobrerrepresentacion-en-la-proxima-camara-baja\\\/#respond\"]}]},{\"@type\":\"WebPage\",\"@id\":\"https:\\\/\\\/elinformativotam.com\\\/index.php\\\/2024\\\/08\\\/11\\\/protestan-en-el-ine-de-tampico-contra-la-sobrerrepresentacion-en-la-proxima-camara-baja\\\/\",\"url\":\"https:\\\/\\\/elinformativotam.com\\\/index.php\\\/2024\\\/08\\\/11\\\/protestan-en-el-ine-de-tampico-contra-la-sobrerrepresentacion-en-la-proxima-camara-baja\\\/\",\"name\":\"Protestan en el INE de Tampico Contra la Sobrerrepresentaci\u00f3n en la Pr\u00f3xima C\u00e1mara Baja\u00a0 - EL INFORMATIVO DE TAMAULIPAS\",\"isPartOf\":{\"@id\":\"https:\\\/\\\/elinformativotam.com\\\/#website\"},\"primaryImageOfPage\":{\"@id\":\"https:\\\/\\\/elinformativotam.com\\\/index.php\\\/2024\\\/08\\\/11\\\/protestan-en-el-ine-de-tampico-contra-la-sobrerrepresentacion-en-la-proxima-camara-baja\\\/#primaryimage\"},\"image\":{\"@id\":\"https:\\\/\\\/elinformativotam.com\\\/index.php\\\/2024\\\/08\\\/11\\\/protestan-en-el-ine-de-tampico-contra-la-sobrerrepresentacion-en-la-proxima-camara-baja\\\/#primaryimage\"},\"thumbnailUrl\":\"https:\\\/\\\/elinformativotam.com\\\/wp-content\\\/uploads\\\/2024\\\/08\\\/IMG-20240811-WA0023.jpg\",\"datePublished\":\"2024-08-11T20:15:04+00:00\",\"description\":\"&nbsp; &nbsp; *mencionan que el 74% de las curules para la izquierda ocasionar\u00eda un da\u00f1o a la democracia, representatividad y pluralidad del pa\u00eds\",\"inLanguage\":\"es\",\"potentialAction\":[{\"@type\":\"ReadAction\",\"target\":[\"https:\\\/\\\/elinformativotam.com\\\/index.php\\\/2024\\\/08\\\/11\\\/protestan-en-el-ine-de-tampico-contra-la-sobrerrepresentacion-en-la-proxima-camara-baja\\\/\"]}]},{\"@type\":\"ImageObject\",\"inLanguage\":\"es\",\"@id\":\"https:\\\/\\\/elinformativotam.com\\\/index.php\\\/2024\\\/08\\\/11\\\/protestan-en-el-ine-de-tampico-contra-la-sobrerrepresentacion-en-la-proxima-camara-baja\\\/#primaryimage\",\"url\":\"https:\\\/\\\/elinformativotam.com\\\/wp-content\\\/uploads\\\/2024\\\/08\\\/IMG-20240811-WA0023.jpg\",\"contentUrl\":\"https:\\\/\\\/elinformativotam.com\\\/wp-content\\\/uploads\\\/2024\\\/08\\\/IMG-20240811-WA0023.jpg\",\"width\":1600,\"height\":1204},{\"@type\":\"WebSite\",\"@id\":\"https:\\\/\\\/elinformativotam.com\\\/#website\",\"url\":\"https:\\\/\\\/elinformativotam.com\\\/\",\"name\":\"EL INFORMATIVO DE TAMAULIPAS\",\"description\":\"Desde la Zona Metropolitana Para Todo M\u00e9xico\",\"publisher\":{\"@id\":\"https:\\\/\\\/elinformativotam.com\\\/#organization\"},\"potentialAction\":[{\"@type\":\"SearchAction\",\"target\":{\"@type\":\"EntryPoint\",\"urlTemplate\":\"https:\\\/\\\/elinformativotam.com\\\/?s={search_term_string}\"},\"query-input\":{\"@type\":\"PropertyValueSpecification\",\"valueRequired\":true,\"valueName\":\"search_term_string\"}}],\"inLanguage\":\"es\"},{\"@type\":\"Organization\",\"@id\":\"https:\\\/\\\/elinformativotam.com\\\/#organization\",\"name\":\"EL INFORMATIVO DE TAMAULIPAS\",\"url\":\"https:\\\/\\\/elinformativotam.com\\\/\",\"logo\":{\"@type\":\"ImageObject\",\"inLanguage\":\"es\",\"@id\":\"https:\\\/\\\/elinformativotam.com\\\/#\\\/schema\\\/logo\\\/image\\\/\",\"url\":\"https:\\\/\\\/elinformativotam.com\\\/wp-content\\\/uploads\\\/2026\\\/02\\\/Cabezal.png\",\"contentUrl\":\"https:\\\/\\\/elinformativotam.com\\\/wp-content\\\/uploads\\\/2026\\\/02\\\/Cabezal.png\",\"width\":960,\"height\":640,\"caption\":\"EL INFORMATIVO DE TAMAULIPAS\"},\"image\":{\"@id\":\"https:\\\/\\\/elinformativotam.com\\\/#\\\/schema\\\/logo\\\/image\\\/\"}},{\"@type\":\"Person\",\"@id\":\"https:\\\/\\\/elinformativotam.com\\\/#\\\/schema\\\/person\\\/78e08040eed0f6110f0c5f83b6153590\",\"name\":\"El Informativo Tam\",\"image\":{\"@type\":\"ImageObject\",\"inLanguage\":\"es\",\"@id\":\"https:\\\/\\\/secure.gravatar.com\\\/avatar\\\/f3b7ad3af540688955925ac610647be00b0cf41feea9c4978b73a707ee86bc53?s=96&d=mm&r=g\",\"url\":\"https:\\\/\\\/secure.gravatar.com\\\/avatar\\\/f3b7ad3af540688955925ac610647be00b0cf41feea9c4978b73a707ee86bc53?s=96&d=mm&r=g\",\"contentUrl\":\"https:\\\/\\\/secure.gravatar.com\\\/avatar\\\/f3b7ad3af540688955925ac610647be00b0cf41feea9c4978b73a707ee86bc53?s=96&d=mm&r=g\",\"caption\":\"El Informativo Tam\"}}]}<\/script>\n<!-- \/ Yoast SEO plugin. -->","yoast_head_json":{"title":"Protestan en el INE de Tampico Contra la Sobrerrepresentaci\u00f3n en la Pr\u00f3xima C\u00e1mara Baja\u00a0 - EL INFORMATIVO DE TAMAULIPAS","description":"&nbsp; &nbsp; *mencionan que el 74% de las curules para la izquierda ocasionar\u00eda un da\u00f1o a la democracia, representatividad y pluralidad del pa\u00eds","robots":{"index":"index","follow":"follow","max-snippet":"max-snippet:-1","max-image-preview":"max-image-preview:large","max-video-preview":"max-video-preview:-1"},"canonical":"https:\/\/elinformativotam.com\/index.php\/2024\/08\/11\/protestan-en-el-ine-de-tampico-contra-la-sobrerrepresentacion-en-la-proxima-camara-baja\/","og_locale":"es_MX","og_type":"article","og_title":"Protestan en el INE de Tampico Contra la Sobrerrepresentaci\u00f3n en la Pr\u00f3xima C\u00e1mara Baja\u00a0 - EL INFORMATIVO DE TAMAULIPAS","og_description":"&nbsp; &nbsp; *mencionan que el 74% de las curules para la izquierda ocasionar\u00eda un da\u00f1o a la democracia, representatividad y pluralidad del pa\u00eds","og_url":"https:\/\/elinformativotam.com\/index.php\/2024\/08\/11\/protestan-en-el-ine-de-tampico-contra-la-sobrerrepresentacion-en-la-proxima-camara-baja\/","og_site_name":"EL INFORMATIVO DE TAMAULIPAS","article_published_time":"2024-08-11T20:15:04+00:00","og_image":[{"width":1600,"height":1204,"url":"https:\/\/elinformativotam.com\/wp-content\/uploads\/2024\/08\/IMG-20240811-WA0023.jpg","type":"image\/jpeg"}],"author":"El Informativo Tam","twitter_card":"summary_large_image","twitter_misc":{"Escrito por":"El Informativo Tam","Tiempo de lectura":"3 minutos"},"schema":{"@context":"https:\/\/schema.org","@graph":[{"@type":"Article","@id":"https:\/\/elinformativotam.com\/index.php\/2024\/08\/11\/protestan-en-el-ine-de-tampico-contra-la-sobrerrepresentacion-en-la-proxima-camara-baja\/#article","isPartOf":{"@id":"https:\/\/elinformativotam.com\/index.php\/2024\/08\/11\/protestan-en-el-ine-de-tampico-contra-la-sobrerrepresentacion-en-la-proxima-camara-baja\/"},"author":{"name":"El Informativo Tam","@id":"https:\/\/elinformativotam.com\/#\/schema\/person\/78e08040eed0f6110f0c5f83b6153590"},"headline":"Protestan en el INE de Tampico Contra la Sobrerrepresentaci\u00f3n en la Pr\u00f3xima C\u00e1mara Baja\u00a0","datePublished":"2024-08-11T20:15:04+00:00","mainEntityOfPage":{"@id":"https:\/\/elinformativotam.com\/index.php\/2024\/08\/11\/protestan-en-el-ine-de-tampico-contra-la-sobrerrepresentacion-en-la-proxima-camara-baja\/"},"wordCount":555,"commentCount":0,"publisher":{"@id":"https:\/\/elinformativotam.com\/#organization"},"image":{"@id":"https:\/\/elinformativotam.com\/index.php\/2024\/08\/11\/protestan-en-el-ine-de-tampico-contra-la-sobrerrepresentacion-en-la-proxima-camara-baja\/#primaryimage"},"thumbnailUrl":"https:\/\/elinformativotam.com\/wp-content\/uploads\/2024\/08\/IMG-20240811-WA0023.jpg","articleSection":["Tampico"],"inLanguage":"es","potentialAction":[{"@type":"CommentAction","name":"Comment","target":["https:\/\/elinformativotam.com\/index.php\/2024\/08\/11\/protestan-en-el-ine-de-tampico-contra-la-sobrerrepresentacion-en-la-proxima-camara-baja\/#respond"]}]},{"@type":"WebPage","@id":"https:\/\/elinformativotam.com\/index.php\/2024\/08\/11\/protestan-en-el-ine-de-tampico-contra-la-sobrerrepresentacion-en-la-proxima-camara-baja\/","url":"https:\/\/elinformativotam.com\/index.php\/2024\/08\/11\/protestan-en-el-ine-de-tampico-contra-la-sobrerrepresentacion-en-la-proxima-camara-baja\/","name":"Protestan en el INE de Tampico Contra la Sobrerrepresentaci\u00f3n en la Pr\u00f3xima C\u00e1mara Baja\u00a0 - EL INFORMATIVO DE TAMAULIPAS","isPartOf":{"@id":"https:\/\/elinformativotam.com\/#website"},"primaryImageOfPage":{"@id":"https:\/\/elinformativotam.com\/index.php\/2024\/08\/11\/protestan-en-el-ine-de-tampico-contra-la-sobrerrepresentacion-en-la-proxima-camara-baja\/#primaryimage"},"image":{"@id":"https:\/\/elinformativotam.com\/index.php\/2024\/08\/11\/protestan-en-el-ine-de-tampico-contra-la-sobrerrepresentacion-en-la-proxima-camara-baja\/#primaryimage"},"thumbnailUrl":"https:\/\/elinformativotam.com\/wp-content\/uploads\/2024\/08\/IMG-20240811-WA0023.jpg","datePublished":"2024-08-11T20:15:04+00:00","description":"&nbsp; &nbsp; *mencionan que el 74% de las curules para la izquierda ocasionar\u00eda un da\u00f1o a la democracia, representatividad y pluralidad del pa\u00eds","inLanguage":"es","potentialAction":[{"@type":"ReadAction","target":["https:\/\/elinformativotam.com\/index.php\/2024\/08\/11\/protestan-en-el-ine-de-tampico-contra-la-sobrerrepresentacion-en-la-proxima-camara-baja\/"]}]},{"@type":"ImageObject","inLanguage":"es","@id":"https:\/\/elinformativotam.com\/index.php\/2024\/08\/11\/protestan-en-el-ine-de-tampico-contra-la-sobrerrepresentacion-en-la-proxima-camara-baja\/#primaryimage","url":"https:\/\/elinformativotam.com\/wp-content\/uploads\/2024\/08\/IMG-20240811-WA0023.jpg","contentUrl":"https:\/\/elinformativotam.com\/wp-content\/uploads\/2024\/08\/IMG-20240811-WA0023.jpg","width":1600,"height":1204},{"@type":"WebSite","@id":"https:\/\/elinformativotam.com\/#website","url":"https:\/\/elinformativotam.com\/","name":"EL INFORMATIVO DE TAMAULIPAS","description":"Desde la Zona Metropolitana Para Todo M\u00e9xico","publisher":{"@id":"https:\/\/elinformativotam.com\/#organization"},"potentialAction":[{"@type":"SearchAction","target":{"@type":"EntryPoint","urlTemplate":"https:\/\/elinformativotam.com\/?s={search_term_string}"},"query-input":{"@type":"PropertyValueSpecification","valueRequired":true,"valueName":"search_term_string"}}],"inLanguage":"es"},{"@type":"Organization","@id":"https:\/\/elinformativotam.com\/#organization","name":"EL INFORMATIVO DE TAMAULIPAS","url":"https:\/\/elinformativotam.com\/","logo":{"@type":"ImageObject","inLanguage":"es","@id":"https:\/\/elinformativotam.com\/#\/schema\/logo\/image\/","url":"https:\/\/elinformativotam.com\/wp-content\/uploads\/2026\/02\/Cabezal.png","contentUrl":"https:\/\/elinformativotam.com\/wp-content\/uploads\/2026\/02\/Cabezal.png","width":960,"height":640,"caption":"EL INFORMATIVO DE TAMAULIPAS"},"image":{"@id":"https:\/\/elinformativotam.com\/#\/schema\/logo\/image\/"}},{"@type":"Person","@id":"https:\/\/elinformativotam.com\/#\/schema\/person\/78e08040eed0f6110f0c5f83b6153590","name":"El Informativo Tam","image":{"@type":"ImageObject","inLanguage":"es","@id":"https:\/\/secure.gravatar.com\/avatar\/f3b7ad3af540688955925ac610647be00b0cf41feea9c4978b73a707ee86bc53?s=96&d=mm&r=g","url":"https:\/\/secure.gravatar.com\/avatar\/f3b7ad3af540688955925ac610647be00b0cf41feea9c4978b73a707ee86bc53?s=96&d=mm&r=g","contentUrl":"https:\/\/secure.gravatar.com\/avatar\/f3b7ad3af540688955925ac610647be00b0cf41feea9c4978b73a707ee86bc53?s=96&d=mm&r=g","caption":"El Informativo Tam"}}]}},"_links":{"self":[{"href":"https:\/\/elinformativotam.com\/index.php\/wp-json\/wp\/v2\/posts\/52009","targetHints":{"allow":["GET"]}}],"collection":[{"href":"https:\/\/elinformativotam.com\/index.php\/wp-json\/wp\/v2\/posts"}],"about":[{"href":"https:\/\/elinformativotam.com\/index.php\/wp-json\/wp\/v2\/types\/post"}],"author":[{"embeddable":true,"href":"https:\/\/elinformativotam.com\/index.php\/wp-json\/wp\/v2\/users\/1"}],"replies":[{"embeddable":true,"href":"https:\/\/elinformativotam.com\/index.php\/wp-json\/wp\/v2\/comments?post=52009"}],"version-history":[{"count":1,"href":"https:\/\/elinformativotam.com\/index.php\/wp-json\/wp\/v2\/posts\/52009\/revisions"}],"predecessor-version":[{"id":52011,"href":"https:\/\/elinformativotam.com\/index.php\/wp-json\/wp\/v2\/posts\/52009\/revisions\/52011"}],"wp:featuredmedia":[{"embeddable":true,"href":"https:\/\/elinformativotam.com\/index.php\/wp-json\/wp\/v2\/media\/52010"}],"wp:attachment":[{"href":"https:\/\/elinformativotam.com\/index.php\/wp-json\/wp\/v2\/media?parent=52009"}],"wp:term":[{"taxonomy":"category","embeddable":true,"href":"https:\/\/elinformativotam.com\/index.php\/wp-json\/wp\/v2\/categories?post=52009"},{"taxonomy":"post_tag","embeddable":true,"href":"https:\/\/elinformativotam.com\/index.php\/wp-json\/wp\/v2\/tags?post=52009"}],"curies":[{"name":"wp","href":"https:\/\/api.w.org\/{rel}","templated":true}]}}