{"id":51987,"date":"2024-08-07T20:27:17","date_gmt":"2024-08-08T02:27:17","guid":{"rendered":"https:\/\/elinformativotam.com\/?p=51987"},"modified":"2024-08-07T20:27:17","modified_gmt":"2024-08-08T02:27:17","slug":"hoteleros-afectados-con-cortes-de-energia-electrica","status":"publish","type":"post","link":"https:\/\/elinformativotam.com\/index.php\/2024\/08\/07\/hoteleros-afectados-con-cortes-de-energia-electrica\/","title":{"rendered":"HOTELEROS AFECTADOS CON CORTES DE ENERG\u00cdA EL\u00c9CTRICA."},"content":{"rendered":"<p>Cd. Madero, Tamaulipas.- Debido a trabajos de mantenimiento de diversas l\u00edneas de Comisi\u00f3n Federal de Electricidad, hoteles de playa miramar tuvieron cortes en el servicio de energ\u00eda.<\/p>\n<p>&nbsp;<\/p>\n<p>Alberto Ortega Ortega , presidente de la Asociaci\u00f3n de Hoteles en el Sur de Tamaulipas, dijo que se pidi\u00f3 a la Comisi\u00f3n Federal de Electricidad que act\u00faen r\u00e1pido para restablecer la energ\u00eda, pues se encuentran en pleno periodo vacacional de verano.<\/p>\n<p>&nbsp;<\/p>\n<p>\u201cSi, efectivamente supe del corte. Si, la situaci\u00f3n fue por un mantenimiento que se le iba a dar, yo creo que ya lo hemos platicado a\u00f1os atr\u00e1s con la Comisi\u00f3n (Federal de Electricidad), pidiendo que no hagan este tipo de mantenimiento en temporadas altas, normalmente nos avisan a los hoteles\u201d; dijo.<\/p>\n<p>&nbsp;<\/p>\n<p>Destac\u00f3 que se realiz\u00f3 la petici\u00f3n de actuar r\u00e1pido para que el servicio se restableciera lo antes posible.<\/p>\n<p>&nbsp;<\/p>\n<p>Los hoteleros solicitaron a los hu\u00e9spedes que resultaron afectados su comprensi\u00f3n, debido a que son situaciones ajenas a ellos, pero que incomodan a quienes vienen al sur del estado a vacacionar.<\/p>\n<p>&nbsp;<\/p>\n<p>A\u00f1adi\u00f3 que los hoteles est\u00e1n preparados para estas situaciones, pues cuentan con L\u00ednea de Emergencia en pasillos, recepci\u00f3n, dos l\u00e1mparas en restaurantes, para mantener el servicio, aunque resalt\u00f3 que esto es algo que\u00a0 dif\u00edcilmente sucede en hoteles de cadena pues tienen una planta que pueda mantener dando energ\u00eda a todos los servicios como elevadores, aires acondicionados.<\/p>\n<p>&nbsp;<\/p>\n","protected":false},"excerpt":{"rendered":"<p>Cd. Madero, Tamaulipas.- Debido a trabajos de mantenimiento de diversas l\u00edneas de Comisi\u00f3n Federal de Electricidad, hoteles de playa miramar&hellip;<\/p>\n","protected":false},"author":1,"featured_media":51988,"comment_status":"open","ping_status":"open","sticky":false,"template":"","format":"standard","meta":{"footnotes":""},"categories":[4],"tags":[],"class_list":["post-51987","post","type-post","status-publish","format-standard","has-post-thumbnail","hentry","category-madero"],"yoast_head":"<!-- This site is optimized with the Yoast SEO plugin v27.4 - https:\/\/yoast.com\/product\/yoast-seo-wordpress\/ -->\n<title>HOTELEROS AFECTADOS CON CORTES DE ENERG\u00cdA EL\u00c9CTRICA. - EL INFORMATIVO DE TAMAULIPAS<\/title>\n<meta name=\"description\" content=\"Cd. Madero, Tamaulipas.- Debido a trabajos de mantenimiento de diversas l\u00edneas de Comisi\u00f3n Federal de Electricidad, hoteles de playa miramar tuvieron\" \/>\n<meta name=\"robots\" content=\"index, follow, max-snippet:-1, max-image-preview:large, max-video-preview:-1\" \/>\n<link rel=\"canonical\" href=\"https:\/\/elinformativotam.com\/index.php\/2024\/08\/07\/hoteleros-afectados-con-cortes-de-energia-electrica\/\" \/>\n<meta property=\"og:locale\" content=\"es_MX\" \/>\n<meta property=\"og:type\" content=\"article\" \/>\n<meta property=\"og:title\" content=\"HOTELEROS AFECTADOS CON CORTES DE ENERG\u00cdA EL\u00c9CTRICA. - EL INFORMATIVO DE TAMAULIPAS\" \/>\n<meta property=\"og:description\" content=\"Cd. Madero, Tamaulipas.- Debido a trabajos de mantenimiento de diversas l\u00edneas de Comisi\u00f3n Federal de Electricidad, hoteles de playa miramar tuvieron\" \/>\n<meta property=\"og:url\" content=\"https:\/\/elinformativotam.com\/index.php\/2024\/08\/07\/hoteleros-afectados-con-cortes-de-energia-electrica\/\" \/>\n<meta property=\"og:site_name\" content=\"EL INFORMATIVO DE TAMAULIPAS\" \/>\n<meta property=\"article:published_time\" content=\"2024-08-08T02:27:17+00:00\" \/>\n<meta property=\"og:image\" content=\"https:\/\/elinformativotam.com\/wp-content\/uploads\/2024\/08\/Hotel.jpeg\" \/>\n\t<meta property=\"og:image:width\" content=\"284\" \/>\n\t<meta property=\"og:image:height\" content=\"177\" \/>\n\t<meta property=\"og:image:type\" content=\"image\/jpeg\" \/>\n<meta name=\"author\" content=\"El Informativo Tam\" \/>\n<meta name=\"twitter:card\" content=\"summary_large_image\" \/>\n<meta name=\"twitter:label1\" content=\"Escrito por\" \/>\n\t<meta name=\"twitter:data1\" content=\"El Informativo Tam\" \/>\n\t<meta name=\"twitter:label2\" content=\"Tiempo de lectura\" \/>\n\t<meta name=\"twitter:data2\" content=\"2 minutos\" \/>\n<script type=\"application\/ld+json\" class=\"yoast-schema-graph\">{\"@context\":\"https:\\\/\\\/schema.org\",\"@graph\":[{\"@type\":\"Article\",\"@id\":\"https:\\\/\\\/elinformativotam.com\\\/index.php\\\/2024\\\/08\\\/07\\\/hoteleros-afectados-con-cortes-de-energia-electrica\\\/#article\",\"isPartOf\":{\"@id\":\"https:\\\/\\\/elinformativotam.com\\\/index.php\\\/2024\\\/08\\\/07\\\/hoteleros-afectados-con-cortes-de-energia-electrica\\\/\"},\"author\":{\"name\":\"El Informativo Tam\",\"@id\":\"https:\\\/\\\/elinformativotam.com\\\/#\\\/schema\\\/person\\\/78e08040eed0f6110f0c5f83b6153590\"},\"headline\":\"HOTELEROS AFECTADOS CON CORTES DE ENERG\u00cdA EL\u00c9CTRICA.\",\"datePublished\":\"2024-08-08T02:27:17+00:00\",\"mainEntityOfPage\":{\"@id\":\"https:\\\/\\\/elinformativotam.com\\\/index.php\\\/2024\\\/08\\\/07\\\/hoteleros-afectados-con-cortes-de-energia-electrica\\\/\"},\"wordCount\":262,\"commentCount\":0,\"publisher\":{\"@id\":\"https:\\\/\\\/elinformativotam.com\\\/#organization\"},\"image\":{\"@id\":\"https:\\\/\\\/elinformativotam.com\\\/index.php\\\/2024\\\/08\\\/07\\\/hoteleros-afectados-con-cortes-de-energia-electrica\\\/#primaryimage\"},\"thumbnailUrl\":\"https:\\\/\\\/elinformativotam.com\\\/wp-content\\\/uploads\\\/2024\\\/08\\\/Hotel.jpeg\",\"articleSection\":[\"Cd Madero\"],\"inLanguage\":\"es\",\"potentialAction\":[{\"@type\":\"CommentAction\",\"name\":\"Comment\",\"target\":[\"https:\\\/\\\/elinformativotam.com\\\/index.php\\\/2024\\\/08\\\/07\\\/hoteleros-afectados-con-cortes-de-energia-electrica\\\/#respond\"]}]},{\"@type\":\"WebPage\",\"@id\":\"https:\\\/\\\/elinformativotam.com\\\/index.php\\\/2024\\\/08\\\/07\\\/hoteleros-afectados-con-cortes-de-energia-electrica\\\/\",\"url\":\"https:\\\/\\\/elinformativotam.com\\\/index.php\\\/2024\\\/08\\\/07\\\/hoteleros-afectados-con-cortes-de-energia-electrica\\\/\",\"name\":\"HOTELEROS AFECTADOS CON CORTES DE ENERG\u00cdA EL\u00c9CTRICA. - EL INFORMATIVO DE TAMAULIPAS\",\"isPartOf\":{\"@id\":\"https:\\\/\\\/elinformativotam.com\\\/#website\"},\"primaryImageOfPage\":{\"@id\":\"https:\\\/\\\/elinformativotam.com\\\/index.php\\\/2024\\\/08\\\/07\\\/hoteleros-afectados-con-cortes-de-energia-electrica\\\/#primaryimage\"},\"image\":{\"@id\":\"https:\\\/\\\/elinformativotam.com\\\/index.php\\\/2024\\\/08\\\/07\\\/hoteleros-afectados-con-cortes-de-energia-electrica\\\/#primaryimage\"},\"thumbnailUrl\":\"https:\\\/\\\/elinformativotam.com\\\/wp-content\\\/uploads\\\/2024\\\/08\\\/Hotel.jpeg\",\"datePublished\":\"2024-08-08T02:27:17+00:00\",\"description\":\"Cd. Madero, Tamaulipas.- Debido a trabajos de mantenimiento de diversas l\u00edneas de Comisi\u00f3n Federal de Electricidad, hoteles de playa miramar tuvieron\",\"inLanguage\":\"es\",\"potentialAction\":[{\"@type\":\"ReadAction\",\"target\":[\"https:\\\/\\\/elinformativotam.com\\\/index.php\\\/2024\\\/08\\\/07\\\/hoteleros-afectados-con-cortes-de-energia-electrica\\\/\"]}]},{\"@type\":\"ImageObject\",\"inLanguage\":\"es\",\"@id\":\"https:\\\/\\\/elinformativotam.com\\\/index.php\\\/2024\\\/08\\\/07\\\/hoteleros-afectados-con-cortes-de-energia-electrica\\\/#primaryimage\",\"url\":\"https:\\\/\\\/elinformativotam.com\\\/wp-content\\\/uploads\\\/2024\\\/08\\\/Hotel.jpeg\",\"contentUrl\":\"https:\\\/\\\/elinformativotam.com\\\/wp-content\\\/uploads\\\/2024\\\/08\\\/Hotel.jpeg\",\"width\":284,\"height\":177},{\"@type\":\"WebSite\",\"@id\":\"https:\\\/\\\/elinformativotam.com\\\/#website\",\"url\":\"https:\\\/\\\/elinformativotam.com\\\/\",\"name\":\"EL INFORMATIVO DE TAMAULIPAS\",\"description\":\"Desde la Zona Metropolitana Para Todo M\u00e9xico\",\"publisher\":{\"@id\":\"https:\\\/\\\/elinformativotam.com\\\/#organization\"},\"potentialAction\":[{\"@type\":\"SearchAction\",\"target\":{\"@type\":\"EntryPoint\",\"urlTemplate\":\"https:\\\/\\\/elinformativotam.com\\\/?s={search_term_string}\"},\"query-input\":{\"@type\":\"PropertyValueSpecification\",\"valueRequired\":true,\"valueName\":\"search_term_string\"}}],\"inLanguage\":\"es\"},{\"@type\":\"Organization\",\"@id\":\"https:\\\/\\\/elinformativotam.com\\\/#organization\",\"name\":\"EL INFORMATIVO DE TAMAULIPAS\",\"url\":\"https:\\\/\\\/elinformativotam.com\\\/\",\"logo\":{\"@type\":\"ImageObject\",\"inLanguage\":\"es\",\"@id\":\"https:\\\/\\\/elinformativotam.com\\\/#\\\/schema\\\/logo\\\/image\\\/\",\"url\":\"https:\\\/\\\/elinformativotam.com\\\/wp-content\\\/uploads\\\/2026\\\/02\\\/Cabezal.png\",\"contentUrl\":\"https:\\\/\\\/elinformativotam.com\\\/wp-content\\\/uploads\\\/2026\\\/02\\\/Cabezal.png\",\"width\":960,\"height\":640,\"caption\":\"EL INFORMATIVO DE TAMAULIPAS\"},\"image\":{\"@id\":\"https:\\\/\\\/elinformativotam.com\\\/#\\\/schema\\\/logo\\\/image\\\/\"}},{\"@type\":\"Person\",\"@id\":\"https:\\\/\\\/elinformativotam.com\\\/#\\\/schema\\\/person\\\/78e08040eed0f6110f0c5f83b6153590\",\"name\":\"El Informativo Tam\",\"image\":{\"@type\":\"ImageObject\",\"inLanguage\":\"es\",\"@id\":\"https:\\\/\\\/secure.gravatar.com\\\/avatar\\\/f3b7ad3af540688955925ac610647be00b0cf41feea9c4978b73a707ee86bc53?s=96&d=mm&r=g\",\"url\":\"https:\\\/\\\/secure.gravatar.com\\\/avatar\\\/f3b7ad3af540688955925ac610647be00b0cf41feea9c4978b73a707ee86bc53?s=96&d=mm&r=g\",\"contentUrl\":\"https:\\\/\\\/secure.gravatar.com\\\/avatar\\\/f3b7ad3af540688955925ac610647be00b0cf41feea9c4978b73a707ee86bc53?s=96&d=mm&r=g\",\"caption\":\"El Informativo Tam\"}}]}<\/script>\n<!-- \/ Yoast SEO plugin. -->","yoast_head_json":{"title":"HOTELEROS AFECTADOS CON CORTES DE ENERG\u00cdA EL\u00c9CTRICA. - EL INFORMATIVO DE TAMAULIPAS","description":"Cd. Madero, Tamaulipas.- Debido a trabajos de mantenimiento de diversas l\u00edneas de Comisi\u00f3n Federal de Electricidad, hoteles de playa miramar tuvieron","robots":{"index":"index","follow":"follow","max-snippet":"max-snippet:-1","max-image-preview":"max-image-preview:large","max-video-preview":"max-video-preview:-1"},"canonical":"https:\/\/elinformativotam.com\/index.php\/2024\/08\/07\/hoteleros-afectados-con-cortes-de-energia-electrica\/","og_locale":"es_MX","og_type":"article","og_title":"HOTELEROS AFECTADOS CON CORTES DE ENERG\u00cdA EL\u00c9CTRICA. - EL INFORMATIVO DE TAMAULIPAS","og_description":"Cd. Madero, Tamaulipas.- Debido a trabajos de mantenimiento de diversas l\u00edneas de Comisi\u00f3n Federal de Electricidad, hoteles de playa miramar tuvieron","og_url":"https:\/\/elinformativotam.com\/index.php\/2024\/08\/07\/hoteleros-afectados-con-cortes-de-energia-electrica\/","og_site_name":"EL INFORMATIVO DE TAMAULIPAS","article_published_time":"2024-08-08T02:27:17+00:00","og_image":[{"width":284,"height":177,"url":"https:\/\/elinformativotam.com\/wp-content\/uploads\/2024\/08\/Hotel.jpeg","type":"image\/jpeg"}],"author":"El Informativo Tam","twitter_card":"summary_large_image","twitter_misc":{"Escrito por":"El Informativo Tam","Tiempo de lectura":"2 minutos"},"schema":{"@context":"https:\/\/schema.org","@graph":[{"@type":"Article","@id":"https:\/\/elinformativotam.com\/index.php\/2024\/08\/07\/hoteleros-afectados-con-cortes-de-energia-electrica\/#article","isPartOf":{"@id":"https:\/\/elinformativotam.com\/index.php\/2024\/08\/07\/hoteleros-afectados-con-cortes-de-energia-electrica\/"},"author":{"name":"El Informativo Tam","@id":"https:\/\/elinformativotam.com\/#\/schema\/person\/78e08040eed0f6110f0c5f83b6153590"},"headline":"HOTELEROS AFECTADOS CON CORTES DE ENERG\u00cdA EL\u00c9CTRICA.","datePublished":"2024-08-08T02:27:17+00:00","mainEntityOfPage":{"@id":"https:\/\/elinformativotam.com\/index.php\/2024\/08\/07\/hoteleros-afectados-con-cortes-de-energia-electrica\/"},"wordCount":262,"commentCount":0,"publisher":{"@id":"https:\/\/elinformativotam.com\/#organization"},"image":{"@id":"https:\/\/elinformativotam.com\/index.php\/2024\/08\/07\/hoteleros-afectados-con-cortes-de-energia-electrica\/#primaryimage"},"thumbnailUrl":"https:\/\/elinformativotam.com\/wp-content\/uploads\/2024\/08\/Hotel.jpeg","articleSection":["Cd Madero"],"inLanguage":"es","potentialAction":[{"@type":"CommentAction","name":"Comment","target":["https:\/\/elinformativotam.com\/index.php\/2024\/08\/07\/hoteleros-afectados-con-cortes-de-energia-electrica\/#respond"]}]},{"@type":"WebPage","@id":"https:\/\/elinformativotam.com\/index.php\/2024\/08\/07\/hoteleros-afectados-con-cortes-de-energia-electrica\/","url":"https:\/\/elinformativotam.com\/index.php\/2024\/08\/07\/hoteleros-afectados-con-cortes-de-energia-electrica\/","name":"HOTELEROS AFECTADOS CON CORTES DE ENERG\u00cdA EL\u00c9CTRICA. - EL INFORMATIVO DE TAMAULIPAS","isPartOf":{"@id":"https:\/\/elinformativotam.com\/#website"},"primaryImageOfPage":{"@id":"https:\/\/elinformativotam.com\/index.php\/2024\/08\/07\/hoteleros-afectados-con-cortes-de-energia-electrica\/#primaryimage"},"image":{"@id":"https:\/\/elinformativotam.com\/index.php\/2024\/08\/07\/hoteleros-afectados-con-cortes-de-energia-electrica\/#primaryimage"},"thumbnailUrl":"https:\/\/elinformativotam.com\/wp-content\/uploads\/2024\/08\/Hotel.jpeg","datePublished":"2024-08-08T02:27:17+00:00","description":"Cd. Madero, Tamaulipas.- Debido a trabajos de mantenimiento de diversas l\u00edneas de Comisi\u00f3n Federal de Electricidad, hoteles de playa miramar tuvieron","inLanguage":"es","potentialAction":[{"@type":"ReadAction","target":["https:\/\/elinformativotam.com\/index.php\/2024\/08\/07\/hoteleros-afectados-con-cortes-de-energia-electrica\/"]}]},{"@type":"ImageObject","inLanguage":"es","@id":"https:\/\/elinformativotam.com\/index.php\/2024\/08\/07\/hoteleros-afectados-con-cortes-de-energia-electrica\/#primaryimage","url":"https:\/\/elinformativotam.com\/wp-content\/uploads\/2024\/08\/Hotel.jpeg","contentUrl":"https:\/\/elinformativotam.com\/wp-content\/uploads\/2024\/08\/Hotel.jpeg","width":284,"height":177},{"@type":"WebSite","@id":"https:\/\/elinformativotam.com\/#website","url":"https:\/\/elinformativotam.com\/","name":"EL INFORMATIVO DE TAMAULIPAS","description":"Desde la Zona Metropolitana Para Todo M\u00e9xico","publisher":{"@id":"https:\/\/elinformativotam.com\/#organization"},"potentialAction":[{"@type":"SearchAction","target":{"@type":"EntryPoint","urlTemplate":"https:\/\/elinformativotam.com\/?s={search_term_string}"},"query-input":{"@type":"PropertyValueSpecification","valueRequired":true,"valueName":"search_term_string"}}],"inLanguage":"es"},{"@type":"Organization","@id":"https:\/\/elinformativotam.com\/#organization","name":"EL INFORMATIVO DE TAMAULIPAS","url":"https:\/\/elinformativotam.com\/","logo":{"@type":"ImageObject","inLanguage":"es","@id":"https:\/\/elinformativotam.com\/#\/schema\/logo\/image\/","url":"https:\/\/elinformativotam.com\/wp-content\/uploads\/2026\/02\/Cabezal.png","contentUrl":"https:\/\/elinformativotam.com\/wp-content\/uploads\/2026\/02\/Cabezal.png","width":960,"height":640,"caption":"EL INFORMATIVO DE TAMAULIPAS"},"image":{"@id":"https:\/\/elinformativotam.com\/#\/schema\/logo\/image\/"}},{"@type":"Person","@id":"https:\/\/elinformativotam.com\/#\/schema\/person\/78e08040eed0f6110f0c5f83b6153590","name":"El Informativo Tam","image":{"@type":"ImageObject","inLanguage":"es","@id":"https:\/\/secure.gravatar.com\/avatar\/f3b7ad3af540688955925ac610647be00b0cf41feea9c4978b73a707ee86bc53?s=96&d=mm&r=g","url":"https:\/\/secure.gravatar.com\/avatar\/f3b7ad3af540688955925ac610647be00b0cf41feea9c4978b73a707ee86bc53?s=96&d=mm&r=g","contentUrl":"https:\/\/secure.gravatar.com\/avatar\/f3b7ad3af540688955925ac610647be00b0cf41feea9c4978b73a707ee86bc53?s=96&d=mm&r=g","caption":"El Informativo Tam"}}]}},"_links":{"self":[{"href":"https:\/\/elinformativotam.com\/index.php\/wp-json\/wp\/v2\/posts\/51987","targetHints":{"allow":["GET"]}}],"collection":[{"href":"https:\/\/elinformativotam.com\/index.php\/wp-json\/wp\/v2\/posts"}],"about":[{"href":"https:\/\/elinformativotam.com\/index.php\/wp-json\/wp\/v2\/types\/post"}],"author":[{"embeddable":true,"href":"https:\/\/elinformativotam.com\/index.php\/wp-json\/wp\/v2\/users\/1"}],"replies":[{"embeddable":true,"href":"https:\/\/elinformativotam.com\/index.php\/wp-json\/wp\/v2\/comments?post=51987"}],"version-history":[{"count":1,"href":"https:\/\/elinformativotam.com\/index.php\/wp-json\/wp\/v2\/posts\/51987\/revisions"}],"predecessor-version":[{"id":51989,"href":"https:\/\/elinformativotam.com\/index.php\/wp-json\/wp\/v2\/posts\/51987\/revisions\/51989"}],"wp:featuredmedia":[{"embeddable":true,"href":"https:\/\/elinformativotam.com\/index.php\/wp-json\/wp\/v2\/media\/51988"}],"wp:attachment":[{"href":"https:\/\/elinformativotam.com\/index.php\/wp-json\/wp\/v2\/media?parent=51987"}],"wp:term":[{"taxonomy":"category","embeddable":true,"href":"https:\/\/elinformativotam.com\/index.php\/wp-json\/wp\/v2\/categories?post=51987"},{"taxonomy":"post_tag","embeddable":true,"href":"https:\/\/elinformativotam.com\/index.php\/wp-json\/wp\/v2\/tags?post=51987"}],"curies":[{"name":"wp","href":"https:\/\/api.w.org\/{rel}","templated":true}]}}