{"id":51981,"date":"2024-08-07T20:19:59","date_gmt":"2024-08-08T02:19:59","guid":{"rendered":"https:\/\/elinformativotam.com\/?p=51981"},"modified":"2024-08-07T20:19:59","modified_gmt":"2024-08-08T02:19:59","slug":"viene-para-la-zona-conurbada-una-etapa-de-mucho-desarrollo-monica-villarreal-anaya","status":"publish","type":"post","link":"https:\/\/elinformativotam.com\/index.php\/2024\/08\/07\/viene-para-la-zona-conurbada-una-etapa-de-mucho-desarrollo-monica-villarreal-anaya\/","title":{"rendered":"VIENE PARA LA ZONA CONURBADA UNA ETAPA DE MUCHO DESARROLLO: M\u00d3NICA VILLARREAL ANAYA"},"content":{"rendered":"<p>Tampico, Tamaulipas.- La alcaldesa electa de Tampico, M\u00f3nica Villarreal Anaya, particip\u00f3 en la presentaci\u00f3n de la\u00a0 Congregaci\u00f3n Mariana Trinitaria, A.C., que tiene como prop\u00f3sito coadyuvar con los gobiernos para resolver problem\u00e1ticas y carencias de zonas vulnerables.<\/p>\n<p>&nbsp;<\/p>\n<p>El evento tuvo como sede el municipio de Altamira, siendo anfitriones el presidente Armando Mart\u00ednez Manr\u00edquez y su esposa la presidenta del DIF, Rossy Luque de Mart\u00ednez, quienes recibieron a los alcaldes electos de Aldama, Madero, Soto la Marina, Gonz\u00e1lez y Tampico.<\/p>\n<p>&nbsp;<\/p>\n<p>Los representantes de la Congregaci\u00f3n Mariana Trinitaria A.C., David Leyva y Gloria Molina, fueron los encargados de realizar la exposici\u00f3n para dar a conocer los programas de subsidios que manejan y la forma en que podr\u00edan unir esfuerzos con las administraciones entrantes.<\/p>\n<p>&nbsp;<\/p>\n<p>Al respecto Villarreal Anaya, agradeci\u00f3 al alcalde de Altamira la invitaci\u00f3n, y asegur\u00f3 que esto es el inicio de un gran trabajo en conjunto que se realizar\u00e1 en la zona conurbada a partir del 1 de octubre.<\/p>\n<p>&nbsp;<\/p>\n<p>&#8220;Esta es una posibilidad a la que nos invita el alcalde Armando Mart\u00ednez, de participar de esta convocatoria que hace la Congregaci\u00f3n Mariana Trinitaria, en donde se puede trabajar en conjunto con los municipios para obtener fondos de asistencia social&#8221;, se\u00f1al\u00f3.<\/p>\n<p>&nbsp;<\/p>\n<p>Augur\u00f3 que, este encuentro dejar\u00e1 resultados muy productivos, mismos que pronto ser\u00e1n compartidos a la ciudadan\u00eda.<\/p>\n<p>&nbsp;<\/p>\n<p>&#8220;El prop\u00f3sito de esta reuni\u00f3n fue escuchar las propuestas de la Congregaci\u00f3n Mariana Trinitaria, en temas de salud, pavimentaci\u00f3n, apoyo a adultos mayores y en general como poder trabajar en coordinaci\u00f3n para atender las necesidades de cada sector vulnerable&#8221;, mencion\u00f3.<\/p>\n<p>&nbsp;<\/p>\n<p>M\u00f3nica Villarreal, reconoci\u00f3 el inter\u00e9s de los alcaldes electos de Madero y Altamira, Erasmo Gonz\u00e1lez y Armando Mart\u00ednez, por unir esfuerzos en beneficio de la zona conurbada.<\/p>\n<p>&nbsp;<\/p>\n<p>&#8220;Trabajaremos coordinadamente, en campa\u00f1a hicimos el Pacto del Sur, en donde se aterrizaron todos los temas que tenemos de similitud y vamos a trabajar unidos, hay grandes oportunidades y viene para nuestra zona una etapa de mucho desarrollo&#8221;, finaliz\u00f3.<\/p>\n","protected":false},"excerpt":{"rendered":"<p>Tampico, Tamaulipas.- La alcaldesa electa de Tampico, M\u00f3nica Villarreal Anaya, particip\u00f3 en la presentaci\u00f3n de la\u00a0 Congregaci\u00f3n Mariana Trinitaria, A.C.,&hellip;<\/p>\n","protected":false},"author":1,"featured_media":51982,"comment_status":"open","ping_status":"open","sticky":false,"template":"","format":"standard","meta":{"footnotes":""},"categories":[3],"tags":[],"class_list":["post-51981","post","type-post","status-publish","format-standard","has-post-thumbnail","hentry","category-tampico"],"yoast_head":"<!-- This site is optimized with the Yoast SEO plugin v27.4 - https:\/\/yoast.com\/product\/yoast-seo-wordpress\/ -->\n<title>VIENE PARA LA ZONA CONURBADA UNA ETAPA DE MUCHO DESARROLLO: M\u00d3NICA VILLARREAL ANAYA - EL INFORMATIVO DE TAMAULIPAS<\/title>\n<meta name=\"description\" content=\"Tampico, Tamaulipas.- La alcaldesa electa de Tampico, M\u00f3nica Villarreal Anaya, particip\u00f3 en la presentaci\u00f3n de la\u00a0 Congregaci\u00f3n Mariana Trinitaria, A.C.,\" \/>\n<meta name=\"robots\" content=\"index, follow, max-snippet:-1, max-image-preview:large, max-video-preview:-1\" \/>\n<link rel=\"canonical\" href=\"https:\/\/elinformativotam.com\/index.php\/2024\/08\/07\/viene-para-la-zona-conurbada-una-etapa-de-mucho-desarrollo-monica-villarreal-anaya\/\" \/>\n<meta property=\"og:locale\" content=\"es_MX\" \/>\n<meta property=\"og:type\" content=\"article\" \/>\n<meta property=\"og:title\" content=\"VIENE PARA LA ZONA CONURBADA UNA ETAPA DE MUCHO DESARROLLO: M\u00d3NICA VILLARREAL ANAYA - EL INFORMATIVO DE TAMAULIPAS\" \/>\n<meta property=\"og:description\" content=\"Tampico, Tamaulipas.- La alcaldesa electa de Tampico, M\u00f3nica Villarreal Anaya, particip\u00f3 en la presentaci\u00f3n de la\u00a0 Congregaci\u00f3n Mariana Trinitaria, A.C.,\" \/>\n<meta property=\"og:url\" content=\"https:\/\/elinformativotam.com\/index.php\/2024\/08\/07\/viene-para-la-zona-conurbada-una-etapa-de-mucho-desarrollo-monica-villarreal-anaya\/\" \/>\n<meta property=\"og:site_name\" content=\"EL INFORMATIVO DE TAMAULIPAS\" \/>\n<meta property=\"article:published_time\" content=\"2024-08-08T02:19:59+00:00\" \/>\n<meta property=\"og:image\" content=\"https:\/\/elinformativotam.com\/wp-content\/uploads\/2024\/08\/Monica-1.jpeg\" \/>\n\t<meta property=\"og:image:width\" content=\"1600\" \/>\n\t<meta property=\"og:image:height\" content=\"1066\" \/>\n\t<meta property=\"og:image:type\" content=\"image\/jpeg\" \/>\n<meta name=\"author\" content=\"El Informativo Tam\" \/>\n<meta name=\"twitter:card\" content=\"summary_large_image\" \/>\n<meta name=\"twitter:label1\" content=\"Escrito por\" \/>\n\t<meta name=\"twitter:data1\" content=\"El Informativo Tam\" \/>\n\t<meta name=\"twitter:label2\" content=\"Tiempo de lectura\" \/>\n\t<meta name=\"twitter:data2\" content=\"2 minutos\" \/>\n<script type=\"application\/ld+json\" class=\"yoast-schema-graph\">{\"@context\":\"https:\\\/\\\/schema.org\",\"@graph\":[{\"@type\":\"Article\",\"@id\":\"https:\\\/\\\/elinformativotam.com\\\/index.php\\\/2024\\\/08\\\/07\\\/viene-para-la-zona-conurbada-una-etapa-de-mucho-desarrollo-monica-villarreal-anaya\\\/#article\",\"isPartOf\":{\"@id\":\"https:\\\/\\\/elinformativotam.com\\\/index.php\\\/2024\\\/08\\\/07\\\/viene-para-la-zona-conurbada-una-etapa-de-mucho-desarrollo-monica-villarreal-anaya\\\/\"},\"author\":{\"name\":\"El Informativo Tam\",\"@id\":\"https:\\\/\\\/elinformativotam.com\\\/#\\\/schema\\\/person\\\/78e08040eed0f6110f0c5f83b6153590\"},\"headline\":\"VIENE PARA LA ZONA CONURBADA UNA ETAPA DE MUCHO DESARROLLO: M\u00d3NICA VILLARREAL ANAYA\",\"datePublished\":\"2024-08-08T02:19:59+00:00\",\"mainEntityOfPage\":{\"@id\":\"https:\\\/\\\/elinformativotam.com\\\/index.php\\\/2024\\\/08\\\/07\\\/viene-para-la-zona-conurbada-una-etapa-de-mucho-desarrollo-monica-villarreal-anaya\\\/\"},\"wordCount\":372,\"commentCount\":0,\"publisher\":{\"@id\":\"https:\\\/\\\/elinformativotam.com\\\/#organization\"},\"image\":{\"@id\":\"https:\\\/\\\/elinformativotam.com\\\/index.php\\\/2024\\\/08\\\/07\\\/viene-para-la-zona-conurbada-una-etapa-de-mucho-desarrollo-monica-villarreal-anaya\\\/#primaryimage\"},\"thumbnailUrl\":\"https:\\\/\\\/elinformativotam.com\\\/wp-content\\\/uploads\\\/2024\\\/08\\\/Monica-1.jpeg\",\"articleSection\":[\"Tampico\"],\"inLanguage\":\"es\",\"potentialAction\":[{\"@type\":\"CommentAction\",\"name\":\"Comment\",\"target\":[\"https:\\\/\\\/elinformativotam.com\\\/index.php\\\/2024\\\/08\\\/07\\\/viene-para-la-zona-conurbada-una-etapa-de-mucho-desarrollo-monica-villarreal-anaya\\\/#respond\"]}]},{\"@type\":\"WebPage\",\"@id\":\"https:\\\/\\\/elinformativotam.com\\\/index.php\\\/2024\\\/08\\\/07\\\/viene-para-la-zona-conurbada-una-etapa-de-mucho-desarrollo-monica-villarreal-anaya\\\/\",\"url\":\"https:\\\/\\\/elinformativotam.com\\\/index.php\\\/2024\\\/08\\\/07\\\/viene-para-la-zona-conurbada-una-etapa-de-mucho-desarrollo-monica-villarreal-anaya\\\/\",\"name\":\"VIENE PARA LA ZONA CONURBADA UNA ETAPA DE MUCHO DESARROLLO: M\u00d3NICA VILLARREAL ANAYA - EL INFORMATIVO DE TAMAULIPAS\",\"isPartOf\":{\"@id\":\"https:\\\/\\\/elinformativotam.com\\\/#website\"},\"primaryImageOfPage\":{\"@id\":\"https:\\\/\\\/elinformativotam.com\\\/index.php\\\/2024\\\/08\\\/07\\\/viene-para-la-zona-conurbada-una-etapa-de-mucho-desarrollo-monica-villarreal-anaya\\\/#primaryimage\"},\"image\":{\"@id\":\"https:\\\/\\\/elinformativotam.com\\\/index.php\\\/2024\\\/08\\\/07\\\/viene-para-la-zona-conurbada-una-etapa-de-mucho-desarrollo-monica-villarreal-anaya\\\/#primaryimage\"},\"thumbnailUrl\":\"https:\\\/\\\/elinformativotam.com\\\/wp-content\\\/uploads\\\/2024\\\/08\\\/Monica-1.jpeg\",\"datePublished\":\"2024-08-08T02:19:59+00:00\",\"description\":\"Tampico, Tamaulipas.- La alcaldesa electa de Tampico, M\u00f3nica Villarreal Anaya, particip\u00f3 en la presentaci\u00f3n de la\u00a0 Congregaci\u00f3n Mariana Trinitaria, A.C.,\",\"inLanguage\":\"es\",\"potentialAction\":[{\"@type\":\"ReadAction\",\"target\":[\"https:\\\/\\\/elinformativotam.com\\\/index.php\\\/2024\\\/08\\\/07\\\/viene-para-la-zona-conurbada-una-etapa-de-mucho-desarrollo-monica-villarreal-anaya\\\/\"]}]},{\"@type\":\"ImageObject\",\"inLanguage\":\"es\",\"@id\":\"https:\\\/\\\/elinformativotam.com\\\/index.php\\\/2024\\\/08\\\/07\\\/viene-para-la-zona-conurbada-una-etapa-de-mucho-desarrollo-monica-villarreal-anaya\\\/#primaryimage\",\"url\":\"https:\\\/\\\/elinformativotam.com\\\/wp-content\\\/uploads\\\/2024\\\/08\\\/Monica-1.jpeg\",\"contentUrl\":\"https:\\\/\\\/elinformativotam.com\\\/wp-content\\\/uploads\\\/2024\\\/08\\\/Monica-1.jpeg\",\"width\":1600,\"height\":1066},{\"@type\":\"WebSite\",\"@id\":\"https:\\\/\\\/elinformativotam.com\\\/#website\",\"url\":\"https:\\\/\\\/elinformativotam.com\\\/\",\"name\":\"EL INFORMATIVO DE TAMAULIPAS\",\"description\":\"Desde la Zona Metropolitana Para Todo M\u00e9xico\",\"publisher\":{\"@id\":\"https:\\\/\\\/elinformativotam.com\\\/#organization\"},\"potentialAction\":[{\"@type\":\"SearchAction\",\"target\":{\"@type\":\"EntryPoint\",\"urlTemplate\":\"https:\\\/\\\/elinformativotam.com\\\/?s={search_term_string}\"},\"query-input\":{\"@type\":\"PropertyValueSpecification\",\"valueRequired\":true,\"valueName\":\"search_term_string\"}}],\"inLanguage\":\"es\"},{\"@type\":\"Organization\",\"@id\":\"https:\\\/\\\/elinformativotam.com\\\/#organization\",\"name\":\"EL INFORMATIVO DE TAMAULIPAS\",\"url\":\"https:\\\/\\\/elinformativotam.com\\\/\",\"logo\":{\"@type\":\"ImageObject\",\"inLanguage\":\"es\",\"@id\":\"https:\\\/\\\/elinformativotam.com\\\/#\\\/schema\\\/logo\\\/image\\\/\",\"url\":\"https:\\\/\\\/elinformativotam.com\\\/wp-content\\\/uploads\\\/2026\\\/02\\\/Cabezal.png\",\"contentUrl\":\"https:\\\/\\\/elinformativotam.com\\\/wp-content\\\/uploads\\\/2026\\\/02\\\/Cabezal.png\",\"width\":960,\"height\":640,\"caption\":\"EL INFORMATIVO DE TAMAULIPAS\"},\"image\":{\"@id\":\"https:\\\/\\\/elinformativotam.com\\\/#\\\/schema\\\/logo\\\/image\\\/\"}},{\"@type\":\"Person\",\"@id\":\"https:\\\/\\\/elinformativotam.com\\\/#\\\/schema\\\/person\\\/78e08040eed0f6110f0c5f83b6153590\",\"name\":\"El Informativo Tam\",\"image\":{\"@type\":\"ImageObject\",\"inLanguage\":\"es\",\"@id\":\"https:\\\/\\\/secure.gravatar.com\\\/avatar\\\/f3b7ad3af540688955925ac610647be00b0cf41feea9c4978b73a707ee86bc53?s=96&d=mm&r=g\",\"url\":\"https:\\\/\\\/secure.gravatar.com\\\/avatar\\\/f3b7ad3af540688955925ac610647be00b0cf41feea9c4978b73a707ee86bc53?s=96&d=mm&r=g\",\"contentUrl\":\"https:\\\/\\\/secure.gravatar.com\\\/avatar\\\/f3b7ad3af540688955925ac610647be00b0cf41feea9c4978b73a707ee86bc53?s=96&d=mm&r=g\",\"caption\":\"El Informativo Tam\"}}]}<\/script>\n<!-- \/ Yoast SEO plugin. -->","yoast_head_json":{"title":"VIENE PARA LA ZONA CONURBADA UNA ETAPA DE MUCHO DESARROLLO: M\u00d3NICA VILLARREAL ANAYA - EL INFORMATIVO DE TAMAULIPAS","description":"Tampico, Tamaulipas.- La alcaldesa electa de Tampico, M\u00f3nica Villarreal Anaya, particip\u00f3 en la presentaci\u00f3n de la\u00a0 Congregaci\u00f3n Mariana Trinitaria, A.C.,","robots":{"index":"index","follow":"follow","max-snippet":"max-snippet:-1","max-image-preview":"max-image-preview:large","max-video-preview":"max-video-preview:-1"},"canonical":"https:\/\/elinformativotam.com\/index.php\/2024\/08\/07\/viene-para-la-zona-conurbada-una-etapa-de-mucho-desarrollo-monica-villarreal-anaya\/","og_locale":"es_MX","og_type":"article","og_title":"VIENE PARA LA ZONA CONURBADA UNA ETAPA DE MUCHO DESARROLLO: M\u00d3NICA VILLARREAL ANAYA - EL INFORMATIVO DE TAMAULIPAS","og_description":"Tampico, Tamaulipas.- La alcaldesa electa de Tampico, M\u00f3nica Villarreal Anaya, particip\u00f3 en la presentaci\u00f3n de la\u00a0 Congregaci\u00f3n Mariana Trinitaria, A.C.,","og_url":"https:\/\/elinformativotam.com\/index.php\/2024\/08\/07\/viene-para-la-zona-conurbada-una-etapa-de-mucho-desarrollo-monica-villarreal-anaya\/","og_site_name":"EL INFORMATIVO DE TAMAULIPAS","article_published_time":"2024-08-08T02:19:59+00:00","og_image":[{"width":1600,"height":1066,"url":"https:\/\/elinformativotam.com\/wp-content\/uploads\/2024\/08\/Monica-1.jpeg","type":"image\/jpeg"}],"author":"El Informativo Tam","twitter_card":"summary_large_image","twitter_misc":{"Escrito por":"El Informativo Tam","Tiempo de lectura":"2 minutos"},"schema":{"@context":"https:\/\/schema.org","@graph":[{"@type":"Article","@id":"https:\/\/elinformativotam.com\/index.php\/2024\/08\/07\/viene-para-la-zona-conurbada-una-etapa-de-mucho-desarrollo-monica-villarreal-anaya\/#article","isPartOf":{"@id":"https:\/\/elinformativotam.com\/index.php\/2024\/08\/07\/viene-para-la-zona-conurbada-una-etapa-de-mucho-desarrollo-monica-villarreal-anaya\/"},"author":{"name":"El Informativo Tam","@id":"https:\/\/elinformativotam.com\/#\/schema\/person\/78e08040eed0f6110f0c5f83b6153590"},"headline":"VIENE PARA LA ZONA CONURBADA UNA ETAPA DE MUCHO DESARROLLO: M\u00d3NICA VILLARREAL ANAYA","datePublished":"2024-08-08T02:19:59+00:00","mainEntityOfPage":{"@id":"https:\/\/elinformativotam.com\/index.php\/2024\/08\/07\/viene-para-la-zona-conurbada-una-etapa-de-mucho-desarrollo-monica-villarreal-anaya\/"},"wordCount":372,"commentCount":0,"publisher":{"@id":"https:\/\/elinformativotam.com\/#organization"},"image":{"@id":"https:\/\/elinformativotam.com\/index.php\/2024\/08\/07\/viene-para-la-zona-conurbada-una-etapa-de-mucho-desarrollo-monica-villarreal-anaya\/#primaryimage"},"thumbnailUrl":"https:\/\/elinformativotam.com\/wp-content\/uploads\/2024\/08\/Monica-1.jpeg","articleSection":["Tampico"],"inLanguage":"es","potentialAction":[{"@type":"CommentAction","name":"Comment","target":["https:\/\/elinformativotam.com\/index.php\/2024\/08\/07\/viene-para-la-zona-conurbada-una-etapa-de-mucho-desarrollo-monica-villarreal-anaya\/#respond"]}]},{"@type":"WebPage","@id":"https:\/\/elinformativotam.com\/index.php\/2024\/08\/07\/viene-para-la-zona-conurbada-una-etapa-de-mucho-desarrollo-monica-villarreal-anaya\/","url":"https:\/\/elinformativotam.com\/index.php\/2024\/08\/07\/viene-para-la-zona-conurbada-una-etapa-de-mucho-desarrollo-monica-villarreal-anaya\/","name":"VIENE PARA LA ZONA CONURBADA UNA ETAPA DE MUCHO DESARROLLO: M\u00d3NICA VILLARREAL ANAYA - EL INFORMATIVO DE TAMAULIPAS","isPartOf":{"@id":"https:\/\/elinformativotam.com\/#website"},"primaryImageOfPage":{"@id":"https:\/\/elinformativotam.com\/index.php\/2024\/08\/07\/viene-para-la-zona-conurbada-una-etapa-de-mucho-desarrollo-monica-villarreal-anaya\/#primaryimage"},"image":{"@id":"https:\/\/elinformativotam.com\/index.php\/2024\/08\/07\/viene-para-la-zona-conurbada-una-etapa-de-mucho-desarrollo-monica-villarreal-anaya\/#primaryimage"},"thumbnailUrl":"https:\/\/elinformativotam.com\/wp-content\/uploads\/2024\/08\/Monica-1.jpeg","datePublished":"2024-08-08T02:19:59+00:00","description":"Tampico, Tamaulipas.- La alcaldesa electa de Tampico, M\u00f3nica Villarreal Anaya, particip\u00f3 en la presentaci\u00f3n de la\u00a0 Congregaci\u00f3n Mariana Trinitaria, A.C.,","inLanguage":"es","potentialAction":[{"@type":"ReadAction","target":["https:\/\/elinformativotam.com\/index.php\/2024\/08\/07\/viene-para-la-zona-conurbada-una-etapa-de-mucho-desarrollo-monica-villarreal-anaya\/"]}]},{"@type":"ImageObject","inLanguage":"es","@id":"https:\/\/elinformativotam.com\/index.php\/2024\/08\/07\/viene-para-la-zona-conurbada-una-etapa-de-mucho-desarrollo-monica-villarreal-anaya\/#primaryimage","url":"https:\/\/elinformativotam.com\/wp-content\/uploads\/2024\/08\/Monica-1.jpeg","contentUrl":"https:\/\/elinformativotam.com\/wp-content\/uploads\/2024\/08\/Monica-1.jpeg","width":1600,"height":1066},{"@type":"WebSite","@id":"https:\/\/elinformativotam.com\/#website","url":"https:\/\/elinformativotam.com\/","name":"EL INFORMATIVO DE TAMAULIPAS","description":"Desde la Zona Metropolitana Para Todo M\u00e9xico","publisher":{"@id":"https:\/\/elinformativotam.com\/#organization"},"potentialAction":[{"@type":"SearchAction","target":{"@type":"EntryPoint","urlTemplate":"https:\/\/elinformativotam.com\/?s={search_term_string}"},"query-input":{"@type":"PropertyValueSpecification","valueRequired":true,"valueName":"search_term_string"}}],"inLanguage":"es"},{"@type":"Organization","@id":"https:\/\/elinformativotam.com\/#organization","name":"EL INFORMATIVO DE TAMAULIPAS","url":"https:\/\/elinformativotam.com\/","logo":{"@type":"ImageObject","inLanguage":"es","@id":"https:\/\/elinformativotam.com\/#\/schema\/logo\/image\/","url":"https:\/\/elinformativotam.com\/wp-content\/uploads\/2026\/02\/Cabezal.png","contentUrl":"https:\/\/elinformativotam.com\/wp-content\/uploads\/2026\/02\/Cabezal.png","width":960,"height":640,"caption":"EL INFORMATIVO DE TAMAULIPAS"},"image":{"@id":"https:\/\/elinformativotam.com\/#\/schema\/logo\/image\/"}},{"@type":"Person","@id":"https:\/\/elinformativotam.com\/#\/schema\/person\/78e08040eed0f6110f0c5f83b6153590","name":"El Informativo Tam","image":{"@type":"ImageObject","inLanguage":"es","@id":"https:\/\/secure.gravatar.com\/avatar\/f3b7ad3af540688955925ac610647be00b0cf41feea9c4978b73a707ee86bc53?s=96&d=mm&r=g","url":"https:\/\/secure.gravatar.com\/avatar\/f3b7ad3af540688955925ac610647be00b0cf41feea9c4978b73a707ee86bc53?s=96&d=mm&r=g","contentUrl":"https:\/\/secure.gravatar.com\/avatar\/f3b7ad3af540688955925ac610647be00b0cf41feea9c4978b73a707ee86bc53?s=96&d=mm&r=g","caption":"El Informativo Tam"}}]}},"_links":{"self":[{"href":"https:\/\/elinformativotam.com\/index.php\/wp-json\/wp\/v2\/posts\/51981","targetHints":{"allow":["GET"]}}],"collection":[{"href":"https:\/\/elinformativotam.com\/index.php\/wp-json\/wp\/v2\/posts"}],"about":[{"href":"https:\/\/elinformativotam.com\/index.php\/wp-json\/wp\/v2\/types\/post"}],"author":[{"embeddable":true,"href":"https:\/\/elinformativotam.com\/index.php\/wp-json\/wp\/v2\/users\/1"}],"replies":[{"embeddable":true,"href":"https:\/\/elinformativotam.com\/index.php\/wp-json\/wp\/v2\/comments?post=51981"}],"version-history":[{"count":1,"href":"https:\/\/elinformativotam.com\/index.php\/wp-json\/wp\/v2\/posts\/51981\/revisions"}],"predecessor-version":[{"id":51983,"href":"https:\/\/elinformativotam.com\/index.php\/wp-json\/wp\/v2\/posts\/51981\/revisions\/51983"}],"wp:featuredmedia":[{"embeddable":true,"href":"https:\/\/elinformativotam.com\/index.php\/wp-json\/wp\/v2\/media\/51982"}],"wp:attachment":[{"href":"https:\/\/elinformativotam.com\/index.php\/wp-json\/wp\/v2\/media?parent=51981"}],"wp:term":[{"taxonomy":"category","embeddable":true,"href":"https:\/\/elinformativotam.com\/index.php\/wp-json\/wp\/v2\/categories?post=51981"},{"taxonomy":"post_tag","embeddable":true,"href":"https:\/\/elinformativotam.com\/index.php\/wp-json\/wp\/v2\/tags?post=51981"}],"curies":[{"name":"wp","href":"https:\/\/api.w.org\/{rel}","templated":true}]}}