{"id":51978,"date":"2024-08-06T22:02:44","date_gmt":"2024-08-07T04:02:44","guid":{"rendered":"https:\/\/elinformativotam.com\/?p=51978"},"modified":"2024-08-06T22:02:44","modified_gmt":"2024-08-07T04:02:44","slug":"esperan-hoteleros-alcanzar-mas-del-60-en-ocupacion-al-final-del-periodo-de-asueto","status":"publish","type":"post","link":"https:\/\/elinformativotam.com\/index.php\/2024\/08\/06\/esperan-hoteleros-alcanzar-mas-del-60-en-ocupacion-al-final-del-periodo-de-asueto\/","title":{"rendered":"ESPERAN HOTELEROS ALCANZAR M\u00c1S DEL 60% EN OCUPACI\u00d3N AL FINAL DEL PERIODO DE ASUETO"},"content":{"rendered":"<h2 style=\"text-align: center;\"><em><span style=\"font-family: 'times new roman', times;\">*Est\u00e1n Por Lograr Una Positiva Temporada Vacacional<\/span><\/em><\/h2>\n<p>&nbsp;<\/p>\n<p>Para la \u00faltima semana del presente mes el sector hotelero de la zona sur, sobre todo los que no est\u00e1n ubicados en \u00e1rea de playa, esperan rebasar el 60% en ocupaci\u00f3n hotelera, esto luego de los n\u00fameros positivos que han tenido en lo que va de la temporada de asueto, destac\u00f3, Alberto Ortega Ortega<\/p>\n<p>&nbsp;<\/p>\n<p>El Presidente de la Asociaci\u00f3n Mexicana de Hoteles del Sur de Tamaulipas(AMHST) remarc\u00f3 que las expectativas han sido altas para esta temporada por parte de los prestadores de servicios, pues hay condiciones para que \u00e9stas vacaciones concluyan de manera positiva en todos los renglones.<\/p>\n<p>&nbsp;<\/p>\n<p>Apunt\u00f3, que la afluencia de turistas de casi todas las partes del pa\u00eds, y de varios puntos del extranjero, ha sido medulares e importantes para la regi\u00f3n sur de la entidad, pues eso advierte que la promoci\u00f3n tur\u00edstica de las autoridades y de la hospitalidad del prestador de servicios son aspectos que abonan al arribo constante de m\u00e1s visitantes.<\/p>\n<p>&nbsp;<\/p>\n<p>&#8220;Hay una gran derrama econ\u00f3mica en estas \u00faltimas semanas, el promedio mensual en los \u00faltimos cinco meses del a\u00f1o ha sido una ocupaci\u00f3n del 56%, porcentaje que esperamos rebasar antes de que culmine la temporada vacacional&#8221;, resalt\u00f3<\/p>\n<p>&nbsp;<\/p>\n<p>Ortega, dej\u00f3 claro que aunque la temporada de mayor afluencia tur\u00edstica ya termin\u00f3 el pasado fin de semana, a\u00fan hay vacacionistas en la regi\u00f3n que disfrutan de los sitios tur\u00edsticos, y otro porcentaje m\u00e1s que prefiere hospedarse solo los fines de semana.<\/p>\n<p>&nbsp;<\/p>\n<p>&#8220;hay mucha gente que proviene del norte del pa\u00eds, como Nuevo Le\u00f3n, Coahuila y del sur como Campeche, Yucat\u00e1n y que decir del Baj\u00edo y la parte del centro del pa\u00eds, adem\u00e1s de Europa y EUA&#8221;, acot\u00f3<\/p>\n","protected":false},"excerpt":{"rendered":"<p>*Est\u00e1n Por Lograr Una Positiva Temporada Vacacional &nbsp; Para la \u00faltima semana del presente mes el sector hotelero de la&hellip;<\/p>\n","protected":false},"author":1,"featured_media":51979,"comment_status":"open","ping_status":"open","sticky":false,"template":"","format":"standard","meta":{"footnotes":""},"categories":[3],"tags":[],"class_list":["post-51978","post","type-post","status-publish","format-standard","has-post-thumbnail","hentry","category-tampico"],"yoast_head":"<!-- This site is optimized with the Yoast SEO plugin v27.4 - https:\/\/yoast.com\/product\/yoast-seo-wordpress\/ -->\n<title>ESPERAN HOTELEROS ALCANZAR M\u00c1S DEL 60% EN OCUPACI\u00d3N AL FINAL DEL PERIODO DE ASUETO - EL INFORMATIVO DE TAMAULIPAS<\/title>\n<meta name=\"description\" content=\"*Est\u00e1n Por Lograr Una Positiva Temporada Vacacional &nbsp; Para la \u00faltima semana del presente mes el sector hotelero de la zona sur, sobre todo los que no\" \/>\n<meta name=\"robots\" content=\"index, follow, max-snippet:-1, max-image-preview:large, max-video-preview:-1\" \/>\n<link rel=\"canonical\" href=\"https:\/\/elinformativotam.com\/index.php\/2024\/08\/06\/esperan-hoteleros-alcanzar-mas-del-60-en-ocupacion-al-final-del-periodo-de-asueto\/\" \/>\n<meta property=\"og:locale\" content=\"es_MX\" \/>\n<meta property=\"og:type\" content=\"article\" \/>\n<meta property=\"og:title\" content=\"ESPERAN HOTELEROS ALCANZAR M\u00c1S DEL 60% EN OCUPACI\u00d3N AL FINAL DEL PERIODO DE ASUETO - EL INFORMATIVO DE TAMAULIPAS\" \/>\n<meta property=\"og:description\" content=\"*Est\u00e1n Por Lograr Una Positiva Temporada Vacacional &nbsp; Para la \u00faltima semana del presente mes el sector hotelero de la zona sur, sobre todo los que no\" \/>\n<meta property=\"og:url\" content=\"https:\/\/elinformativotam.com\/index.php\/2024\/08\/06\/esperan-hoteleros-alcanzar-mas-del-60-en-ocupacion-al-final-del-periodo-de-asueto\/\" \/>\n<meta property=\"og:site_name\" content=\"EL INFORMATIVO DE TAMAULIPAS\" \/>\n<meta property=\"article:published_time\" content=\"2024-08-07T04:02:44+00:00\" \/>\n<meta property=\"og:image\" content=\"https:\/\/elinformativotam.com\/wp-content\/uploads\/2024\/08\/Alberto-Ortega.jpeg\" \/>\n\t<meta property=\"og:image:width\" content=\"1600\" \/>\n\t<meta property=\"og:image:height\" content=\"1204\" \/>\n\t<meta property=\"og:image:type\" content=\"image\/jpeg\" \/>\n<meta name=\"author\" content=\"El Informativo Tam\" \/>\n<meta name=\"twitter:card\" content=\"summary_large_image\" \/>\n<meta name=\"twitter:label1\" content=\"Escrito por\" \/>\n\t<meta name=\"twitter:data1\" content=\"El Informativo Tam\" \/>\n\t<meta name=\"twitter:label2\" content=\"Tiempo de lectura\" \/>\n\t<meta name=\"twitter:data2\" content=\"2 minutos\" \/>\n<script type=\"application\/ld+json\" class=\"yoast-schema-graph\">{\"@context\":\"https:\\\/\\\/schema.org\",\"@graph\":[{\"@type\":\"Article\",\"@id\":\"https:\\\/\\\/elinformativotam.com\\\/index.php\\\/2024\\\/08\\\/06\\\/esperan-hoteleros-alcanzar-mas-del-60-en-ocupacion-al-final-del-periodo-de-asueto\\\/#article\",\"isPartOf\":{\"@id\":\"https:\\\/\\\/elinformativotam.com\\\/index.php\\\/2024\\\/08\\\/06\\\/esperan-hoteleros-alcanzar-mas-del-60-en-ocupacion-al-final-del-periodo-de-asueto\\\/\"},\"author\":{\"name\":\"El Informativo Tam\",\"@id\":\"https:\\\/\\\/elinformativotam.com\\\/#\\\/schema\\\/person\\\/78e08040eed0f6110f0c5f83b6153590\"},\"headline\":\"ESPERAN HOTELEROS ALCANZAR M\u00c1S DEL 60% EN OCUPACI\u00d3N AL FINAL DEL PERIODO DE ASUETO\",\"datePublished\":\"2024-08-07T04:02:44+00:00\",\"mainEntityOfPage\":{\"@id\":\"https:\\\/\\\/elinformativotam.com\\\/index.php\\\/2024\\\/08\\\/06\\\/esperan-hoteleros-alcanzar-mas-del-60-en-ocupacion-al-final-del-periodo-de-asueto\\\/\"},\"wordCount\":324,\"commentCount\":0,\"publisher\":{\"@id\":\"https:\\\/\\\/elinformativotam.com\\\/#organization\"},\"image\":{\"@id\":\"https:\\\/\\\/elinformativotam.com\\\/index.php\\\/2024\\\/08\\\/06\\\/esperan-hoteleros-alcanzar-mas-del-60-en-ocupacion-al-final-del-periodo-de-asueto\\\/#primaryimage\"},\"thumbnailUrl\":\"https:\\\/\\\/elinformativotam.com\\\/wp-content\\\/uploads\\\/2024\\\/08\\\/Alberto-Ortega.jpeg\",\"articleSection\":[\"Tampico\"],\"inLanguage\":\"es\",\"potentialAction\":[{\"@type\":\"CommentAction\",\"name\":\"Comment\",\"target\":[\"https:\\\/\\\/elinformativotam.com\\\/index.php\\\/2024\\\/08\\\/06\\\/esperan-hoteleros-alcanzar-mas-del-60-en-ocupacion-al-final-del-periodo-de-asueto\\\/#respond\"]}]},{\"@type\":\"WebPage\",\"@id\":\"https:\\\/\\\/elinformativotam.com\\\/index.php\\\/2024\\\/08\\\/06\\\/esperan-hoteleros-alcanzar-mas-del-60-en-ocupacion-al-final-del-periodo-de-asueto\\\/\",\"url\":\"https:\\\/\\\/elinformativotam.com\\\/index.php\\\/2024\\\/08\\\/06\\\/esperan-hoteleros-alcanzar-mas-del-60-en-ocupacion-al-final-del-periodo-de-asueto\\\/\",\"name\":\"ESPERAN HOTELEROS ALCANZAR M\u00c1S DEL 60% EN OCUPACI\u00d3N AL FINAL DEL PERIODO DE ASUETO - EL INFORMATIVO DE TAMAULIPAS\",\"isPartOf\":{\"@id\":\"https:\\\/\\\/elinformativotam.com\\\/#website\"},\"primaryImageOfPage\":{\"@id\":\"https:\\\/\\\/elinformativotam.com\\\/index.php\\\/2024\\\/08\\\/06\\\/esperan-hoteleros-alcanzar-mas-del-60-en-ocupacion-al-final-del-periodo-de-asueto\\\/#primaryimage\"},\"image\":{\"@id\":\"https:\\\/\\\/elinformativotam.com\\\/index.php\\\/2024\\\/08\\\/06\\\/esperan-hoteleros-alcanzar-mas-del-60-en-ocupacion-al-final-del-periodo-de-asueto\\\/#primaryimage\"},\"thumbnailUrl\":\"https:\\\/\\\/elinformativotam.com\\\/wp-content\\\/uploads\\\/2024\\\/08\\\/Alberto-Ortega.jpeg\",\"datePublished\":\"2024-08-07T04:02:44+00:00\",\"description\":\"*Est\u00e1n Por Lograr Una Positiva Temporada Vacacional &nbsp; Para la \u00faltima semana del presente mes el sector hotelero de la zona sur, sobre todo los que no\",\"inLanguage\":\"es\",\"potentialAction\":[{\"@type\":\"ReadAction\",\"target\":[\"https:\\\/\\\/elinformativotam.com\\\/index.php\\\/2024\\\/08\\\/06\\\/esperan-hoteleros-alcanzar-mas-del-60-en-ocupacion-al-final-del-periodo-de-asueto\\\/\"]}]},{\"@type\":\"ImageObject\",\"inLanguage\":\"es\",\"@id\":\"https:\\\/\\\/elinformativotam.com\\\/index.php\\\/2024\\\/08\\\/06\\\/esperan-hoteleros-alcanzar-mas-del-60-en-ocupacion-al-final-del-periodo-de-asueto\\\/#primaryimage\",\"url\":\"https:\\\/\\\/elinformativotam.com\\\/wp-content\\\/uploads\\\/2024\\\/08\\\/Alberto-Ortega.jpeg\",\"contentUrl\":\"https:\\\/\\\/elinformativotam.com\\\/wp-content\\\/uploads\\\/2024\\\/08\\\/Alberto-Ortega.jpeg\",\"width\":1600,\"height\":1204},{\"@type\":\"WebSite\",\"@id\":\"https:\\\/\\\/elinformativotam.com\\\/#website\",\"url\":\"https:\\\/\\\/elinformativotam.com\\\/\",\"name\":\"EL INFORMATIVO DE TAMAULIPAS\",\"description\":\"Desde la Zona Metropolitana Para Todo M\u00e9xico\",\"publisher\":{\"@id\":\"https:\\\/\\\/elinformativotam.com\\\/#organization\"},\"potentialAction\":[{\"@type\":\"SearchAction\",\"target\":{\"@type\":\"EntryPoint\",\"urlTemplate\":\"https:\\\/\\\/elinformativotam.com\\\/?s={search_term_string}\"},\"query-input\":{\"@type\":\"PropertyValueSpecification\",\"valueRequired\":true,\"valueName\":\"search_term_string\"}}],\"inLanguage\":\"es\"},{\"@type\":\"Organization\",\"@id\":\"https:\\\/\\\/elinformativotam.com\\\/#organization\",\"name\":\"EL INFORMATIVO DE TAMAULIPAS\",\"url\":\"https:\\\/\\\/elinformativotam.com\\\/\",\"logo\":{\"@type\":\"ImageObject\",\"inLanguage\":\"es\",\"@id\":\"https:\\\/\\\/elinformativotam.com\\\/#\\\/schema\\\/logo\\\/image\\\/\",\"url\":\"https:\\\/\\\/elinformativotam.com\\\/wp-content\\\/uploads\\\/2026\\\/02\\\/Cabezal.png\",\"contentUrl\":\"https:\\\/\\\/elinformativotam.com\\\/wp-content\\\/uploads\\\/2026\\\/02\\\/Cabezal.png\",\"width\":960,\"height\":640,\"caption\":\"EL INFORMATIVO DE TAMAULIPAS\"},\"image\":{\"@id\":\"https:\\\/\\\/elinformativotam.com\\\/#\\\/schema\\\/logo\\\/image\\\/\"}},{\"@type\":\"Person\",\"@id\":\"https:\\\/\\\/elinformativotam.com\\\/#\\\/schema\\\/person\\\/78e08040eed0f6110f0c5f83b6153590\",\"name\":\"El Informativo Tam\",\"image\":{\"@type\":\"ImageObject\",\"inLanguage\":\"es\",\"@id\":\"https:\\\/\\\/secure.gravatar.com\\\/avatar\\\/f3b7ad3af540688955925ac610647be00b0cf41feea9c4978b73a707ee86bc53?s=96&d=mm&r=g\",\"url\":\"https:\\\/\\\/secure.gravatar.com\\\/avatar\\\/f3b7ad3af540688955925ac610647be00b0cf41feea9c4978b73a707ee86bc53?s=96&d=mm&r=g\",\"contentUrl\":\"https:\\\/\\\/secure.gravatar.com\\\/avatar\\\/f3b7ad3af540688955925ac610647be00b0cf41feea9c4978b73a707ee86bc53?s=96&d=mm&r=g\",\"caption\":\"El Informativo Tam\"}}]}<\/script>\n<!-- \/ Yoast SEO plugin. -->","yoast_head_json":{"title":"ESPERAN HOTELEROS ALCANZAR M\u00c1S DEL 60% EN OCUPACI\u00d3N AL FINAL DEL PERIODO DE ASUETO - EL INFORMATIVO DE TAMAULIPAS","description":"*Est\u00e1n Por Lograr Una Positiva Temporada Vacacional &nbsp; Para la \u00faltima semana del presente mes el sector hotelero de la zona sur, sobre todo los que no","robots":{"index":"index","follow":"follow","max-snippet":"max-snippet:-1","max-image-preview":"max-image-preview:large","max-video-preview":"max-video-preview:-1"},"canonical":"https:\/\/elinformativotam.com\/index.php\/2024\/08\/06\/esperan-hoteleros-alcanzar-mas-del-60-en-ocupacion-al-final-del-periodo-de-asueto\/","og_locale":"es_MX","og_type":"article","og_title":"ESPERAN HOTELEROS ALCANZAR M\u00c1S DEL 60% EN OCUPACI\u00d3N AL FINAL DEL PERIODO DE ASUETO - EL INFORMATIVO DE TAMAULIPAS","og_description":"*Est\u00e1n Por Lograr Una Positiva Temporada Vacacional &nbsp; Para la \u00faltima semana del presente mes el sector hotelero de la zona sur, sobre todo los que no","og_url":"https:\/\/elinformativotam.com\/index.php\/2024\/08\/06\/esperan-hoteleros-alcanzar-mas-del-60-en-ocupacion-al-final-del-periodo-de-asueto\/","og_site_name":"EL INFORMATIVO DE TAMAULIPAS","article_published_time":"2024-08-07T04:02:44+00:00","og_image":[{"width":1600,"height":1204,"url":"https:\/\/elinformativotam.com\/wp-content\/uploads\/2024\/08\/Alberto-Ortega.jpeg","type":"image\/jpeg"}],"author":"El Informativo Tam","twitter_card":"summary_large_image","twitter_misc":{"Escrito por":"El Informativo Tam","Tiempo de lectura":"2 minutos"},"schema":{"@context":"https:\/\/schema.org","@graph":[{"@type":"Article","@id":"https:\/\/elinformativotam.com\/index.php\/2024\/08\/06\/esperan-hoteleros-alcanzar-mas-del-60-en-ocupacion-al-final-del-periodo-de-asueto\/#article","isPartOf":{"@id":"https:\/\/elinformativotam.com\/index.php\/2024\/08\/06\/esperan-hoteleros-alcanzar-mas-del-60-en-ocupacion-al-final-del-periodo-de-asueto\/"},"author":{"name":"El Informativo Tam","@id":"https:\/\/elinformativotam.com\/#\/schema\/person\/78e08040eed0f6110f0c5f83b6153590"},"headline":"ESPERAN HOTELEROS ALCANZAR M\u00c1S DEL 60% EN OCUPACI\u00d3N AL FINAL DEL PERIODO DE ASUETO","datePublished":"2024-08-07T04:02:44+00:00","mainEntityOfPage":{"@id":"https:\/\/elinformativotam.com\/index.php\/2024\/08\/06\/esperan-hoteleros-alcanzar-mas-del-60-en-ocupacion-al-final-del-periodo-de-asueto\/"},"wordCount":324,"commentCount":0,"publisher":{"@id":"https:\/\/elinformativotam.com\/#organization"},"image":{"@id":"https:\/\/elinformativotam.com\/index.php\/2024\/08\/06\/esperan-hoteleros-alcanzar-mas-del-60-en-ocupacion-al-final-del-periodo-de-asueto\/#primaryimage"},"thumbnailUrl":"https:\/\/elinformativotam.com\/wp-content\/uploads\/2024\/08\/Alberto-Ortega.jpeg","articleSection":["Tampico"],"inLanguage":"es","potentialAction":[{"@type":"CommentAction","name":"Comment","target":["https:\/\/elinformativotam.com\/index.php\/2024\/08\/06\/esperan-hoteleros-alcanzar-mas-del-60-en-ocupacion-al-final-del-periodo-de-asueto\/#respond"]}]},{"@type":"WebPage","@id":"https:\/\/elinformativotam.com\/index.php\/2024\/08\/06\/esperan-hoteleros-alcanzar-mas-del-60-en-ocupacion-al-final-del-periodo-de-asueto\/","url":"https:\/\/elinformativotam.com\/index.php\/2024\/08\/06\/esperan-hoteleros-alcanzar-mas-del-60-en-ocupacion-al-final-del-periodo-de-asueto\/","name":"ESPERAN HOTELEROS ALCANZAR M\u00c1S DEL 60% EN OCUPACI\u00d3N AL FINAL DEL PERIODO DE ASUETO - EL INFORMATIVO DE TAMAULIPAS","isPartOf":{"@id":"https:\/\/elinformativotam.com\/#website"},"primaryImageOfPage":{"@id":"https:\/\/elinformativotam.com\/index.php\/2024\/08\/06\/esperan-hoteleros-alcanzar-mas-del-60-en-ocupacion-al-final-del-periodo-de-asueto\/#primaryimage"},"image":{"@id":"https:\/\/elinformativotam.com\/index.php\/2024\/08\/06\/esperan-hoteleros-alcanzar-mas-del-60-en-ocupacion-al-final-del-periodo-de-asueto\/#primaryimage"},"thumbnailUrl":"https:\/\/elinformativotam.com\/wp-content\/uploads\/2024\/08\/Alberto-Ortega.jpeg","datePublished":"2024-08-07T04:02:44+00:00","description":"*Est\u00e1n Por Lograr Una Positiva Temporada Vacacional &nbsp; Para la \u00faltima semana del presente mes el sector hotelero de la zona sur, sobre todo los que no","inLanguage":"es","potentialAction":[{"@type":"ReadAction","target":["https:\/\/elinformativotam.com\/index.php\/2024\/08\/06\/esperan-hoteleros-alcanzar-mas-del-60-en-ocupacion-al-final-del-periodo-de-asueto\/"]}]},{"@type":"ImageObject","inLanguage":"es","@id":"https:\/\/elinformativotam.com\/index.php\/2024\/08\/06\/esperan-hoteleros-alcanzar-mas-del-60-en-ocupacion-al-final-del-periodo-de-asueto\/#primaryimage","url":"https:\/\/elinformativotam.com\/wp-content\/uploads\/2024\/08\/Alberto-Ortega.jpeg","contentUrl":"https:\/\/elinformativotam.com\/wp-content\/uploads\/2024\/08\/Alberto-Ortega.jpeg","width":1600,"height":1204},{"@type":"WebSite","@id":"https:\/\/elinformativotam.com\/#website","url":"https:\/\/elinformativotam.com\/","name":"EL INFORMATIVO DE TAMAULIPAS","description":"Desde la Zona Metropolitana Para Todo M\u00e9xico","publisher":{"@id":"https:\/\/elinformativotam.com\/#organization"},"potentialAction":[{"@type":"SearchAction","target":{"@type":"EntryPoint","urlTemplate":"https:\/\/elinformativotam.com\/?s={search_term_string}"},"query-input":{"@type":"PropertyValueSpecification","valueRequired":true,"valueName":"search_term_string"}}],"inLanguage":"es"},{"@type":"Organization","@id":"https:\/\/elinformativotam.com\/#organization","name":"EL INFORMATIVO DE TAMAULIPAS","url":"https:\/\/elinformativotam.com\/","logo":{"@type":"ImageObject","inLanguage":"es","@id":"https:\/\/elinformativotam.com\/#\/schema\/logo\/image\/","url":"https:\/\/elinformativotam.com\/wp-content\/uploads\/2026\/02\/Cabezal.png","contentUrl":"https:\/\/elinformativotam.com\/wp-content\/uploads\/2026\/02\/Cabezal.png","width":960,"height":640,"caption":"EL INFORMATIVO DE TAMAULIPAS"},"image":{"@id":"https:\/\/elinformativotam.com\/#\/schema\/logo\/image\/"}},{"@type":"Person","@id":"https:\/\/elinformativotam.com\/#\/schema\/person\/78e08040eed0f6110f0c5f83b6153590","name":"El Informativo Tam","image":{"@type":"ImageObject","inLanguage":"es","@id":"https:\/\/secure.gravatar.com\/avatar\/f3b7ad3af540688955925ac610647be00b0cf41feea9c4978b73a707ee86bc53?s=96&d=mm&r=g","url":"https:\/\/secure.gravatar.com\/avatar\/f3b7ad3af540688955925ac610647be00b0cf41feea9c4978b73a707ee86bc53?s=96&d=mm&r=g","contentUrl":"https:\/\/secure.gravatar.com\/avatar\/f3b7ad3af540688955925ac610647be00b0cf41feea9c4978b73a707ee86bc53?s=96&d=mm&r=g","caption":"El Informativo Tam"}}]}},"_links":{"self":[{"href":"https:\/\/elinformativotam.com\/index.php\/wp-json\/wp\/v2\/posts\/51978","targetHints":{"allow":["GET"]}}],"collection":[{"href":"https:\/\/elinformativotam.com\/index.php\/wp-json\/wp\/v2\/posts"}],"about":[{"href":"https:\/\/elinformativotam.com\/index.php\/wp-json\/wp\/v2\/types\/post"}],"author":[{"embeddable":true,"href":"https:\/\/elinformativotam.com\/index.php\/wp-json\/wp\/v2\/users\/1"}],"replies":[{"embeddable":true,"href":"https:\/\/elinformativotam.com\/index.php\/wp-json\/wp\/v2\/comments?post=51978"}],"version-history":[{"count":1,"href":"https:\/\/elinformativotam.com\/index.php\/wp-json\/wp\/v2\/posts\/51978\/revisions"}],"predecessor-version":[{"id":51980,"href":"https:\/\/elinformativotam.com\/index.php\/wp-json\/wp\/v2\/posts\/51978\/revisions\/51980"}],"wp:featuredmedia":[{"embeddable":true,"href":"https:\/\/elinformativotam.com\/index.php\/wp-json\/wp\/v2\/media\/51979"}],"wp:attachment":[{"href":"https:\/\/elinformativotam.com\/index.php\/wp-json\/wp\/v2\/media?parent=51978"}],"wp:term":[{"taxonomy":"category","embeddable":true,"href":"https:\/\/elinformativotam.com\/index.php\/wp-json\/wp\/v2\/categories?post=51978"},{"taxonomy":"post_tag","embeddable":true,"href":"https:\/\/elinformativotam.com\/index.php\/wp-json\/wp\/v2\/tags?post=51978"}],"curies":[{"name":"wp","href":"https:\/\/api.w.org\/{rel}","templated":true}]}}