{"id":51973,"date":"2024-08-06T21:51:45","date_gmt":"2024-08-07T03:51:45","guid":{"rendered":"https:\/\/elinformativotam.com\/?p=51973"},"modified":"2024-08-06T21:51:45","modified_gmt":"2024-08-07T03:51:45","slug":"alineamiento-de-tres-ordenes-de-gobierno-en-zona-sur-debe-permitir-una-mejora-en-todos-los-sentidos","status":"publish","type":"post","link":"https:\/\/elinformativotam.com\/index.php\/2024\/08\/06\/alineamiento-de-tres-ordenes-de-gobierno-en-zona-sur-debe-permitir-una-mejora-en-todos-los-sentidos\/","title":{"rendered":"ALINEAMIENTO DE TRES \u00d3RDENES DE GOBIERNO EN ZONA SUR DEBE PERMITIR UNA MEJORA EN TODOS LOS SENTIDOS"},"content":{"rendered":"<h2 style=\"text-align: center;\"><em><span style=\"font-family: 'times new roman', times;\">*Necesario Una Mejor\u00eda En El Desarrollo A Partir De Octubre Pr\u00f3ximo<\/span><\/em><\/h2>\n<p>&nbsp;<\/p>\n<p>&nbsp;<\/p>\n<p>Con la llegada de los nuevos gobiernos locales, diputados, senadores y Presidente de la Rep\u00fablica, se espera que el desarrollo, la inversi\u00f3n y econom\u00eda mejore de manera sustancial en la zona metropolitana, se\u00f1al\u00f3 el Presidente del CIEST, Juan \u00c1ngel Paredes Espinosa<\/p>\n<p>&nbsp;<\/p>\n<p>El representante de la iniciativa privada en la regi\u00f3n explic\u00f3 que las condiciones micro y macro econ\u00f3micas en lo local y en el plano nacional deber\u00e1n de marchar bien y mejor a partir del \u00faltimo trimestre del presente a\u00f1o.<\/p>\n<p>&nbsp;<\/p>\n<p>Destac\u00f3 que en lo referente a la inversi\u00f3n privada de espera un repunte importante en este segundo semestre del 2024 con clara tendencia positiva en la generaci\u00f3n de m\u00e1s fuentes de empleo.<\/p>\n<p>&nbsp;<\/p>\n<p>Remarc\u00f3 que pr\u00e1cticamente en todos los rubros se avizora un avance importante, como en el sector industrial donde existen proyectos de expansi\u00f3n a corto y mediano plazo.<\/p>\n<p>&nbsp;<\/p>\n<p>Recalc\u00f3, que el efecto post-pandemia no termina por irse del sector productivo, y se espera que para el 2025 la recuperaci\u00f3n econ\u00f3mica sea total<\/p>\n<p>&nbsp;<\/p>\n<p>&#8220;Va bien(la recuperaci\u00f3n econ\u00f3mica) pero le falta un poco m\u00e1s, esperemos que al cierre de a\u00f1o y en el 2025 ya no hablemos m\u00e1s de ese tema&#8221;, asever\u00f3<\/p>\n<p>&nbsp;<\/p>\n<p>Paredes, confi\u00f3 que con la alineaci\u00f3n en los tres \u00f3rdenes de gobierno, aunado a un Congreso Local y un Poder Legislativo Federal de mayor\u00eda, se pueda lograr un avance considerable en la serie de proyectos de infraestructura dise\u00f1ados para la regi\u00f3n y en la entidad, y por supuesto la mejora en la econom\u00eda.<\/p>\n<p>&nbsp;<\/p>\n<p>&#8220;Hay que retomar lo que se hab\u00eda alentado un poco, esperemos que el crecimiento ya se d\u00e9 totalmente en este cierre de a\u00f1o&#8221;, acot\u00f3.<\/p>\n<p>&nbsp;<\/p>\n<p>&nbsp;<\/p>\n<p>&nbsp;<\/p>\n","protected":false},"excerpt":{"rendered":"<p>*Necesario Una Mejor\u00eda En El Desarrollo A Partir De Octubre Pr\u00f3ximo &nbsp; &nbsp; Con la llegada de los nuevos gobiernos&hellip;<\/p>\n","protected":false},"author":1,"featured_media":51974,"comment_status":"open","ping_status":"open","sticky":false,"template":"","format":"standard","meta":{"footnotes":""},"categories":[3],"tags":[],"class_list":["post-51973","post","type-post","status-publish","format-standard","has-post-thumbnail","hentry","category-tampico"],"yoast_head":"<!-- This site is optimized with the Yoast SEO plugin v27.4 - https:\/\/yoast.com\/product\/yoast-seo-wordpress\/ -->\n<title>ALINEAMIENTO DE TRES \u00d3RDENES DE GOBIERNO EN ZONA SUR DEBE PERMITIR UNA MEJORA EN TODOS LOS SENTIDOS - EL INFORMATIVO DE TAMAULIPAS<\/title>\n<meta name=\"description\" content=\"*Necesario Una Mejor\u00eda En El Desarrollo A Partir De Octubre Pr\u00f3ximo &nbsp; &nbsp; Con la llegada de los nuevos gobiernos locales, diputados, senadores y\" \/>\n<meta name=\"robots\" content=\"index, follow, max-snippet:-1, max-image-preview:large, max-video-preview:-1\" \/>\n<link rel=\"canonical\" href=\"https:\/\/elinformativotam.com\/index.php\/2024\/08\/06\/alineamiento-de-tres-ordenes-de-gobierno-en-zona-sur-debe-permitir-una-mejora-en-todos-los-sentidos\/\" \/>\n<meta property=\"og:locale\" content=\"es_MX\" \/>\n<meta property=\"og:type\" content=\"article\" \/>\n<meta property=\"og:title\" content=\"ALINEAMIENTO DE TRES \u00d3RDENES DE GOBIERNO EN ZONA SUR DEBE PERMITIR UNA MEJORA EN TODOS LOS SENTIDOS - EL INFORMATIVO DE TAMAULIPAS\" \/>\n<meta property=\"og:description\" content=\"*Necesario Una Mejor\u00eda En El Desarrollo A Partir De Octubre Pr\u00f3ximo &nbsp; &nbsp; Con la llegada de los nuevos gobiernos locales, diputados, senadores y\" \/>\n<meta property=\"og:url\" content=\"https:\/\/elinformativotam.com\/index.php\/2024\/08\/06\/alineamiento-de-tres-ordenes-de-gobierno-en-zona-sur-debe-permitir-una-mejora-en-todos-los-sentidos\/\" \/>\n<meta property=\"og:site_name\" content=\"EL INFORMATIVO DE TAMAULIPAS\" \/>\n<meta property=\"article:published_time\" content=\"2024-08-07T03:51:45+00:00\" \/>\n<meta property=\"og:image\" content=\"https:\/\/elinformativotam.com\/wp-content\/uploads\/2024\/08\/Paredes.jpeg\" \/>\n\t<meta property=\"og:image:width\" content=\"1600\" \/>\n\t<meta property=\"og:image:height\" content=\"1204\" \/>\n\t<meta property=\"og:image:type\" content=\"image\/jpeg\" \/>\n<meta name=\"author\" content=\"El Informativo Tam\" \/>\n<meta name=\"twitter:card\" content=\"summary_large_image\" \/>\n<meta name=\"twitter:label1\" content=\"Escrito por\" \/>\n\t<meta name=\"twitter:data1\" content=\"El Informativo Tam\" \/>\n\t<meta name=\"twitter:label2\" content=\"Tiempo de lectura\" \/>\n\t<meta name=\"twitter:data2\" content=\"2 minutos\" \/>\n<script type=\"application\/ld+json\" class=\"yoast-schema-graph\">{\"@context\":\"https:\\\/\\\/schema.org\",\"@graph\":[{\"@type\":\"Article\",\"@id\":\"https:\\\/\\\/elinformativotam.com\\\/index.php\\\/2024\\\/08\\\/06\\\/alineamiento-de-tres-ordenes-de-gobierno-en-zona-sur-debe-permitir-una-mejora-en-todos-los-sentidos\\\/#article\",\"isPartOf\":{\"@id\":\"https:\\\/\\\/elinformativotam.com\\\/index.php\\\/2024\\\/08\\\/06\\\/alineamiento-de-tres-ordenes-de-gobierno-en-zona-sur-debe-permitir-una-mejora-en-todos-los-sentidos\\\/\"},\"author\":{\"name\":\"El Informativo Tam\",\"@id\":\"https:\\\/\\\/elinformativotam.com\\\/#\\\/schema\\\/person\\\/78e08040eed0f6110f0c5f83b6153590\"},\"headline\":\"ALINEAMIENTO DE TRES \u00d3RDENES DE GOBIERNO EN ZONA SUR DEBE PERMITIR UNA MEJORA EN TODOS LOS SENTIDOS\",\"datePublished\":\"2024-08-07T03:51:45+00:00\",\"mainEntityOfPage\":{\"@id\":\"https:\\\/\\\/elinformativotam.com\\\/index.php\\\/2024\\\/08\\\/06\\\/alineamiento-de-tres-ordenes-de-gobierno-en-zona-sur-debe-permitir-una-mejora-en-todos-los-sentidos\\\/\"},\"wordCount\":335,\"commentCount\":0,\"publisher\":{\"@id\":\"https:\\\/\\\/elinformativotam.com\\\/#organization\"},\"image\":{\"@id\":\"https:\\\/\\\/elinformativotam.com\\\/index.php\\\/2024\\\/08\\\/06\\\/alineamiento-de-tres-ordenes-de-gobierno-en-zona-sur-debe-permitir-una-mejora-en-todos-los-sentidos\\\/#primaryimage\"},\"thumbnailUrl\":\"https:\\\/\\\/elinformativotam.com\\\/wp-content\\\/uploads\\\/2024\\\/08\\\/Paredes.jpeg\",\"articleSection\":[\"Tampico\"],\"inLanguage\":\"es\",\"potentialAction\":[{\"@type\":\"CommentAction\",\"name\":\"Comment\",\"target\":[\"https:\\\/\\\/elinformativotam.com\\\/index.php\\\/2024\\\/08\\\/06\\\/alineamiento-de-tres-ordenes-de-gobierno-en-zona-sur-debe-permitir-una-mejora-en-todos-los-sentidos\\\/#respond\"]}]},{\"@type\":\"WebPage\",\"@id\":\"https:\\\/\\\/elinformativotam.com\\\/index.php\\\/2024\\\/08\\\/06\\\/alineamiento-de-tres-ordenes-de-gobierno-en-zona-sur-debe-permitir-una-mejora-en-todos-los-sentidos\\\/\",\"url\":\"https:\\\/\\\/elinformativotam.com\\\/index.php\\\/2024\\\/08\\\/06\\\/alineamiento-de-tres-ordenes-de-gobierno-en-zona-sur-debe-permitir-una-mejora-en-todos-los-sentidos\\\/\",\"name\":\"ALINEAMIENTO DE TRES \u00d3RDENES DE GOBIERNO EN ZONA SUR DEBE PERMITIR UNA MEJORA EN TODOS LOS SENTIDOS - EL INFORMATIVO DE TAMAULIPAS\",\"isPartOf\":{\"@id\":\"https:\\\/\\\/elinformativotam.com\\\/#website\"},\"primaryImageOfPage\":{\"@id\":\"https:\\\/\\\/elinformativotam.com\\\/index.php\\\/2024\\\/08\\\/06\\\/alineamiento-de-tres-ordenes-de-gobierno-en-zona-sur-debe-permitir-una-mejora-en-todos-los-sentidos\\\/#primaryimage\"},\"image\":{\"@id\":\"https:\\\/\\\/elinformativotam.com\\\/index.php\\\/2024\\\/08\\\/06\\\/alineamiento-de-tres-ordenes-de-gobierno-en-zona-sur-debe-permitir-una-mejora-en-todos-los-sentidos\\\/#primaryimage\"},\"thumbnailUrl\":\"https:\\\/\\\/elinformativotam.com\\\/wp-content\\\/uploads\\\/2024\\\/08\\\/Paredes.jpeg\",\"datePublished\":\"2024-08-07T03:51:45+00:00\",\"description\":\"*Necesario Una Mejor\u00eda En El Desarrollo A Partir De Octubre Pr\u00f3ximo &nbsp; &nbsp; Con la llegada de los nuevos gobiernos locales, diputados, senadores y\",\"inLanguage\":\"es\",\"potentialAction\":[{\"@type\":\"ReadAction\",\"target\":[\"https:\\\/\\\/elinformativotam.com\\\/index.php\\\/2024\\\/08\\\/06\\\/alineamiento-de-tres-ordenes-de-gobierno-en-zona-sur-debe-permitir-una-mejora-en-todos-los-sentidos\\\/\"]}]},{\"@type\":\"ImageObject\",\"inLanguage\":\"es\",\"@id\":\"https:\\\/\\\/elinformativotam.com\\\/index.php\\\/2024\\\/08\\\/06\\\/alineamiento-de-tres-ordenes-de-gobierno-en-zona-sur-debe-permitir-una-mejora-en-todos-los-sentidos\\\/#primaryimage\",\"url\":\"https:\\\/\\\/elinformativotam.com\\\/wp-content\\\/uploads\\\/2024\\\/08\\\/Paredes.jpeg\",\"contentUrl\":\"https:\\\/\\\/elinformativotam.com\\\/wp-content\\\/uploads\\\/2024\\\/08\\\/Paredes.jpeg\",\"width\":1600,\"height\":1204},{\"@type\":\"WebSite\",\"@id\":\"https:\\\/\\\/elinformativotam.com\\\/#website\",\"url\":\"https:\\\/\\\/elinformativotam.com\\\/\",\"name\":\"EL INFORMATIVO DE TAMAULIPAS\",\"description\":\"Desde la Zona Metropolitana Para Todo M\u00e9xico\",\"publisher\":{\"@id\":\"https:\\\/\\\/elinformativotam.com\\\/#organization\"},\"potentialAction\":[{\"@type\":\"SearchAction\",\"target\":{\"@type\":\"EntryPoint\",\"urlTemplate\":\"https:\\\/\\\/elinformativotam.com\\\/?s={search_term_string}\"},\"query-input\":{\"@type\":\"PropertyValueSpecification\",\"valueRequired\":true,\"valueName\":\"search_term_string\"}}],\"inLanguage\":\"es\"},{\"@type\":\"Organization\",\"@id\":\"https:\\\/\\\/elinformativotam.com\\\/#organization\",\"name\":\"EL INFORMATIVO DE TAMAULIPAS\",\"url\":\"https:\\\/\\\/elinformativotam.com\\\/\",\"logo\":{\"@type\":\"ImageObject\",\"inLanguage\":\"es\",\"@id\":\"https:\\\/\\\/elinformativotam.com\\\/#\\\/schema\\\/logo\\\/image\\\/\",\"url\":\"https:\\\/\\\/elinformativotam.com\\\/wp-content\\\/uploads\\\/2026\\\/02\\\/Cabezal.png\",\"contentUrl\":\"https:\\\/\\\/elinformativotam.com\\\/wp-content\\\/uploads\\\/2026\\\/02\\\/Cabezal.png\",\"width\":960,\"height\":640,\"caption\":\"EL INFORMATIVO DE TAMAULIPAS\"},\"image\":{\"@id\":\"https:\\\/\\\/elinformativotam.com\\\/#\\\/schema\\\/logo\\\/image\\\/\"}},{\"@type\":\"Person\",\"@id\":\"https:\\\/\\\/elinformativotam.com\\\/#\\\/schema\\\/person\\\/78e08040eed0f6110f0c5f83b6153590\",\"name\":\"El Informativo Tam\",\"image\":{\"@type\":\"ImageObject\",\"inLanguage\":\"es\",\"@id\":\"https:\\\/\\\/secure.gravatar.com\\\/avatar\\\/f3b7ad3af540688955925ac610647be00b0cf41feea9c4978b73a707ee86bc53?s=96&d=mm&r=g\",\"url\":\"https:\\\/\\\/secure.gravatar.com\\\/avatar\\\/f3b7ad3af540688955925ac610647be00b0cf41feea9c4978b73a707ee86bc53?s=96&d=mm&r=g\",\"contentUrl\":\"https:\\\/\\\/secure.gravatar.com\\\/avatar\\\/f3b7ad3af540688955925ac610647be00b0cf41feea9c4978b73a707ee86bc53?s=96&d=mm&r=g\",\"caption\":\"El Informativo Tam\"}}]}<\/script>\n<!-- \/ Yoast SEO plugin. -->","yoast_head_json":{"title":"ALINEAMIENTO DE TRES \u00d3RDENES DE GOBIERNO EN ZONA SUR DEBE PERMITIR UNA MEJORA EN TODOS LOS SENTIDOS - EL INFORMATIVO DE TAMAULIPAS","description":"*Necesario Una Mejor\u00eda En El Desarrollo A Partir De Octubre Pr\u00f3ximo &nbsp; &nbsp; Con la llegada de los nuevos gobiernos locales, diputados, senadores y","robots":{"index":"index","follow":"follow","max-snippet":"max-snippet:-1","max-image-preview":"max-image-preview:large","max-video-preview":"max-video-preview:-1"},"canonical":"https:\/\/elinformativotam.com\/index.php\/2024\/08\/06\/alineamiento-de-tres-ordenes-de-gobierno-en-zona-sur-debe-permitir-una-mejora-en-todos-los-sentidos\/","og_locale":"es_MX","og_type":"article","og_title":"ALINEAMIENTO DE TRES \u00d3RDENES DE GOBIERNO EN ZONA SUR DEBE PERMITIR UNA MEJORA EN TODOS LOS SENTIDOS - EL INFORMATIVO DE TAMAULIPAS","og_description":"*Necesario Una Mejor\u00eda En El Desarrollo A Partir De Octubre Pr\u00f3ximo &nbsp; &nbsp; Con la llegada de los nuevos gobiernos locales, diputados, senadores y","og_url":"https:\/\/elinformativotam.com\/index.php\/2024\/08\/06\/alineamiento-de-tres-ordenes-de-gobierno-en-zona-sur-debe-permitir-una-mejora-en-todos-los-sentidos\/","og_site_name":"EL INFORMATIVO DE TAMAULIPAS","article_published_time":"2024-08-07T03:51:45+00:00","og_image":[{"width":1600,"height":1204,"url":"https:\/\/elinformativotam.com\/wp-content\/uploads\/2024\/08\/Paredes.jpeg","type":"image\/jpeg"}],"author":"El Informativo Tam","twitter_card":"summary_large_image","twitter_misc":{"Escrito por":"El Informativo Tam","Tiempo de lectura":"2 minutos"},"schema":{"@context":"https:\/\/schema.org","@graph":[{"@type":"Article","@id":"https:\/\/elinformativotam.com\/index.php\/2024\/08\/06\/alineamiento-de-tres-ordenes-de-gobierno-en-zona-sur-debe-permitir-una-mejora-en-todos-los-sentidos\/#article","isPartOf":{"@id":"https:\/\/elinformativotam.com\/index.php\/2024\/08\/06\/alineamiento-de-tres-ordenes-de-gobierno-en-zona-sur-debe-permitir-una-mejora-en-todos-los-sentidos\/"},"author":{"name":"El Informativo Tam","@id":"https:\/\/elinformativotam.com\/#\/schema\/person\/78e08040eed0f6110f0c5f83b6153590"},"headline":"ALINEAMIENTO DE TRES \u00d3RDENES DE GOBIERNO EN ZONA SUR DEBE PERMITIR UNA MEJORA EN TODOS LOS SENTIDOS","datePublished":"2024-08-07T03:51:45+00:00","mainEntityOfPage":{"@id":"https:\/\/elinformativotam.com\/index.php\/2024\/08\/06\/alineamiento-de-tres-ordenes-de-gobierno-en-zona-sur-debe-permitir-una-mejora-en-todos-los-sentidos\/"},"wordCount":335,"commentCount":0,"publisher":{"@id":"https:\/\/elinformativotam.com\/#organization"},"image":{"@id":"https:\/\/elinformativotam.com\/index.php\/2024\/08\/06\/alineamiento-de-tres-ordenes-de-gobierno-en-zona-sur-debe-permitir-una-mejora-en-todos-los-sentidos\/#primaryimage"},"thumbnailUrl":"https:\/\/elinformativotam.com\/wp-content\/uploads\/2024\/08\/Paredes.jpeg","articleSection":["Tampico"],"inLanguage":"es","potentialAction":[{"@type":"CommentAction","name":"Comment","target":["https:\/\/elinformativotam.com\/index.php\/2024\/08\/06\/alineamiento-de-tres-ordenes-de-gobierno-en-zona-sur-debe-permitir-una-mejora-en-todos-los-sentidos\/#respond"]}]},{"@type":"WebPage","@id":"https:\/\/elinformativotam.com\/index.php\/2024\/08\/06\/alineamiento-de-tres-ordenes-de-gobierno-en-zona-sur-debe-permitir-una-mejora-en-todos-los-sentidos\/","url":"https:\/\/elinformativotam.com\/index.php\/2024\/08\/06\/alineamiento-de-tres-ordenes-de-gobierno-en-zona-sur-debe-permitir-una-mejora-en-todos-los-sentidos\/","name":"ALINEAMIENTO DE TRES \u00d3RDENES DE GOBIERNO EN ZONA SUR DEBE PERMITIR UNA MEJORA EN TODOS LOS SENTIDOS - EL INFORMATIVO DE TAMAULIPAS","isPartOf":{"@id":"https:\/\/elinformativotam.com\/#website"},"primaryImageOfPage":{"@id":"https:\/\/elinformativotam.com\/index.php\/2024\/08\/06\/alineamiento-de-tres-ordenes-de-gobierno-en-zona-sur-debe-permitir-una-mejora-en-todos-los-sentidos\/#primaryimage"},"image":{"@id":"https:\/\/elinformativotam.com\/index.php\/2024\/08\/06\/alineamiento-de-tres-ordenes-de-gobierno-en-zona-sur-debe-permitir-una-mejora-en-todos-los-sentidos\/#primaryimage"},"thumbnailUrl":"https:\/\/elinformativotam.com\/wp-content\/uploads\/2024\/08\/Paredes.jpeg","datePublished":"2024-08-07T03:51:45+00:00","description":"*Necesario Una Mejor\u00eda En El Desarrollo A Partir De Octubre Pr\u00f3ximo &nbsp; &nbsp; Con la llegada de los nuevos gobiernos locales, diputados, senadores y","inLanguage":"es","potentialAction":[{"@type":"ReadAction","target":["https:\/\/elinformativotam.com\/index.php\/2024\/08\/06\/alineamiento-de-tres-ordenes-de-gobierno-en-zona-sur-debe-permitir-una-mejora-en-todos-los-sentidos\/"]}]},{"@type":"ImageObject","inLanguage":"es","@id":"https:\/\/elinformativotam.com\/index.php\/2024\/08\/06\/alineamiento-de-tres-ordenes-de-gobierno-en-zona-sur-debe-permitir-una-mejora-en-todos-los-sentidos\/#primaryimage","url":"https:\/\/elinformativotam.com\/wp-content\/uploads\/2024\/08\/Paredes.jpeg","contentUrl":"https:\/\/elinformativotam.com\/wp-content\/uploads\/2024\/08\/Paredes.jpeg","width":1600,"height":1204},{"@type":"WebSite","@id":"https:\/\/elinformativotam.com\/#website","url":"https:\/\/elinformativotam.com\/","name":"EL INFORMATIVO DE TAMAULIPAS","description":"Desde la Zona Metropolitana Para Todo M\u00e9xico","publisher":{"@id":"https:\/\/elinformativotam.com\/#organization"},"potentialAction":[{"@type":"SearchAction","target":{"@type":"EntryPoint","urlTemplate":"https:\/\/elinformativotam.com\/?s={search_term_string}"},"query-input":{"@type":"PropertyValueSpecification","valueRequired":true,"valueName":"search_term_string"}}],"inLanguage":"es"},{"@type":"Organization","@id":"https:\/\/elinformativotam.com\/#organization","name":"EL INFORMATIVO DE TAMAULIPAS","url":"https:\/\/elinformativotam.com\/","logo":{"@type":"ImageObject","inLanguage":"es","@id":"https:\/\/elinformativotam.com\/#\/schema\/logo\/image\/","url":"https:\/\/elinformativotam.com\/wp-content\/uploads\/2026\/02\/Cabezal.png","contentUrl":"https:\/\/elinformativotam.com\/wp-content\/uploads\/2026\/02\/Cabezal.png","width":960,"height":640,"caption":"EL INFORMATIVO DE TAMAULIPAS"},"image":{"@id":"https:\/\/elinformativotam.com\/#\/schema\/logo\/image\/"}},{"@type":"Person","@id":"https:\/\/elinformativotam.com\/#\/schema\/person\/78e08040eed0f6110f0c5f83b6153590","name":"El Informativo Tam","image":{"@type":"ImageObject","inLanguage":"es","@id":"https:\/\/secure.gravatar.com\/avatar\/f3b7ad3af540688955925ac610647be00b0cf41feea9c4978b73a707ee86bc53?s=96&d=mm&r=g","url":"https:\/\/secure.gravatar.com\/avatar\/f3b7ad3af540688955925ac610647be00b0cf41feea9c4978b73a707ee86bc53?s=96&d=mm&r=g","contentUrl":"https:\/\/secure.gravatar.com\/avatar\/f3b7ad3af540688955925ac610647be00b0cf41feea9c4978b73a707ee86bc53?s=96&d=mm&r=g","caption":"El Informativo Tam"}}]}},"_links":{"self":[{"href":"https:\/\/elinformativotam.com\/index.php\/wp-json\/wp\/v2\/posts\/51973","targetHints":{"allow":["GET"]}}],"collection":[{"href":"https:\/\/elinformativotam.com\/index.php\/wp-json\/wp\/v2\/posts"}],"about":[{"href":"https:\/\/elinformativotam.com\/index.php\/wp-json\/wp\/v2\/types\/post"}],"author":[{"embeddable":true,"href":"https:\/\/elinformativotam.com\/index.php\/wp-json\/wp\/v2\/users\/1"}],"replies":[{"embeddable":true,"href":"https:\/\/elinformativotam.com\/index.php\/wp-json\/wp\/v2\/comments?post=51973"}],"version-history":[{"count":1,"href":"https:\/\/elinformativotam.com\/index.php\/wp-json\/wp\/v2\/posts\/51973\/revisions"}],"predecessor-version":[{"id":51975,"href":"https:\/\/elinformativotam.com\/index.php\/wp-json\/wp\/v2\/posts\/51973\/revisions\/51975"}],"wp:featuredmedia":[{"embeddable":true,"href":"https:\/\/elinformativotam.com\/index.php\/wp-json\/wp\/v2\/media\/51974"}],"wp:attachment":[{"href":"https:\/\/elinformativotam.com\/index.php\/wp-json\/wp\/v2\/media?parent=51973"}],"wp:term":[{"taxonomy":"category","embeddable":true,"href":"https:\/\/elinformativotam.com\/index.php\/wp-json\/wp\/v2\/categories?post=51973"},{"taxonomy":"post_tag","embeddable":true,"href":"https:\/\/elinformativotam.com\/index.php\/wp-json\/wp\/v2\/tags?post=51973"}],"curies":[{"name":"wp","href":"https:\/\/api.w.org\/{rel}","templated":true}]}}